{"id":6740,"date":"2021-04-20T21:43:26","date_gmt":"2021-04-20T19:43:26","guid":{"rendered":"http:\/\/blog.inmontanis.info\/?p=6740"},"modified":"2023-08-05T11:56:54","modified_gmt":"2023-08-05T09:56:54","slug":"tanndalen-20-4-2021","status":"publish","type":"post","link":"http:\/\/blog.inmontanis.info\/?p=6740","title":{"rendered":"T\u00e4nndalen, 20.4.2021"},"content":{"rendered":"<p><strong>20.4.2021<\/strong> &#8211; T\u00e4nndalen Tag 2<\/p>\n<p>Heute war es windiger und noch pappiger, wegen letzterem h\u00f6rte ich um 15:15 auf. Damit d\u00fcrfte nun auch beschlossen sein, dass ich morgen das letzte Mal hier fahren werde und auf die 2 gratis Tage verzichten werde. Ich geh davon aus, dass es in \u00c5re aufgrund der S\u00fcdh\u00e4nge mehr sulzig und weniger pappig sein d\u00fcrfte. Das ist halt das nervige an diesen einseitigen Skigebieten &#8211; man hat nicht nur weniger Abwechslung, man hat auch auf allen Pisten ziemlich die gleichen Schneebedingungen zur gleichen Uhrzeit.<\/p>\n<p><a href='http:\/\/ski.inmontanis.info\/d\/293367-2\/DSC09581.jpg'><img src=http:\/\/ski.inmontanis.info\/d\/293366-3\/DSC09581.jpg \/><\/a><br \/>\n^ Alte Liftst\u00fctzen umgekehrt eingepflanzt dienen in diesem Skigebiet als Anker f\u00fcr die Windenpr\u00e4paration<\/p>\n<p><a href='http:\/\/ski.inmontanis.info\/d\/293371-2\/DSC09585.jpg'><img src=http:\/\/ski.inmontanis.info\/d\/293370-3\/DSC09585.jpg \/><\/a><br \/>\n^ Offpiste durch den Wald war ich heute \u00f6fters unterwegs<\/p>\n<p><a href='http:\/\/ski.inmontanis.info\/d\/293375-2\/DSC09587.jpg'><img src=http:\/\/ski.inmontanis.info\/d\/293374-3\/DSC09587.jpg \/><\/a><br \/>\n^ Da unten liegen ein paar Liftteile rum<\/p>\n<p><a href='http:\/\/ski.inmontanis.info\/d\/293379-2\/DSC09590.jpg'><img src=http:\/\/ski.inmontanis.info\/d\/293378-3\/DSC09590.jpg \/><\/a><br \/>\n^ Offpiste durch den Wald<\/p>\n<p><a href='http:\/\/ski.inmontanis.info\/d\/293383-2\/DSC09593.jpg'><img src=http:\/\/ski.inmontanis.info\/d\/293382-3\/DSC09593.jpg \/><\/a><br \/>\n^ SL L3\/L4 Bl\u00e5b\u00e4rsliden<\/p>\n<p><a href='http:\/\/ski.inmontanis.info\/d\/293387-2\/DSC09594.jpg'><img src=http:\/\/ski.inmontanis.info\/d\/293386-3\/DSC09594.jpg \/><\/a><br \/>\n^ Abfahrt 18 im linken, schon geschlossenen Teil<\/p>\n<p>Google Translate ist \u00fcbrigens ziemlich nutzlos, wenn man sich Ski-Service-Preise aus dem schwedischen \u00fcbersetzen lassen will, da die H\u00e4lfte der W\u00f6rter nicht oder bescheuert \u00fcbersetzt werden und man so nicht wei\u00df, was da inkludiert ist &#8230;<\/p>\n<p>Ich hielt auf dem Weg an einem Gesch\u00e4ft, das lt. WWW g\u00fcnstigere Preise hatte als der Sportshop im Skigebiet. Wegen der mehreren L\u00f6cher meinte er aber, dass das Service um ca. 45,- \u20ac nicht ausreicht und das gro\u00dfe Service dann ca. 55,- \u20ac kostet. Na egal, der Belag wird schon langsam grau und das letzte Service .. keine Ahnung, evtl. nie? Oder irgendwann im Sommer in Tux? Hatte die Ski ja erst von meinem Vater \u00fcbernommen und bin sie vor der Reise nicht so oft gefahren.<\/p>\n<p>Abends am Parkplatz hatte ich endlich das vor kurzem gekaufte Haarschneide\/rasierger\u00e4t getestet und meine k\u00fcrzeren Haare gestutzt &#8211; die langen aber mal noch gelassen, aber irgendwann kommen die auch wieder weg, dann wird das mit dem Rasieren einfacher .. Die Fusselrolle leistete somit gleich noch einmal gute Dienste, um abrasierte Haare vom Pullover zu entfernen.<\/p>\n<p>Die ganze Zeit war die ganze Woche lang Sonne gemeldet und jetzt pl\u00f6tzlich soll&#8217;s morgen schneien. Na wieder mal ganz toll. Wohl<br \/>\nnoch mehr Pappschnee :-( Und \u00fcber Flatruet brauch ich dann wohl auch nicht zu fahren ..<\/p>\n<p><a href='http:\/\/extra.inmontanis.info\/d\/62277-2\/DSC09595.jpg'><img src=http:\/\/extra.inmontanis.info\/d\/62276-3\/DSC09595.jpg \/><\/a><br \/>\n^ Mal wieder paar S\u00fc\u00dfigkeiten gekauft. Den letzten Beutel nahm ich ja in Abisko mit, also schon \u00fcber ein Monat her ..<\/p>\n<p><a href='http:\/\/extra.inmontanis.info\/d\/62281-2\/DSC09597.jpg'><img src=http:\/\/extra.inmontanis.info\/d\/62280-3\/DSC09597.jpg \/><\/a><br \/>\n^ Das Pesto Rosso wird heut etwas augepeppt mit ger\u00e4uchertem Schinken und Gem\u00fcse. Die 1kg-Packung kostet nur die H\u00e4lfte der 500g-Markenpackung (also 1\/4 aufs Gewicht); ca. 1,20 \u20ac oder so.<\/p>\n<p><a href='http:\/\/extra.inmontanis.info\/d\/62285-2\/DSC09599.jpg'><img src=http:\/\/extra.inmontanis.info\/d\/62284-3\/DSC09599.jpg \/><\/a><br \/>\n^ Abendessen. Die Spiralnudeln sind zwar schneller durch aber sonst .. ne, dann lieber Makkaroni.<\/p>\n","protected":false},"excerpt":{"rendered":"<p>20.4.2021 &#8211; T\u00e4nndalen Tag 2<\/p>\n<p>Heute war es windiger und noch pappiger, wegen letzterem h\u00f6rte ich um 15:15 auf. Damit d\u00fcrfte nun auch beschlossen sein, dass ich morgen das letzte Mal hier fahren werde und auf die 2 gratis Tage verzichten werde. Ich geh davon aus, dass es in \u00c5re aufgrund der S\u00fcdh\u00e4nge mehr sulzig <a href=\"http:\/\/blog.inmontanis.info\/?p=6740\">[&#8230;]<\/a><\/p>\n","protected":false},"author":1,"featured_media":0,"comment_status":"closed","ping_status":"closed","sticky":false,"template":"","format":"standard","meta":{"footnotes":""},"categories":[184,19,626],"tags":[],"class_list":["post-6740","post","type-post","status-publish","format-standard","hentry","category-2021-01-skandinavien","category-schwedensweden","category-tanndalen","odd"],"_links":{"self":[{"href":"http:\/\/blog.inmontanis.info\/index.php?rest_route=\/wp\/v2\/posts\/6740","targetHints":{"allow":["GET"]}}],"collection":[{"href":"http:\/\/blog.inmontanis.info\/index.php?rest_route=\/wp\/v2\/posts"}],"about":[{"href":"http:\/\/blog.inmontanis.info\/index.php?rest_route=\/wp\/v2\/types\/post"}],"author":[{"embeddable":true,"href":"http:\/\/blog.inmontanis.info\/index.php?rest_route=\/wp\/v2\/users\/1"}],"replies":[{"embeddable":true,"href":"http:\/\/blog.inmontanis.info\/index.php?rest_route=%2Fwp%2Fv2%2Fcomments&post=6740"}],"version-history":[{"count":3,"href":"http:\/\/blog.inmontanis.info\/index.php?rest_route=\/wp\/v2\/posts\/6740\/revisions"}],"predecessor-version":[{"id":9110,"href":"http:\/\/blog.inmontanis.info\/index.php?rest_route=\/wp\/v2\/posts\/6740\/revisions\/9110"}],"wp:attachment":[{"href":"http:\/\/blog.inmontanis.info\/index.php?rest_route=%2Fwp%2Fv2%2Fmedia&parent=6740"}],"wp:term":[{"taxonomy":"category","embeddable":true,"href":"http:\/\/blog.inmontanis.info\/index.php?rest_route=%2Fwp%2Fv2%2Fcategories&post=6740"},{"taxonomy":"post_tag","embeddable":true,"href":"http:\/\/blog.inmontanis.info\/index.php?rest_route=%2Fwp%2Fv2%2Ftags&post=6740"}],"curies":[{"name":"wp","href":"https:\/\/api.w.org\/{rel}","templated":true}]}}