{"id":6737,"date":"2021-04-19T21:30:41","date_gmt":"2021-04-19T19:30:41","guid":{"rendered":"http:\/\/blog.inmontanis.info\/?p=6737"},"modified":"2023-08-05T11:57:09","modified_gmt":"2023-08-05T09:57:09","slug":"tanndalen-19-4-2021","status":"publish","type":"post","link":"http:\/\/blog.inmontanis.info\/?p=6737","title":{"rendered":"T\u00e4nndalen, 19.4.2021"},"content":{"rendered":"<p><strong>19.4.2021<\/strong> &#8211; T\u00e4nndalen<\/p>\n<p>Mittags im Supermarkt sah ich nochmals nach so einer Kleider-Fusselrolle und hatte tats\u00e4chlich Gl\u00fcck! Abends verbrauchte ich gleich mal ein paar Umrundungen des Klebepapiers. Glaub das war \u00fcber 20 Jahre her, dass ich so etwas zuletzt verwendet hab &#8211; und gekauft schon gleich gar nicht. Umweltm\u00e4\u00dfig ja auch etwas fraglich mit dem vielen Plastik, aber in meinem Fall einfacher zu verstauen als ein kleiner Staubsauger. Wobei der nat\u00fcrlich etwas universeller w\u00e4re, weil man damit auch Ritzen und Tastatur etwas absaugen k\u00f6nnte. Hmmm&#8230;<\/p>\n<p>Eigentlich k\u00f6nnte ich ja viel mehr Platz im Auto haben &#8211; ich m\u00fcsste ja n\u00e4chstes Mal nur den Skitr\u00e4ger montieren. Dann k\u00f6nnt ich auch 3 Paar Ski mitnehmen. Wobei ich aktuell im Bereich der Tourenski eh einiges gelagert hab, unten drunter Holzlatten (falls was kaputt wird), nebendran und dr\u00fcber Fotostativ, Nudelpackung, Gew\u00fcrzbeutel, Schneebesen, stilles Mineralwasser (zum Kochen) und noch einiges anderes &#8211; hei\u00dft, wenn es mit den Skitouren im Mai wieder losgeht, muss ich das wieder wo anders verstauen ..<\/p>\n<p>Danach noch eine Pizza gekauft und nach T\u00e4nndalen gefahren. Im Gegensatz zu gestern war der Schnee heute wieder teilweise recht pappig. Vom Gel\u00e4nde her ja ganz nett, aber ich glaube, 3 Tage reichen. Ich k\u00f6nnte mit dem Wochenpass ja 5 Tage hier bleiben. Es soll zwar im Skigebiet Fun\u00e4sdalen noch der Parklift offen sein, aber das werd ich mir wohl sparen.<\/p>\n<p><a href='http:\/\/extra.inmontanis.info\/d\/62245-2\/DSC09460.jpg'><img src=http:\/\/extra.inmontanis.info\/d\/62244-3\/DSC09460.jpg \/><\/a><br \/>\n^ Die halbe Pizza zu MIttag, den Rest am Abend. Schinken, Speck, Hackfleisch und Paprika<\/p>\n<p><a href='http:\/\/ski.inmontanis.info\/d\/293219-2\/DSC09467.jpg'><img src=http:\/\/ski.inmontanis.info\/d\/293218-3\/DSC09467.jpg \/><\/a><br \/>\n^ Skilift T\u00e4nndalsvallen<\/p>\n<p><a href='http:\/\/ski.inmontanis.info\/d\/293223-2\/DSC09471.jpg'><img src=http:\/\/ski.inmontanis.info\/d\/293222-3\/DSC09471.jpg \/><\/a><br \/>\n^ Der Bereich mit dem Saisonschluss: SL L1 L\u00e5ngen und 4KSB L2 T\u00e4nnporten Express<\/p>\n<p><a href='http:\/\/ski.inmontanis.info\/d\/293227-2\/DSC09474.jpg'><img src=http:\/\/ski.inmontanis.info\/d\/293226-3\/DSC09474.jpg \/><\/a><br \/>\n^ Ab hier nach rechts dann in Betrieb (SL L5\/L6\/L7 im Bild)<\/p>\n<p><a href='http:\/\/ski.inmontanis.info\/d\/293231-2\/DSC09476.jpg'><img src=http:\/\/ski.inmontanis.info\/d\/293230-3\/DSC09476.jpg \/><\/a><br \/>\n^ Pistenplan<\/p>\n<p><a href='http:\/\/ski.inmontanis.info\/d\/293235-2\/DSC09478.jpg'><img src=http:\/\/ski.inmontanis.info\/d\/293234-3\/DSC09478.jpg \/><\/a><br \/>\n^ SL L5 Familjeliften, die Abfahrten links schon geschlossen, man konnte aber noch einiges fahren<\/p>\n<p><a href='http:\/\/ski.inmontanis.info\/d\/293239-2\/DSC09482.jpg'><img src=http:\/\/ski.inmontanis.info\/d\/293238-3\/DSC09482.jpg \/><\/a><br \/>\n^ SL L6 Kl\u00e4ppliften<\/p>\n<p><a href='http:\/\/ski.inmontanis.info\/d\/293243-2\/DSC09483.jpg'><img src=http:\/\/ski.inmontanis.info\/d\/293242-3\/DSC09483.jpg \/><\/a><br \/>\n^ L6 Kl\u00e4ppliften<\/p>\n<p><a href='http:\/\/ski.inmontanis.info\/d\/293247-2\/DSC09484.jpg'><img src=http:\/\/ski.inmontanis.info\/d\/293246-3\/DSC09484.jpg \/><\/a><br \/>\n^ Blick zur 4KSB<\/p>\n<p><a href='http:\/\/ski.inmontanis.info\/d\/293251-2\/DSC09487.jpg'><img src=http:\/\/ski.inmontanis.info\/d\/293250-3\/DSC09487.jpg \/><\/a><br \/>\n^ L6 Kl\u00e4ppliften und L7 Valliften<\/p>\n<p><a href='http:\/\/ski.inmontanis.info\/d\/293255-2\/DSC09489.jpg'><img src=http:\/\/ski.inmontanis.info\/d\/293254-3\/DSC09489.jpg \/><\/a><br \/>\n^ L7 Valliften<\/p>\n<p><a href='http:\/\/ski.inmontanis.info\/d\/293259-2\/DSC09490.jpg'><img src=http:\/\/ski.inmontanis.info\/d\/293258-3\/DSC09490.jpg \/><\/a><br \/>\n^ Parkpl\u00e4tze<\/p>\n<p><a href='http:\/\/ski.inmontanis.info\/d\/293263-2\/DSC09494.jpg'><img src=http:\/\/ski.inmontanis.info\/d\/293262-3\/DSC09494.jpg \/><\/a><br \/>\n^ L6 Kl\u00e4ppliften<\/p>\n<p><a href='http:\/\/ski.inmontanis.info\/d\/293267-2\/DSC09496.jpg'><img src=http:\/\/ski.inmontanis.info\/d\/293266-3\/DSC09496.jpg \/><\/a><br \/>\n^ L7 Valliften und Hochplateau<\/p>\n<p><a href='http:\/\/ski.inmontanis.info\/d\/293271-2\/DSC09498.jpg'><img src=http:\/\/ski.inmontanis.info\/d\/293270-3\/DSC09498.jpg \/><\/a><br \/>\n^ L7 Valliften<\/p>\n<p><a href='http:\/\/ski.inmontanis.info\/d\/293275-2\/DSC09500.jpg'><img src=http:\/\/ski.inmontanis.info\/d\/293274-3\/DSC09500.jpg \/><\/a><br \/>\n^<\/p>\n<p><a href='http:\/\/ski.inmontanis.info\/d\/293279-2\/DSC09503.jpg'><img src=http:\/\/ski.inmontanis.info\/d\/293278-3\/DSC09503.jpg \/><\/a><br \/>\n^ Von L7 Valliften weiter nach rechts<\/p>\n<p><a href='http:\/\/ski.inmontanis.info\/d\/293283-2\/DSC09506.jpg'><img src=http:\/\/ski.inmontanis.info\/d\/293282-3\/DSC09506.jpg \/><\/a><br \/>\n^ Zwischen 6KSB und SL<\/p>\n<p><a href='http:\/\/ski.inmontanis.info\/d\/293287-2\/DSC09509.jpg'><img src=http:\/\/ski.inmontanis.info\/d\/293286-3\/DSC09509.jpg \/><\/a><br \/>\n^ Blick nach links von der 6KSB aus<\/p>\n<p><a href='http:\/\/ski.inmontanis.info\/d\/293291-2\/DSC09511.jpg'><img src=http:\/\/ski.inmontanis.info\/d\/293290-3\/DSC09511.jpg \/><\/a><br \/>\n^ Abfahrten ganz rechts, hier ist das Skigebiet zu Ende<\/p>\n<p><a href='http:\/\/ski.inmontanis.info\/d\/293295-2\/DSC09512.jpg'><img src=http:\/\/ski.inmontanis.info\/d\/293294-3\/DSC09512.jpg \/><\/a><br \/>\n^ Abfahrten am SL L12 Vigelliften<\/p>\n<p><a href='http:\/\/ski.inmontanis.info\/d\/293299-2\/DSC09513.jpg'><img src=http:\/\/ski.inmontanis.info\/d\/293298-3\/DSC09513.jpg \/><\/a><br \/>\n^ L12 Vigelliften<\/p>\n<p><a href='http:\/\/ski.inmontanis.info\/d\/293303-2\/DSC09515.jpg'><img src=http:\/\/ski.inmontanis.info\/d\/293302-3\/DSC09515.jpg \/><\/a><br \/>\n^ 6KSB L9 Hamra Komfort<\/p>\n<p><a href='http:\/\/ski.inmontanis.info\/d\/293307-2\/DSC09516.jpg'><img src=http:\/\/ski.inmontanis.info\/d\/293306-3\/DSC09516.jpg \/><\/a><br \/>\n^<\/p>\n<p><a href='http:\/\/ski.inmontanis.info\/d\/293311-2\/DSC09518.jpg'><img src=http:\/\/ski.inmontanis.info\/d\/293310-3\/DSC09518.jpg \/><\/a><br \/>\n^ Ex-Sessellift neben der 6KSB<\/p>\n<p><a href='http:\/\/ski.inmontanis.info\/d\/293315-2\/DSC09520.jpg'><img src=http:\/\/ski.inmontanis.info\/d\/293314-3\/DSC09520.jpg \/><\/a><br \/>\n^ Hinter den Liften im Gipfelbereich gibt es im Sommer einen See<\/p>\n<p><a href='http:\/\/ski.inmontanis.info\/d\/293319-2\/DSC09522.jpg'><img src=http:\/\/ski.inmontanis.info\/d\/293318-3\/DSC09522.jpg \/><\/a><br \/>\n^<\/p>\n<p><a href='http:\/\/ski.inmontanis.info\/d\/293323-2\/DSC09526.jpg'><img src=http:\/\/ski.inmontanis.info\/d\/293322-3\/DSC09526.jpg \/><\/a><br \/>\n^ SL L8 Hamraliften<\/p>\n<p><a href='http:\/\/ski.inmontanis.info\/d\/293327-2\/DSC09528.jpg'><img src=http:\/\/ski.inmontanis.info\/d\/293326-3\/DSC09528.jpg \/><\/a><br \/>\n^ L8 Hamraliften<\/p>\n<p><a href='http:\/\/ski.inmontanis.info\/d\/293331-2\/DSC09533.jpg'><img src=http:\/\/ski.inmontanis.info\/d\/293330-3\/DSC09533.jpg \/><\/a><br \/>\n^<\/p>\n<p><a href='http:\/\/ski.inmontanis.info\/d\/293335-2\/DSC09535.jpg'><img src=http:\/\/ski.inmontanis.info\/d\/293334-3\/DSC09535.jpg \/><\/a><br \/>\n^ 4KSB<\/p>\n<p><a href='http:\/\/ski.inmontanis.info\/d\/293339-2\/DSC09536.jpg'><img src=http:\/\/ski.inmontanis.info\/d\/293338-3\/DSC09536.jpg \/><\/a><br \/>\n^ 4KSB L2 T\u00e4nnporten Express<\/p>\n<p><a href='http:\/\/ski.inmontanis.info\/d\/293343-2\/DSC09537.jpg'><img src=http:\/\/ski.inmontanis.info\/d\/293342-3\/DSC09537.jpg \/><\/a><br \/>\n^ Bereich Hamra L8-L9 (6KSB) von der Stra\u00dfe aus<\/p>\n<p><a href='http:\/\/ski.inmontanis.info\/d\/293347-2\/DSC09541.jpg'><img src=http:\/\/ski.inmontanis.info\/d\/293346-3\/DSC09541.jpg \/><\/a><br \/>\n^ 4KSB L2 T\u00e4nnporten Express<\/p>\n<p><a href='http:\/\/ski.inmontanis.info\/d\/293351-2\/DSC09543.jpg'><img src=http:\/\/ski.inmontanis.info\/d\/293350-3\/DSC09543.jpg \/><\/a><br \/>\n^ SL L3\/L4 Bl\u00e5b\u00e4rsliden<\/p>\n<p><a href='http:\/\/ski.inmontanis.info\/d\/293355-2\/DSC09545.jpg'><img src=http:\/\/ski.inmontanis.info\/d\/293354-3\/DSC09545.jpg \/><\/a><br \/>\n^ KSSL S1 Stormlift 1 &#8211; nur bei Sturm in Betrieb<\/p>\n<p><a href='http:\/\/ski.inmontanis.info\/d\/293359-2\/DSC09547.jpg'><img src=http:\/\/ski.inmontanis.info\/d\/293358-3\/DSC09547.jpg \/><\/a><br \/>\n^ SL L1 L\u00e5ngen<\/p>\n<p><a href='http:\/\/ski.inmontanis.info\/d\/293363-2\/DSC09549.jpg'><img src=http:\/\/ski.inmontanis.info\/d\/293362-3\/DSC09549.jpg \/><\/a><br \/>\n^ 4KSB L2 T\u00e4nnporten Express<\/p>\n<p><a href='http:\/\/extra.inmontanis.info\/d\/62249-2\/DSC09551.jpg'><img src=http:\/\/extra.inmontanis.info\/d\/62248-3\/DSC09551.jpg \/><\/a><br \/>\n^ Fusselrolle, brauchte gleich mal einige von den klebrigen Bl\u00e4ttern &#8230;<\/p>\n<p><a href='http:\/\/extra.inmontanis.info\/d\/62253-2\/DSC09553.jpg'><img src=http:\/\/extra.inmontanis.info\/d\/62252-3\/DSC09553.jpg \/><\/a><br \/>\n^ Sonnenuntergang am See<\/p>\n<p><a href='http:\/\/extra.inmontanis.info\/d\/62257-2\/DSC09555.jpg'><img src=http:\/\/extra.inmontanis.info\/d\/62256-3\/DSC09555.jpg \/><\/a><br \/>\n^ Sonnenuntergang am See<\/p>\n<p><a href='http:\/\/extra.inmontanis.info\/d\/62261-2\/DSC09559.jpg'><img src=http:\/\/extra.inmontanis.info\/d\/62260-3\/DSC09559.jpg \/><\/a><br \/>\n^ Sonnenuntergang am See<\/p>\n<p><a href='http:\/\/extra.inmontanis.info\/d\/62265-2\/DSC09564.jpg'><img src=http:\/\/extra.inmontanis.info\/d\/62264-3\/DSC09564.jpg \/><\/a><br \/>\n^ Sonnenuntergang am See<\/p>\n<p><a href='http:\/\/extra.inmontanis.info\/d\/62269-2\/DSC09571.jpg'><img src=http:\/\/extra.inmontanis.info\/d\/62268-3\/DSC09571.jpg \/><\/a><br \/>\n^ Abendd\u00e4mmerung am See<\/p>\n<p><a href='http:\/\/extra.inmontanis.info\/d\/62273-2\/DSC09580.jpg'><img src=http:\/\/extra.inmontanis.info\/d\/62272-3\/DSC09580.jpg \/><\/a><br \/>\n^ Abendd\u00e4mmerung am See mit Mond<\/p>\n<p>.. das ist dann der Vorteil, wenn man mit dem Auto irgendwo zum \u00dcbernachten stehen kann ;-)<\/p>\n","protected":false},"excerpt":{"rendered":"<p>19.4.2021 &#8211; T\u00e4nndalen<\/p>\n<p>Mittags im Supermarkt sah ich nochmals nach so einer Kleider-Fusselrolle und hatte tats\u00e4chlich Gl\u00fcck! Abends verbrauchte ich gleich mal ein paar Umrundungen des Klebepapiers. Glaub das war \u00fcber 20 Jahre her, dass ich so etwas zuletzt verwendet hab &#8211; und gekauft schon gleich gar nicht. Umweltm\u00e4\u00dfig ja auch etwas fraglich mit dem <a href=\"http:\/\/blog.inmontanis.info\/?p=6737\">[&#8230;]<\/a><\/p>\n","protected":false},"author":1,"featured_media":0,"comment_status":"closed","ping_status":"closed","sticky":false,"template":"","format":"standard","meta":{"footnotes":""},"categories":[184,19,27,626],"tags":[49,56,45,47],"class_list":["post-6737","post","type-post","status-publish","format-standard","hentry","category-2021-01-skandinavien","category-schwedensweden","category-skifahren-winterskiing-winter","category-tanndalen","tag-4sb","tag-6sb","tag-see","tag-sl","odd"],"_links":{"self":[{"href":"http:\/\/blog.inmontanis.info\/index.php?rest_route=\/wp\/v2\/posts\/6737","targetHints":{"allow":["GET"]}}],"collection":[{"href":"http:\/\/blog.inmontanis.info\/index.php?rest_route=\/wp\/v2\/posts"}],"about":[{"href":"http:\/\/blog.inmontanis.info\/index.php?rest_route=\/wp\/v2\/types\/post"}],"author":[{"embeddable":true,"href":"http:\/\/blog.inmontanis.info\/index.php?rest_route=\/wp\/v2\/users\/1"}],"replies":[{"embeddable":true,"href":"http:\/\/blog.inmontanis.info\/index.php?rest_route=%2Fwp%2Fv2%2Fcomments&post=6737"}],"version-history":[{"count":3,"href":"http:\/\/blog.inmontanis.info\/index.php?rest_route=\/wp\/v2\/posts\/6737\/revisions"}],"predecessor-version":[{"id":9111,"href":"http:\/\/blog.inmontanis.info\/index.php?rest_route=\/wp\/v2\/posts\/6737\/revisions\/9111"}],"wp:attachment":[{"href":"http:\/\/blog.inmontanis.info\/index.php?rest_route=%2Fwp%2Fv2%2Fmedia&parent=6737"}],"wp:term":[{"taxonomy":"category","embeddable":true,"href":"http:\/\/blog.inmontanis.info\/index.php?rest_route=%2Fwp%2Fv2%2Fcategories&post=6737"},{"taxonomy":"post_tag","embeddable":true,"href":"http:\/\/blog.inmontanis.info\/index.php?rest_route=%2Fwp%2Fv2%2Ftags&post=6737"}],"curies":[{"name":"wp","href":"https:\/\/api.w.org\/{rel}","templated":true}]}}