{"id":6730,"date":"2021-04-17T20:15:01","date_gmt":"2021-04-17T18:15:01","guid":{"rendered":"http:\/\/blog.inmontanis.info\/?p=6730"},"modified":"2023-08-05T12:22:02","modified_gmt":"2023-08-05T10:22:02","slug":"ramundberget-17-4-2021","status":"publish","type":"post","link":"http:\/\/blog.inmontanis.info\/?p=6730","title":{"rendered":"Ramundberget, 17.4.2021"},"content":{"rendered":"<p><strong>17.4.2021<\/strong><\/p>\n<p>Zwischen den beiden Skitagen in T\u00e4nn\u00e4skr\u00f6ket gings am Samstag nach Ramundberget.<\/p>\n<p>Gedruckte Pistenpl\u00e4ne zum Mitnehmen gibt&#8217;s auch hier wieder mal keine. Ich parkte erst an der Osthang-4SB, entdeckte aber im Plan, dass  man vom Doppel-SL, der bis 18h offen sein sollte, nicht mehr hier r\u00fcber k\u00e4me und fuhr daher vorsorglich zum Hauptparkplatz an der 4KSB. <\/p>\n<p>An besagtem SL angekommen, las ich das Gegenteil: nur bis 16h in Betrieb, daf\u00fcr der obere SL und die 4KSB heute bis 19h. Somit blieb ich erst mal am SL und fuhr halbwegs alles ab. Der rechte SL hatte wohl leider schon Saisonschluss.<\/p>\n<p>Nachdem der Schnee morgens recht gefroren war, wurde er doch noch sch\u00f6n weich, was f\u00fcr die ganzen unpr\u00e4parierten Varianten an der Osthang-4SB nat\u00fcrlich vorteilhaft war. So blieb ich an der 4SB ca. 4 Stunden lang, bis ich alle Abfahrten und Varianten abgefahren bin, bevor ich wieder zum SL wechselte. <\/p>\n<p>Ich blieb bis 17 Uhr, hat mir dann gereicht und der Schnee wurde ja auch langsam schlechter. Warum m\u00fcssen eigentlich immer die Osthang-Skigebiete diejenigen mit der sp\u00e4teren Schlie\u00dfung sein?!<\/p>\n<p>Am Thai-Take-Away-Stand in Fun\u00e4sdalen nahm ich mir H\u00fchnchenspie\u00dfe mit Erdnusso\u00dfe mit (ca. 9,50 \u20ac). Die Sauce war sehr s\u00fc\u00df, aber das Fleisch sehr scharf mariniert. Da hatte ich schon H\u00fchnchenspie\u00dfe mit Erdnusso\u00dfe, die mir besser geschmeckt hatten.<\/p>\n<p><a href='http:\/\/ski.inmontanis.info\/d\/293067-2\/DSC09177.jpg'><img src=http:\/\/ski.inmontanis.info\/d\/293065-3\/DSC09177.jpg \/><\/a><br \/>\n^ Schwarze Abfahrten an der linken 4SB<\/p>\n<p><a href='http:\/\/ski.inmontanis.info\/d\/293071-2\/DSC09178.jpg'><img src=http:\/\/ski.inmontanis.info\/d\/293070-3\/DSC09178.jpg \/><\/a><br \/>\n^ 4KSB-SL-H\u00e4nge in der Mitte<\/p>\n<p><a href='http:\/\/ski.inmontanis.info\/d\/293075-2\/DSC09179.jpg'><img src=http:\/\/ski.inmontanis.info\/d\/293074-3\/DSC09179.jpg \/><\/a><br \/>\n^ Pistenplan, links die 4SB, dann die 4KSB<\/p>\n<p><a href='http:\/\/ski.inmontanis.info\/d\/293079-2\/DSC09180.jpg'><img src=http:\/\/ski.inmontanis.info\/d\/293078-3\/DSC09180.jpg \/><\/a><br \/>\n^ 4KSB, leider mit Sitzabtrenner und Minifu\u00dfraster<\/p>\n<p><a href='http:\/\/ski.inmontanis.info\/d\/293083-2\/DSC09183.jpg'><img src=http:\/\/ski.inmontanis.info\/d\/293082-3\/DSC09183.jpg \/><\/a><br \/>\n^ <\/p>\n<p><a href='http:\/\/ski.inmontanis.info\/d\/293087-2\/DSC09184.jpg'><img src=http:\/\/ski.inmontanis.info\/d\/293086-3\/DSC09184.jpg \/><\/a><br \/>\n^ <\/p>\n<p><a href='http:\/\/ski.inmontanis.info\/d\/293091-2\/DSC09187.jpg'><img src=http:\/\/ski.inmontanis.info\/d\/293090-3\/DSC09187.jpg \/><\/a><br \/>\n^ 4KSB<\/p>\n<p><a href='http:\/\/ski.inmontanis.info\/d\/293095-2\/DSC09188.jpg'><img src=http:\/\/ski.inmontanis.info\/d\/293094-3\/DSC09188.jpg \/><\/a><br \/>\n^ 4KSB<\/p>\n<p><a href='http:\/\/ski.inmontanis.info\/d\/293099-2\/DSC09193.jpg'><img src=http:\/\/ski.inmontanis.info\/d\/293098-3\/DSC09193.jpg \/><\/a><br \/>\n^ Solliftarna, alternativ zur 4KSB im oberen Bereich<\/p>\n<p><a href='http:\/\/ski.inmontanis.info\/d\/293103-2\/DSC09195.jpg'><img src=http:\/\/ski.inmontanis.info\/d\/293102-3\/DSC09195.jpg \/><\/a><br \/>\n^ <\/p>\n<p><a href='http:\/\/ski.inmontanis.info\/d\/293107-2\/DSC09196.jpg'><img src=http:\/\/ski.inmontanis.info\/d\/293106-3\/DSC09196.jpg \/><\/a><br \/>\n^ Stj\u00e4rnliftarna \/ Stj\u00e4rnliften, Alternativ zur 4KSB im unteren Bereich<\/p>\n<p><a href='http:\/\/ski.inmontanis.info\/d\/293111-2\/DSC09197.jpg'><img src=http:\/\/ski.inmontanis.info\/d\/293110-3\/DSC09197.jpg \/><\/a><br \/>\n^ Stj\u00e4rnliftarna<\/p>\n<p><a href='http:\/\/ski.inmontanis.info\/d\/293115-2\/DSC09199.jpg'><img src=http:\/\/ski.inmontanis.info\/d\/293114-3\/DSC09199.jpg \/><\/a><br \/>\n^ Stj\u00e4rnliftarna und Blick zur 4KSB<\/p>\n<p><a href='http:\/\/ski.inmontanis.info\/d\/293119-2\/DSC09202.jpg'><img src=http:\/\/ski.inmontanis.info\/d\/293118-3\/DSC09202.jpg \/><\/a><br \/>\n^ Solliftarna \/ Solliften<\/p>\n<p><a href='http:\/\/ski.inmontanis.info\/d\/293123-2\/DSC09204.jpg'><img src=http:\/\/ski.inmontanis.info\/d\/293122-3\/DSC09204.jpg \/><\/a><br \/>\n^ <\/p>\n<p><a href='http:\/\/ski.inmontanis.info\/d\/293127-2\/DSC09205.jpg'><img src=http:\/\/ski.inmontanis.info\/d\/293126-3\/DSC09205.jpg \/><\/a><br \/>\n^ <\/p>\n<p><a href='http:\/\/ski.inmontanis.info\/d\/293131-2\/DSC09206.jpg'><img src=http:\/\/ski.inmontanis.info\/d\/293130-3\/DSC09206.jpg \/><\/a><br \/>\n^ <\/p>\n<p><a href='http:\/\/ski.inmontanis.info\/d\/293135-2\/DSC09207.jpg'><img src=http:\/\/ski.inmontanis.info\/d\/293134-3\/DSC09207.jpg \/><\/a><br \/>\n^ <\/p>\n<p><a href='http:\/\/ski.inmontanis.info\/d\/293139-2\/DSC09208.jpg'><img src=http:\/\/ski.inmontanis.info\/d\/293138-3\/DSC09208.jpg \/><\/a><br \/>\n^ Rechts der Stj\u00e4rnlifte war alles geschlossen, obwohl man die Abfahrten noch problemlos fahren konnte.<\/p>\n<p><a href='http:\/\/ski.inmontanis.info\/d\/293143-2\/DSC09212.jpg'><img src=http:\/\/ski.inmontanis.info\/d\/293142-3\/DSC09212.jpg \/><\/a><br \/>\n^ Nur der ganz rechte SL war leider geschlossen<\/p>\n<p><a href='http:\/\/ski.inmontanis.info\/d\/293147-2\/DSC09213.jpg'><img src=http:\/\/ski.inmontanis.info\/d\/293146-3\/DSC09213.jpg \/><\/a><br \/>\n^ Geschlossener rechter SL<\/p>\n<p><a href='http:\/\/ski.inmontanis.info\/d\/293151-2\/DSC09216.jpg'><img src=http:\/\/ski.inmontanis.info\/d\/293150-3\/DSC09216.jpg \/><\/a><br \/>\n^ <\/p>\n<p><a href='http:\/\/ski.inmontanis.info\/d\/293155-2\/DSC09218.jpg'><img src=http:\/\/ski.inmontanis.info\/d\/293154-3\/DSC09218.jpg \/><\/a><br \/>\n^ <\/p>\n<p><a href='http:\/\/ski.inmontanis.info\/d\/293159-2\/DSC09219.jpg'><img src=http:\/\/ski.inmontanis.info\/d\/293158-3\/DSC09219.jpg \/><\/a><br \/>\n^ <\/p>\n<p><a href='http:\/\/ski.inmontanis.info\/d\/293163-2\/DSC09221.jpg'><img src=http:\/\/ski.inmontanis.info\/d\/293162-3\/DSC09221.jpg \/><\/a><br \/>\n^ 4SB Osthang<\/p>\n<p><a href='http:\/\/ski.inmontanis.info\/d\/293167-2\/DSC09222.jpg'><img src=http:\/\/ski.inmontanis.info\/d\/293166-3\/DSC09222.jpg \/><\/a><br \/>\n^ Pano links der 4SB<\/p>\n<p><a href='http:\/\/ski.inmontanis.info\/d\/293171-2\/DSC09223.jpg'><img src=http:\/\/ski.inmontanis.info\/d\/293170-3\/DSC09223.jpg \/><\/a><br \/>\n^ <\/p>\n<p><a href='http:\/\/ski.inmontanis.info\/d\/293175-2\/DSC09225.jpg'><img src=http:\/\/ski.inmontanis.info\/d\/293174-3\/DSC09225.jpg \/><\/a><br \/>\n^ Schwarze Abfahrt 1<\/p>\n<p><a href='http:\/\/ski.inmontanis.info\/d\/293179-2\/DSC09228.jpg'><img src=http:\/\/ski.inmontanis.info\/d\/293178-3\/DSC09228.jpg \/><\/a><br \/>\n^ Schwarze Abfahrt 1<\/p>\n<p><a href='http:\/\/ski.inmontanis.info\/d\/293183-2\/DSC09229.jpg'><img src=http:\/\/ski.inmontanis.info\/d\/293182-3\/DSC09229.jpg \/><\/a><br \/>\n^ Schwarze Abfahrt 2<\/p>\n<p><a href='http:\/\/ski.inmontanis.info\/d\/293187-2\/DSC09232.jpg'><img src=http:\/\/ski.inmontanis.info\/d\/293186-3\/DSC09232.jpg \/><\/a><br \/>\n^ <\/p>\n<p><a href='http:\/\/ski.inmontanis.info\/d\/293191-3\/DSC09235.jpg'><img src=http:\/\/ski.inmontanis.info\/d\/293190-4\/DSC09235.jpg \/><\/a><br \/>\n^ 4SB Ausstieg<\/p>\n<p><a href='http:\/\/ski.inmontanis.info\/d\/293195-3\/DSC09237.jpg'><img src=http:\/\/ski.inmontanis.info\/d\/293194-4\/DSC09237.jpg \/><\/a><br \/>\n^ <\/p>\n<p><a href='http:\/\/ski.inmontanis.info\/d\/293199-3\/DSC09240.jpg'><img src=http:\/\/ski.inmontanis.info\/d\/293198-4\/DSC09240.jpg \/><\/a><br \/>\n^ <\/p>\n<p><a href='http:\/\/ski.inmontanis.info\/d\/293203-2\/DSC09245.jpg'><img src=http:\/\/ski.inmontanis.info\/d\/293202-3\/DSC09245.jpg \/><\/a><br \/>\n^ <\/p>\n<p><a href='http:\/\/ski.inmontanis.info\/d\/293207-3\/DSC09251.jpg'><img src=http:\/\/ski.inmontanis.info\/d\/293206-4\/DSC09251.jpg \/><\/a><br \/>\n^ <\/p>\n<p><a href='http:\/\/ski.inmontanis.info\/d\/293211-3\/DSC09253.jpg'><img src=http:\/\/ski.inmontanis.info\/d\/293210-4\/DSC09253.jpg \/><\/a><br \/>\n^ Varianten links der 4SB<\/p>\n<p>Leider sind die ganzen Bilder vom Nachmittag weg, z.B. die coole Bachrinne \u00fcber dem Wasserfall, der Blick in die gro\u00dfe Wasserfallrinne, sowie der sch\u00f6ne Sonnenuntergang (den hab ich dann aber \u00fcbermorgen nachgeholt), weil mal wieder einer der Cam-Akkus leer war und die Cam auf die andere (alte) SD-Karte, die ich eingesetzt hab &#8211; obwohl keine Fehlermeldung angezeigt wurde und das Blinken am SD-Card-Slot so aussah, als w\u00fcrde das aufgenommen Bild ganz normal gespeichert werden &#8211; keine Bilder gespeichert hatte :( <\/p>\n<p>Gut, dass ich ausnahmsweise gleich abends die Bilder r\u00fcberkopieren wollte, sonst h\u00e4tte ich da evtl. morgen auch keine Bilder gehabt. Folglich gleich mal die alte 64GB-SD-Karte vernichtet, damit ich die nicht nochmal einstecken m\u00f6chte .. <\/p>\n<p><a href='http:\/\/ski.inmontanis.info\/d\/293215-2\/ge20210417.jpg'><img src=http:\/\/ski.inmontanis.info\/d\/293214-3\/ge20210417.jpg \/><\/a><br \/>\n^ GPS-Track 17.4.2021<\/p>\n<p>Fazit: Es gibt schon ein paar nette Abfahrten hier, aber T\u00e4nn\u00e4skr\u00f6ket gestern gefiel mir wesentlich besser, daher morgen lieber nochmal T\u00e4nn\u00e4skr\u00f6ket.<\/p>\n<p>Die Cam-Akkus nerven neuerdings also auch bei Nicht-K\u00e4lte. Anstatt dass die Cam fr\u00fchzeitig kontrolliert abschaltet, reicht der Strom erst w\u00e4hrend des Bildspeicherns nicht mehr und die Bilddatei wird nicht korrekt abgespeichert. Das Ende vom Lied: Die Speicherkarte ist kaputt. Weil die Cam nicht rechtzeitig den leeren Akku bemerkt hat. Ja so ein M\u00fcll. Das ist neben den SD-Karten, die mir Linux vor ein paar Monaten im Rahmen von Backups und Dateikopierungen zerschossen hat, nun also die, was, vierte oder so defekte SD-Karte dieser Reise?! Die sind jetzt alle im Read-Only-Mode, von dem sie auch \u00fcber das SanDisk-Format-Tool nicht mehr formatiert werden k\u00f6nnen. Da werd ich mal einen Massen-Garantieaustausch bei SanDisk machen m\u00fcssen, wenn ich wieder daheim bin ..<\/p>\n<p><a href='http:\/\/extra.inmontanis.info\/d\/62237-3\/DSC09316.jpg'><img src=http:\/\/extra.inmontanis.info\/d\/62236-4\/DSC09316.jpg \/><\/a><br \/>\n^ Nach dem Sonnenuntergang mit anderer SD-Karte ..<\/p>\n<p><a href='http:\/\/extra.inmontanis.info\/d\/62241-3\/DSC09320.jpg'><img src=http:\/\/extra.inmontanis.info\/d\/62240-4\/DSC09320.jpg \/><\/a><br \/>\n^ .. und mit Mond<\/p>\n<p>Da ich mit dem Auto heute leider zu absch\u00fcssig stand (ohne dass es gerollt w\u00e4re, war wohl der Untergrund zu holprig) musste ich heute einmal anders herum schlafen &#8211; damit kann ich die F\u00fc\u00dfe zwar nicht so sch\u00f6n ausstrecken (in die Sitzmulde) und man hat im Oberk\u00f6rperbereich etwas weniger Platz (weil Matratze schm\u00e4ler), aber an den F\u00fc\u00dfen im Kofferraumbereich war&#8217;s eigentlich fast w\u00e4rmer so?! Und ein Vorteil ist, dass ich so an die Bedienungsschalter der Heizungen (Heizmatten sowie Standheizung) komme, ohne aufstehen zu m\u00fcssen. Nachteil ist tats\u00e4chlich, dass es vom Fu\u00dfraum hier so kalt raufzieht und der Kaltluftsee somit neben dem Kopf ist, der aber ja in der Kapuze des Schlafsacks steckt. Da k\u00f6nnte man evtl. mal probieren, die Taschen, die normalerweise nachts am Fahrersitz stehen, um den Fu\u00dfraum hinterm Fahrersitz zu erm\u00f6glichen, nachts wieder zur\u00fcckzustellen, damit diese die K\u00e4lte etwas abhalten &#8230;<\/p>\n<p>Jedenfalls kann ich froh sein, dass die Matratze und das Zeug darunter die K\u00e4lte wenigstens in dem Bereich sch\u00f6n abh\u00e4lt.<\/p>\n","protected":false},"excerpt":{"rendered":"<p>17.4.2021<\/p>\n<p>Zwischen den beiden Skitagen in T\u00e4nn\u00e4skr\u00f6ket gings am Samstag nach Ramundberget.<\/p>\n<p>Gedruckte Pistenpl\u00e4ne zum Mitnehmen gibt&#8217;s auch hier wieder mal keine. Ich parkte erst an der Osthang-4SB, entdeckte aber im Plan, dass man vom Doppel-SL, der bis 18h offen sein sollte, nicht mehr hier r\u00fcber k\u00e4me und fuhr daher vorsorglich zum Hauptparkplatz an der <a href=\"http:\/\/blog.inmontanis.info\/?p=6730\">[&#8230;]<\/a><\/p>\n","protected":false},"author":1,"featured_media":0,"comment_status":"closed","ping_status":"closed","sticky":false,"template":"","format":"standard","meta":{"footnotes":""},"categories":[184,637,19,27],"tags":[],"class_list":["post-6730","post","type-post","status-publish","format-standard","hentry","category-2021-01-skandinavien","category-ramundberget","category-schwedensweden","category-skifahren-winterskiing-winter","odd"],"_links":{"self":[{"href":"http:\/\/blog.inmontanis.info\/index.php?rest_route=\/wp\/v2\/posts\/6730","targetHints":{"allow":["GET"]}}],"collection":[{"href":"http:\/\/blog.inmontanis.info\/index.php?rest_route=\/wp\/v2\/posts"}],"about":[{"href":"http:\/\/blog.inmontanis.info\/index.php?rest_route=\/wp\/v2\/types\/post"}],"author":[{"embeddable":true,"href":"http:\/\/blog.inmontanis.info\/index.php?rest_route=\/wp\/v2\/users\/1"}],"replies":[{"embeddable":true,"href":"http:\/\/blog.inmontanis.info\/index.php?rest_route=%2Fwp%2Fv2%2Fcomments&post=6730"}],"version-history":[{"count":7,"href":"http:\/\/blog.inmontanis.info\/index.php?rest_route=\/wp\/v2\/posts\/6730\/revisions"}],"predecessor-version":[{"id":9113,"href":"http:\/\/blog.inmontanis.info\/index.php?rest_route=\/wp\/v2\/posts\/6730\/revisions\/9113"}],"wp:attachment":[{"href":"http:\/\/blog.inmontanis.info\/index.php?rest_route=%2Fwp%2Fv2%2Fmedia&parent=6730"}],"wp:term":[{"taxonomy":"category","embeddable":true,"href":"http:\/\/blog.inmontanis.info\/index.php?rest_route=%2Fwp%2Fv2%2Fcategories&post=6730"},{"taxonomy":"post_tag","embeddable":true,"href":"http:\/\/blog.inmontanis.info\/index.php?rest_route=%2Fwp%2Fv2%2Ftags&post=6730"}],"curies":[{"name":"wp","href":"https:\/\/api.w.org\/{rel}","templated":true}]}}