{"id":6721,"date":"2021-04-15T21:00:50","date_gmt":"2021-04-15T19:00:50","guid":{"rendered":"http:\/\/blog.inmontanis.info\/?p=6721"},"modified":"2023-08-05T12:04:39","modified_gmt":"2023-08-05T10:04:39","slug":"stoten-mickeltemplet-15-4-2021","status":"publish","type":"post","link":"http:\/\/blog.inmontanis.info\/?p=6721","title":{"rendered":"St\u00f6ten &#038; Mickeltemplet, 15.4.2021"},"content":{"rendered":"<p><strong>15.4.2021<\/strong> &#8211; St\u00f6ten &#038; Mickeltemplet<\/p>\n<p>Ich kaufte mir morgens die Tageskarte noch \u00fcber&#8217;s Internet (um ca. 42,- \u20ac)  und hatte wieder fr\u00fcher Dienstschluss, was aber nicht n\u00f6tig gewesen w\u00e4r, das Skigebiet war doch eher langweiliger und kleiner als die letzten.<\/p>\n<p>Die linke Seite ist sehr flach, rechts ists steiler und es scheint hier viel banalisiert zu sein, wenn man davon ausgeht, dass die alten Schneisen vielleicht fr\u00fcher mal offiziell Pisten waren. Um 16 Uhr h\u00f6rte ich auf, die Lifte w\u00e4ren noch 16:30, bzw. der Trippel-SL bis 18 Uhr gefahren. W\u00e4re die stillgelegten H\u00e4nge oben auch allle nochmals gefahren, aber der Flachhang unten, auf den hatte ich keine Lust mehr. Kein Skigebiet, das ich ein zweites Mal besuchen m\u00f6chte.<\/p>\n<p><a href='http:\/\/ski.inmontanis.info\/d\/292483-2\/DSC08807.jpg'><img src=http:\/\/ski.inmontanis.info\/d\/292481-3\/DSC08807.jpg \/><\/a><br \/>\n^ Blick ins Skigebiet St\u00f6ten von der Stra\u00dfe aus<\/p>\n<p><a href='http:\/\/ski.inmontanis.info\/d\/292487-2\/DSC08808.jpg'><img src=http:\/\/ski.inmontanis.info\/d\/292486-3\/DSC08808.jpg \/><\/a><br \/>\n^ Tyroler Ladan (Restaurant)<\/p>\n<p><a href='http:\/\/ski.inmontanis.info\/d\/292491-2\/DSC08809.jpg'><img src=http:\/\/ski.inmontanis.info\/d\/292490-3\/DSC08809.jpg \/><\/a><br \/>\n^ Pistenplan<\/p>\n<p><a href='http:\/\/ski.inmontanis.info\/d\/292495-2\/DSC08811.jpg'><img src=http:\/\/ski.inmontanis.info\/d\/292494-3\/DSC08811.jpg \/><\/a><br \/>\n^ Trippellift<\/p>\n<p><a href='http:\/\/ski.inmontanis.info\/d\/292499-2\/DSC08812.jpg'><img src=http:\/\/ski.inmontanis.info\/d\/292498-3\/DSC08812.jpg \/><\/a><br \/>\n^ Trippellift<\/p>\n<p><a href='http:\/\/ski.inmontanis.info\/d\/292503-2\/DSC08820.jpg'><img src=http:\/\/ski.inmontanis.info\/d\/292502-3\/DSC08820.jpg \/><\/a><br \/>\n^ <\/p>\n<p><a href='http:\/\/ski.inmontanis.info\/d\/292507-2\/DSC08822.jpg'><img src=http:\/\/ski.inmontanis.info\/d\/292506-3\/DSC08822.jpg \/><\/a><br \/>\n^ Rechte 6KSB WC-Express. Das WC besuchen war auch eine gute Idee.<\/p>\n<p><a href='http:\/\/ski.inmontanis.info\/d\/292511-2\/DSC08824.jpg'><img src=http:\/\/ski.inmontanis.info\/d\/292510-3\/DSC08824.jpg \/><\/a><br \/>\n^ <\/p>\n<p><a href='http:\/\/ski.inmontanis.info\/d\/292515-2\/DSC08825.jpg'><img src=http:\/\/ski.inmontanis.info\/d\/292514-3\/DSC08825.jpg \/><\/a><br \/>\n^ Blick von der rechten 6KSB zur linken 6KSB, dazwischen ging mal ein SL rauf (vmtl. vor der linken 6KSB)<\/p>\n<p><a href='http:\/\/ski.inmontanis.info\/d\/292519-2\/DSC08829.jpg'><img src=http:\/\/ski.inmontanis.info\/d\/292518-3\/DSC08829.jpg \/><\/a><br \/>\n^ <\/p>\n<p><a href='http:\/\/ski.inmontanis.info\/d\/292523-2\/DSC08831.jpg'><img src=http:\/\/ski.inmontanis.info\/d\/292522-3\/DSC08831.jpg \/><\/a><br \/>\n^ Linke 6KSB<\/p>\n<p><a href='http:\/\/ski.inmontanis.info\/d\/292527-2\/DSC08835.jpg'><img src=http:\/\/ski.inmontanis.info\/d\/292526-3\/DSC08835.jpg \/><\/a><br \/>\n^ <\/p>\n<p><a href='http:\/\/ski.inmontanis.info\/d\/292531-2\/DSC08838.jpg'><img src=http:\/\/ski.inmontanis.info\/d\/292530-3\/DSC08838.jpg \/><\/a><br \/>\n^ <\/p>\n<p><a href='http:\/\/ski.inmontanis.info\/d\/292535-2\/DSC08839.jpg'><img src=http:\/\/ski.inmontanis.info\/d\/292534-3\/DSC08839.jpg \/><\/a><br \/>\n^ <\/p>\n<p><a href='http:\/\/ski.inmontanis.info\/d\/292539-2\/DSC08840.jpg'><img src=http:\/\/ski.inmontanis.info\/d\/292538-3\/DSC08840.jpg \/><\/a><br \/>\n^ Blick von der linken 6KSB zum linken SL<\/p>\n<p><a href='http:\/\/ski.inmontanis.info\/d\/292543-2\/DSC08842.jpg'><img src=http:\/\/ski.inmontanis.info\/d\/292542-3\/DSC08842.jpg \/><\/a><br \/>\n^ <\/p>\n<p><a href='http:\/\/ski.inmontanis.info\/d\/292547-2\/DSC08843.jpg'><img src=http:\/\/ski.inmontanis.info\/d\/292546-3\/DSC08843.jpg \/><\/a><br \/>\n^ Linker SL, arg flache Abfahrten, aber recht lang<\/p>\n<p><a href='http:\/\/ski.inmontanis.info\/d\/292551-2\/DSC08846.jpg'><img src=http:\/\/ski.inmontanis.info\/d\/292550-3\/DSC08846.jpg \/><\/a><br \/>\n^ <\/p>\n<p><a href='http:\/\/ski.inmontanis.info\/d\/292555-2\/DSC08849.jpg'><img src=http:\/\/ski.inmontanis.info\/d\/292554-3\/DSC08849.jpg \/><\/a><br \/>\n^ <\/p>\n<p><a href='http:\/\/ski.inmontanis.info\/d\/292559-2\/DSC08851.jpg'><img src=http:\/\/ski.inmontanis.info\/d\/292558-3\/DSC08851.jpg \/><\/a><br \/>\n^ Im Bereich zwischen den beiden 6KSB, wo mal ein SL raufgegangen ist<\/p>\n<p><a href='http:\/\/ski.inmontanis.info\/d\/292563-2\/DSC08856.jpg'><img src=http:\/\/ski.inmontanis.info\/d\/292562-3\/DSC08856.jpg \/><\/a><br \/>\n^ <\/p>\n<p><a href='http:\/\/ski.inmontanis.info\/d\/292567-2\/DSC08858.jpg'><img src=http:\/\/ski.inmontanis.info\/d\/292566-3\/DSC08858.jpg \/><\/a><br \/>\n^ Wald k\u00f6nnte spa\u00dfig sein, aber der Schnee heute passt nicht ganz<\/p>\n<p><a href='http:\/\/ski.inmontanis.info\/d\/292571-2\/DSC08860.jpg'><img src=http:\/\/ski.inmontanis.info\/d\/292570-3\/DSC08860.jpg \/><\/a><br \/>\n^ <\/p>\n<p><a href='http:\/\/ski.inmontanis.info\/d\/292575-2\/DSC08861.jpg'><img src=http:\/\/ski.inmontanis.info\/d\/292574-3\/DSC08861.jpg \/><\/a><br \/>\n^ Die beiden SL-Sektionen rechts sind etwas interessanter<\/p>\n<p><a href='http:\/\/ski.inmontanis.info\/d\/292579-2\/DSC08866.jpg'><img src=http:\/\/ski.inmontanis.info\/d\/292578-3\/DSC08866.jpg \/><\/a><br \/>\n^ Rechte SL (unten)<\/p>\n<p><a href='http:\/\/ski.inmontanis.info\/d\/292583-2\/DSC08867.jpg'><img src=http:\/\/ski.inmontanis.info\/d\/292582-3\/DSC08867.jpg \/><\/a><br \/>\n^ Rechter SL (oben)<\/p>\n<p><a href='http:\/\/ski.inmontanis.info\/d\/292587-2\/DSC08869.jpg'><img src=http:\/\/ski.inmontanis.info\/d\/292586-3\/DSC08869.jpg \/><\/a><br \/>\n^ <\/p>\n<p><a href='http:\/\/ski.inmontanis.info\/d\/292591-2\/DSC08872.jpg'><img src=http:\/\/ski.inmontanis.info\/d\/292590-3\/DSC08872.jpg \/><\/a><br \/>\n^ <\/p>\n<p><a href='http:\/\/ski.inmontanis.info\/d\/292595-2\/DSC08876.jpg'><img src=http:\/\/ski.inmontanis.info\/d\/292594-3\/DSC08876.jpg \/><\/a><br \/>\n^ Rechte Abfahrt von oben<\/p>\n<p><a href='http:\/\/ski.inmontanis.info\/d\/292599-2\/DSC08877.jpg'><img src=http:\/\/ski.inmontanis.info\/d\/292598-3\/DSC08877.jpg \/><\/a><br \/>\n^ Offpiste<\/p>\n<p><a href='http:\/\/ski.inmontanis.info\/d\/292603-2\/DSC08879.jpg'><img src=http:\/\/ski.inmontanis.info\/d\/292602-3\/DSC08879.jpg \/><\/a><br \/>\n^ Skiroute<\/p>\n<p><a href='http:\/\/ski.inmontanis.info\/d\/292607-2\/DSC08882.jpg'><img src=http:\/\/ski.inmontanis.info\/d\/292606-3\/DSC08882.jpg \/><\/a><br \/>\n^ Endlich mal eine vern\u00fcnftige Pistenbreite ;-)<\/p>\n<p><a href='http:\/\/ski.inmontanis.info\/d\/292611-2\/DSC08883.jpg'><img src=http:\/\/ski.inmontanis.info\/d\/292610-3\/DSC08883.jpg \/><\/a><br \/>\n^ <\/p>\n<p><a href='http:\/\/ski.inmontanis.info\/d\/292615-2\/DSC08886.jpg'><img src=http:\/\/ski.inmontanis.info\/d\/292614-3\/DSC08886.jpg \/><\/a><br \/>\n^ Zwischen den beiden 6KSB, wo fr\u00fcher ein SL bis in die Gipfelregion ging<\/p>\n<p><a href='http:\/\/ski.inmontanis.info\/d\/292619-2\/DSC08892.jpg'><img src=http:\/\/ski.inmontanis.info\/d\/292618-3\/DSC08892.jpg \/><\/a><br \/>\n^ Ex-Lifttrasse und Ex-Abfahrt rechts daneben. Schade.<\/p>\n<p><a href='http:\/\/ski.inmontanis.info\/d\/292623-2\/DSC08895.jpg'><img src=http:\/\/ski.inmontanis.info\/d\/292622-3\/DSC08895.jpg \/><\/a><br \/>\n^ Eine weitere evtl. ehemalige Abfahrt, die man von der rechten 6KSB aus aber fahren kann<\/p>\n<p><a href='http:\/\/ski.inmontanis.info\/d\/292627-2\/DSC08898.jpg'><img src=http:\/\/ski.inmontanis.info\/d\/292626-3\/DSC08898.jpg \/><\/a><br \/>\n^ rechte 6KSB, der Hang kam auch noch dran<\/p>\n<p><a href='http:\/\/ski.inmontanis.info\/d\/292631-2\/ge20210415.jpg'><img src=http:\/\/ski.inmontanis.info\/d\/292630-3\/ge20210415.jpg \/><\/a><br \/>\n^ GPS-Track 15.4.2021<\/p>\n<p>Zwischen St\u00f6ten und S\u00e4rna wurde ich vom Zoll angehalten und etwas kontrolliert und ausgefragt &#8211; aber wenigstens musste ich nicht mein ganzes Auto ausr\u00e4umen, das w\u00e4r auch schwer gegangen.<\/p>\n<p>Danach sah ich einen Abzweig zu einem Aussichtsturm, somit ich eine Vollbremsung einlegte, umdrehte und rauffuhr. Bevor ich zur Talstation des dortigen SL fuhr, besuchte ich aber erst noch kurz einen Coop-Supermarkt.<\/p>\n<p><a href='http:\/\/ski.inmontanis.info\/d\/292425-2\/DSC08901.jpg'><img src=http:\/\/ski.inmontanis.info\/d\/292423-3\/DSC08901.jpg \/><\/a><br \/>\n^ Bergstation Mickeltemplet, hatte ich ganz vergessen, dass da noch ein Skigebiet ist, bin nur dem Aussichtsturm-Wegweiser gefolgt :)<\/p>\n<p><a href='http:\/\/ski.inmontanis.info\/d\/292429-2\/DSC08903.jpg'><img src=http:\/\/ski.inmontanis.info\/d\/292428-3\/DSC08903.jpg \/><\/a><br \/>\n^ Aussichtsturm, netterweise war die T\u00fcr offen<\/p>\n<p><a href='http:\/\/ski.inmontanis.info\/d\/292433-2\/DSC08906.jpg'><img src=http:\/\/ski.inmontanis.info\/d\/292432-3\/DSC08906.jpg \/><\/a><br \/>\n^ Parkplatz ist aber recht klein<\/p>\n<p><a href='http:\/\/ski.inmontanis.info\/d\/292437-2\/DSC08907.jpg'><img src=http:\/\/ski.inmontanis.info\/d\/292436-3\/DSC08907.jpg \/><\/a><br \/>\n^ Aussichtsturm<\/p>\n<p><a href='http:\/\/ski.inmontanis.info\/d\/292441-2\/DSC08908.jpg'><img src=http:\/\/ski.inmontanis.info\/d\/292440-3\/DSC08908.jpg \/><\/a><br \/>\n^ Aussichtsturm<\/p>\n<p><a href='http:\/\/ski.inmontanis.info\/d\/292445-2\/DSC08909.jpg'><img src=http:\/\/ski.inmontanis.info\/d\/292444-3\/DSC08909.jpg \/><\/a><br \/>\n^ Panorama<\/p>\n<p><a href='http:\/\/ski.inmontanis.info\/d\/292449-2\/DSC08911.jpg'><img src=http:\/\/ski.inmontanis.info\/d\/292448-3\/DSC08911.jpg \/><\/a><br \/>\n^ Panorama<\/p>\n<p><a href='http:\/\/ski.inmontanis.info\/d\/292453-2\/DSC08913.jpg'><img src=http:\/\/ski.inmontanis.info\/d\/292452-3\/DSC08913.jpg \/><\/a><br \/>\n^ Panorama mit SL<\/p>\n<p><a href='http:\/\/ski.inmontanis.info\/d\/292457-2\/DSC08915.jpg'><img src=http:\/\/ski.inmontanis.info\/d\/292456-3\/DSC08915.jpg \/><\/a><br \/>\n^ Panorama<\/p>\n<p><a href='http:\/\/ski.inmontanis.info\/d\/292461-2\/DSC08917.jpg'><img src=http:\/\/ski.inmontanis.info\/d\/292460-3\/DSC08917.jpg \/><\/a><br \/>\n^ Panorama<\/p>\n<p><a href='http:\/\/ski.inmontanis.info\/d\/292465-2\/DSC08921.jpg'><img src=http:\/\/ski.inmontanis.info\/d\/292464-3\/DSC08921.jpg \/><\/a><br \/>\n^ Parkplatz Talstation des SL, arg lang ist der Lift ja nicht<\/p>\n<p><a href='http:\/\/ski.inmontanis.info\/d\/292469-2\/DSC08922.jpg'><img src=http:\/\/ski.inmontanis.info\/d\/292468-3\/DSC08922.jpg \/><\/a><br \/>\n^ Mickeltemplet<\/p>\n<p><a href='http:\/\/ski.inmontanis.info\/d\/292473-2\/DSC08924.jpg'><img src=http:\/\/ski.inmontanis.info\/d\/292472-3\/DSC08924.jpg \/><\/a><br \/>\n^ Talstation<\/p>\n<p><a href='http:\/\/ski.inmontanis.info\/d\/292477-2\/DSC08925.jpg'><img src=http:\/\/ski.inmontanis.info\/d\/292476-3\/DSC08925.jpg \/><\/a><br \/>\n^ Talstation<\/p>\n<p>Abends ging ich die Optionen f\u00fcr die n\u00e4chsten Wochen bis 2.5. nochmals durch. Kittelfj\u00e4ll h\u00e4tte auch bis 2.5. offen und wenn ich eh nochmal bis Riksgr\u00e4nsen rauf will &#8211; m\u00f6cht ich das glaub ich nochmals mitnehmen. Wieviel Tage also in Fun\u00e4sfj\u00e4llen bleiben? 8 Tage Are dann etwas fr\u00fcher (und teurer) starten anstatt die letzte Woche bis zum 2.5.? Etc. etc.<\/p>\n<p>Die Entscheidung fiel wie folgt: Ich kauf mir morgen doch die Wochenkarte Fun\u00e4sfj\u00e4llen (6\/7\/8 Tage kostet ja gleich, ist in Are auch so); je nachdem wie es mir dann gef\u00e4llt (in T\u00e4nndalen wird ab Montag ja leider auch ein Teil geschlossen werden, die anderen Gebiete sowieso) und wie das Wetter ist, bleib ich eben 6 oder 7 oder gar 8 Tage, danach Are das gleiche Spiel, die Wochenkarte und je nach Wetter und Lust und Kittelfj\u00e4ll-\u00d6ffnung bleib ich l\u00e4nger oder weniger lang.<\/p>\n<p><a href='http:\/\/extra.inmontanis.info\/d\/62229-2\/DSC08927.jpg'><img src=http:\/\/extra.inmontanis.info\/d\/62228-3\/DSC08927.jpg \/><\/a><br \/>\n^ Abendessen, wobei ich das Kebap nach dem kurzen Anbraten auf 4 Tunnbr\u00f6d-Rollen aufteilte, 2 heute Abend und 2 morgen fr\u00fch<\/p>\n","protected":false},"excerpt":{"rendered":"<p>15.4.2021 &#8211; St\u00f6ten &#038; Mickeltemplet<\/p>\n<p>Ich kaufte mir morgens die Tageskarte noch \u00fcber&#8217;s Internet (um ca. 42,- \u20ac) und hatte wieder fr\u00fcher Dienstschluss, was aber nicht n\u00f6tig gewesen w\u00e4r, das Skigebiet war doch eher langweiliger und kleiner als die letzten.<\/p>\n<p>Die linke Seite ist sehr flach, rechts ists steiler und es scheint hier viel banalisiert <a href=\"http:\/\/blog.inmontanis.info\/?p=6721\">[&#8230;]<\/a><\/p>\n","protected":false},"author":1,"featured_media":0,"comment_status":"closed","ping_status":"closed","sticky":false,"template":"","format":"standard","meta":{"footnotes":""},"categories":[184,631,19,27,630],"tags":[56,47],"class_list":["post-6721","post","type-post","status-publish","format-standard","hentry","category-2021-01-skandinavien","category-mickeltemplet","category-schwedensweden","category-skifahren-winterskiing-winter","category-stoten","tag-6sb","tag-sl","odd"],"_links":{"self":[{"href":"http:\/\/blog.inmontanis.info\/index.php?rest_route=\/wp\/v2\/posts\/6721","targetHints":{"allow":["GET"]}}],"collection":[{"href":"http:\/\/blog.inmontanis.info\/index.php?rest_route=\/wp\/v2\/posts"}],"about":[{"href":"http:\/\/blog.inmontanis.info\/index.php?rest_route=\/wp\/v2\/types\/post"}],"author":[{"embeddable":true,"href":"http:\/\/blog.inmontanis.info\/index.php?rest_route=\/wp\/v2\/users\/1"}],"replies":[{"embeddable":true,"href":"http:\/\/blog.inmontanis.info\/index.php?rest_route=%2Fwp%2Fv2%2Fcomments&post=6721"}],"version-history":[{"count":3,"href":"http:\/\/blog.inmontanis.info\/index.php?rest_route=\/wp\/v2\/posts\/6721\/revisions"}],"predecessor-version":[{"id":6724,"href":"http:\/\/blog.inmontanis.info\/index.php?rest_route=\/wp\/v2\/posts\/6721\/revisions\/6724"}],"wp:attachment":[{"href":"http:\/\/blog.inmontanis.info\/index.php?rest_route=%2Fwp%2Fv2%2Fmedia&parent=6721"}],"wp:term":[{"taxonomy":"category","embeddable":true,"href":"http:\/\/blog.inmontanis.info\/index.php?rest_route=%2Fwp%2Fv2%2Fcategories&post=6721"},{"taxonomy":"post_tag","embeddable":true,"href":"http:\/\/blog.inmontanis.info\/index.php?rest_route=%2Fwp%2Fv2%2Ftags&post=6721"}],"curies":[{"name":"wp","href":"https:\/\/api.w.org\/{rel}","templated":true}]}}