{"id":6711,"date":"2021-04-11T21:36:53","date_gmt":"2021-04-11T19:36:53","guid":{"rendered":"http:\/\/blog.inmontanis.info\/?p=6711"},"modified":"2023-08-05T12:28:03","modified_gmt":"2023-08-05T10:28:03","slug":"nasfjallet-11-4-2021","status":"publish","type":"post","link":"http:\/\/blog.inmontanis.info\/?p=6711","title":{"rendered":"N\u00e4sfj\u00e4llet, 11.4.2021"},"content":{"rendered":"<p><strong>11.4.2021<\/strong><\/p>\n<p>Die Nacht war mal wieder etwas k\u00e4lter, -4\u00b0 am Morgen.<\/p>\n<p>Heute ist in der Region S\u00e4len in 3 Skigebieten der letzte Tag, eines ist vermutlich eher uninteressant, bleiben noch Kl\u00e4ppen und N\u00e4sfj\u00e4llet. Kl\u00e4ppen ist (f\u00fcr schwedische Verh\u00e4ltnisse) &#8220;relativ&#8221; gro\u00df und hat moderne Lifte (naja, 1 EUB und 1 4KSB und etliche SL, also \u00e4hnlich wie gestern Bran\u00e4s; ca. 300hm) und hat mit ca. 42,50 \u20ac noch einen vergleichsweise g\u00fcnstigeren Skipass (dazu sind einige wenige Lifte bis 18 Uhr in Betrieb), Ausrichtung West bis Nord-Ost, Temperaturen nachts -6\u00b0, vormittags Plusgrade, Nachmittags +7\u00b0. <\/p>\n<p>N\u00e4sfj\u00e4llet hat nur einen Lift mit ca. 900m L\u00e4nge (deren Angabe), ca. 200hm (Talstation h\u00f6her als Bergstation in Kl\u00e4ppen) und ein paar Abfahrten links und rechts (plus noch genug Schnee f\u00fcr Offpistevarianten plus baumfrei oben) und einen vergleichsweise recht teuren Skipass um ca. 39,50 \u20ac (und nur bis 15 Uhr ge\u00f6ffnet), aber vermutlich wesentlich weniger Leute, Ausrichtung Nord-Ost, Temperaturen nachts -8\u00b0, vormittags unter 0, Nachmittags +2\u00b0, 1 Stunde l\u00e4nger anzufahren.<\/p>\n<p>Nachdem es gestern so voll in Bran\u00e4s war und mir die letzten Tage an den einzelnen Liften mit weit weniger Leuten viel besser gefallen haben &#8230; andererseits k\u00f6nnte der Schnee in Kl\u00e4ppen dank w\u00e4rmerer Temperaturen und Westausrichtung sch\u00f6n weich werden (wobei es gestern in Bran\u00e4s wegen der vielen Leute schon zu tiefer Sulz war, eigentlich) und die Nordwesth\u00e4nge sollten auch nachmittags noch nicht so schnell wieder anfrieren.<\/p>\n<p>Ich entschied mich f\u00fcr das kleine N\u00e4sfj\u00e4llet, wo ich im April 2019 schon mal am Parkplatz war, dann der Lift aber nur bis zur H\u00e4lfte offen war, weil zu wenig Schnee. Heute war noch alles offen. Gut, dass ich noch genug Bargeld dabei hatte, da sonst nur Swish, keine Kreditkarten, akzeptiert wurden.<\/p>\n<p>Oben teilweise eisig abgeblasen, aber in den Steilh\u00e4ngen gings ganz gut, der Neuschnee pulvrig, aber darunter teils eisig; im Wald zumeist recht sch\u00f6n, zumindest wenn man seine eigenen Spuren ziehen konnte. <\/p>\n<p>Fazit: Eigentlich gefiel es mir heute hier mal wieder besser als gestern in Bran\u00e4s.<\/p>\n<p><a href='http:\/\/extra.inmontanis.info\/d\/62209-2\/DSC08427.jpg'><img src=http:\/\/extra.inmontanis.info\/d\/62208-3\/DSC08427.jpg \/><\/a><br \/>\n^ Fr\u00fchling ist&#8217;s, die Fl\u00fcsse tauen auf<\/p>\n<p><a href='http:\/\/ski.inmontanis.info\/d\/291830-2\/DSC08429.jpg'><img src=http:\/\/ski.inmontanis.info\/d\/291829-3\/DSC08429.jpg \/><\/a><br \/>\n^ Richtung Skigebiet N\u00e4sfj\u00e4llet<\/p>\n<p><a href='http:\/\/ski.inmontanis.info\/d\/291834-2\/DSC08434.jpg'><img src=http:\/\/ski.inmontanis.info\/d\/291833-3\/DSC08434.jpg \/><\/a><br \/>\n^ Skigebiet N\u00e4sfj\u00e4llet<\/p>\n<p><a href='http:\/\/ski.inmontanis.info\/d\/291838-2\/DSC08435.jpg'><img src=http:\/\/ski.inmontanis.info\/d\/291837-3\/DSC08435.jpg \/><\/a><br \/>\n^ Als Liftpass dient eine einfache Plastikkarte. H\u00e4tte es Papier genausogut getan.<\/p>\n<p><a href='http:\/\/ski.inmontanis.info\/d\/263855-3\/DSC05482.jpg'><img src=http:\/\/ski.inmontanis.info\/d\/263854-4\/DSC05482.jpg \/><\/a><br \/>\n^ Pistenplan (2019 fotografiert)<\/p>\n<p><a href='http:\/\/ski.inmontanis.info\/d\/291842-2\/DSC08437.jpg'><img src=http:\/\/ski.inmontanis.info\/d\/291841-3\/DSC08437.jpg \/><\/a><br \/>\n^ Auffahrt mit dem SL<\/p>\n<p><a href='http:\/\/ski.inmontanis.info\/d\/291846-2\/DSC08438.jpg'><img src=http:\/\/ski.inmontanis.info\/d\/291845-3\/DSC08438.jpg \/><\/a><br \/>\n^ Talstation<\/p>\n<p><a href='http:\/\/ski.inmontanis.info\/d\/291850-2\/DSC08439.jpg'><img src=http:\/\/ski.inmontanis.info\/d\/291849-3\/DSC08439.jpg \/><\/a><br \/>\n^ Bergstation<\/p>\n<p><a href='http:\/\/ski.inmontanis.info\/d\/291854-2\/DSC08440.jpg'><img src=http:\/\/ski.inmontanis.info\/d\/291853-3\/DSC08440.jpg \/><\/a><br \/>\n^ Abfahrten rechts vom SL<\/p>\n<p><a href='http:\/\/ski.inmontanis.info\/d\/291858-2\/DSC08441.jpg'><img src=http:\/\/ski.inmontanis.info\/d\/291857-3\/DSC08441.jpg \/><\/a><br \/>\n^ Abfahrt 8 rechts vom SL<\/p>\n<p><a href='http:\/\/ski.inmontanis.info\/d\/291862-2\/DSC08442.jpg'><img src=http:\/\/ski.inmontanis.info\/d\/291861-3\/DSC08442.jpg \/><\/a><br \/>\n^ Pano mit SL<\/p>\n<p><a href='http:\/\/ski.inmontanis.info\/d\/291866-2\/DSC08444.jpg'><img src=http:\/\/ski.inmontanis.info\/d\/291865-3\/DSC08444.jpg \/><\/a><br \/>\n^ Abfahrt 3 links vom SL<\/p>\n<p><a href='http:\/\/ski.inmontanis.info\/d\/291870-2\/DSC08447.jpg'><img src=http:\/\/ski.inmontanis.info\/d\/291869-3\/DSC08447.jpg \/><\/a><br \/>\n^ Abfahrt 10 rechts vom SL<\/p>\n<p><a href='http:\/\/ski.inmontanis.info\/d\/291874-2\/DSC08448.jpg'><img src=http:\/\/ski.inmontanis.info\/d\/291873-3\/DSC08448.jpg \/><\/a><br \/>\n^ Links vom SL<\/p>\n<p><a href='http:\/\/ski.inmontanis.info\/d\/291878-2\/DSC08449.jpg'><img src=http:\/\/ski.inmontanis.info\/d\/291877-3\/DSC08449.jpg \/><\/a><br \/>\n^ Abfahrt 2 und links die 3<\/p>\n<p><a href='http:\/\/ski.inmontanis.info\/d\/291882-2\/DSC08450.jpg'><img src=http:\/\/ski.inmontanis.info\/d\/291881-3\/DSC08450.jpg \/><\/a><br \/>\n^ Teilweise wars noch pulvrig<\/p>\n<p><a href='http:\/\/ski.inmontanis.info\/d\/291886-2\/DSC08452.jpg'><img src=http:\/\/ski.inmontanis.info\/d\/291885-3\/DSC08452.jpg \/><\/a><br \/>\n^ Abfahrt 8 und 9<\/p>\n<p><a href='http:\/\/ski.inmontanis.info\/d\/291890-2\/DSC08454.jpg'><img src=http:\/\/ski.inmontanis.info\/d\/291889-3\/DSC08454.jpg \/><\/a><br \/>\n^ Abfahrt 1, ganz links, firnte leider trotz der Ausrichtung nicht auf<\/p>\n<p><a href='http:\/\/ski.inmontanis.info\/d\/291894-2\/DSC08456.jpg'><img src=http:\/\/ski.inmontanis.info\/d\/291893-3\/DSC08456.jpg \/><\/a><br \/>\n^ Abfahrt 1<\/p>\n<p><a href='http:\/\/ski.inmontanis.info\/d\/291898-2\/DSC08457.jpg'><img src=http:\/\/ski.inmontanis.info\/d\/291897-3\/DSC08457.jpg \/><\/a><br \/>\n^ Abfahrt 11 ganz rechts, war unangenehm gefroren<\/p>\n<p><a href='http:\/\/ski.inmontanis.info\/d\/291902-2\/DSC08464.jpg'><img src=http:\/\/ski.inmontanis.info\/d\/291901-3\/DSC08464.jpg \/><\/a><br \/>\n^ Wenn die Abfahrten gefahren sind, geht&#8217;s ab in den Wald<\/p>\n<p><a href='http:\/\/ski.inmontanis.info\/d\/291906-2\/DSC08467.jpg'><img src=http:\/\/ski.inmontanis.info\/d\/291905-3\/DSC08467.jpg \/><\/a><br \/>\n^ Offpiste<\/p>\n<p><a href='http:\/\/ski.inmontanis.info\/d\/291910-2\/DSC08474.jpg'><img src=http:\/\/ski.inmontanis.info\/d\/291909-3\/DSC08474.jpg \/><\/a><br \/>\n^ Offpiste<\/p>\n<p><a href='http:\/\/ski.inmontanis.info\/d\/291914-2\/DSC08475.jpg'><img src=http:\/\/ski.inmontanis.info\/d\/291913-3\/DSC08475.jpg \/><\/a><br \/>\n^ Offpiste<\/p>\n<p><a href='http:\/\/ski.inmontanis.info\/d\/291918-2\/DSC08477.jpg'><img src=http:\/\/ski.inmontanis.info\/d\/291917-3\/DSC08477.jpg \/><\/a><br \/>\n^ Die obligatorische, ehemalige Halfpipe hab ich auch gefunden ;)<\/p>\n<p><a href='http:\/\/ski.inmontanis.info\/d\/291922-2\/DSC08479.jpg'><img src=http:\/\/ski.inmontanis.info\/d\/291921-3\/DSC08479.jpg \/><\/a><br \/>\n^ Wolkenstimmung nachmittags, morgen solls schlecht werden<\/p>\n<p><a href='http:\/\/ski.inmontanis.info\/d\/291926-2\/ge20210411a.jpg'><img src=http:\/\/ski.inmontanis.info\/d\/291925-3\/ge20210411a.jpg \/><\/a><br \/>\n^ GPS-Track 11.4.2021, on- und offpiste ist bei meinem Track heute nur schwer auseinander zu halten :-)<\/p>\n<p>Da es morgen ganztags schneien soll, hab ich um 15 Uhr doch noch ein Hostelzimmer f\u00fcr 2 N\u00e4chte um (zusammen) ca. 49,- \u20ac gebucht. Muss ich den PC halt wieder ausbauen und auch etliche andere Sachen zusammensuchen .<\/p>\n<p>K\u00f6nnte ja gern etwas w\u00e4rmer sein hier im Zimmer .. aber Heizung steht schon auf volle Pulle (und ist nicht sehr warm).<\/p>\n<p><a href='http:\/\/extra.inmontanis.info\/d\/62213-2\/DSC08485.jpg'><img src=http:\/\/extra.inmontanis.info\/d\/62212-3\/DSC08485.jpg \/><\/a><br \/>\n^ Zimmer f\u00fcr 2 N\u00e4chte genommen, weil morgen ganztags Schneefall gemeldet<\/p>\n<p><strong>12.4.2021<\/strong><\/p>\n<p>Heutiges Programm? Planung der n\u00e4chsten Tage und endlich mal wieder abspritzen. Also, duschen mein ich :) Gegen Mittag bin ich mal zum Auto raus, weil ich den F\u00f6hn vergessen hatte, lag ordentlich Schnee drauf, vielleicht ca. 20cm. Davor hab ich die Batterie der Fernbedienung getauscht, weil der Bordcomputer laufend gemeckert hat, dass die Batterie schwach sei. Die vermeintlich neue Batterie ging zum Aufsperren, aber dann nicht mehr zum absperren. Also wieder die andere rein&#8230;<\/p>\n<p>Dazu ein bisschen W\u00e4sche waschen, aber wirklich n\u00f6tig schien mir das geruchsm\u00e4\u00dfig nicht zu sein. Und ansonsten endlich mal den R\u00fcckstau an Berichten und Fotobearbeitung wenigstens etwas aufarbeiten.<\/p>\n<p>Der Isl\u00e4nder (Besitzer) erz\u00e4hlte mir, dass es in Island keine W\u00e4lder gibt und es immer sehr st\u00fcrmisch sei und er daher die Windstille hier mitten im Wald genie\u00dft &#8230; daf\u00fcr hat man halt in Island den weiten, ungest\u00f6rten Blick &#8230;<\/p>\n","protected":false},"excerpt":{"rendered":"<p>11.4.2021<\/p>\n<p>Die Nacht war mal wieder etwas k\u00e4lter, -4\u00b0 am Morgen.<\/p>\n<p>Heute ist in der Region S\u00e4len in 3 Skigebieten der letzte Tag, eines ist vermutlich eher uninteressant, bleiben noch Kl\u00e4ppen und N\u00e4sfj\u00e4llet. Kl\u00e4ppen ist (f\u00fcr schwedische Verh\u00e4ltnisse) &#8220;relativ&#8221; gro\u00df und hat moderne Lifte (naja, 1 EUB und 1 4KSB und etliche SL, also \u00e4hnlich <a href=\"http:\/\/blog.inmontanis.info\/?p=6711\">[&#8230;]<\/a><\/p>\n","protected":false},"author":1,"featured_media":0,"comment_status":"closed","ping_status":"closed","sticky":false,"template":"","format":"standard","meta":{"footnotes":""},"categories":[184,642,19,27],"tags":[47],"class_list":["post-6711","post","type-post","status-publish","format-standard","hentry","category-2021-01-skandinavien","category-nasfjallet","category-schwedensweden","category-skifahren-winterskiing-winter","tag-sl","odd"],"_links":{"self":[{"href":"http:\/\/blog.inmontanis.info\/index.php?rest_route=\/wp\/v2\/posts\/6711","targetHints":{"allow":["GET"]}}],"collection":[{"href":"http:\/\/blog.inmontanis.info\/index.php?rest_route=\/wp\/v2\/posts"}],"about":[{"href":"http:\/\/blog.inmontanis.info\/index.php?rest_route=\/wp\/v2\/types\/post"}],"author":[{"embeddable":true,"href":"http:\/\/blog.inmontanis.info\/index.php?rest_route=\/wp\/v2\/users\/1"}],"replies":[{"embeddable":true,"href":"http:\/\/blog.inmontanis.info\/index.php?rest_route=%2Fwp%2Fv2%2Fcomments&post=6711"}],"version-history":[{"count":2,"href":"http:\/\/blog.inmontanis.info\/index.php?rest_route=\/wp\/v2\/posts\/6711\/revisions"}],"predecessor-version":[{"id":6713,"href":"http:\/\/blog.inmontanis.info\/index.php?rest_route=\/wp\/v2\/posts\/6711\/revisions\/6713"}],"wp:attachment":[{"href":"http:\/\/blog.inmontanis.info\/index.php?rest_route=%2Fwp%2Fv2%2Fmedia&parent=6711"}],"wp:term":[{"taxonomy":"category","embeddable":true,"href":"http:\/\/blog.inmontanis.info\/index.php?rest_route=%2Fwp%2Fv2%2Fcategories&post=6711"},{"taxonomy":"post_tag","embeddable":true,"href":"http:\/\/blog.inmontanis.info\/index.php?rest_route=%2Fwp%2Fv2%2Ftags&post=6711"}],"curies":[{"name":"wp","href":"https:\/\/api.w.org\/{rel}","templated":true}]}}