{"id":6704,"date":"2021-04-09T19:51:42","date_gmt":"2021-04-09T17:51:42","guid":{"rendered":"http:\/\/blog.inmontanis.info\/?p=6704"},"modified":"2023-08-05T13:25:54","modified_gmt":"2023-08-05T11:25:54","slug":"skifahren-am-see-gesundaberget-byrasen-9-4-2021","status":"publish","type":"post","link":"http:\/\/blog.inmontanis.info\/?p=6704","title":{"rendered":"Skifahren am See: Gesundaberget + Byr\u00e5sen, 9.4.2021"},"content":{"rendered":"<p><strong>9.4.2021<\/strong> (Tag 99: Skifahren am See: Gesundaberget + Byr\u00e5sen, 9.4.2021)<\/p>\n<p>\u00dcber Nacht schneite es und auch am Morgen auf dem Weg nach Mora noch Schnee und dann Regen.<\/p>\n<p>Eigenartiges Gef\u00fchl, wie in Mora der Schnee inzwischen weg ist und alles nach Fr\u00fchling ausschaut &#8211; wo es auf der Rauffahrt auf dieser Reise, gef\u00fchlt vor nicht allzulanger Zeit, noch tiefster Winter war .. Und Skigebiete, die damals noch gar nicht in die Saison gestartet sind und nun das Saisonende vor der T\u00fcr steht .. Aber ok, morgen ist auch schon der 100. Tag der Reise. <\/p>\n<p>Dass die Graffer-DSB in Gesundaberget heute nicht fahren k\u00f6nnte, daf\u00fcr g\u00e4be es ja viele Gr\u00fcnde. Generell nicht im Winter, generell nicht f\u00fcr Skifahrer, generell nur am WE, generell gar nicht mehr, heute wegen schlechten Wetters, zuviel Wind, oder zuwenigen Leuten nicht &#8230; bin aber trotzdem mal hingefahren.<\/p>\n<p>Die Tageskarte kostete ca. 37,50 \u20ac (9-15 Uhr) und es war sehr wenig los, ca. 5-10 Skifahrer\/Snowboarder.  Nachmittags war ich mal f\u00fcr ca. 1-2 Stunden der einzige Liftben\u00fctzer, bevor nochmals 2 Snowboarder kamen (&#8220;sie&#8221; war schon vormittags da). Ich blieb bis zum Schluss, wobei der SL schon um 14:57 Uhr abgeschaltet wurde, aber ich entschied mich schon vorher, nicht mehr so knapp runterzufahren, sondern noch etwas oben zu bleiben.<\/p>\n<p>Ge\u00f6ffnet waren leider nicht mehr viele Pisten &#8211; wobei da diesen Winter wohl nichts weiteres offen war, denn so wie es aussah, kam auch nach Anfang Januar kein nennenswerter Schneefall mehr, als das Gebiet hier noch nicht offen hatte und ich dann in Orsa Gr\u00f6nklitt nur wenig weiter n\u00f6rdlich den ersten Skitag in Schweden hatte. Die geschlossenen Abfahrten waren auch bei besten Willen nicht restschneem\u00e4\u00dfig fahrbar.<\/p>\n<p>Offen war also eine Abfahrt links vom SL, dazu die halbe rechts vom SL und noch eine weitere am unteren \u00dcbungslift. Die Runde ohne doppelte Abfahrten dauerte ca. 16 Minuten (mit Genuss statt Geschwindigkeit). Meist bin ich aber bis rauf gefahren, weil ja die Gratabfahrt mit dem Seeblick landschaftlich der sch\u00f6nste Teil hier ist. Achso, die DSB war nat\u00fcrlich nicht offen.<\/p>\n<p>Der Schnee auf den Pisten war recht unterschiedlich, innerhalb einer Stunde konnte er von total toll zu total pappig bis zu total firnig bis zu total pappig bis zu voll geil mutieren &#8211; je nachdem, ob es gerade wieder etwas gegraupelt hat oder die Sonne den Papp wieder neutralisiert hat. Aber zumeist ging es sehr gut.<\/p>\n<p><a href='http:\/\/ski.inmontanis.info\/d\/291552-2\/DSC08228.jpg'><img src=http:\/\/ski.inmontanis.info\/d\/291551-3\/DSC08228.jpg \/><\/a><br \/>\n^ Pistenplan, allerdings war nicht die 10, sondern die 11 offen, zudem gibt es nat\u00fcrlich eine Verbindung zwischen 1 und 4<\/p>\n<p><a href='http:\/\/ski.inmontanis.info\/d\/291576-2\/ge20210409b.jpg'><img src=http:\/\/ski.inmontanis.info\/d\/291575-3\/ge20210409b.jpg \/><\/a><br \/>\n^ GPS-Track 9.4.2021; die Skitour von letztem Jahr war ja quasi ident mit der linken Abfahrt.<\/p>\n<p><a href='http:\/\/ski.inmontanis.info\/d\/291396-2\/DSC08145.jpg'><img src=http:\/\/ski.inmontanis.info\/d\/291395-3\/DSC08145.jpg \/><\/a><br \/>\n^ Gratabfahrt, die einzige, die von der Bergstation aus ge\u00f6ffnet ist &#8211; und auch die einzige, die genug Schnee zum Abfahren hat.<\/p>\n<p><a href='http:\/\/ski.inmontanis.info\/d\/291400-2\/DSC08147.jpg'><img src=http:\/\/ski.inmontanis.info\/d\/291399-3\/DSC08147.jpg \/><\/a><br \/>\n^ Ab der Liftbr\u00fccke gab es 2 Abfahrten, eine links, eine rechts vom Lift<\/p>\n<p><a href='http:\/\/ski.inmontanis.info\/d\/291404-2\/DSC08148.jpg'><img src=http:\/\/ski.inmontanis.info\/d\/291403-3\/DSC08148.jpg \/><\/a><br \/>\n^ Teilweise toller Schnee<\/p>\n<p><a href='http:\/\/ski.inmontanis.info\/d\/291408-2\/DSC08149.jpg'><img src=http:\/\/ski.inmontanis.info\/d\/291407-3\/DSC08149.jpg \/><\/a><br \/>\n^ Huch, mir ist bisher ja noch gar nicht aufgefallen, dass es unterhalb der DSB-Doppel-SL noch einen \u00dcbungslift gibt<\/p>\n<p><a href='http:\/\/ski.inmontanis.info\/d\/291412-2\/DSC08150.jpg'><img src=http:\/\/ski.inmontanis.info\/d\/291411-3\/DSC08150.jpg \/><\/a><br \/>\n^ Bergstation des unteren SL<\/p>\n<p><a href='http:\/\/ski.inmontanis.info\/d\/291416-2\/DSC08151.jpg'><img src=http:\/\/ski.inmontanis.info\/d\/291415-3\/DSC08151.jpg \/><\/a><br \/>\n^ Talstation des unteren SL<\/p>\n<p><a href='http:\/\/ski.inmontanis.info\/d\/291420-2\/DSC08152.jpg'><img src=http:\/\/ski.inmontanis.info\/d\/291419-3\/DSC08152.jpg \/><\/a><br \/>\n^ Unterer SL, bin ich \u00f6fters mal gefahren, solang der Schnee sch\u00f6n firnig und nicht pappig war, hat die Gesamtabfahrt noch etwas verl\u00e4ngert dadurch. Und au\u00dfer mir fuhr hier eh fast keiner.<\/p>\n<p><a href='http:\/\/ski.inmontanis.info\/d\/291424-2\/DSC08154.jpg'><img src=http:\/\/ski.inmontanis.info\/d\/291423-3\/DSC08154.jpg \/><\/a><br \/>\n^ Ich hatte es mir genau angesehen &#8211; aber es war einfach sinnlos, hier abfahren zu wollen. Beidseits der Lifte im oberen Teil leider zu wenig Schnee auf den geschlossenen Abfahrten<\/p>\n<p><a href='http:\/\/ski.inmontanis.info\/d\/291428-2\/DSC08158.jpg'><img src=http:\/\/ski.inmontanis.info\/d\/291427-3\/DSC08158.jpg \/><\/a><br \/>\n^ Abfahrt rechts des Doppel-SL, erst ab der SL-Br\u00fccke wurde heuer beschneit und anscheinend gabs hier diesen Winter kaum nennenswerten Naturschnee<\/p>\n<p><a href='http:\/\/ski.inmontanis.info\/d\/291432-2\/DSC08159.jpg'><img src=http:\/\/ski.inmontanis.info\/d\/291431-3\/DSC08159.jpg \/><\/a><br \/>\n^ Gratabfahrt<\/p>\n<p><a href='http:\/\/ski.inmontanis.info\/d\/291436-2\/DSC08162.jpg'><img src=http:\/\/ski.inmontanis.info\/d\/291435-3\/DSC08162.jpg \/><\/a><br \/>\n^ Die Verl\u00e4ngerung der Gratabfahrt w\u00fcrde zur Talstation des unteren SL gehen<\/p>\n<p><a href='http:\/\/ski.inmontanis.info\/d\/291440-2\/DSC08163.jpg'><img src=http:\/\/ski.inmontanis.info\/d\/291439-3\/DSC08163.jpg \/><\/a><br \/>\n^ Die Verl\u00e4ngerung der Gratabfahrt w\u00fcrde zur Talstation des unteren SL gehen<\/p>\n<p><a href='http:\/\/ski.inmontanis.info\/d\/291444-2\/DSC08164.jpg'><img src=http:\/\/ski.inmontanis.info\/d\/291443-3\/DSC08164.jpg \/><\/a><br \/>\n^ Talstationen, links das Haus dar\u00fcber m\u00fcsste wohl die Talstation des vorherigen ESL gewesen sein<\/p>\n<p><a href='http:\/\/ski.inmontanis.info\/d\/291448-2\/DSC08169.jpg'><img src=http:\/\/ski.inmontanis.info\/d\/291447-3\/DSC08169.jpg \/><\/a><br \/>\n^ Rechter SL<\/p>\n<p><a href='http:\/\/ski.inmontanis.info\/d\/291452-2\/DSC08174.jpg'><img src=http:\/\/ski.inmontanis.info\/d\/291451-3\/DSC08174.jpg \/><\/a><br \/>\n^ Linke Abfahrt<\/p>\n<p><a href='http:\/\/ski.inmontanis.info\/d\/291456-2\/DSC08177.jpg'><img src=http:\/\/ski.inmontanis.info\/d\/291455-3\/DSC08177.jpg \/><\/a><br \/>\n^ Teilweise geiler Firn heute<\/p>\n<p><a href='http:\/\/ski.inmontanis.info\/d\/291460-2\/DSC08183.jpg'><img src=http:\/\/ski.inmontanis.info\/d\/291459-3\/DSC08183.jpg \/><\/a><br \/>\n^ Am Gipfel, links die Abfahrt von der DSB, rechts vom SL aus<\/p>\n<p><a href='http:\/\/ski.inmontanis.info\/d\/291464-2\/DSC08184.jpg'><img src=http:\/\/ski.inmontanis.info\/d\/291463-3\/DSC08184.jpg \/><\/a><br \/>\n^ Im Doppel-SL<\/p>\n<p><a href='http:\/\/ski.inmontanis.info\/d\/291468-2\/DSC08187.jpg'><img src=http:\/\/ski.inmontanis.info\/d\/291467-3\/DSC08187.jpg \/><\/a><br \/>\n^ Rechter SL<\/p>\n<p><a href='http:\/\/ski.inmontanis.info\/d\/291472-2\/DSC08188.jpg'><img src=http:\/\/ski.inmontanis.info\/d\/291471-3\/DSC08188.jpg \/><\/a><br \/>\n^ Graffer-DSB-Talstation<\/p>\n<p><a href='http:\/\/ski.inmontanis.info\/d\/291476-2\/DSC08190.jpg'><img src=http:\/\/ski.inmontanis.info\/d\/291475-3\/DSC08190.jpg \/><\/a><br \/>\n^ Die Abfahrten rechts vom Gipfel aus hatten auch zu wenig Schnee, leider<\/p>\n<p><a href='http:\/\/ski.inmontanis.info\/d\/291480-2\/DSC08191.jpg'><img src=http:\/\/ski.inmontanis.info\/d\/291479-3\/DSC08191.jpg \/><\/a><br \/>\n^ Doppel-SL-Bergstation<\/p>\n<p><a href='http:\/\/ski.inmontanis.info\/d\/291484-2\/DSC08192.jpg'><img src=http:\/\/ski.inmontanis.info\/d\/291483-3\/DSC08192.jpg \/><\/a><br \/>\n^ Ausstieg DSB, macht nicht den Eindruck, als sei die heuer im Winter f\u00fcr Skifahrer in Betrieb gewesen.<\/p>\n<p><a href='http:\/\/ski.inmontanis.info\/d\/291488-2\/DSC08194.jpg'><img src=http:\/\/ski.inmontanis.info\/d\/291487-3\/DSC08194.jpg \/><\/a><br \/>\n^ Bergstation DSB. Immerhin bin ich sie ja mal im Sommer gefahren. Hab mich etwas auf einem Sessel ausgeruht.<\/p>\n<p><a href='http:\/\/ski.inmontanis.info\/d\/291492-2\/DSC08196.jpg'><img src=http:\/\/ski.inmontanis.info\/d\/291491-3\/DSC08196.jpg \/><\/a><br \/>\n^ DSB richtung Tal<\/p>\n<p><a href='http:\/\/ski.inmontanis.info\/d\/291496-2\/DSC08198.jpg'><img src=http:\/\/ski.inmontanis.info\/d\/291495-3\/DSC08198.jpg \/><\/a><br \/>\n^ Wozu wohl das runde Loch vorne in der Mitte an jedem Sitz ist?<\/p>\n<p><a href='http:\/\/ski.inmontanis.info\/d\/291500-2\/DSC08202.jpg'><img src=http:\/\/ski.inmontanis.info\/d\/291499-3\/DSC08202.jpg \/><\/a><br \/>\n^ Eine Zeit lang war ich der einzige Skifahrer<\/p>\n<p><a href='http:\/\/ski.inmontanis.info\/d\/291504-2\/DSC08205.jpg'><img src=http:\/\/ski.inmontanis.info\/d\/291503-3\/DSC08205.jpg \/><\/a><br \/>\n^ Abfahrt mit Seeblick<\/p>\n<p><a href='http:\/\/ski.inmontanis.info\/d\/291508-2\/DSC08206.jpg'><img src=http:\/\/ski.inmontanis.info\/d\/291507-3\/DSC08206.jpg \/><\/a><br \/>\n^ Teilweise geiler Firn heute<\/p>\n<p><a href='http:\/\/ski.inmontanis.info\/d\/291512-2\/DSC08207.jpg'><img src=http:\/\/ski.inmontanis.info\/d\/291511-3\/DSC08207.jpg \/><\/a><br \/>\n^ SL-Br\u00fccke. Kuschelig, wenn beide Lifte in Betrieb sind und hier 4 Skifahrer nebeneinander fahren ;)<\/p>\n<p><a href='http:\/\/ski.inmontanis.info\/d\/291516-2\/DSC08209.jpg'><img src=http:\/\/ski.inmontanis.info\/d\/291515-3\/DSC08209.jpg \/><\/a><br \/>\n^ SL-Br\u00fccke<\/p>\n<p><a href='http:\/\/ski.inmontanis.info\/d\/291520-2\/DSC08212.jpg'><img src=http:\/\/ski.inmontanis.info\/d\/291519-3\/DSC08212.jpg \/><\/a><br \/>\n^ Kurz vor der Bergstation<\/p>\n<p><a href='http:\/\/ski.inmontanis.info\/d\/291524-2\/DSC08215.jpg'><img src=http:\/\/ski.inmontanis.info\/d\/291523-3\/DSC08215.jpg \/><\/a><br \/>\n^ Talstationen<\/p>\n<p><a href='http:\/\/ski.inmontanis.info\/d\/291528-2\/DSC08217.jpg'><img src=http:\/\/ski.inmontanis.info\/d\/291527-3\/DSC08217.jpg \/><\/a><br \/>\n^ Graffer-St\u00fctzen &#8211; f\u00fcr mich die sch\u00f6nsten St\u00fctzen und Rollenwippen\/batterien<\/p>\n<p><a href='http:\/\/ski.inmontanis.info\/d\/291532-2\/DSC08219.jpg'><img src=http:\/\/ski.inmontanis.info\/d\/291531-3\/DSC08219.jpg \/><\/a><br \/>\n^ Nach einem kurzen Schneefall\/Graupelschauer war der Schnee eine Zeit lang pappig, danach wieder sch\u00f6n firnig<\/p>\n<p><a href='http:\/\/ski.inmontanis.info\/d\/291536-2\/DSC08221.jpg'><img src=http:\/\/ski.inmontanis.info\/d\/291535-3\/DSC08221.jpg \/><\/a><br \/>\n^ Wohl die alte ESL-Talstation<\/p>\n<p>.. das hab ich 2015 im September fotografiert, als ich mit der DSB mal fahren konnte:<br \/>\n<a href='http:\/\/ski.inmontanis.info\/d\/204132-3\/DSC01725.jpg'><img src=http:\/\/ski.inmontanis.info\/d\/204131-4\/DSC01725.jpg \/><\/a><\/p>\n<p>&#8212;<\/p>\n<p><a href='http:\/\/ski.inmontanis.info\/d\/291540-2\/DSC08222.jpg'><img src=http:\/\/ski.inmontanis.info\/d\/291539-3\/DSC08222.jpg \/><\/a><br \/>\n^ Gratabfahrt mit Seeblick und sch\u00f6ner Schnee, da reichen heute auch mal nur so wenig offene Abfahrten<\/p>\n<p><a href='http:\/\/ski.inmontanis.info\/d\/291544-2\/DSC08224.jpg'><img src=http:\/\/ski.inmontanis.info\/d\/291543-3\/DSC08224.jpg \/><\/a><br \/>\n^ DSB und Seen<\/p>\n<p><a href='http:\/\/ski.inmontanis.info\/d\/291548-2\/DSC08227.jpg'><img src=http:\/\/ski.inmontanis.info\/d\/291547-3\/DSC08227.jpg \/><\/a><br \/>\n^ Abfahrt mit Seeblick von der DSB aus<\/p>\n<p><a href='http:\/\/ski.inmontanis.info\/d\/291556-2\/DSC08229.jpg'><img src=http:\/\/ski.inmontanis.info\/d\/291555-3\/DSC08229.jpg \/><\/a><br \/>\n^ Graffer-DSB und Seen<\/p>\n<p><a href='http:\/\/ski.inmontanis.info\/d\/291560-2\/DSC08230.jpg'><img src=http:\/\/ski.inmontanis.info\/d\/291559-3\/DSC08230.jpg \/><\/a><br \/>\n^ Graffer-St\u00fctzen &#8211; f\u00fcr mich die sch\u00f6nsten St\u00fctzen und Rollenwippen\/batterien. Das Wasser hinten unten k\u00f6nnte auch das Meer sein und wir uns in Italien befinden ;)<\/p>\n<p><a href='http:\/\/ski.inmontanis.info\/d\/291564-2\/DSC08231.jpg'><img src=http:\/\/ski.inmontanis.info\/d\/291563-3\/DSC08231.jpg \/><\/a><br \/>\n^ Seepano. Hach, schon geil heute hier.<\/p>\n<p><a href='http:\/\/ski.inmontanis.info\/d\/291568-2\/DSC08235.jpg'><img src=http:\/\/ski.inmontanis.info\/d\/291567-3\/DSC08235.jpg \/><\/a><br \/>\n^ Offpiste heute nur minimal m\u00f6glich<\/p>\n<p><a href='http:\/\/ski.inmontanis.info\/d\/291572-2\/DSC08236.jpg'><img src=http:\/\/ski.inmontanis.info\/d\/291571-3\/DSC08236.jpg \/><\/a><br \/>\n^ Talstationen, leider ist um 15 Uhr Feierabend<\/p>\n<p>Fazit: obwohl so wenig offen war, war mir das heue 4 Sternchen wert. Seeblick, Gratabfahrt, Firn, sch\u00f6ne Sesselbahn zum fotografieren, nix los&#8230;<\/p>\n<p>Nach der letzten Fahrt schn\u00fcffelte ich etwas am Gel\u00e4nde umher, es liegen etliche, anscheinend ausgemusterte, DSB-Sessel herum. Hab mir ja schon schwer \u00fcberlegt, zu fragen, ob ich einen Einzelsitz haben k\u00f6nnte, denn die sind anscheinend nur angeschraubt und k\u00f6nnte man daher recht leicht zerlegen. Und vielleicht w\u00fcrde so ein Sitz auf den Beifahrersitz passen ..  (Problem ist, dass ich ja nachts die Lehne schr\u00e4g vorlehnen m\u00f6chte, um mehr Platz zu haben.. sollte man also eher erst beim heimfahren sich \u00fcberlegen, dann muss ich auch nicht mehr die Skischuhe aus dem Beifahrerfu\u00dfraum rausholen&#8230;. H\u00e4tte ich ja auch mal schon vor ein paar Jahren schauen und fragen k\u00f6nnen, da w\u00e4re ich dann schneller retour gefahren ..)<\/p>\n<p><a href='http:\/\/ski.inmontanis.info\/d\/291580-2\/DSC08238.jpg'><img src=http:\/\/ski.inmontanis.info\/d\/291579-3\/DSC08238.jpg \/><\/a><br \/>\n^ Lagerplatz<\/p>\n<p><a href='http:\/\/ski.inmontanis.info\/d\/291584-2\/DSC08239.jpg'><img src=http:\/\/ski.inmontanis.info\/d\/291583-3\/DSC08239.jpg \/><\/a><br \/>\n^ Hui, da liegen viele DSB-Sessel rum. Ob die noch alle ben\u00f6tigt werden? Oder ob man da einen einzelnen Sitz mitnehmen k\u00f6nnte? Die sind ja quasi einzeln angeschraubt und wurden auch f\u00fcr ESL verwendet. Vielleicht h\u00e4tte einer auf dem Beifahrersitz Platz? Warum hatte ich da nicht die letzten Jahre mal nachgesehen + nachgefragt, als ich gerade am R\u00fcckweg war..<\/p>\n<p><a href='http:\/\/ski.inmontanis.info\/d\/291588-2\/DSC08244.jpg'><img src=http:\/\/ski.inmontanis.info\/d\/291587-3\/DSC08244.jpg \/><\/a><br \/>\n^ Graffer- vs. Doppelmayrkleber<\/p>\n<p><a href='http:\/\/ski.inmontanis.info\/d\/291592-2\/DSC08241.jpg'><img src=http:\/\/ski.inmontanis.info\/d\/291591-3\/DSC08241.jpg \/><\/a><br \/>\n^ Alte Ski liegen hier auch noch rum, vielleicht werden sie ja mal wertvoll ;)<\/p>\n<p><a href='http:\/\/ski.inmontanis.info\/d\/291596-2\/DSC08242.jpg'><img src=http:\/\/ski.inmontanis.info\/d\/291595-3\/DSC08242.jpg \/><\/a><br \/>\n^ Alte Ski<\/p>\n<p>Danach  ging&#8217;s erst noch das St\u00fcck retour nach Mora zu einem Dollarstore, bekam aber leider nicht das, was ich wollte. Im ICA Maxi Supermarkt wurde ich dann f\u00fcndig. Weiter ging&#8217;s nach S\u00fcden, morgen das s\u00fcdlichste schwedische (ge\u00f6ffnete) Skigebiet dieser Reise besuchen (Bran\u00e4s), bevor es dann wieder langsam nach Norden geht (S\u00e4len, Fun\u00e4sdalen, \u00c5re, &#8230;).<\/p>\n<p>\u00dcbernachtet wird an einem Parkplatz nahe eines Skigebiets (Byr\u00e5sen), das ebenfals einen Graffer-Lift besitzt. Hier in dem Bereich Schwedens gibt&#8217;s also doch noch einige. Mindestens 1 oder 2 noch weiter s\u00fcdlich, davon mind. 1 wohl in einem stillgelegten Skigebiet.<\/p>\n<p><a href='http:\/\/ski.inmontanis.info\/d\/291344-2\/DSC08249.jpg'><img src=http:\/\/ski.inmontanis.info\/d\/291342-3\/DSC08249.jpg \/><\/a><br \/>\n^ Auffahrt Byr\u00e5sen<\/p>\n<p><a href='http:\/\/ski.inmontanis.info\/d\/291348-2\/DSC08251.jpg'><img src=http:\/\/ski.inmontanis.info\/d\/291347-3\/DSC08251.jpg \/><\/a><br \/>\n^ Das letzte St\u00fcck ging ich zu Fu\u00df zum Lift, im Vordergrund geht rechtsrum auch noch eine Abfahrt<\/p>\n<p><a href='http:\/\/ski.inmontanis.info\/d\/291352-2\/DSC08254.jpg'><img src=http:\/\/ski.inmontanis.info\/d\/291351-3\/DSC08254.jpg \/><\/a><br \/>\n^ Sonnenuntergang (zumindest dann in die Wolkendecke)<\/p>\n<p><a href='http:\/\/ski.inmontanis.info\/d\/291356-2\/DSC08255.jpg'><img src=http:\/\/ski.inmontanis.info\/d\/291355-3\/DSC08255.jpg \/><\/a><br \/>\n^ Graffer-SL-Bergstation<\/p>\n<p><a href='http:\/\/ski.inmontanis.info\/d\/291360-2\/DSC08256.jpg'><img src=http:\/\/ski.inmontanis.info\/d\/291359-3\/DSC08256.jpg \/><\/a><br \/>\n^ Graffer-SL-Bergstation, wie ich sie mag. Geht das noch als Brutalismus durch?<\/p>\n<p><a href='http:\/\/ski.inmontanis.info\/d\/291364-2\/DSC08257.jpg'><img src=http:\/\/ski.inmontanis.info\/d\/291363-3\/DSC08257.jpg \/><\/a><br \/>\n^ SL-Ausstieg<\/p>\n<p><a href='http:\/\/ski.inmontanis.info\/d\/291368-2\/DSC08259.jpg'><img src=http:\/\/ski.inmontanis.info\/d\/291367-3\/DSC08259.jpg \/><\/a><br \/>\n^ Also, wei\u00dfe Graffer-St\u00fctzen schauen auch geil aus. Aber diese fremden Rollenbatterien gehen ja mal gar nicht<\/p>\n<p><a href='http:\/\/ski.inmontanis.info\/d\/291372-2\/DSC08260.jpg'><img src=http:\/\/ski.inmontanis.info\/d\/291371-3\/DSC08260.jpg \/><\/a><br \/>\n^ Eine der Abfahrten<\/p>\n<p><a href='http:\/\/ski.inmontanis.info\/d\/291376-2\/DSC08261.jpg'><img src=http:\/\/ski.inmontanis.info\/d\/291375-3\/DSC08261.jpg \/><\/a><br \/>\n^ SL-Trasse, sogar 2 Portalst\u00fctzen hat es, sowie eine Pilz-Talstation<\/p>\n<p><a href='http:\/\/ski.inmontanis.info\/d\/291380-2\/DSC08262.jpg'><img src=http:\/\/ski.inmontanis.info\/d\/291379-3\/DSC08262.jpg \/><\/a><br \/>\n^ Grauenhaft verhunzt<\/p>\n<p><a href='http:\/\/ski.inmontanis.info\/d\/291384-2\/DSC08263.jpg'><img src=http:\/\/ski.inmontanis.info\/d\/291383-3\/DSC08263.jpg \/><\/a><br \/>\n^ Grauenhaft verhunzte Graffer-St\u00fctze :(<\/p>\n<p><a href='http:\/\/ski.inmontanis.info\/d\/291388-2\/DSC08264.jpg'><img src=http:\/\/ski.inmontanis.info\/d\/291387-3\/DSC08264.jpg \/><\/a><br \/>\n^ Bergstation<\/p>\n<p><a href='http:\/\/ski.inmontanis.info\/d\/291392-2\/DSC08265.jpg'><img src=http:\/\/ski.inmontanis.info\/d\/291391-3\/DSC08265.jpg \/><\/a><br \/>\n^ Bergstation, die wei\u00dfe Farbe hat wohl nicht mehr ganz gereicht ;)<\/p>\n","protected":false},"excerpt":{"rendered":"<p>9.4.2021 (Tag 99: Skifahren am See: Gesundaberget + Byr\u00e5sen, 9.4.2021)<\/p>\n<p>\u00dcber Nacht schneite es und auch am Morgen auf dem Weg nach Mora noch Schnee und dann Regen.<\/p>\n<p>Eigenartiges Gef\u00fchl, wie in Mora der Schnee inzwischen weg ist und alles nach Fr\u00fchling ausschaut &#8211; wo es auf der Rauffahrt auf dieser Reise, gef\u00fchlt vor nicht <a href=\"http:\/\/blog.inmontanis.info\/?p=6704\">[&#8230;]<\/a><\/p>\n","protected":false},"author":1,"featured_media":0,"comment_status":"closed","ping_status":"closed","sticky":false,"template":"","format":"standard","meta":{"footnotes":""},"categories":[184,685,674,59,19,27],"tags":[38,91,45,47],"class_list":["post-6704","post","type-post","status-publish","format-standard","hentry","category-2021-01-skandinavien","category-byrasen","category-gesundaberget","category-nostalgie","category-schwedensweden","category-skifahren-winterskiing-winter","tag-dsb","tag-graffer","tag-see","tag-sl","odd"],"_links":{"self":[{"href":"http:\/\/blog.inmontanis.info\/index.php?rest_route=\/wp\/v2\/posts\/6704","targetHints":{"allow":["GET"]}}],"collection":[{"href":"http:\/\/blog.inmontanis.info\/index.php?rest_route=\/wp\/v2\/posts"}],"about":[{"href":"http:\/\/blog.inmontanis.info\/index.php?rest_route=\/wp\/v2\/types\/post"}],"author":[{"embeddable":true,"href":"http:\/\/blog.inmontanis.info\/index.php?rest_route=\/wp\/v2\/users\/1"}],"replies":[{"embeddable":true,"href":"http:\/\/blog.inmontanis.info\/index.php?rest_route=%2Fwp%2Fv2%2Fcomments&post=6704"}],"version-history":[{"count":3,"href":"http:\/\/blog.inmontanis.info\/index.php?rest_route=\/wp\/v2\/posts\/6704\/revisions"}],"predecessor-version":[{"id":6707,"href":"http:\/\/blog.inmontanis.info\/index.php?rest_route=\/wp\/v2\/posts\/6704\/revisions\/6707"}],"wp:attachment":[{"href":"http:\/\/blog.inmontanis.info\/index.php?rest_route=%2Fwp%2Fv2%2Fmedia&parent=6704"}],"wp:term":[{"taxonomy":"category","embeddable":true,"href":"http:\/\/blog.inmontanis.info\/index.php?rest_route=%2Fwp%2Fv2%2Fcategories&post=6704"},{"taxonomy":"post_tag","embeddable":true,"href":"http:\/\/blog.inmontanis.info\/index.php?rest_route=%2Fwp%2Fv2%2Ftags&post=6704"}],"curies":[{"name":"wp","href":"https:\/\/api.w.org\/{rel}","templated":true}]}}