{"id":67,"date":"2009-07-29T01:22:27","date_gmt":"2009-07-28T23:22:27","guid":{"rendered":"http:\/\/blog.inmontanis.info\/?p=67"},"modified":"2022-11-23T13:59:13","modified_gmt":"2022-11-23T12:59:13","slug":"175-jahre-jsg","status":"publish","type":"post","link":"http:\/\/blog.inmontanis.info\/?p=67","title":{"rendered":"175 Jahre JSG"},"content":{"rendered":"<p><strong>Am 25.7.2009 lud das JSG zum Jubil\u00e4ums-Sommerfest explizit auch alle Ehemaligen ein.<\/p>\n<p>Nun, hier ein Bericht aus der Sicht eines dieser &#8220;Ehemaligen&#8221;.<\/strong><br \/>\n<!--more--><br \/>\n<em>(Fotos anklicken zum Vergr\u00f6\u00dfern!)<\/em><\/p>\n<div style=\"float:right\"><a href=\"http:\/\/blog.inmontanis.info\/wp-content\/uploads\/2009\/07\/P1390474.JPG\"><img loading=\"lazy\" decoding=\"async\" class=\"size-medium wp-image-140\" title=\"P1390474\" src=\"http:\/\/blog.inmontanis.info\/wp-content\/uploads\/2009\/07\/P1390474-300x224.jpg\" alt=\"P1390474\" width=\"300\" height=\"224\" srcset=\"http:\/\/blog.inmontanis.info\/wp-content\/uploads\/2009\/07\/P1390474-300x224.jpg 300w, http:\/\/blog.inmontanis.info\/wp-content\/uploads\/2009\/07\/P1390474-100x74.jpg 100w, http:\/\/blog.inmontanis.info\/wp-content\/uploads\/2009\/07\/P1390474.JPG 1280w\" sizes=\"auto, (max-width: 300px) 100vw, 300px\" \/><\/a><br \/>\n<a href=\"http:\/\/blog.inmontanis.info\/wp-content\/uploads\/2009\/07\/P1390340.JPG\"><img loading=\"lazy\" decoding=\"async\" class=\" size-medium wp-image-78\" title=\"P1390340\" src=\"http:\/\/blog.inmontanis.info\/wp-content\/uploads\/2009\/07\/P1390340-300x225.jpg\" alt=\"P1390340\" width=\"300\" height=\"225\" srcset=\"http:\/\/blog.inmontanis.info\/wp-content\/uploads\/2009\/07\/P1390340-300x225.jpg 300w, http:\/\/blog.inmontanis.info\/wp-content\/uploads\/2009\/07\/P1390340-100x75.jpg 100w, http:\/\/blog.inmontanis.info\/wp-content\/uploads\/2009\/07\/P1390340.JPG 1280w\" sizes=\"auto, (max-width: 300px) 100vw, 300px\" \/><\/a><br \/>\n<a href=\"http:\/\/blog.inmontanis.info\/wp-content\/uploads\/2009\/07\/P1390341.JPG\"><img loading=\"lazy\" decoding=\"async\" class=\" size-medium wp-image-79\" title=\"P1390341\" src=\"http:\/\/blog.inmontanis.info\/wp-content\/uploads\/2009\/07\/P1390341-300x225.jpg\" alt=\"P1390341\" width=\"300\" height=\"225\" srcset=\"http:\/\/blog.inmontanis.info\/wp-content\/uploads\/2009\/07\/P1390341-300x225.jpg 300w, http:\/\/blog.inmontanis.info\/wp-content\/uploads\/2009\/07\/P1390341-100x75.jpg 100w, http:\/\/blog.inmontanis.info\/wp-content\/uploads\/2009\/07\/P1390341.JPG 1280w\" sizes=\"auto, (max-width: 300px) 100vw, 300px\" \/><\/a><br \/>\n<a href=\"http:\/\/blog.inmontanis.info\/wp-content\/uploads\/2009\/07\/P1390342.JPG\"><img loading=\"lazy\" decoding=\"async\" class=\" size-medium wp-image-80\" title=\"P1390342\" src=\"http:\/\/blog.inmontanis.info\/wp-content\/uploads\/2009\/07\/P1390342-300x225.jpg\" alt=\"P1390342\" width=\"300\" height=\"225\" srcset=\"http:\/\/blog.inmontanis.info\/wp-content\/uploads\/2009\/07\/P1390342-300x225.jpg 300w, http:\/\/blog.inmontanis.info\/wp-content\/uploads\/2009\/07\/P1390342-100x75.jpg 100w, http:\/\/blog.inmontanis.info\/wp-content\/uploads\/2009\/07\/P1390342.JPG 1280w\" sizes=\"auto, (max-width: 300px) 100vw, 300px\" \/><\/a><br \/>\n<a href=\"http:\/\/blog.inmontanis.info\/wp-content\/uploads\/2009\/07\/P1390343.JPG\"><img loading=\"lazy\" decoding=\"async\" class=\" size-medium wp-image-81\" title=\"P1390343\" src=\"http:\/\/blog.inmontanis.info\/wp-content\/uploads\/2009\/07\/P1390343-300x225.jpg\" alt=\"P1390343\" width=\"300\" height=\"225\" srcset=\"http:\/\/blog.inmontanis.info\/wp-content\/uploads\/2009\/07\/P1390343-300x225.jpg 300w, http:\/\/blog.inmontanis.info\/wp-content\/uploads\/2009\/07\/P1390343-100x75.jpg 100w, http:\/\/blog.inmontanis.info\/wp-content\/uploads\/2009\/07\/P1390343.JPG 1280w\" sizes=\"auto, (max-width: 300px) 100vw, 300px\" \/><\/a><br \/>\n<a href=\"http:\/\/blog.inmontanis.info\/wp-content\/uploads\/2009\/07\/P1390344.JPG\"><img loading=\"lazy\" decoding=\"async\" class=\" size-medium wp-image-82\" title=\"P1390344\" src=\"http:\/\/blog.inmontanis.info\/wp-content\/uploads\/2009\/07\/P1390344-225x300.jpg\" alt=\"P1390344\" width=\"225\" height=\"300\" srcset=\"http:\/\/blog.inmontanis.info\/wp-content\/uploads\/2009\/07\/P1390344-225x300.jpg 225w, http:\/\/blog.inmontanis.info\/wp-content\/uploads\/2009\/07\/P1390344-75x100.jpg 75w, http:\/\/blog.inmontanis.info\/wp-content\/uploads\/2009\/07\/P1390344-768x1024.jpg 768w, http:\/\/blog.inmontanis.info\/wp-content\/uploads\/2009\/07\/P1390344.JPG 960w\" sizes=\"auto, (max-width: 225px) 100vw, 225px\" \/><\/a><br \/>\n<a href=\"http:\/\/blog.inmontanis.info\/wp-content\/uploads\/2009\/07\/P1390345.JPG\"><img loading=\"lazy\" decoding=\"async\" class=\" size-medium wp-image-83\" title=\"P1390345\" src=\"http:\/\/blog.inmontanis.info\/wp-content\/uploads\/2009\/07\/P1390345-300x225.jpg\" alt=\"P1390345\" width=\"300\" height=\"225\" srcset=\"http:\/\/blog.inmontanis.info\/wp-content\/uploads\/2009\/07\/P1390345-300x225.jpg 300w, http:\/\/blog.inmontanis.info\/wp-content\/uploads\/2009\/07\/P1390345-100x75.jpg 100w, http:\/\/blog.inmontanis.info\/wp-content\/uploads\/2009\/07\/P1390345.JPG 1280w\" sizes=\"auto, (max-width: 300px) 100vw, 300px\" \/><\/a><br \/>\n<a href=\"http:\/\/blog.inmontanis.info\/wp-content\/uploads\/2009\/07\/P1390346.JPG\"><img loading=\"lazy\" decoding=\"async\" class=\" size-medium wp-image-84\" title=\"P1390346\" src=\"http:\/\/blog.inmontanis.info\/wp-content\/uploads\/2009\/07\/P1390346-300x225.jpg\" alt=\"P1390346\" width=\"300\" height=\"225\" srcset=\"http:\/\/blog.inmontanis.info\/wp-content\/uploads\/2009\/07\/P1390346-300x225.jpg 300w, http:\/\/blog.inmontanis.info\/wp-content\/uploads\/2009\/07\/P1390346-100x75.jpg 100w, http:\/\/blog.inmontanis.info\/wp-content\/uploads\/2009\/07\/P1390346.JPG 1280w\" sizes=\"auto, (max-width: 300px) 100vw, 300px\" \/><\/a><br \/>\n<a href=\"http:\/\/blog.inmontanis.info\/wp-content\/uploads\/2009\/07\/P1390347.JPG\"><img loading=\"lazy\" decoding=\"async\" class=\" size-medium wp-image-85\" title=\"P1390347\" src=\"http:\/\/blog.inmontanis.info\/wp-content\/uploads\/2009\/07\/P1390347-300x225.jpg\" alt=\"P1390347\" width=\"300\" height=\"225\" srcset=\"http:\/\/blog.inmontanis.info\/wp-content\/uploads\/2009\/07\/P1390347-300x225.jpg 300w, http:\/\/blog.inmontanis.info\/wp-content\/uploads\/2009\/07\/P1390347-100x75.jpg 100w, http:\/\/blog.inmontanis.info\/wp-content\/uploads\/2009\/07\/P1390347.JPG 1280w\" sizes=\"auto, (max-width: 300px) 100vw, 300px\" \/><\/a><br \/>\n<a href=\"http:\/\/blog.inmontanis.info\/wp-content\/uploads\/2009\/07\/P1390348.JPG\"><img loading=\"lazy\" decoding=\"async\" class=\" size-medium wp-image-86\" title=\"P1390348\" src=\"http:\/\/blog.inmontanis.info\/wp-content\/uploads\/2009\/07\/P1390348-225x300.jpg\" alt=\"P1390348\" width=\"225\" height=\"300\" srcset=\"http:\/\/blog.inmontanis.info\/wp-content\/uploads\/2009\/07\/P1390348-225x300.jpg 225w, http:\/\/blog.inmontanis.info\/wp-content\/uploads\/2009\/07\/P1390348-75x100.jpg 75w, http:\/\/blog.inmontanis.info\/wp-content\/uploads\/2009\/07\/P1390348-768x1024.jpg 768w, http:\/\/blog.inmontanis.info\/wp-content\/uploads\/2009\/07\/P1390348.JPG 960w\" sizes=\"auto, (max-width: 225px) 100vw, 225px\" \/><\/a><br \/>\n<a href=\"http:\/\/blog.inmontanis.info\/wp-content\/uploads\/2009\/07\/P1390349.JPG\"><img loading=\"lazy\" decoding=\"async\" class=\" size-medium wp-image-87\" title=\"P1390349\" src=\"http:\/\/blog.inmontanis.info\/wp-content\/uploads\/2009\/07\/P1390349-300x225.jpg\" alt=\"P1390349\" width=\"300\" height=\"225\" srcset=\"http:\/\/blog.inmontanis.info\/wp-content\/uploads\/2009\/07\/P1390349-300x225.jpg 300w, http:\/\/blog.inmontanis.info\/wp-content\/uploads\/2009\/07\/P1390349-100x75.jpg 100w, http:\/\/blog.inmontanis.info\/wp-content\/uploads\/2009\/07\/P1390349.JPG 1280w\" sizes=\"auto, (max-width: 300px) 100vw, 300px\" \/><\/a><br \/>\n<a href=\"http:\/\/blog.inmontanis.info\/wp-content\/uploads\/2009\/07\/P1390350.JPG\"><img loading=\"lazy\" decoding=\"async\" class=\" size-medium wp-image-88\" title=\"P1390350\" src=\"http:\/\/blog.inmontanis.info\/wp-content\/uploads\/2009\/07\/P1390350-300x225.jpg\" alt=\"P1390350\" width=\"300\" height=\"225\" srcset=\"http:\/\/blog.inmontanis.info\/wp-content\/uploads\/2009\/07\/P1390350-300x225.jpg 300w, http:\/\/blog.inmontanis.info\/wp-content\/uploads\/2009\/07\/P1390350-100x75.jpg 100w, http:\/\/blog.inmontanis.info\/wp-content\/uploads\/2009\/07\/P1390350.JPG 1280w\" sizes=\"auto, (max-width: 300px) 100vw, 300px\" \/><\/a><br \/>\n<a href=\"http:\/\/blog.inmontanis.info\/wp-content\/uploads\/2009\/07\/P1390352.JPG\"><img loading=\"lazy\" decoding=\"async\" class=\" size-medium wp-image-89\" title=\"P1390352\" src=\"http:\/\/blog.inmontanis.info\/wp-content\/uploads\/2009\/07\/P1390352-300x225.jpg\" alt=\"P1390352\" width=\"300\" height=\"225\" srcset=\"http:\/\/blog.inmontanis.info\/wp-content\/uploads\/2009\/07\/P1390352-300x225.jpg 300w, http:\/\/blog.inmontanis.info\/wp-content\/uploads\/2009\/07\/P1390352-100x75.jpg 100w, http:\/\/blog.inmontanis.info\/wp-content\/uploads\/2009\/07\/P1390352.JPG 1280w\" sizes=\"auto, (max-width: 300px) 100vw, 300px\" \/><\/a><br \/>\n<a href=\"http:\/\/blog.inmontanis.info\/wp-content\/uploads\/2009\/07\/P1390353.JPG\"><img loading=\"lazy\" decoding=\"async\" class=\" size-medium wp-image-90\" title=\"P1390353\" src=\"http:\/\/blog.inmontanis.info\/wp-content\/uploads\/2009\/07\/P1390353-300x225.jpg\" alt=\"P1390353\" width=\"300\" height=\"225\" srcset=\"http:\/\/blog.inmontanis.info\/wp-content\/uploads\/2009\/07\/P1390353-300x225.jpg 300w, http:\/\/blog.inmontanis.info\/wp-content\/uploads\/2009\/07\/P1390353-100x75.jpg 100w, http:\/\/blog.inmontanis.info\/wp-content\/uploads\/2009\/07\/P1390353.JPG 1280w\" sizes=\"auto, (max-width: 300px) 100vw, 300px\" \/><\/a><br \/>\n<a href=\"http:\/\/blog.inmontanis.info\/wp-content\/uploads\/2009\/07\/P1390356.JPG\"><img loading=\"lazy\" decoding=\"async\" class=\" size-medium wp-image-91\" title=\"P1390356\" src=\"http:\/\/blog.inmontanis.info\/wp-content\/uploads\/2009\/07\/P1390356-300x225.jpg\" alt=\"P1390356\" width=\"300\" height=\"225\" srcset=\"http:\/\/blog.inmontanis.info\/wp-content\/uploads\/2009\/07\/P1390356-300x225.jpg 300w, http:\/\/blog.inmontanis.info\/wp-content\/uploads\/2009\/07\/P1390356-100x75.jpg 100w, http:\/\/blog.inmontanis.info\/wp-content\/uploads\/2009\/07\/P1390356.JPG 1280w\" sizes=\"auto, (max-width: 300px) 100vw, 300px\" \/><\/a><br \/>\n<a href=\"http:\/\/blog.inmontanis.info\/wp-content\/uploads\/2009\/07\/P1390359.JPG\"><img loading=\"lazy\" decoding=\"async\" class=\" size-medium wp-image-92\" title=\"P1390359\" src=\"http:\/\/blog.inmontanis.info\/wp-content\/uploads\/2009\/07\/P1390359-300x225.jpg\" alt=\"P1390359\" width=\"300\" height=\"225\" srcset=\"http:\/\/blog.inmontanis.info\/wp-content\/uploads\/2009\/07\/P1390359-300x225.jpg 300w, http:\/\/blog.inmontanis.info\/wp-content\/uploads\/2009\/07\/P1390359-100x75.jpg 100w, http:\/\/blog.inmontanis.info\/wp-content\/uploads\/2009\/07\/P1390359.JPG 1280w\" sizes=\"auto, (max-width: 300px) 100vw, 300px\" \/><\/a><br \/>\n<a href=\"http:\/\/blog.inmontanis.info\/wp-content\/uploads\/2009\/07\/P1390360.JPG\"><img loading=\"lazy\" decoding=\"async\" class=\" size-medium wp-image-93\" title=\"P1390360\" src=\"http:\/\/blog.inmontanis.info\/wp-content\/uploads\/2009\/07\/P1390360-300x225.jpg\" alt=\"P1390360\" width=\"300\" height=\"225\" srcset=\"http:\/\/blog.inmontanis.info\/wp-content\/uploads\/2009\/07\/P1390360-300x225.jpg 300w, http:\/\/blog.inmontanis.info\/wp-content\/uploads\/2009\/07\/P1390360-100x75.jpg 100w, http:\/\/blog.inmontanis.info\/wp-content\/uploads\/2009\/07\/P1390360.JPG 1280w\" sizes=\"auto, (max-width: 300px) 100vw, 300px\" \/><\/a><br \/>\n<a href=\"http:\/\/blog.inmontanis.info\/wp-content\/uploads\/2009\/07\/P1390362.JPG\"><img loading=\"lazy\" decoding=\"async\" class=\" size-medium wp-image-94\" title=\"P1390362\" src=\"http:\/\/blog.inmontanis.info\/wp-content\/uploads\/2009\/07\/P1390362-300x225.jpg\" alt=\"P1390362\" width=\"300\" height=\"225\" srcset=\"http:\/\/blog.inmontanis.info\/wp-content\/uploads\/2009\/07\/P1390362-300x225.jpg 300w, http:\/\/blog.inmontanis.info\/wp-content\/uploads\/2009\/07\/P1390362-100x75.jpg 100w, http:\/\/blog.inmontanis.info\/wp-content\/uploads\/2009\/07\/P1390362.JPG 1280w\" sizes=\"auto, (max-width: 300px) 100vw, 300px\" \/><\/a><br \/>\n<a href=\"http:\/\/blog.inmontanis.info\/wp-content\/uploads\/2009\/07\/P1390364.JPG\"><img loading=\"lazy\" decoding=\"async\" class=\" size-medium wp-image-95\" title=\"P1390364\" src=\"http:\/\/blog.inmontanis.info\/wp-content\/uploads\/2009\/07\/P1390364-300x225.jpg\" alt=\"P1390364\" width=\"300\" height=\"225\" srcset=\"http:\/\/blog.inmontanis.info\/wp-content\/uploads\/2009\/07\/P1390364-300x225.jpg 300w, http:\/\/blog.inmontanis.info\/wp-content\/uploads\/2009\/07\/P1390364-100x75.jpg 100w, http:\/\/blog.inmontanis.info\/wp-content\/uploads\/2009\/07\/P1390364.JPG 1280w\" sizes=\"auto, (max-width: 300px) 100vw, 300px\" \/><\/a><br \/>\n<a href=\"http:\/\/blog.inmontanis.info\/wp-content\/uploads\/2009\/07\/P1390366.JPG\"><img loading=\"lazy\" decoding=\"async\" class=\" size-medium wp-image-96\" title=\"P1390366\" src=\"http:\/\/blog.inmontanis.info\/wp-content\/uploads\/2009\/07\/P1390366-300x225.jpg\" alt=\"P1390366\" width=\"300\" height=\"225\" srcset=\"http:\/\/blog.inmontanis.info\/wp-content\/uploads\/2009\/07\/P1390366-300x225.jpg 300w, http:\/\/blog.inmontanis.info\/wp-content\/uploads\/2009\/07\/P1390366-100x75.jpg 100w, http:\/\/blog.inmontanis.info\/wp-content\/uploads\/2009\/07\/P1390366.JPG 1280w\" sizes=\"auto, (max-width: 300px) 100vw, 300px\" \/><\/a><br \/>\n<a href=\"http:\/\/blog.inmontanis.info\/wp-content\/uploads\/2009\/07\/P1390369.JPG\"><img loading=\"lazy\" decoding=\"async\" class=\" size-medium wp-image-97\" title=\"P1390369\" src=\"http:\/\/blog.inmontanis.info\/wp-content\/uploads\/2009\/07\/P1390369-300x224.jpg\" alt=\"P1390369\" width=\"300\" height=\"224\" srcset=\"http:\/\/blog.inmontanis.info\/wp-content\/uploads\/2009\/07\/P1390369-300x224.jpg 300w, http:\/\/blog.inmontanis.info\/wp-content\/uploads\/2009\/07\/P1390369-100x74.jpg 100w, http:\/\/blog.inmontanis.info\/wp-content\/uploads\/2009\/07\/P1390369.JPG 1280w\" sizes=\"auto, (max-width: 300px) 100vw, 300px\" \/><\/a><br \/>\n<a href=\"http:\/\/blog.inmontanis.info\/wp-content\/uploads\/2009\/07\/P1390372.JPG\"><img loading=\"lazy\" decoding=\"async\" class=\" size-medium wp-image-98\" title=\"P1390372\" src=\"http:\/\/blog.inmontanis.info\/wp-content\/uploads\/2009\/07\/P1390372-300x225.jpg\" alt=\"P1390372\" width=\"300\" height=\"225\" srcset=\"http:\/\/blog.inmontanis.info\/wp-content\/uploads\/2009\/07\/P1390372-300x225.jpg 300w, http:\/\/blog.inmontanis.info\/wp-content\/uploads\/2009\/07\/P1390372-100x75.jpg 100w, http:\/\/blog.inmontanis.info\/wp-content\/uploads\/2009\/07\/P1390372.JPG 1280w\" sizes=\"auto, (max-width: 300px) 100vw, 300px\" \/><\/a><br \/>\n<a href=\"http:\/\/blog.inmontanis.info\/wp-content\/uploads\/2009\/07\/P1390373.JPG\"><img loading=\"lazy\" decoding=\"async\" class=\" size-medium wp-image-99\" title=\"P1390373\" src=\"http:\/\/blog.inmontanis.info\/wp-content\/uploads\/2009\/07\/P1390373-300x224.jpg\" alt=\"P1390373\" width=\"300\" height=\"224\" srcset=\"http:\/\/blog.inmontanis.info\/wp-content\/uploads\/2009\/07\/P1390373-300x224.jpg 300w, http:\/\/blog.inmontanis.info\/wp-content\/uploads\/2009\/07\/P1390373-100x74.jpg 100w, http:\/\/blog.inmontanis.info\/wp-content\/uploads\/2009\/07\/P1390373.JPG 1280w\" sizes=\"auto, (max-width: 300px) 100vw, 300px\" \/><\/a><br \/>\n<a href=\"http:\/\/blog.inmontanis.info\/wp-content\/uploads\/2009\/07\/P1390374.JPG\"><img loading=\"lazy\" decoding=\"async\" class=\" size-medium wp-image-100\" title=\"P1390374\" src=\"http:\/\/blog.inmontanis.info\/wp-content\/uploads\/2009\/07\/P1390374-300x225.jpg\" alt=\"P1390374\" width=\"300\" height=\"225\" srcset=\"http:\/\/blog.inmontanis.info\/wp-content\/uploads\/2009\/07\/P1390374-300x225.jpg 300w, http:\/\/blog.inmontanis.info\/wp-content\/uploads\/2009\/07\/P1390374-100x75.jpg 100w, http:\/\/blog.inmontanis.info\/wp-content\/uploads\/2009\/07\/P1390374.JPG 1280w\" sizes=\"auto, (max-width: 300px) 100vw, 300px\" \/><\/a><br \/>\n<a href=\"http:\/\/blog.inmontanis.info\/wp-content\/uploads\/2009\/07\/P1390376.JPG\"><img loading=\"lazy\" decoding=\"async\" class=\" size-medium wp-image-101\" title=\"P1390376\" src=\"http:\/\/blog.inmontanis.info\/wp-content\/uploads\/2009\/07\/P1390376-300x225.jpg\" alt=\"P1390376\" width=\"300\" height=\"225\" srcset=\"http:\/\/blog.inmontanis.info\/wp-content\/uploads\/2009\/07\/P1390376-300x225.jpg 300w, http:\/\/blog.inmontanis.info\/wp-content\/uploads\/2009\/07\/P1390376-100x75.jpg 100w, http:\/\/blog.inmontanis.info\/wp-content\/uploads\/2009\/07\/P1390376.JPG 1280w\" sizes=\"auto, (max-width: 300px) 100vw, 300px\" \/><\/a><br \/>\n<a href=\"http:\/\/blog.inmontanis.info\/wp-content\/uploads\/2009\/07\/P1390378.JPG\"><img loading=\"lazy\" decoding=\"async\" class=\" size-medium wp-image-102\" title=\"P1390378\" src=\"http:\/\/blog.inmontanis.info\/wp-content\/uploads\/2009\/07\/P1390378-300x225.jpg\" alt=\"P1390378\" width=\"300\" height=\"225\" srcset=\"http:\/\/blog.inmontanis.info\/wp-content\/uploads\/2009\/07\/P1390378-300x225.jpg 300w, http:\/\/blog.inmontanis.info\/wp-content\/uploads\/2009\/07\/P1390378-100x75.jpg 100w, http:\/\/blog.inmontanis.info\/wp-content\/uploads\/2009\/07\/P1390378.JPG 1280w\" sizes=\"auto, (max-width: 300px) 100vw, 300px\" \/><\/a><br \/>\n<a href=\"http:\/\/blog.inmontanis.info\/wp-content\/uploads\/2009\/07\/P1390451.JPG\"><img loading=\"lazy\" decoding=\"async\" class=\" size-medium wp-image-127\" title=\"P1390451\" src=\"http:\/\/blog.inmontanis.info\/wp-content\/uploads\/2009\/07\/P1390451-225x300.jpg\" alt=\"P1390451\" width=\"225\" height=\"300\" srcset=\"http:\/\/blog.inmontanis.info\/wp-content\/uploads\/2009\/07\/P1390451-225x300.jpg 225w, http:\/\/blog.inmontanis.info\/wp-content\/uploads\/2009\/07\/P1390451-75x100.jpg 75w, http:\/\/blog.inmontanis.info\/wp-content\/uploads\/2009\/07\/P1390451-768x1024.jpg 768w, http:\/\/blog.inmontanis.info\/wp-content\/uploads\/2009\/07\/P1390451.JPG 960w\" sizes=\"auto, (max-width: 225px) 100vw, 225px\" \/><\/a><br \/>\n<a href=\"http:\/\/blog.inmontanis.info\/wp-content\/uploads\/2009\/07\/P1390450.JPG\"><img loading=\"lazy\" decoding=\"async\" class=\" size-medium wp-image-126\" title=\"P1390450\" src=\"http:\/\/blog.inmontanis.info\/wp-content\/uploads\/2009\/07\/P1390450-300x225.jpg\" alt=\"P1390450\" width=\"300\" height=\"225\" srcset=\"http:\/\/blog.inmontanis.info\/wp-content\/uploads\/2009\/07\/P1390450-300x225.jpg 300w, http:\/\/blog.inmontanis.info\/wp-content\/uploads\/2009\/07\/P1390450-100x75.jpg 100w, http:\/\/blog.inmontanis.info\/wp-content\/uploads\/2009\/07\/P1390450.JPG 1280w\" sizes=\"auto, (max-width: 300px) 100vw, 300px\" \/><\/a><br \/>\n<a href=\"http:\/\/blog.inmontanis.info\/wp-content\/uploads\/2009\/07\/P1390381.JPG\"><img loading=\"lazy\" decoding=\"async\" class=\" size-medium wp-image-103\" title=\"P1390381\" src=\"http:\/\/blog.inmontanis.info\/wp-content\/uploads\/2009\/07\/P1390381-300x225.jpg\" alt=\"P1390381\" width=\"300\" height=\"225\" srcset=\"http:\/\/blog.inmontanis.info\/wp-content\/uploads\/2009\/07\/P1390381-300x225.jpg 300w, http:\/\/blog.inmontanis.info\/wp-content\/uploads\/2009\/07\/P1390381-100x75.jpg 100w, http:\/\/blog.inmontanis.info\/wp-content\/uploads\/2009\/07\/P1390381.JPG 1280w\" sizes=\"auto, (max-width: 300px) 100vw, 300px\" \/><\/a><br \/>\n<a href=\"http:\/\/blog.inmontanis.info\/wp-content\/uploads\/2009\/07\/P1390382.JPG\"><img loading=\"lazy\" decoding=\"async\" class=\" size-medium wp-image-104\" title=\"P1390382\" src=\"http:\/\/blog.inmontanis.info\/wp-content\/uploads\/2009\/07\/P1390382-225x300.jpg\" alt=\"P1390382\" width=\"225\" height=\"300\" srcset=\"http:\/\/blog.inmontanis.info\/wp-content\/uploads\/2009\/07\/P1390382-225x300.jpg 225w, http:\/\/blog.inmontanis.info\/wp-content\/uploads\/2009\/07\/P1390382-75x100.jpg 75w, http:\/\/blog.inmontanis.info\/wp-content\/uploads\/2009\/07\/P1390382-768x1024.jpg 768w, http:\/\/blog.inmontanis.info\/wp-content\/uploads\/2009\/07\/P1390382.JPG 960w\" sizes=\"auto, (max-width: 225px) 100vw, 225px\" \/><\/a><br \/>\n<a href=\"http:\/\/blog.inmontanis.info\/wp-content\/uploads\/2009\/07\/P1390383.JPG\"><img loading=\"lazy\" decoding=\"async\" class=\" size-medium wp-image-105\" title=\"P1390383\" src=\"http:\/\/blog.inmontanis.info\/wp-content\/uploads\/2009\/07\/P1390383-300x225.jpg\" alt=\"P1390383\" width=\"300\" height=\"225\" srcset=\"http:\/\/blog.inmontanis.info\/wp-content\/uploads\/2009\/07\/P1390383-300x225.jpg 300w, http:\/\/blog.inmontanis.info\/wp-content\/uploads\/2009\/07\/P1390383-100x75.jpg 100w, http:\/\/blog.inmontanis.info\/wp-content\/uploads\/2009\/07\/P1390383.JPG 1280w\" sizes=\"auto, (max-width: 300px) 100vw, 300px\" \/><\/a><\/p>\n<div id=\"attachment_106\" style=\"width: 310px\" class=\"wp-caption alignnone\"><a href=\"http:\/\/blog.inmontanis.info\/wp-content\/uploads\/2009\/07\/P1390384.JPG\"><img loading=\"lazy\" decoding=\"async\" aria-describedby=\"caption-attachment-106\" class=\"size-medium wp-image-106\" title=\"P1390384\" src=\"http:\/\/blog.inmontanis.info\/wp-content\/uploads\/2009\/07\/P1390384-300x225.jpg\" alt=\".. links daneben: Der Eingang zu den Felsenkellern \/ Felseng\u00e4ngen!\" width=\"300\" height=\"225\" srcset=\"http:\/\/blog.inmontanis.info\/wp-content\/uploads\/2009\/07\/P1390384-300x225.jpg 300w, http:\/\/blog.inmontanis.info\/wp-content\/uploads\/2009\/07\/P1390384-100x75.jpg 100w, http:\/\/blog.inmontanis.info\/wp-content\/uploads\/2009\/07\/P1390384.JPG 1280w\" sizes=\"auto, (max-width: 300px) 100vw, 300px\" \/><\/a><p id=\"caption-attachment-106\" class=\"wp-caption-text\">.. links daneben: Der Eingang zu den Felsenkellern \/ Felseng\u00e4ngen!<\/p><\/div>\n<div id=\"attachment_109\" style=\"width: 310px\" class=\"wp-caption alignnone\"><a href=\"http:\/\/blog.inmontanis.info\/wp-content\/uploads\/2009\/07\/P1390390.JPG\"><img loading=\"lazy\" decoding=\"async\" aria-describedby=\"caption-attachment-109\" class=\"size-medium wp-image-109\" title=\"P1390390\" src=\"http:\/\/blog.inmontanis.info\/wp-content\/uploads\/2009\/07\/P1390390-300x224.jpg\" alt=\"Der Eingang ist die Treppe zw. gr\u00fcn und orange, Rundgang gegen den UZS\" width=\"300\" height=\"224\" srcset=\"http:\/\/blog.inmontanis.info\/wp-content\/uploads\/2009\/07\/P1390390-300x224.jpg 300w, http:\/\/blog.inmontanis.info\/wp-content\/uploads\/2009\/07\/P1390390-100x74.jpg 100w, http:\/\/blog.inmontanis.info\/wp-content\/uploads\/2009\/07\/P1390390.JPG 1280w\" sizes=\"auto, (max-width: 300px) 100vw, 300px\" \/><\/a><p id=\"caption-attachment-109\" class=\"wp-caption-text\">Der Eingang ist die Treppe zw. gr\u00fcn und orange, Rundgang gegen den UZS<\/p><\/div>\n<div id=\"attachment_107\" style=\"width: 310px\" class=\"wp-caption alignnone\"><a href=\"http:\/\/blog.inmontanis.info\/wp-content\/uploads\/2009\/07\/P1390385.JPG\"><img loading=\"lazy\" decoding=\"async\" aria-describedby=\"caption-attachment-107\" class=\"size-medium wp-image-107\" title=\"P1390385\" src=\"http:\/\/blog.inmontanis.info\/wp-content\/uploads\/2009\/07\/P1390385-300x225.jpg\" alt=\"Abw\u00e4rts\" width=\"300\" height=\"225\" srcset=\"http:\/\/blog.inmontanis.info\/wp-content\/uploads\/2009\/07\/P1390385-300x225.jpg 300w, http:\/\/blog.inmontanis.info\/wp-content\/uploads\/2009\/07\/P1390385-100x75.jpg 100w, http:\/\/blog.inmontanis.info\/wp-content\/uploads\/2009\/07\/P1390385.JPG 1280w\" sizes=\"auto, (max-width: 300px) 100vw, 300px\" \/><\/a><p id=\"caption-attachment-107\" class=\"wp-caption-text\">Abw\u00e4rts<\/p><\/div>\n<p><a href=\"http:\/\/blog.inmontanis.info\/wp-content\/uploads\/2009\/07\/P1390388.JPG\"><img loading=\"lazy\" decoding=\"async\" class=\" size-medium wp-image-108\" title=\"P1390388\" src=\"http:\/\/blog.inmontanis.info\/wp-content\/uploads\/2009\/07\/P1390388-300x225.jpg\" alt=\"P1390388\" width=\"300\" height=\"225\" srcset=\"http:\/\/blog.inmontanis.info\/wp-content\/uploads\/2009\/07\/P1390388-300x225.jpg 300w, http:\/\/blog.inmontanis.info\/wp-content\/uploads\/2009\/07\/P1390388-100x75.jpg 100w, http:\/\/blog.inmontanis.info\/wp-content\/uploads\/2009\/07\/P1390388.JPG 1280w\" sizes=\"auto, (max-width: 300px) 100vw, 300px\" \/><\/a><br \/>\n<a href=\"http:\/\/blog.inmontanis.info\/wp-content\/uploads\/2009\/07\/P1390392.JPG\"><img loading=\"lazy\" decoding=\"async\" class=\" size-medium wp-image-110\" title=\"P1390392\" src=\"http:\/\/blog.inmontanis.info\/wp-content\/uploads\/2009\/07\/P1390392-300x225.jpg\" alt=\"P1390392\" width=\"300\" height=\"225\" srcset=\"http:\/\/blog.inmontanis.info\/wp-content\/uploads\/2009\/07\/P1390392-300x225.jpg 300w, http:\/\/blog.inmontanis.info\/wp-content\/uploads\/2009\/07\/P1390392-100x75.jpg 100w, http:\/\/blog.inmontanis.info\/wp-content\/uploads\/2009\/07\/P1390392.JPG 1280w\" sizes=\"auto, (max-width: 300px) 100vw, 300px\" \/><\/a><br \/>\n<a href=\"http:\/\/blog.inmontanis.info\/wp-content\/uploads\/2009\/07\/P1390394.JPG\"><img loading=\"lazy\" decoding=\"async\" class=\" size-medium wp-image-111\" title=\"P1390394\" src=\"http:\/\/blog.inmontanis.info\/wp-content\/uploads\/2009\/07\/P1390394-300x225.jpg\" alt=\"P1390394\" width=\"300\" height=\"225\" srcset=\"http:\/\/blog.inmontanis.info\/wp-content\/uploads\/2009\/07\/P1390394-300x225.jpg 300w, http:\/\/blog.inmontanis.info\/wp-content\/uploads\/2009\/07\/P1390394-100x75.jpg 100w, http:\/\/blog.inmontanis.info\/wp-content\/uploads\/2009\/07\/P1390394.JPG 1280w\" sizes=\"auto, (max-width: 300px) 100vw, 300px\" \/><\/a><\/p>\n<div id=\"attachment_112\" style=\"width: 310px\" class=\"wp-caption alignnone\"><a href=\"http:\/\/blog.inmontanis.info\/wp-content\/uploads\/2009\/07\/P1390395.JPG\"><img loading=\"lazy\" decoding=\"async\" aria-describedby=\"caption-attachment-112\" class=\"size-medium wp-image-112\" title=\"P1390395\" src=\"http:\/\/blog.inmontanis.info\/wp-content\/uploads\/2009\/07\/P1390395-300x225.jpg\" alt=\"Unter den Schulgem\u00e4uern ...\" width=\"300\" height=\"225\" srcset=\"http:\/\/blog.inmontanis.info\/wp-content\/uploads\/2009\/07\/P1390395-300x225.jpg 300w, http:\/\/blog.inmontanis.info\/wp-content\/uploads\/2009\/07\/P1390395-100x75.jpg 100w, http:\/\/blog.inmontanis.info\/wp-content\/uploads\/2009\/07\/P1390395.JPG 1280w\" sizes=\"auto, (max-width: 300px) 100vw, 300px\" \/><\/a><p id=\"caption-attachment-112\" class=\"wp-caption-text\">Unter den Schulgem\u00e4uern ...<\/p><\/div>\n<p><a href=\"http:\/\/blog.inmontanis.info\/wp-content\/uploads\/2009\/07\/P1390400.JPG\"><img loading=\"lazy\" decoding=\"async\" class=\" size-medium wp-image-113\" title=\"P1390400\" src=\"http:\/\/blog.inmontanis.info\/wp-content\/uploads\/2009\/07\/P1390400-225x300.jpg\" alt=\"P1390400\" width=\"225\" height=\"300\" srcset=\"http:\/\/blog.inmontanis.info\/wp-content\/uploads\/2009\/07\/P1390400-225x300.jpg 225w, http:\/\/blog.inmontanis.info\/wp-content\/uploads\/2009\/07\/P1390400-75x100.jpg 75w, http:\/\/blog.inmontanis.info\/wp-content\/uploads\/2009\/07\/P1390400-768x1024.jpg 768w, http:\/\/blog.inmontanis.info\/wp-content\/uploads\/2009\/07\/P1390400.JPG 960w\" sizes=\"auto, (max-width: 225px) 100vw, 225px\" \/><\/a><\/p>\n<div id=\"attachment_114\" style=\"width: 310px\" class=\"wp-caption alignnone\"><a href=\"http:\/\/blog.inmontanis.info\/wp-content\/uploads\/2009\/07\/P1390410.JPG\"><img loading=\"lazy\" decoding=\"async\" aria-describedby=\"caption-attachment-114\" class=\"size-medium wp-image-114\" title=\"P1390410\" src=\"http:\/\/blog.inmontanis.info\/wp-content\/uploads\/2009\/07\/P1390410-300x225.jpg\" alt=\"Hier und da musste abgest\u00fctzt werden\" width=\"300\" height=\"225\" srcset=\"http:\/\/blog.inmontanis.info\/wp-content\/uploads\/2009\/07\/P1390410-300x225.jpg 300w, http:\/\/blog.inmontanis.info\/wp-content\/uploads\/2009\/07\/P1390410-100x75.jpg 100w, http:\/\/blog.inmontanis.info\/wp-content\/uploads\/2009\/07\/P1390410.JPG 1280w\" sizes=\"auto, (max-width: 300px) 100vw, 300px\" \/><\/a><p id=\"caption-attachment-114\" class=\"wp-caption-text\">Hier und da musste abgest\u00fctzt werden<\/p><\/div>\n<p><a href=\"http:\/\/blog.inmontanis.info\/wp-content\/uploads\/2009\/07\/P1390413.JPG\"><img loading=\"lazy\" decoding=\"async\" class=\" size-medium wp-image-115\" title=\"P1390413\" src=\"http:\/\/blog.inmontanis.info\/wp-content\/uploads\/2009\/07\/P1390413-300x225.jpg\" alt=\"P1390413\" width=\"300\" height=\"225\" srcset=\"http:\/\/blog.inmontanis.info\/wp-content\/uploads\/2009\/07\/P1390413-300x225.jpg 300w, http:\/\/blog.inmontanis.info\/wp-content\/uploads\/2009\/07\/P1390413-100x75.jpg 100w, http:\/\/blog.inmontanis.info\/wp-content\/uploads\/2009\/07\/P1390413.JPG 1280w\" sizes=\"auto, (max-width: 300px) 100vw, 300px\" \/><\/a><br \/>\n<a href=\"http:\/\/blog.inmontanis.info\/wp-content\/uploads\/2009\/07\/P1390415.JPG\"><img loading=\"lazy\" decoding=\"async\" class=\" size-medium wp-image-116\" title=\"P1390415\" src=\"http:\/\/blog.inmontanis.info\/wp-content\/uploads\/2009\/07\/P1390415-300x225.jpg\" alt=\"P1390415\" width=\"300\" height=\"225\" srcset=\"http:\/\/blog.inmontanis.info\/wp-content\/uploads\/2009\/07\/P1390415-300x225.jpg 300w, http:\/\/blog.inmontanis.info\/wp-content\/uploads\/2009\/07\/P1390415-100x75.jpg 100w, http:\/\/blog.inmontanis.info\/wp-content\/uploads\/2009\/07\/P1390415.JPG 1280w\" sizes=\"auto, (max-width: 300px) 100vw, 300px\" \/><\/a><br \/>\n<a href=\"http:\/\/blog.inmontanis.info\/wp-content\/uploads\/2009\/07\/P1390416.JPG\"><img loading=\"lazy\" decoding=\"async\" class=\" size-medium wp-image-117\" title=\"P1390416\" src=\"http:\/\/blog.inmontanis.info\/wp-content\/uploads\/2009\/07\/P1390416-300x225.jpg\" alt=\"P1390416\" width=\"300\" height=\"225\" srcset=\"http:\/\/blog.inmontanis.info\/wp-content\/uploads\/2009\/07\/P1390416-300x225.jpg 300w, http:\/\/blog.inmontanis.info\/wp-content\/uploads\/2009\/07\/P1390416-100x75.jpg 100w, http:\/\/blog.inmontanis.info\/wp-content\/uploads\/2009\/07\/P1390416.JPG 1280w\" sizes=\"auto, (max-width: 300px) 100vw, 300px\" \/><\/a><br \/>\n<a href=\"http:\/\/blog.inmontanis.info\/wp-content\/uploads\/2009\/07\/P1390422.JPG\"><img loading=\"lazy\" decoding=\"async\" class=\" size-medium wp-image-118\" title=\"P1390422\" src=\"http:\/\/blog.inmontanis.info\/wp-content\/uploads\/2009\/07\/P1390422-300x225.jpg\" alt=\"P1390422\" width=\"300\" height=\"225\" srcset=\"http:\/\/blog.inmontanis.info\/wp-content\/uploads\/2009\/07\/P1390422-300x225.jpg 300w, http:\/\/blog.inmontanis.info\/wp-content\/uploads\/2009\/07\/P1390422-100x75.jpg 100w, http:\/\/blog.inmontanis.info\/wp-content\/uploads\/2009\/07\/P1390422.JPG 1280w\" sizes=\"auto, (max-width: 300px) 100vw, 300px\" \/><\/a><\/p>\n<div id=\"attachment_119\" style=\"width: 310px\" class=\"wp-caption alignnone\"><a href=\"http:\/\/blog.inmontanis.info\/wp-content\/uploads\/2009\/07\/P1390426.JPG\"><img loading=\"lazy\" decoding=\"async\" aria-describedby=\"caption-attachment-119\" class=\"size-medium wp-image-119\" title=\"P1390426\" src=\"http:\/\/blog.inmontanis.info\/wp-content\/uploads\/2009\/07\/P1390426-300x225.jpg\" alt=\"Ehemaliges WC unter der Hauptschule\" width=\"300\" height=\"225\" srcset=\"http:\/\/blog.inmontanis.info\/wp-content\/uploads\/2009\/07\/P1390426-300x225.jpg 300w, http:\/\/blog.inmontanis.info\/wp-content\/uploads\/2009\/07\/P1390426-100x75.jpg 100w, http:\/\/blog.inmontanis.info\/wp-content\/uploads\/2009\/07\/P1390426.JPG 1280w\" sizes=\"auto, (max-width: 300px) 100vw, 300px\" \/><\/a><p id=\"caption-attachment-119\" class=\"wp-caption-text\">Ehemaliges WC unter der Hauptschule<\/p><\/div>\n<p><a href=\"http:\/\/blog.inmontanis.info\/wp-content\/uploads\/2009\/07\/P1390434.JPG\"><img loading=\"lazy\" decoding=\"async\" class=\" size-medium wp-image-120\" title=\"P1390434\" src=\"http:\/\/blog.inmontanis.info\/wp-content\/uploads\/2009\/07\/P1390434-300x225.jpg\" alt=\"P1390434\" width=\"300\" height=\"225\" srcset=\"http:\/\/blog.inmontanis.info\/wp-content\/uploads\/2009\/07\/P1390434-300x225.jpg 300w, http:\/\/blog.inmontanis.info\/wp-content\/uploads\/2009\/07\/P1390434-100x75.jpg 100w, http:\/\/blog.inmontanis.info\/wp-content\/uploads\/2009\/07\/P1390434.JPG 1280w\" sizes=\"auto, (max-width: 300px) 100vw, 300px\" \/><\/a><br \/>\n<a href=\"http:\/\/blog.inmontanis.info\/wp-content\/uploads\/2009\/07\/P1390437.JPG\"><img loading=\"lazy\" decoding=\"async\" class=\" size-medium wp-image-121\" title=\"P1390437\" src=\"http:\/\/blog.inmontanis.info\/wp-content\/uploads\/2009\/07\/P1390437-300x225.jpg\" alt=\"P1390437\" width=\"300\" height=\"225\" srcset=\"http:\/\/blog.inmontanis.info\/wp-content\/uploads\/2009\/07\/P1390437-300x225.jpg 300w, http:\/\/blog.inmontanis.info\/wp-content\/uploads\/2009\/07\/P1390437-100x75.jpg 100w, http:\/\/blog.inmontanis.info\/wp-content\/uploads\/2009\/07\/P1390437.JPG 1280w\" sizes=\"auto, (max-width: 300px) 100vw, 300px\" \/><\/a><br \/>\n<a href=\"http:\/\/blog.inmontanis.info\/wp-content\/uploads\/2009\/07\/P1390440.JPG\"><img loading=\"lazy\" decoding=\"async\" class=\" size-medium wp-image-122\" title=\"P1390440\" src=\"http:\/\/blog.inmontanis.info\/wp-content\/uploads\/2009\/07\/P1390440-300x225.jpg\" alt=\"P1390440\" width=\"300\" height=\"225\" srcset=\"http:\/\/blog.inmontanis.info\/wp-content\/uploads\/2009\/07\/P1390440-300x225.jpg 300w, http:\/\/blog.inmontanis.info\/wp-content\/uploads\/2009\/07\/P1390440-100x75.jpg 100w, http:\/\/blog.inmontanis.info\/wp-content\/uploads\/2009\/07\/P1390440.JPG 1280w\" sizes=\"auto, (max-width: 300px) 100vw, 300px\" \/><\/a><br \/>\n<a href=\"http:\/\/blog.inmontanis.info\/wp-content\/uploads\/2009\/07\/P1390441.JPG\"><img loading=\"lazy\" decoding=\"async\" class=\" size-medium wp-image-123\" title=\"P1390441\" src=\"http:\/\/blog.inmontanis.info\/wp-content\/uploads\/2009\/07\/P1390441-300x225.jpg\" alt=\"P1390441\" width=\"300\" height=\"225\" srcset=\"http:\/\/blog.inmontanis.info\/wp-content\/uploads\/2009\/07\/P1390441-300x225.jpg 300w, http:\/\/blog.inmontanis.info\/wp-content\/uploads\/2009\/07\/P1390441-100x75.jpg 100w, http:\/\/blog.inmontanis.info\/wp-content\/uploads\/2009\/07\/P1390441.JPG 1280w\" sizes=\"auto, (max-width: 300px) 100vw, 300px\" \/><\/a><br \/>\n<a href=\"http:\/\/blog.inmontanis.info\/wp-content\/uploads\/2009\/07\/P1390447.JPG\"><img loading=\"lazy\" decoding=\"async\" class=\" size-medium wp-image-124\" title=\"P1390447\" src=\"http:\/\/blog.inmontanis.info\/wp-content\/uploads\/2009\/07\/P1390447-300x225.jpg\" alt=\"P1390447\" width=\"300\" height=\"225\" srcset=\"http:\/\/blog.inmontanis.info\/wp-content\/uploads\/2009\/07\/P1390447-300x225.jpg 300w, http:\/\/blog.inmontanis.info\/wp-content\/uploads\/2009\/07\/P1390447-100x75.jpg 100w, http:\/\/blog.inmontanis.info\/wp-content\/uploads\/2009\/07\/P1390447.JPG 1280w\" sizes=\"auto, (max-width: 300px) 100vw, 300px\" \/><\/a><br \/>\n<a href=\"http:\/\/blog.inmontanis.info\/wp-content\/uploads\/2009\/07\/P1390449.JPG\"><img loading=\"lazy\" decoding=\"async\" class=\" size-medium wp-image-125\" title=\"P1390449\" src=\"http:\/\/blog.inmontanis.info\/wp-content\/uploads\/2009\/07\/P1390449-300x225.jpg\" alt=\"P1390449\" width=\"300\" height=\"225\" srcset=\"http:\/\/blog.inmontanis.info\/wp-content\/uploads\/2009\/07\/P1390449-300x225.jpg 300w, http:\/\/blog.inmontanis.info\/wp-content\/uploads\/2009\/07\/P1390449-100x75.jpg 100w, http:\/\/blog.inmontanis.info\/wp-content\/uploads\/2009\/07\/P1390449.JPG 1280w\" sizes=\"auto, (max-width: 300px) 100vw, 300px\" \/><\/a><br \/>\n<a href=\"http:\/\/blog.inmontanis.info\/wp-content\/uploads\/2009\/07\/P1390453.JPG\"><img loading=\"lazy\" decoding=\"async\" class=\" size-medium wp-image-129\" title=\"P1390453\" src=\"http:\/\/blog.inmontanis.info\/wp-content\/uploads\/2009\/07\/P1390453-300x225.jpg\" alt=\"P1390453\" width=\"300\" height=\"225\" srcset=\"http:\/\/blog.inmontanis.info\/wp-content\/uploads\/2009\/07\/P1390453-300x225.jpg 300w, http:\/\/blog.inmontanis.info\/wp-content\/uploads\/2009\/07\/P1390453-100x75.jpg 100w, http:\/\/blog.inmontanis.info\/wp-content\/uploads\/2009\/07\/P1390453.JPG 1280w\" sizes=\"auto, (max-width: 300px) 100vw, 300px\" \/><\/a><\/p>\n<div id=\"attachment_130\" style=\"width: 310px\" class=\"wp-caption alignnone\"><a href=\"http:\/\/blog.inmontanis.info\/wp-content\/uploads\/2009\/07\/P1390454.JPG\"><img loading=\"lazy\" decoding=\"async\" aria-describedby=\"caption-attachment-130\" class=\"size-medium wp-image-130\" title=\"P1390454\" src=\"http:\/\/blog.inmontanis.info\/wp-content\/uploads\/2009\/07\/P1390454-300x225.jpg\" alt=\"Hr. G\u00f6tz, Hr. Rei\u00df, Hr. Seeger\" width=\"300\" height=\"225\" srcset=\"http:\/\/blog.inmontanis.info\/wp-content\/uploads\/2009\/07\/P1390454-300x225.jpg 300w, http:\/\/blog.inmontanis.info\/wp-content\/uploads\/2009\/07\/P1390454-100x75.jpg 100w, http:\/\/blog.inmontanis.info\/wp-content\/uploads\/2009\/07\/P1390454.JPG 1280w\" sizes=\"auto, (max-width: 300px) 100vw, 300px\" \/><\/a><p id=\"caption-attachment-130\" class=\"wp-caption-text\">Hr. G\u00f6tz, Hr. Rei\u00df, Hr. Seeger<\/p><\/div>\n<div id=\"attachment_131\" style=\"width: 310px\" class=\"wp-caption alignnone\"><a href=\"http:\/\/blog.inmontanis.info\/wp-content\/uploads\/2009\/07\/P1390455.JPG\"><img loading=\"lazy\" decoding=\"async\" aria-describedby=\"caption-attachment-131\" class=\"size-medium wp-image-131\" title=\"P1390455\" src=\"http:\/\/blog.inmontanis.info\/wp-content\/uploads\/2009\/07\/P1390455-300x225.jpg\" alt=\"Mit Hrn. Bauer\" width=\"300\" height=\"225\" srcset=\"http:\/\/blog.inmontanis.info\/wp-content\/uploads\/2009\/07\/P1390455-300x225.jpg 300w, http:\/\/blog.inmontanis.info\/wp-content\/uploads\/2009\/07\/P1390455-100x75.jpg 100w, http:\/\/blog.inmontanis.info\/wp-content\/uploads\/2009\/07\/P1390455.JPG 1280w\" sizes=\"auto, (max-width: 300px) 100vw, 300px\" \/><\/a><p id=\"caption-attachment-131\" class=\"wp-caption-text\">Mit Hrn. Bauer<\/p><\/div>\n<div id=\"attachment_138\" style=\"width: 310px\" class=\"wp-caption alignnone\"><a href=\"http:\/\/blog.inmontanis.info\/wp-content\/uploads\/2009\/07\/P1390468.JPG\"><img loading=\"lazy\" decoding=\"async\" aria-describedby=\"caption-attachment-138\" class=\"size-medium wp-image-138\" title=\"P1390468\" src=\"http:\/\/blog.inmontanis.info\/wp-content\/uploads\/2009\/07\/P1390468-300x225.jpg\" alt=\"Auf dem Dach\" width=\"300\" height=\"225\" srcset=\"http:\/\/blog.inmontanis.info\/wp-content\/uploads\/2009\/07\/P1390468-300x225.jpg 300w, http:\/\/blog.inmontanis.info\/wp-content\/uploads\/2009\/07\/P1390468-100x75.jpg 100w, http:\/\/blog.inmontanis.info\/wp-content\/uploads\/2009\/07\/P1390468.JPG 1280w\" sizes=\"auto, (max-width: 300px) 100vw, 300px\" \/><\/a><p id=\"caption-attachment-138\" class=\"wp-caption-text\">Auf dem Dach<\/p><\/div>\n<div id=\"attachment_132\" style=\"width: 310px\" class=\"wp-caption alignnone\"><a href=\"http:\/\/blog.inmontanis.info\/wp-content\/uploads\/2009\/07\/P1390456.JPG\"><img loading=\"lazy\" decoding=\"async\" aria-describedby=\"caption-attachment-132\" class=\"size-medium wp-image-132\" title=\"P1390456\" src=\"http:\/\/blog.inmontanis.info\/wp-content\/uploads\/2009\/07\/P1390456-300x225.jpg\" alt=\"Pano vom Dach\" width=\"300\" height=\"225\" srcset=\"http:\/\/blog.inmontanis.info\/wp-content\/uploads\/2009\/07\/P1390456-300x225.jpg 300w, http:\/\/blog.inmontanis.info\/wp-content\/uploads\/2009\/07\/P1390456-100x75.jpg 100w, http:\/\/blog.inmontanis.info\/wp-content\/uploads\/2009\/07\/P1390456.JPG 1280w\" sizes=\"auto, (max-width: 300px) 100vw, 300px\" \/><\/a><p id=\"caption-attachment-132\" class=\"wp-caption-text\">Pano vom Dach<\/p><\/div>\n<p><a href=\"http:\/\/blog.inmontanis.info\/wp-content\/uploads\/2009\/07\/P1390457.JPG\"><img loading=\"lazy\" decoding=\"async\" class=\" size-medium wp-image-133\" title=\"P1390457\" src=\"http:\/\/blog.inmontanis.info\/wp-content\/uploads\/2009\/07\/P1390457-300x225.jpg\" alt=\"P1390457\" width=\"300\" height=\"225\" srcset=\"http:\/\/blog.inmontanis.info\/wp-content\/uploads\/2009\/07\/P1390457-300x225.jpg 300w, http:\/\/blog.inmontanis.info\/wp-content\/uploads\/2009\/07\/P1390457-100x75.jpg 100w, http:\/\/blog.inmontanis.info\/wp-content\/uploads\/2009\/07\/P1390457.JPG 1280w\" sizes=\"auto, (max-width: 300px) 100vw, 300px\" \/><\/a><br \/>\n<a href=\"http:\/\/blog.inmontanis.info\/wp-content\/uploads\/2009\/07\/P1390458.JPG\"><img loading=\"lazy\" decoding=\"async\" class=\" size-medium wp-image-134\" title=\"P1390458\" src=\"http:\/\/blog.inmontanis.info\/wp-content\/uploads\/2009\/07\/P1390458-300x225.jpg\" alt=\"P1390458\" width=\"300\" height=\"225\" srcset=\"http:\/\/blog.inmontanis.info\/wp-content\/uploads\/2009\/07\/P1390458-300x225.jpg 300w, http:\/\/blog.inmontanis.info\/wp-content\/uploads\/2009\/07\/P1390458-100x75.jpg 100w, http:\/\/blog.inmontanis.info\/wp-content\/uploads\/2009\/07\/P1390458.JPG 1280w\" sizes=\"auto, (max-width: 300px) 100vw, 300px\" \/><\/a><br \/>\n<a href=\"http:\/\/blog.inmontanis.info\/wp-content\/uploads\/2009\/07\/P1390461.JPG\"><img loading=\"lazy\" decoding=\"async\" class=\" size-medium wp-image-135\" title=\"P1390461\" src=\"http:\/\/blog.inmontanis.info\/wp-content\/uploads\/2009\/07\/P1390461-300x225.jpg\" alt=\"P1390461\" width=\"300\" height=\"225\" srcset=\"http:\/\/blog.inmontanis.info\/wp-content\/uploads\/2009\/07\/P1390461-300x225.jpg 300w, http:\/\/blog.inmontanis.info\/wp-content\/uploads\/2009\/07\/P1390461-100x75.jpg 100w, http:\/\/blog.inmontanis.info\/wp-content\/uploads\/2009\/07\/P1390461.JPG 1280w\" sizes=\"auto, (max-width: 300px) 100vw, 300px\" \/><\/a><br \/>\n<a href=\"http:\/\/blog.inmontanis.info\/wp-content\/uploads\/2009\/07\/P1390465.JPG\"><img loading=\"lazy\" decoding=\"async\" class=\" size-medium wp-image-136\" title=\"P1390465\" src=\"http:\/\/blog.inmontanis.info\/wp-content\/uploads\/2009\/07\/P1390465-300x225.jpg\" alt=\"P1390465\" width=\"300\" height=\"225\" srcset=\"http:\/\/blog.inmontanis.info\/wp-content\/uploads\/2009\/07\/P1390465-300x225.jpg 300w, http:\/\/blog.inmontanis.info\/wp-content\/uploads\/2009\/07\/P1390465-100x75.jpg 100w, http:\/\/blog.inmontanis.info\/wp-content\/uploads\/2009\/07\/P1390465.JPG 1280w\" sizes=\"auto, (max-width: 300px) 100vw, 300px\" \/><\/a><\/p>\n<div id=\"attachment_137\" style=\"width: 310px\" class=\"wp-caption alignnone\"><a href=\"http:\/\/blog.inmontanis.info\/wp-content\/uploads\/2009\/07\/P1390467.JPG\"><img loading=\"lazy\" decoding=\"async\" aria-describedby=\"caption-attachment-137\" class=\"size-medium wp-image-137\" title=\"P1390467\" src=\"http:\/\/blog.inmontanis.info\/wp-content\/uploads\/2009\/07\/P1390467-300x225.jpg\" alt=\"(Vorne unten in der Mitte Hr. H\u00e4gel)\" width=\"300\" height=\"225\" srcset=\"http:\/\/blog.inmontanis.info\/wp-content\/uploads\/2009\/07\/P1390467-300x225.jpg 300w, http:\/\/blog.inmontanis.info\/wp-content\/uploads\/2009\/07\/P1390467-100x75.jpg 100w, http:\/\/blog.inmontanis.info\/wp-content\/uploads\/2009\/07\/P1390467.JPG 904w\" sizes=\"auto, (max-width: 300px) 100vw, 300px\" \/><\/a><p id=\"caption-attachment-137\" class=\"wp-caption-text\">(Vorne unten in der Mitte Hr. H\u00e4gel)<\/p><\/div>\n<p><a href=\"http:\/\/blog.inmontanis.info\/wp-content\/uploads\/2009\/07\/P1390473.JPG\"><img loading=\"lazy\" decoding=\"async\" class=\" size-medium wp-image-139\" title=\"P1390473\" src=\"http:\/\/blog.inmontanis.info\/wp-content\/uploads\/2009\/07\/P1390473-300x225.jpg\" alt=\"P1390473\" width=\"300\" height=\"225\" srcset=\"http:\/\/blog.inmontanis.info\/wp-content\/uploads\/2009\/07\/P1390473-300x225.jpg 300w, http:\/\/blog.inmontanis.info\/wp-content\/uploads\/2009\/07\/P1390473-100x75.jpg 100w, http:\/\/blog.inmontanis.info\/wp-content\/uploads\/2009\/07\/P1390473.JPG 1280w\" sizes=\"auto, (max-width: 300px) 100vw, 300px\" \/><\/a><\/p>\n<div id=\"attachment_141\" style=\"width: 310px\" class=\"wp-caption alignnone\"><a href=\"http:\/\/blog.inmontanis.info\/wp-content\/uploads\/2009\/07\/P1390475.JPG\"><img loading=\"lazy\" decoding=\"async\" aria-describedby=\"caption-attachment-141\" class=\"size-medium wp-image-141\" title=\"P1390475\" src=\"http:\/\/blog.inmontanis.info\/wp-content\/uploads\/2009\/07\/P1390475-300x225.jpg\" alt=\"Zimmer 101, Unser Klassenzimmer der 11a\" width=\"300\" height=\"225\" srcset=\"http:\/\/blog.inmontanis.info\/wp-content\/uploads\/2009\/07\/P1390475-300x225.jpg 300w, http:\/\/blog.inmontanis.info\/wp-content\/uploads\/2009\/07\/P1390475-100x75.jpg 100w, http:\/\/blog.inmontanis.info\/wp-content\/uploads\/2009\/07\/P1390475.JPG 1280w\" sizes=\"auto, (max-width: 300px) 100vw, 300px\" \/><\/a><p id=\"caption-attachment-141\" class=\"wp-caption-text\">Zimmer 101, Unser Klassenzimmer der 11a<\/p><\/div>\n<p><a href=\"http:\/\/blog.inmontanis.info\/wp-content\/uploads\/2009\/07\/P1390478.JPG\"><img loading=\"lazy\" decoding=\"async\" class=\" size-medium wp-image-142\" title=\"P1390478\" src=\"http:\/\/blog.inmontanis.info\/wp-content\/uploads\/2009\/07\/P1390478-300x225.jpg\" alt=\"P1390478\" width=\"300\" height=\"225\" srcset=\"http:\/\/blog.inmontanis.info\/wp-content\/uploads\/2009\/07\/P1390478-300x225.jpg 300w, http:\/\/blog.inmontanis.info\/wp-content\/uploads\/2009\/07\/P1390478-100x75.jpg 100w, http:\/\/blog.inmontanis.info\/wp-content\/uploads\/2009\/07\/P1390478.JPG 1280w\" sizes=\"auto, (max-width: 300px) 100vw, 300px\" \/><\/a><br \/>\n<a href=\"http:\/\/blog.inmontanis.info\/wp-content\/uploads\/2009\/07\/P1390489.JPG\"><img loading=\"lazy\" decoding=\"async\" class=\" size-medium wp-image-148\" title=\"P1390489\" src=\"http:\/\/blog.inmontanis.info\/wp-content\/uploads\/2009\/07\/P1390489-300x225.jpg\" alt=\"P1390489\" width=\"300\" height=\"225\" srcset=\"http:\/\/blog.inmontanis.info\/wp-content\/uploads\/2009\/07\/P1390489-300x225.jpg 300w, http:\/\/blog.inmontanis.info\/wp-content\/uploads\/2009\/07\/P1390489-100x75.jpg 100w, http:\/\/blog.inmontanis.info\/wp-content\/uploads\/2009\/07\/P1390489.JPG 1280w\" sizes=\"auto, (max-width: 300px) 100vw, 300px\" \/><\/a><\/p>\n<div id=\"attachment_143\" style=\"width: 310px\" class=\"wp-caption alignnone\"><br \/>\n<a href=\"http:\/\/blog.inmontanis.info\/wp-content\/uploads\/2009\/07\/P1390479.JPG\"><img loading=\"lazy\" decoding=\"async\" aria-describedby=\"caption-attachment-143\" class=\"size-medium wp-image-143\" title=\"P1390479\" src=\"http:\/\/blog.inmontanis.info\/wp-content\/uploads\/2009\/07\/P1390479-300x225.jpg\" alt=\"Hab noch 'nen kleinen Abstecher zur Burg gemacht\" width=\"300\" height=\"225\" srcset=\"http:\/\/blog.inmontanis.info\/wp-content\/uploads\/2009\/07\/P1390479-300x225.jpg 300w, http:\/\/blog.inmontanis.info\/wp-content\/uploads\/2009\/07\/P1390479-100x75.jpg 100w, http:\/\/blog.inmontanis.info\/wp-content\/uploads\/2009\/07\/P1390479.JPG 1280w\" sizes=\"auto, (max-width: 300px) 100vw, 300px\" \/><\/a><p id=\"caption-attachment-143\" class=\"wp-caption-text\">Hab noch &#39;nen kleinen Abstecher zur Burg gemacht<\/p><\/div>\n<p><a href=\"http:\/\/blog.inmontanis.info\/wp-content\/uploads\/2009\/07\/P1390480.JPG\"><img loading=\"lazy\" decoding=\"async\" class=\" size-medium wp-image-144\" title=\"P1390480\" src=\"http:\/\/blog.inmontanis.info\/wp-content\/uploads\/2009\/07\/P1390480-300x225.jpg\" alt=\"P1390480\" width=\"300\" height=\"225\" srcset=\"http:\/\/blog.inmontanis.info\/wp-content\/uploads\/2009\/07\/P1390480-300x225.jpg 300w, http:\/\/blog.inmontanis.info\/wp-content\/uploads\/2009\/07\/P1390480-100x75.jpg 100w, http:\/\/blog.inmontanis.info\/wp-content\/uploads\/2009\/07\/P1390480.JPG 1280w\" sizes=\"auto, (max-width: 300px) 100vw, 300px\" \/><\/a><\/p>\n<div id=\"attachment_77\" style=\"width: 310px\" class=\"wp-caption alignnone\"><a href=\"http:\/\/blog.inmontanis.info\/wp-content\/uploads\/2009\/07\/nbg-s\u00fcdpano.jpg\"><img loading=\"lazy\" decoding=\"async\" aria-describedby=\"caption-attachment-77\" class=\"size-medium wp-image-77\" title=\"nbg-s\u00fcdpano\" src=\"http:\/\/blog.inmontanis.info\/wp-content\/uploads\/2009\/07\/nbg-s\u00fcdpano-300x87.jpg\" alt=\"S\u00fcd-Pano von der Burg\" width=\"300\" height=\"87\" srcset=\"http:\/\/blog.inmontanis.info\/wp-content\/uploads\/2009\/07\/nbg-s\u00fcdpano-300x87.jpg 300w, http:\/\/blog.inmontanis.info\/wp-content\/uploads\/2009\/07\/nbg-s\u00fcdpano-100x29.jpg 100w, http:\/\/blog.inmontanis.info\/wp-content\/uploads\/2009\/07\/nbg-s\u00fcdpano-1280x374.jpg 1280w\" sizes=\"auto, (max-width: 300px) 100vw, 300px\" \/><\/a><p id=\"caption-attachment-77\" class=\"wp-caption-text\">S\u00fcd-Pano von der Burg<\/p><\/div>\n<p><a href=\"http:\/\/blog.inmontanis.info\/wp-content\/uploads\/2009\/07\/P1390484.JPG\"><img loading=\"lazy\" decoding=\"async\" class=\" size-medium wp-image-145\" title=\"P1390484\" src=\"http:\/\/blog.inmontanis.info\/wp-content\/uploads\/2009\/07\/P1390484-300x225.jpg\" alt=\"P1390484\" width=\"300\" height=\"225\" srcset=\"http:\/\/blog.inmontanis.info\/wp-content\/uploads\/2009\/07\/P1390484-300x225.jpg 300w, http:\/\/blog.inmontanis.info\/wp-content\/uploads\/2009\/07\/P1390484-100x75.jpg 100w, http:\/\/blog.inmontanis.info\/wp-content\/uploads\/2009\/07\/P1390484.JPG 1280w\" sizes=\"auto, (max-width: 300px) 100vw, 300px\" \/><\/a><\/p>\n<div id=\"attachment_146\" style=\"width: 310px\" class=\"wp-caption alignnone\"><a href=\"http:\/\/blog.inmontanis.info\/wp-content\/uploads\/2009\/07\/P1390485.JPG\"><img loading=\"lazy\" decoding=\"async\" aria-describedby=\"caption-attachment-146\" class=\"size-medium wp-image-146\" title=\"P1390485\" src=\"http:\/\/blog.inmontanis.info\/wp-content\/uploads\/2009\/07\/P1390485-300x224.jpg\" alt=\"Zoom zum N\u00fcrnberger Fernsehturm\" width=\"300\" height=\"224\" srcset=\"http:\/\/blog.inmontanis.info\/wp-content\/uploads\/2009\/07\/P1390485-300x224.jpg 300w, http:\/\/blog.inmontanis.info\/wp-content\/uploads\/2009\/07\/P1390485-100x74.jpg 100w, http:\/\/blog.inmontanis.info\/wp-content\/uploads\/2009\/07\/P1390485.JPG 1280w\" sizes=\"auto, (max-width: 300px) 100vw, 300px\" \/><\/a><p id=\"caption-attachment-146\" class=\"wp-caption-text\">Zoom zum N\u00fcrnberger Fernsehturm<\/p><\/div>\n<p><a href=\"http:\/\/blog.inmontanis.info\/wp-content\/uploads\/2009\/07\/P1390488.JPG\"><img loading=\"lazy\" decoding=\"async\" class=\" size-medium wp-image-147\" title=\"P1390488\" src=\"http:\/\/blog.inmontanis.info\/wp-content\/uploads\/2009\/07\/P1390488-300x225.jpg\" alt=\"P1390488\" width=\"300\" height=\"225\" srcset=\"http:\/\/blog.inmontanis.info\/wp-content\/uploads\/2009\/07\/P1390488-300x225.jpg 300w, http:\/\/blog.inmontanis.info\/wp-content\/uploads\/2009\/07\/P1390488-100x75.jpg 100w, http:\/\/blog.inmontanis.info\/wp-content\/uploads\/2009\/07\/P1390488.JPG 1280w\" sizes=\"auto, (max-width: 300px) 100vw, 300px\" \/><\/a><\/div>\n<p>Von 1985 bis 1994 war ich am Scharrer &#8211; geradewegs hindurch von der 5. bis zu 13., immer  gerade so durchgekommen. Zum Gl\u00fcck vergisst man mit der Zeit die schlechten Erinnerungen, und was bleibt sind &#8211; neben den ganz schlechten Erinnerungen &#8211; viele positive und ein Hauch von Nichts.<\/p>\n<p>Ein gro\u00dfer Hauch von Nichts. So jedenfalls meine Erkenntnis, als ich mir ein paar Tage vor dem Sommerfest die M\u00fche machte, s\u00e4mtliche meine Lehrer aufzulisten und zu notieren, wann sie das Scharrer (und die Welt) verlie\u00dfen.<\/p>\n<p>Einige sagten mir vom Namen her gar nichts mehr, bei anderen war ich regelrecht erstaunt: &#8220;Bitte was, den\/die hatte ich?? Sogar in der Kollegstufe?? Autsch!! Was, und den hatten wir als Klassenleiter? Bitte? Und ich hab damals das Klassenbuch gef\u00fchrt? Heieiei, so d\u00fcster, ja &#8230; kann ich mich erinnern &#8230; Und welcher Lehrer war eigentlich bei der Klassenfahrt nach Florenz dabei? Mal in mein altes Tagebuch schauen &#8230; was? Hr. Bauer? Anstatt unseres Klassenleiters Hrn. Thieroff?&#8221;<\/p>\n<p>Andere wiederum sind einem eher negativ in Erinnerung, sei es, weil man mit ihnen nicht klar gekommen ist, oder weil einem einfach das Fach nicht lag. Und dann scheint es noch eine gro\u00dfe Nebelwolke zu geben, gef\u00fcllt mit F\u00e4chern, die nicht positiv und nicht negativ waren,  und gef\u00fcllt mit Lehrern, die halt irgendwie nur Durchschnitt waren.<\/p>\n<p>Und dann gibt es noch diejenigen, die in den letzten 15 Jahren einfach so und viel zu fr\u00fch gestorben sind &#8211; von meiner Warte aus betraf das v.a. Fr. Boos, Fr. Weigert und Hrn. Hanser, von denen ich einige positive bis sehr positive Erinnerungen habe. <\/p>\n<p>\u00dcberhaupt sind von meinen ehemaligen Lehrern kaum einer mehr am Scharrer. Wann, wenn nicht jetzt, wird es noch einmal die Gelegenheit geben, einige der &#8220;alten&#8221; Lehrer wieder zu sehen? Nochmal in den G\u00e4ngen der Schule zu wandeln?<\/p>\n<p>Irgendwie steht das heurige Jahr bei mir generell unter dem gro\u00dfen Motto &#8220;Einmalige Chancen, die man nutzen muss&#8221; &#8211; und so nahm ich auch diese wahr, und fuhr von meiner neuen Heimat Innsbruck in die alte Heimat N\u00fcrnberg.<\/p>\n<p>Kurz vor 14 Uhr war ich am Scharrer und musste mit Erstaunen feststellen, dass das ausgeh\u00e4ngt Programm sich etwas von dem der Homepage unterscheidet. Nun sollen die Ehemaligen-Treffen in den Zimmern im Altbau erst um 15:30 statt um 14:30 sein!<\/p>\n<p>Aber ich wollte doch unbedingt auch die Felseng\u00e4nge-F\u00fchrung machen? Und die ist nur alle Stunde. Na, egal, mach ich das gleich um 15 Uhr, werd&#8217; schon danach auch noch jemand finden.<\/p>\n<p>Und bis dahin kann man ja durch die G\u00e4nge wandeln und hier und da ein paar Fotos machen. Es war echt erstaunlich. Sicher, hier und da wurde was ge\u00e4ndert, neue Farbe, Belegungspl\u00e4ne an den Klassenr\u00e4umen &#8211; aber im Grunde? Kann man sich an alles erinnern. An jede T\u00fcre, an jede Abzweigung, an jedes Zimmer, an jede Ecke, innen wie au\u00dfen. So als w\u00e4re man die letzten 15 Jahre nie weg gewesen!! Hier und da sieht man einen Lehrer, den man noch kennt &#8211; und viele von denen erkennt man sofort, schauen noch genauso jung oder alt aus wie vor 15-20 Jahren. <em>Strange<\/em>!<\/p>\n<p>Mein erstes Opfer war Hr. M\u00fcller. Hatte ich neben Mathe in der 8. auch im Physik-LK in der 12. und 13., und vor 8 Jahren einen kurzen EMail-Verkehr. Meinen Namen hatte er nicht mehr genau gewusst, aber das muss man wohl verstehen &#8211; so ein Lehrer hat vielleicht &#8211;  je nach Unterrichtsfach &#8211; 5 bis 15 Klassen, macht pro Jahr 100-400 Sch\u00fcler, macht in 15 Jahren 1.500-6.000 Sch\u00fcler. Ok, jeder Lehrer wird eine Klasse oft 2-3 Jahre haben, aber so 1.000-2.000 Sch\u00fcler pro 10 Jahre sind schon drin!<\/p>\n<p>Erstaunter war ich, als er mir erz\u00e4hlte, dass er bald in den Ruhestand ginge (heuer oder n\u00e4chstes Jahr, konnte es mir gar nicht genau merken). Es waren halt doch 15 Jahre &#8230;<\/p>\n<p>N\u00e4chstes Opfer war Hr. Thieroff. Zugegeben, auch ich war &#8211; siehe oben &#8211; leicht erstaunt, dass wir ihn in der 11a als Klassenleiter hatten. Da wir aber damals wohl seine erste Klasse waren (er kam 1 Jahr vor uns am Scharrer an, hatte damals lt. Jahresbericht aber noch keine eigene Klasse) und ich nebenbei das Klassenbuch gef\u00fchrt hab, hab ich ihn eben angesprochen.<\/p>\n<p>Nun, entweder waren wir so schlimm, dass er uns verdr\u00e4ngt hat, oder er nutzt seine grauen Zellen eben lieber f\u00fcr sinnvollere Dinge &#8211; jedenfalls konnte er sich nicht wirklich erinnern, und ich hatte leider vergessen, ihm das alte Klassenfoto zu zeigen, das ich extra am Vorabend auf mein iPhone kopiert hatte &#8230;:<\/p>\n<p><a href=\"http:\/\/blog.inmontanis.info\/wp-content\/uploads\/2009\/07\/JSG_11a_1991-92.JPG\"><img loading=\"lazy\" decoding=\"async\" src=\"http:\/\/blog.inmontanis.info\/wp-content\/uploads\/2009\/07\/JSG_11a_1991-92-300x210.jpg\" alt=\"11a 1991\/92 mit Hrn. Thieroff\" title=\"JSG_11a_1991-92\" width=\"200\" height=\"140\" class=\"size-medium wp-image-23\" srcset=\"http:\/\/blog.inmontanis.info\/wp-content\/uploads\/2009\/07\/JSG_11a_1991-92-300x210.jpg 300w, http:\/\/blog.inmontanis.info\/wp-content\/uploads\/2009\/07\/JSG_11a_1991-92-1280x897.jpg 1280w\" sizes=\"auto, (max-width: 200px) 100vw, 200px\" \/><\/a><\/p>\n<p>(Ohne Bart h\u00e4tte man ihn vermutlich gar nicht als Lehrer eingeordnet, so jung war er damals :-) )<\/p>\n<p>Allerdings hatte ich dann meine Zweifel, ob ich andere ehemalige Lehrer \u00fcberhaupt noch ansprechen soll? Lehrer, die man noch vor viel l\u00e4ngerer Zeit mal hatte? Wo man sich selbst ja auch rein \u00e4u\u00dferlich viel mehr ver\u00e4ndert hat als seit der 11. Klasse? Und soll man Lehrer ansprechen, an denen man sich selbst kaum mehr erinnern kann, weil sie eben in dieser Nebelwolke gelandet sind?<\/p>\n<p>Nach diesen Zweifeln begab ich mich erst mal in die Felseng\u00e4nge. Die Fotos k\u00f6nnt ihr ja rechts weiter unten sehen. War schon recht interessant, und gerne w\u00e4re man abseits des Weges gegangen &#8230;..<\/p>\n<p>Als ich somit gegen 16 Uhr im &#8220;Abitreffenzimmer&#8221; war, war da niemand mehr, unten am Hof hab ich unsere kleine Gruppe jedoch schnell gefunden.<\/p>\n<p>Dann entdeckte ich endlich Hrn. Rei\u00df, den ich in der Kollegstufe im Mathe-LK und in Informatik hatte (wo ich auch meine Facharbeit schrieb) &#8211; und &#8211; hey, der Mann ist gut! Konnte er sich doch an meinen Nach- und Vornamen erinnern! Und dann kam eine andere, die noch lang vor mir Abi gemacht hat, sogar an die konnte er sich noch mit kompletten Namen erinnern!<\/p>\n<p>Hatte die Gelegenheit genutzt und ihn nach ein paar der &#8220;alten&#8221; Kollegen gefragt, die wir auch hatten&#8230; Hr. B\u00f6gelein ist wohl schon seit einiger Zeit tot, Hr. Steiger lebt noch, aber im Altersheim, die Herren Klier, Rauber und Prechtl (oder 2 von denen? Wei\u00df gar nicht mehr, nach wen ich alles gefragt hatte) leben noch.<\/p>\n<p>Jedenfalls schien er es regelrecht genossen zu haben, dass er von vielen seiner ehemaligen Sch\u00fcler angesprochen wurde. \u00dcberhaupt machten die pensionierten Lehrer einen recht gl\u00fccklichen Eindruck.<\/p>\n<p>Hr. Bauer leistete uns auch einige Zeit Gesellschaft &#8211; der Kerl hat sein 25-j\u00e4hriges Dienstjubil\u00e4um n\u00e4chstes Jahr? Dann kam er also mit uns oder maximal 1 Jahr vor uns ans JSG! <\/p>\n<p>Die Zeit verging recht schnell &#8211; das ist ja das generelle Problem am \u00c4lter werden, dass die Zeit gef\u00fchlt immer schneller vergeht &#8211; und gegen 17\/18 Uhr hat es sich schon stark dezimiert, was mich irgendwie schwer verwundert hatte, hatte ich doch in Erinnerung, dass die Sommerfeste bis in die Nacht gingen? Anscheinend waren sie aber fr\u00fcher am Freitag? Und anscheinend gab es da ein paar Alkoholexzesse&#8230;<\/p>\n<p>Hr. M\u00fcller war nachher noch so freundlich, mir die T\u00fcr zur Dachterrasse aufzusperren, wo ich ein paar sch\u00f6ne Fotos \u00fcber den D\u00e4chern N\u00fcrnbergs machen konnte. Ich sprach ihn noch kurz an, wie es denn inzwischen mit Computern im Unterricht sei und war erstaunt, dass sich in den letzten 15 Jahren da auch recht wenig ge\u00e4ndert hat. Und wenn&#8217;s dann mal hier und da neue Techniken gibt, dann funktionieren sie ab &#038; zu nicht&#8230; Vom generellen &#8220;Sch\u00fcler-Notebook&#8221; scheint man aber wohl noch weit entfernt zu sein. Sorry, ich check&#8217;s nicht. Schlafen die Kultusminister?<\/p>\n<p>Aufgrund der positiven Erfahrung bei Hrn. Rei\u00df hab ich nun die alten Lehrer noch abgeklappert, so sie noch da waren und ich mich an sie gut erinnern konnte:<\/p>\n<p>Also bin ich erst mal bei Hrn. G\u00f6tz und Hrn. Seeger h\u00e4ngengeblieben.<\/p>\n<p>Hr. G\u00f6tz ist auch schon vor ca. 7 Jahren aus dem aktiven Schulbetrieb ausgeschieden (obwohl ich ihn anno 1994 noch nicht so nah an der Pensionierung eingesch\u00e4tzt h\u00e4tte) &#8211; allerdings schreibt er wohl immer noch aktiv Mathe-B\u00fccher&#8230;<\/p>\n<p>Auch Hr. Seeger meinte sich zu erinnern, als ich ihm meinen Namen sagte &#8211; leider verga\u00df ich ja wieder das iPhone mit meinen Klassenfotos &#8230;.<\/p>\n<p><a href=\"http:\/\/blog.inmontanis.info\/wp-content\/uploads\/2009\/07\/JSG_6b-1986-87.JPG\"><img loading=\"lazy\" decoding=\"async\" src=\"http:\/\/blog.inmontanis.info\/wp-content\/uploads\/2009\/07\/JSG_6b-1986-87-300x204.jpg\" alt=\"6b 1986\/87 mit Hrn. Seeger\" title=\"JSG_6b-1986-87\" width=\"200\" height=\"135\" class=\"size-medium wp-image-18\" srcset=\"http:\/\/blog.inmontanis.info\/wp-content\/uploads\/2009\/07\/JSG_6b-1986-87-300x204.jpg 300w, http:\/\/blog.inmontanis.info\/wp-content\/uploads\/2009\/07\/JSG_6b-1986-87-1280x873.jpg 1280w\" sizes=\"auto, (max-width: 200px) 100vw, 200px\" \/><\/a><\/p>\n<p><a href=\"http:\/\/blog.inmontanis.info\/wp-content\/uploads\/2009\/07\/JSG_7g-1987-88-partiell.JPG\"><img loading=\"lazy\" decoding=\"async\" src=\"http:\/\/blog.inmontanis.info\/wp-content\/uploads\/2009\/07\/JSG_7g-1987-88-partiell-300x218.jpg\" alt=\"7g 1987\/88 (unvollst\u00e4ndig :-) )\" title=\"JSG_7g-1987-88-partiell\" width=\"200\" height=\"144\" class=\"size-medium wp-image-19\" \/><\/a><\/p>\n<p>Immerhin war Hr. Seeger unser Klassenleiter in der 6b und 7g, ich hatte ihn in der 5. in Deutsch und Erdkunde, in der 6. in Deutsch und Erdkunde, in der 7. in Deutsch, Erdkunde und Geschichte. Hatte also vor allem meine ersten Jahre im Scharrer stark gepr\u00e4gt. Auch wenn ich nie gute Noten bei ihm hatte&#8230; Nebenbei ist er schon vor 13 Jahren in Ruhestand gegangen, war somit wohl einer der \u00e4ltesten ehemaligen Lehrer an diesem Abend.<\/p>\n<p>Hrn. H\u00e4gel und Fr. Jelden hab ich noch kurz vor ihrem Abgang abgepasst. Als er sich etwas erinnert hat, kam mir dann endlich die Idee, dass ich ihm ja ein altes Klassenfoto zeigen k\u00f6nnte, hatte ich mir doch gestern extra aufs iPhone kopiert! Warum kam ich da nicht schon fr\u00fcher drauf ? H\u00e4tte ich Hrn. Seeger auch etwas auf die Spr\u00fcnge helfen k\u00f6nnen &#8211; und Hrn. Thieroff! Oder Hrn. Hild und Hrn. Dorner &#8211; waren ja auch meine Klassenleiter und somit auf dem Foto &#8211; aber die waren leider schon weg &#8211; leider hatte ich die zwei verpasst &#8230; v.a. um Hrn. Dorner tat&#8217;s mir Leid, weil ich ganz vergessen hatte, dass ich ihn nicht nur einige Jahre in Sport, sondern in der 9. auch in Englisch und sogar als Klassenleiter hatte &#8211; und von allen meinen Sportlehrern war er mir mit Abstand am sympathischsten.<\/p>\n<p>Hr. H\u00e4gel sagte mir noch, dass er heuer in Ruhestand gehen wird &#8211; was ich gar nicht glauben konnte. \u00dcberhaupt fand ich war Hr. H\u00e4gel derjenige, der sich in den letzten 20 Jahren am wenigsten ver\u00e4ndert hat. Echt, der schaut kein Jahr \u00e4lter aus! Muss wohl einen Jungbrunnen gefunden haben :-)<\/p>\n<p>Und ich hatte ihn ja in der 9. in Deutsch und in der 10. in Geschichte  (beide F\u00e4cher waren \u00fcber meine gesamte Schullaufbahn nicht gerade mein Steckenpferd, ich pendelte stets um die Note 4-, aber die Note allein entscheidet wohl nicht \u00fcber Sympathie, die man gegen\u00fcber einem Lehrer empfindet, umgekehrt wird eine Antipathie wohl eher zu einer negativen Note f\u00fchren).<\/p>\n<p>Ebenfalls kaum ver\u00e4ndert hatte sich auch Hr. Harder. Bei Hrn. Harder hatte ich zwar Ethik M\u00fcndlich-Grundkurs, aber eher so in Richtung &#8220;H\u00e4? Echt?&#8221;, und wenn ich mich schon kaum mehr an den damaligen Unterricht erinnern kann, wie soll es dann erst einen Lehrer gehen? Somit hatte ich Hrn. Harder auch nicht angesprochen.<\/p>\n<p>Daf\u00fcr lief mir noch Hr. Schwarz entgegen, wie eh und jeh mit K\u00e4ppi und Schnauzer, der sich, obwohl ich ihn nur in der 8. &#8211; wieder einmal &#8211; in Deutsch hatte, etwas zu erinnern schien, als ich dann &#8220;Tod eines Handlungsreisenden&#8221; erw\u00e4hnt hatte.<\/p>\n<p>Ob sich ein Lehrer nun wirklich an &#8220;uns&#8221; oder an andere erinnert, ist im Grunde wohl egal, auch wir k\u00f6nnen nach dieser langen Zeit nicht mehr alles korrekt zuordnen. <\/p>\n<p>Bei den meisten Lehrern hatte man gesehen und gesp\u00fcrt, dass es ihnen gefiel, wenn sie von ehemaligen Sch\u00fclern angesprochen wurden, insofern war Zur\u00fcckhaltung fehl am Platz. <\/p>\n<p>Ich w\u00fcrde inzwischen sogar meinen, man sollte sie alle ansprechen, wenn man sich positiv an sie erinnert. Vermutlich kann es f\u00fcr einen Lehrer (v.a. im Ruhestand) nichts sch\u00f6neres geben als eine Best\u00e4tigung f\u00fcr ihre Arbeit zu bekommen, indem sich m\u00f6glichst viele Sch\u00fcler an sie positiv erinnern. Stell dir vor, du w\u00e4rst Lehrer im Ruhestand, kommst nach 5-10 Jahren wieder an deine Schule, sieht Gesichter, die dir irgendwie bekannt vorkommen, aber kaum einer gr\u00fc\u00dft dich? Und sp\u00e4testens jetzt wird&#8217;s dir klar, dass du zum Kreis der &#8220;unbeliebten Lehrer&#8221; geh\u00f6rtest?<\/p>\n<p>Nun ja, als Fazit &#8211; es h\u00e4tte ruhig l\u00e4nger dauern k\u00f6nnen, es h\u00e4tten ruhig mehr meines Jahrgangs und mehr meiner ehemaligen Lehrer da sein d\u00fcrfen &#8211; trotzdem war ich froh,  dort gewesen zu sein &#8211; so jung und zahlreich wird man seine &#8220;alten Lehrer&#8221; nicht mehr sehen.<\/p>\n<p>Das n\u00e4chste runde Scharrer-Jubil\u00e4um ist in 25 Jahren zum 200. &#8211; wer mag dann noch \u00fcbrigbleiben und kommen, den wir noch kennen? Vielleicht noch Hr. Bauer als Pension\u00e4r und Hr. Thieroff  kurz vor oder im Ruhestand?<\/p>\n<p>Hier noch ein kleiner \u00dcberblick:<\/p>\n<p><em>Gesehen und Gesprochen:<\/em><br \/>\nHr. M\u00fcller<br \/>\nHr. Thieroff<br \/>\nHr. Bauer<br \/>\nHr. Rei\u00df<br \/>\nHr. Seeger<br \/>\nHr. G\u00f6tz<br \/>\nHr. H\u00e4gel<br \/>\nHr. Schwarz<\/p>\n<p><em>Gesehen, aber nicht gesprochen:<\/em><br \/>\nHr. Appl (hatte ich nie, geht \u00fcbrigens heuer in Ruhestand)<br \/>\nHr. Baetz (hatte ich nie)<br \/>\nHr. Dorner (leider verpasst)<br \/>\nHr. Feldmeier (hatte ich nie)<br \/>\nHr. Harder (hatte mich zu wenig erinnert)<br \/>\nHr. Hild (verpasst)<br \/>\nFr. Kaiser-Nussel (zu kurz gehabt, zu wenig erinnert)<br \/>\nFr. Schmatjko (Englisch in der 5. und 6. war einfach zu lang her)<br \/>\nHr. Stritz (Sport hatte ich sowieso gehasst, aber bei ihm war&#8217;s noch schlimmer)<\/p>\n<p><em>Leider nicht gesehen:<\/em><br \/>\nHr. Gaab<br \/>\nHr. K\u00e4rcher<br \/>\nHr. Lochner<br \/>\nHr. Metzner<br \/>\nHr. Reinold<br \/>\nHr. Schmidt<\/p>\n<p><em>Nicht erkannt oder Aussehen unbekannt:<\/em><br \/>\n&#8230; der ganze Rest<\/p>\n<p>PS: Ich w\u00fcrde (anders als vor vielleicht 10, 12 Jahren) mein derzeitiges Leben nicht mehr gegen das eines Sch\u00fclers austauschen wollen, aber alle paar Jahre darf man doch mal in Erinnerungen schwelgen, oder?<\/p>\n<p>PPS: Fotos vom letzten Samstag gibt&#8217;s auch direkt <a href=\"http:\/\/www.jsgnbg.de\/cont\/cms\/front_content.php?idart=563\">hier<br \/>\n auf der JSG-Homepage.<\/a><\/p>\n","protected":false},"excerpt":{"rendered":"<p>Am 25.7.2009 lud das JSG zum Jubil\u00e4ums-Sommerfest explizit auch alle Ehemaligen ein. Nun, hier ein Bericht aus der Sicht eines dieser &#8220;Ehemaligen&#8221;&#8230;. <a href=\"http:\/\/blog.inmontanis.info\/?p=67\">[&#8230;]<\/a><\/p>\n","protected":false},"author":1,"featured_media":0,"comment_status":"open","ping_status":"closed","sticky":false,"template":"","format":"standard","meta":{"footnotes":""},"categories":[8],"tags":[],"class_list":["post-67","post","type-post","status-publish","format-standard","hentry","category-private","odd"],"_links":{"self":[{"href":"http:\/\/blog.inmontanis.info\/index.php?rest_route=\/wp\/v2\/posts\/67","targetHints":{"allow":["GET"]}}],"collection":[{"href":"http:\/\/blog.inmontanis.info\/index.php?rest_route=\/wp\/v2\/posts"}],"about":[{"href":"http:\/\/blog.inmontanis.info\/index.php?rest_route=\/wp\/v2\/types\/post"}],"author":[{"embeddable":true,"href":"http:\/\/blog.inmontanis.info\/index.php?rest_route=\/wp\/v2\/users\/1"}],"replies":[{"embeddable":true,"href":"http:\/\/blog.inmontanis.info\/index.php?rest_route=%2Fwp%2Fv2%2Fcomments&post=67"}],"version-history":[{"count":48,"href":"http:\/\/blog.inmontanis.info\/index.php?rest_route=\/wp\/v2\/posts\/67\/revisions"}],"predecessor-version":[{"id":8064,"href":"http:\/\/blog.inmontanis.info\/index.php?rest_route=\/wp\/v2\/posts\/67\/revisions\/8064"}],"wp:attachment":[{"href":"http:\/\/blog.inmontanis.info\/index.php?rest_route=%2Fwp%2Fv2%2Fmedia&parent=67"}],"wp:term":[{"taxonomy":"category","embeddable":true,"href":"http:\/\/blog.inmontanis.info\/index.php?rest_route=%2Fwp%2Fv2%2Fcategories&post=67"},{"taxonomy":"post_tag","embeddable":true,"href":"http:\/\/blog.inmontanis.info\/index.php?rest_route=%2Fwp%2Fv2%2Ftags&post=67"}],"curies":[{"name":"wp","href":"https:\/\/api.w.org\/{rel}","templated":true}]}}