{"id":6696,"date":"2021-04-06T16:14:34","date_gmt":"2021-04-06T14:14:34","guid":{"rendered":"http:\/\/blog.inmontanis.info\/?p=6696"},"modified":"2023-08-05T13:31:08","modified_gmt":"2023-08-05T11:31:08","slug":"solberget-bjastabacken-skuleberget-6-4-2021","status":"publish","type":"post","link":"http:\/\/blog.inmontanis.info\/?p=6696","title":{"rendered":"Solberget &#8211; Bj\u00e4stabacken &#8211; Skuleberget, 6.4.2021"},"content":{"rendered":"<p><strong>6.4.2021<\/strong> (Solberget &#8211; Bj\u00e4stabacken &#8211; Skuleberget)<\/p>\n<p>Vorsorglich nahm ich mir diese Woche jeweils halbtags Urlaub, was also Arbeit von 8-9:30 Uhr bedeutet. Grund: In der Woche nach Ostern sind viele Skigebiete in Schweden t\u00e4glich tags\u00fcber offen. Durch die gestrige Plan\u00e4nderung kam ich an ein Skigebiet vorbei, das ich nicht unbedingt besuchen wollte, w\u00e4re mir nicht gestern im Web noch aufgefallen, dass da ein Graffer-SL steht, mit roten St\u00fctzen und Pilzstation! Sofern der liefe, w\u00fcrd ich dann heute ab 10 Uhr ca. 2 Stunden fahren, dann noch 1,5h zum &#8220;eigentlichen&#8221; Ziel fahren und dort noch ca. 1,5h Ski fahren. So klein wie die Gebiete sind, ist das ja nicht weiter tragisch und die Kartenpreise halten sich ja auch in Grenzen.<\/p>\n<p>Leider lag das Gebiet wohl nicht genug weit s\u00fcdlich, denn es schneite morgens mal wieder durchgehend &#8211; das hei\u00dft vermutlich auch mal wieder Pappschnee ohne Ende. Soviel zum gew\u00fcnschten Firn und Sulz. Da ist dann die Frage, ob ich nach 9:30 noch die halbe Stunde warten soll, bis die Lifte in Betrieb gehen und 24,- \u20ac f\u00fcr die Tageskarte ausgeben soll, weil es keine k\u00fcrzere gibt &#8211; oder gleich weiterfahren sollte. Aber die Wettervorhersage meldet auch dort bis mind. 13 Uhr Schneefall.<\/p>\n<p>Also wartete ich doch noch, obder Grafferlift in Betrieb gehen w\u00fcrde. Ab 10 war erst mal nur der kurze Tellrlift offen und die ersten Besucher trudelten langsam ein. Um 10:10 wurde einer der langen SL in Betrieb genommen &#8211; aber nat\u00fcrlich leider nicht der Graffer. Dann geb ich hier keine 24,- \u20ac aus bei dem heutigen Wetter und Schnee, sorry. <\/p>\n<p><a href='http:\/\/ski.inmontanis.info\/d\/290750-2\/DSC07740.jpg'><img src=http:\/\/ski.inmontanis.info\/d\/290748-3\/DSC07740.jpg \/><\/a><br \/>\n^ Skigebiet Solberget<\/p>\n<p><a href='http:\/\/ski.inmontanis.info\/d\/290754-2\/DSC07743.jpg'><img src=http:\/\/ski.inmontanis.info\/d\/290753-3\/DSC07743.jpg \/><\/a><br \/>\n^ Pistenplan, schaut eher langweilig aus<\/p>\n<p><a href='http:\/\/ski.inmontanis.info\/d\/290758-2\/DSC07744.jpg'><img src=http:\/\/ski.inmontanis.info\/d\/290757-3\/DSC07744.jpg \/><\/a><br \/>\n^ Graffer-SL in Rot und sogar noch mit originaler Pilz-Talstation<\/p>\n<p><a href='http:\/\/ski.inmontanis.info\/d\/290762-2\/DSC07745.jpg'><img src=http:\/\/ski.inmontanis.info\/d\/290761-3\/DSC07745.jpg \/><\/a><br \/>\n^ .. leider fuhren nur die rechten beiden neueren SL, nicht der Grafferlift, dann kann ich mir den Skipass sparen bei dem Pappschnee.<\/p>\n<p>Kurz vor 12 Uhr kam ich am Bj\u00e4stabacken an, Sonne schien, kein Neuschnee im Tal zu sehen, k\u00f6nnte nett werden. Kaum hatte ich den Skipass (22,- \u20ac f\u00fcr Armficka), fing es zu Schneien an &#8211; war aber nur kurz. Gegen 13:30 etwas Regen (daher kurz Pause im Auto gemacht).<\/p>\n<p>Danach war es aber weit sonniger als gemeldet. Kurz vor 15:30 kam nochmal ein kurzer Regenschauer, also blieb ich bis 16 Uhr zum Trockenfahren &#8211; fiel mir dank der Schneeverh\u00e4ltnisse hier aber nicht weiter schwer :)<\/p>\n<p>Am Parkplatz wurde ich noch von einem Vorarlberger angesporchen (evtl. der Liftler?), der schon seit ca. 20 Jahren in Schweden ist.<\/p>\n<p><a href='http:\/\/ski.inmontanis.info\/d\/290768-2\/DSC07747.jpg'><img src=http:\/\/ski.inmontanis.info\/d\/290766-3\/DSC07747.jpg \/><\/a><br \/>\n^ Skigebiet Bj\u00e4stabacken, quasi kein Neuschnee, also bessere Schneeverh\u00e4ltnisse<\/p>\n<p><a href='http:\/\/ski.inmontanis.info\/d\/290772-2\/DSC07753.jpg'><img src=http:\/\/ski.inmontanis.info\/d\/290771-3\/DSC07753.jpg \/><\/a><br \/>\n^ Pistenplan<\/p>\n<p><a href='http:\/\/ski.inmontanis.info\/d\/290776-2\/DSC07756.jpg'><img src=http:\/\/ski.inmontanis.info\/d\/290775-3\/DSC07756.jpg \/><\/a><br \/>\n^ Kurve in Weinrot und Schwarz, sch\u00f6n<\/p>\n<p><a href='http:\/\/ski.inmontanis.info\/d\/290780-2\/DSC07758.jpg'><img src=http:\/\/ski.inmontanis.info\/d\/290779-3\/DSC07758.jpg \/><\/a><br \/>\n^ Oberer Teil SL<\/p>\n<p><a href='http:\/\/ski.inmontanis.info\/d\/290784-2\/DSC07759.jpg'><img src=http:\/\/ski.inmontanis.info\/d\/290783-3\/DSC07759.jpg \/><\/a><br \/>\n^ SL-Bergstation<\/p>\n<p><a href='http:\/\/ski.inmontanis.info\/d\/290788-2\/DSC07760.jpg'><img src=http:\/\/ski.inmontanis.info\/d\/290787-3\/DSC07760.jpg \/><\/a><br \/>\n^ Start Abfahrt 3 Branten im Lift-Dreieck<\/p>\n<p><a href='http:\/\/ski.inmontanis.info\/d\/290792-2\/DSC07762.jpg'><img src=http:\/\/ski.inmontanis.info\/d\/290791-3\/DSC07762.jpg \/><\/a><br \/>\n^ Abfahrt 3 Branten<\/p>\n<p><a href='http:\/\/ski.inmontanis.info\/d\/290796-2\/DSC07763.jpg'><img src=http:\/\/ski.inmontanis.info\/d\/290795-3\/DSC07763.jpg \/><\/a><br \/>\n^ Abfahrt 3 Branten, war heut den restlichen Tag die sch\u00f6nste Abfahrt<\/p>\n<p><a href='http:\/\/ski.inmontanis.info\/d\/290800-2\/DSC07765.jpg'><img src=http:\/\/ski.inmontanis.info\/d\/290799-3\/DSC07765.jpg \/><\/a><br \/>\n^ Talstation Kurven-SL<\/p>\n<p><a href='http:\/\/ski.inmontanis.info\/d\/290804-2\/DSC07769.jpg'><img src=http:\/\/ski.inmontanis.info\/d\/290803-3\/DSC07769.jpg \/><\/a><br \/>\n^ Bergstation<\/p>\n<p><a href='http:\/\/ski.inmontanis.info\/d\/290808-2\/DSC07772.jpg'><img src=http:\/\/ski.inmontanis.info\/d\/290807-3\/DSC07772.jpg \/><\/a><br \/>\n^ Bergstation<\/p>\n<p><a href='http:\/\/ski.inmontanis.info\/d\/290812-2\/DSC07774.jpg'><img src=http:\/\/ski.inmontanis.info\/d\/290811-3\/DSC07774.jpg \/><\/a><br \/>\n^ Abfahrt 7 Toabacken<\/p>\n<p><a href='http:\/\/ski.inmontanis.info\/d\/290816-2\/DSC07775.jpg'><img src=http:\/\/ski.inmontanis.info\/d\/290815-3\/DSC07775.jpg \/><\/a><br \/>\n^ Abfahrt 7 Toabacken und 8 Myrsv\u00e4ngen<\/p>\n<p><a href='http:\/\/ski.inmontanis.info\/d\/290820-2\/DSC07776.jpg'><img src=http:\/\/ski.inmontanis.info\/d\/290819-3\/DSC07776.jpg \/><\/a><br \/>\n^ Abfahrt 6 Puckelpisten<\/p>\n<p><a href='http:\/\/ski.inmontanis.info\/d\/290824-2\/DSC07778.jpg'><img src=http:\/\/ski.inmontanis.info\/d\/290823-3\/DSC07778.jpg \/><\/a><br \/>\n^ Abfahrt 5 Sv\u00e4ngen<\/p>\n<p><a href='http:\/\/ski.inmontanis.info\/d\/290828-2\/DSC07781.jpg'><img src=http:\/\/ski.inmontanis.info\/d\/290827-3\/DSC07781.jpg \/><\/a><br \/>\n^ Zwischen Abfahrt 5 und 6 oder so<\/p>\n<p><a href='http:\/\/ski.inmontanis.info\/d\/290832-2\/DSC07783.jpg'><img src=http:\/\/ski.inmontanis.info\/d\/290831-3\/DSC07783.jpg \/><\/a><br \/>\n^ Zwischen Abfahrt 5 und 6 oder so<\/p>\n<p><a href='http:\/\/ski.inmontanis.info\/d\/290836-2\/DSC07787.jpg'><img src=http:\/\/ski.inmontanis.info\/d\/290835-3\/DSC07787.jpg \/><\/a><br \/>\n^ Weg zu der stillgelegten, rechten Abfahrt<\/p>\n<p><a href='http:\/\/ski.inmontanis.info\/d\/290840-2\/DSC07788.jpg'><img src=http:\/\/ski.inmontanis.info\/d\/290839-3\/DSC07788.jpg \/><\/a><br \/>\n^ Ehemalige Lift- oder Abfahrtsschneise<\/p>\n<p><a href='http:\/\/ski.inmontanis.info\/d\/290844-2\/DSC07789.jpg'><img src=http:\/\/ski.inmontanis.info\/d\/290843-3\/DSC07789.jpg \/><\/a><br \/>\n^ Ehemalige rechte Abfahrt<\/p>\n<p><a href='http:\/\/ski.inmontanis.info\/d\/290848-2\/DSC07794.jpg'><img src=http:\/\/ski.inmontanis.info\/d\/290847-3\/DSC07794.jpg \/><\/a><br \/>\n^ Heute nicht ge\u00f6ffneter rechter SL<\/p>\n<p><a href='http:\/\/ski.inmontanis.info\/d\/290852-2\/DSC07795.jpg'><img src=http:\/\/ski.inmontanis.info\/d\/290851-3\/DSC07795.jpg \/><\/a><br \/>\n^ Puckelpist. war weder sonderlich steil, noch sonderlich buckelig<\/p>\n<p><a href='http:\/\/ski.inmontanis.info\/d\/290856-2\/DSC07796.jpg'><img src=http:\/\/ski.inmontanis.info\/d\/290855-3\/DSC07796.jpg \/><\/a><br \/>\n^ Puckelpist<\/p>\n<p><a href='http:\/\/ski.inmontanis.info\/d\/290860-2\/DSC07801.jpg'><img src=http:\/\/ski.inmontanis.info\/d\/290859-3\/DSC07801.jpg \/><\/a><br \/>\n^ Ehemalige rechte Abfahrt im oberen Teil, evtl. mal von einem zus\u00e4tzlichen Lift erschlossen gewesen<\/p>\n<p><a href='http:\/\/ski.inmontanis.info\/d\/290864-2\/DSC07802.jpg'><img src=http:\/\/ski.inmontanis.info\/d\/290863-3\/DSC07802.jpg \/><\/a><br \/>\n^ Ehemalige rechte Abfahrt im unteren Teil, die man \u00fcber den Weg fahren kann<\/p>\n<p><a href='http:\/\/ski.inmontanis.info\/d\/290868-2\/DSC07806.jpg'><img src=http:\/\/ski.inmontanis.info\/d\/290867-3\/DSC07806.jpg \/><\/a><br \/>\n^ \u00dcbungslift<\/p>\n<p><a href='http:\/\/ski.inmontanis.info\/d\/290872-2\/DSC07807.jpg'><img src=http:\/\/ski.inmontanis.info\/d\/290871-3\/DSC07807.jpg \/><\/a><br \/>\n^ \u00dcbungslift<\/p>\n<p><a href='http:\/\/ski.inmontanis.info\/d\/290876-2\/DSC07810.jpg'><img src=http:\/\/ski.inmontanis.info\/d\/290875-3\/DSC07810.jpg \/><\/a><br \/>\n^ Skipass<\/p>\n<p><a href='http:\/\/ski.inmontanis.info\/d\/290880-2\/DSC07811.jpg'><img src=http:\/\/ski.inmontanis.info\/d\/290879-3\/DSC07811.jpg \/><\/a><br \/>\n^ Talstation Kurven-SL<\/p>\n<p><a href='http:\/\/ski.inmontanis.info\/d\/290884-2\/DSC07812.jpg'><img src=http:\/\/ski.inmontanis.info\/d\/290883-3\/DSC07812.jpg \/><\/a><br \/>\n^ Abfahrt 4 Slalombacken<\/p>\n<p><a href='http:\/\/ski.inmontanis.info\/d\/290888-2\/DSC07813.jpg'><img src=http:\/\/ski.inmontanis.info\/d\/290887-3\/DSC07813.jpg \/><\/a><br \/>\n^ Abfahrt 4 Slalombacken<\/p>\n<p><a href='http:\/\/ski.inmontanis.info\/d\/290892-2\/DSC07814.jpg'><img src=http:\/\/ski.inmontanis.info\/d\/290891-3\/DSC07814.jpg \/><\/a><br \/>\n^ SL und Zugbr\u00fccke im Tal<\/p>\n<p><a href='http:\/\/ski.inmontanis.info\/d\/290896-2\/DSC07815.jpg'><img src=http:\/\/ski.inmontanis.info\/d\/290895-3\/DSC07815.jpg \/><\/a><br \/>\n^ Abfahrt 3 Branten<\/p>\n<p><a href='http:\/\/ski.inmontanis.info\/d\/290900-2\/DSC07818.jpg'><img src=http:\/\/ski.inmontanis.info\/d\/290899-3\/DSC07818.jpg \/><\/a><br \/>\n^ Abfahrt 5 Sv\u00e4ngen mit tollem Firnschnee<\/p>\n<p><a href='http:\/\/ski.inmontanis.info\/d\/290904-2\/DSC07819.jpg'><img src=http:\/\/ski.inmontanis.info\/d\/290903-3\/DSC07819.jpg \/><\/a><br \/>\n^ Abfahrt 3 Branten, toller Firn<\/p>\n<p><a href='http:\/\/ski.inmontanis.info\/d\/290908-2\/DSC07823.jpg'><img src=http:\/\/ski.inmontanis.info\/d\/290907-3\/DSC07823.jpg \/><\/a><br \/>\n^ Abfahrt 4 Slalombacken, so muss das aussehen<\/p>\n<p><a href='http:\/\/ski.inmontanis.info\/d\/290912-2\/DSC07827.jpg'><img src=http:\/\/ski.inmontanis.info\/d\/290911-3\/DSC07827.jpg \/><\/a><br \/>\n^ SL-Kurve<\/p>\n<p><a href='http:\/\/ski.inmontanis.info\/d\/290916-2\/ge20210406a.jpg'><img src=http:\/\/ski.inmontanis.info\/d\/290915-3\/ge20210406a.jpg \/><\/a><br \/>\n^ GPS-Track 6.4.2021<\/p>\n<p>Zum Abschluss fuhr ich noch am Skuleberget vorbei &#8211; die St\u00fctzen der alten DSB wurden tats\u00e4chlich schon abgebaut, schade. Sonst w\u00e4r ich raufgelaufen.<\/p>\n<p><a href='http:\/\/ski.inmontanis.info\/d\/290922-2\/DSC07830.jpg'><img src=http:\/\/ski.inmontanis.info\/d\/290920-3\/DSC07830.jpg \/><\/a><br \/>\n^ Skuleberget von hinten<\/p>\n<p><a href='http:\/\/ski.inmontanis.info\/d\/290926-2\/DSC07832.jpg'><img src=http:\/\/ski.inmontanis.info\/d\/290925-3\/DSC07832.jpg \/><\/a><br \/>\n^ Die sch\u00f6ne alte DSB wurde mittlerweile abgetragen, neue St\u00fctzen stehen auch schon<\/p>\n<p><a href='http:\/\/ski.inmontanis.info\/d\/290930-2\/DSC07833.jpg'><img src=http:\/\/ski.inmontanis.info\/d\/290929-3\/DSC07833.jpg \/><\/a><br \/>\n^ Paar Reste der alten DSB liegen noch rum<\/p>\n<p><a href='http:\/\/ski.inmontanis.info\/d\/290934-2\/DSC07834.jpg'><img src=http:\/\/ski.inmontanis.info\/d\/290933-3\/DSC07834.jpg \/><\/a><br \/>\n^ DSB-Reste<\/p>\n<p><a href='http:\/\/ski.inmontanis.info\/d\/290938-2\/DSC07835.jpg'><img src=http:\/\/ski.inmontanis.info\/d\/290937-3\/DSC07835.jpg \/><\/a><br \/>\n^ Ex-3-Bein-St\u00fctze<\/p>\n<p><a href='http:\/\/ski.inmontanis.info\/d\/290942-2\/DSC07836.jpg'><img src=http:\/\/ski.inmontanis.info\/d\/290941-3\/DSC07836.jpg \/><\/a><br \/>\n^ DSB-Reste<\/p>\n<p><a href='http:\/\/ski.inmontanis.info\/d\/290946-2\/DSC07837.jpg'><img src=http:\/\/ski.inmontanis.info\/d\/290945-3\/DSC07837.jpg \/><\/a><br \/>\n^ DSB-Reste<\/p>\n<p><a href='http:\/\/ski.inmontanis.info\/d\/290950-2\/DSC07839.jpg'><img src=http:\/\/ski.inmontanis.info\/d\/290949-3\/DSC07839.jpg \/><\/a><br \/>\n^ Neue Sesselbahn<\/p>\n<p><a href='http:\/\/ski.inmontanis.info\/d\/290954-2\/DSC07840.jpg'><img src=http:\/\/ski.inmontanis.info\/d\/290953-3\/DSC07840.jpg \/><\/a><br \/>\n^ Lifttrassen<\/p>\n<p><a href='http:\/\/ski.inmontanis.info\/d\/290958-2\/DSC07842.jpg'><img src=http:\/\/ski.inmontanis.info\/d\/290957-3\/DSC07842.jpg \/><\/a><br \/>\n^ DSB-Reste<\/p>\n<p><a href='http:\/\/ski.inmontanis.info\/d\/290962-2\/DSC07843.jpg'><img src=http:\/\/ski.inmontanis.info\/d\/290961-3\/DSC07843.jpg \/><\/a><br \/>\n^ DSB-Reste<\/p>\n<p><a href='http:\/\/ski.inmontanis.info\/d\/290966-2\/DSC07844.jpg'><img src=http:\/\/ski.inmontanis.info\/d\/290965-3\/DSC07844.jpg \/><\/a><br \/>\n^ Ex-St\u00fctze<\/p>\n<p><a href='http:\/\/extra.inmontanis.info\/d\/61997-2\/DSC07845.jpg'><img src=http:\/\/extra.inmontanis.info\/d\/61996-3\/DSC07845.jpg \/><\/a><br \/>\n^ Am Meer<\/p>\n<p>Danach auf einen Parkplatz nahe Meer, viel gesehen hat man davon aber nicht von dort aus. Dazu quasi null Handyempfang, hin und wieder Edge-Empfang mit Pingzeiten bis zu 50 Sekunden oder gar nix. Irgendwann doch noch eine Position mit etwas besserem 3G-Empfang gefunden.<\/p>\n<p>2 nervige junge Frankfurter mussten sich dann noch auf meine Parkplatzebene stellen, obwohl sie zuvor weiter unten waren und haben mich dann einige Zeit mit ihrem L\u00e4rm gest\u00f6rt, laufend Schiebet\u00fcr auf und zu (so f\u00fcr ne halbe Stunde mindestens 1x pro Minute, unglaublich?!), Musik, &#8230;<\/p>\n<p><a href='http:\/\/extra.inmontanis.info\/d\/62001-2\/DSC07847.jpg'><img src=http:\/\/extra.inmontanis.info\/d\/62000-3\/DSC07847.jpg \/><\/a><br \/>\n^ Heute Abend gibt&#8217;s 2 kleine Pfannenpizzen<\/p>\n<p><a href='http:\/\/extra.inmontanis.info\/d\/62005-2\/DSC07849.jpg'><img src=http:\/\/extra.inmontanis.info\/d\/62004-3\/DSC07849.jpg \/><\/a><br \/>\n^ .. die sind zwar recht dick im Teig, k\u00f6nnen dank des Belags aber von beiden Seiten erw\u00e4rmt werden<\/p>\n","protected":false},"excerpt":{"rendered":"<p>6.4.2021 (Solberget &#8211; Bj\u00e4stabacken &#8211; Skuleberget)<\/p>\n<p>Vorsorglich nahm ich mir diese Woche jeweils halbtags Urlaub, was also Arbeit von 8-9:30 Uhr bedeutet. Grund: In der Woche nach Ostern sind viele Skigebiete in Schweden t\u00e4glich tags\u00fcber offen. Durch die gestrige Plan\u00e4nderung kam ich an ein Skigebiet vorbei, das ich nicht unbedingt besuchen wollte, w\u00e4re mir nicht <a href=\"http:\/\/blog.inmontanis.info\/?p=6696\">[&#8230;]<\/a><\/p>\n","protected":false},"author":1,"featured_media":0,"comment_status":"closed","ping_status":"closed","sticky":false,"template":"","format":"standard","meta":{"footnotes":""},"categories":[184,690,59,19,27,691,692],"tags":[38,91,37,47],"class_list":["post-6696","post","type-post","status-publish","format-standard","hentry","category-2021-01-skandinavien","category-bjastabacken","category-nostalgie","category-schwedensweden","category-skifahren-winterskiing-winter","category-skuleberget","category-solberget","tag-dsb","tag-graffer","tag-meer","tag-sl","odd"],"_links":{"self":[{"href":"http:\/\/blog.inmontanis.info\/index.php?rest_route=\/wp\/v2\/posts\/6696","targetHints":{"allow":["GET"]}}],"collection":[{"href":"http:\/\/blog.inmontanis.info\/index.php?rest_route=\/wp\/v2\/posts"}],"about":[{"href":"http:\/\/blog.inmontanis.info\/index.php?rest_route=\/wp\/v2\/types\/post"}],"author":[{"embeddable":true,"href":"http:\/\/blog.inmontanis.info\/index.php?rest_route=\/wp\/v2\/users\/1"}],"replies":[{"embeddable":true,"href":"http:\/\/blog.inmontanis.info\/index.php?rest_route=%2Fwp%2Fv2%2Fcomments&post=6696"}],"version-history":[{"count":1,"href":"http:\/\/blog.inmontanis.info\/index.php?rest_route=\/wp\/v2\/posts\/6696\/revisions"}],"predecessor-version":[{"id":6697,"href":"http:\/\/blog.inmontanis.info\/index.php?rest_route=\/wp\/v2\/posts\/6696\/revisions\/6697"}],"wp:attachment":[{"href":"http:\/\/blog.inmontanis.info\/index.php?rest_route=%2Fwp%2Fv2%2Fmedia&parent=6696"}],"wp:term":[{"taxonomy":"category","embeddable":true,"href":"http:\/\/blog.inmontanis.info\/index.php?rest_route=%2Fwp%2Fv2%2Fcategories&post=6696"},{"taxonomy":"post_tag","embeddable":true,"href":"http:\/\/blog.inmontanis.info\/index.php?rest_route=%2Fwp%2Fv2%2Ftags&post=6696"}],"curies":[{"name":"wp","href":"https:\/\/api.w.org\/{rel}","templated":true}]}}