{"id":6693,"date":"2021-04-05T21:00:27","date_gmt":"2021-04-05T19:00:27","guid":{"rendered":"http:\/\/blog.inmontanis.info\/?p=6693"},"modified":"2023-08-05T13:27:09","modified_gmt":"2023-08-05T11:27:09","slug":"blasjon-3-5-4-2021","status":"publish","type":"post","link":"http:\/\/blog.inmontanis.info\/?p=6693","title":{"rendered":"Bl\u00e5sj\u00f6n, 3-5.4.2021"},"content":{"rendered":"<p><strong>3.4.2021<\/strong> (Ostersamstag)<\/p>\n<p>Tjoa &#8230; ich hab mir ja gestern durchaus \u00fcberlegt, ob ich bei den Wettervorhersagen \u00fcberhaupt nach Bl\u00e5sj\u00f6n fahren will. Alternativ k\u00f6nnte man mit etwas mehr Umweg ja richtung Meer fahren und die kleineren H\u00fcgel-Skigebiete mitnehmen. Da w\u00e4ren die Vorhersagen sonniger, am Meer sogar 2-stellige Temperaturen, das k\u00f6nnte dann sch\u00f6n firnig oder zumindest sulzig sein.<\/p>\n<p>Aber in Blasj\u00f6n lockte halt der alte, rostige Graffer-Lift und der KSSL dar\u00fcber. Gegen Mittag kam ich an, Wetter war halbwegs, die Sonne sah man durch die Wolken und es schneite bzw. nieselte leicht &#8211; so blieb es dann auch bis ca. 16 Uhr. <\/p>\n<p>Blieb die Frage, was ich mir f\u00fcr einen Skipass kaufen soll. Heute nur eine Halbtageskarte und morgen gar nichts (weil mehr Schnee und mehr Wind gemeldet) und dann am Montag eine Tages- oder Zweitageskarte? Preislich macht das ja wenig aus im Vergleich zu einer 3- oder 4-Tageskarte. Wenig sch\u00f6n die Tafeln an der Talstation: Der KSSL ist nicht in Betrieb. Dann wird er morgen wohl erst recht nicht in Betrieb sein. Und Dienstag solls ja auch schlechter als Montag werden. Ich wartete ca. 20-30 Minuten, bis die wenigen Leute vor mir ihre Leihausr\u00fcstung bekamen. Schweden konnten via Handy den Skipass drau\u00dfen kaufen, aber mit Kartenzahlung musste man eben rein. Bevor ich da am Montag f\u00fcr einen Skipass wieder so lang warten muss, nahm ich eben die 3-TK. Wenn der KSSL am Montag nicht laufen w\u00fcrde, dann wird er es am Dienstag auch nicht.<\/p>\n<p>Schnee war zu Beginn noch fahrbar, aber nach 14 Uhr so pappig (weil Neuschnee + Sonne + knapp \u00fcber 0\u00b0), dass man irgendwann selbst komplett im Schuss am Grafferlift nicht mehr ohne zu Schieben runterkam. W\u00e4r ich doch mal richtung Meer gefahren&#8230;<\/p>\n<p><a href='http:\/\/extra.inmontanis.info\/d\/61981-2\/DSC07680.jpg'><img src=http:\/\/extra.inmontanis.info\/d\/61980-3\/DSC07680.jpg \/><\/a><br \/>\n^ Richtung Blasj\u00f6n<\/p>\n<p><a href='http:\/\/extra.inmontanis.info\/d\/61985-2\/DSC07683.jpg'><img src=http:\/\/extra.inmontanis.info\/d\/61984-3\/DSC07683.jpg \/><\/a><br \/>\n^ Richtung Blasj\u00f6n<\/p>\n<p><a href='http:\/\/ski.inmontanis.info\/d\/290656-2\/DSC07686.jpg'><img src=http:\/\/ski.inmontanis.info\/d\/290655-3\/DSC07686.jpg \/><\/a><br \/>\n^ Hotelliften<\/p>\n<p><a href='http:\/\/ski.inmontanis.info\/d\/290660-2\/DSC07693.jpg'><img src=http:\/\/ski.inmontanis.info\/d\/290659-3\/DSC07693.jpg \/><\/a><br \/>\n^ Offpiste am Graffer-SL<\/p>\n<p><a href='http:\/\/ski.inmontanis.info\/d\/290664-2\/DSC07694.jpg'><img src=http:\/\/ski.inmontanis.info\/d\/290663-3\/DSC07694.jpg \/><\/a><br \/>\n^ Offpiste am Graffer-SL<\/p>\n<p><a href='http:\/\/ski.inmontanis.info\/d\/290668-2\/DSC07698.jpg'><img src=http:\/\/ski.inmontanis.info\/d\/290667-3\/DSC07698.jpg \/><\/a><br \/>\n^ Graffer-SL St\u00fctze 9<\/p>\n<p><a href='http:\/\/ski.inmontanis.info\/d\/290672-2\/DSC07700.jpg'><img src=http:\/\/ski.inmontanis.info\/d\/290671-3\/DSC07700.jpg \/><\/a><br \/>\n^ Graffer-SL und See<\/p>\n<p><a href='http:\/\/ski.inmontanis.info\/d\/290676-2\/DSC07701.jpg'><img src=http:\/\/ski.inmontanis.info\/d\/290675-3\/DSC07701.jpg \/><\/a><br \/>\n^ Der kurze Pick-Up-Liften zwischen Sektion 2 und 3<\/p>\n<p><a href='http:\/\/ski.inmontanis.info\/d\/290680-2\/DSC07704.jpg'><img src=http:\/\/ski.inmontanis.info\/d\/290679-3\/DSC07704.jpg \/><\/a><br \/>\n^ KSSL-Talstation und Graffer-SL-Bergstation<\/p>\n<p><a href='http:\/\/ski.inmontanis.info\/d\/290684-2\/DSC07708.jpg'><img src=http:\/\/ski.inmontanis.info\/d\/290683-3\/DSC07708.jpg \/><\/a><br \/>\n^ Graffer-St\u00fctze 4<\/p>\n<p><a href='http:\/\/ski.inmontanis.info\/d\/290688-2\/DSC07709.jpg'><img src=http:\/\/ski.inmontanis.info\/d\/290687-3\/DSC07709.jpg \/><\/a><br \/>\n^ Kaum Wind, gute Sicht, aber KSSL ging heut leider nicht mehr in Betrieb<\/p>\n<p><a href='http:\/\/ski.inmontanis.info\/d\/290692-2\/DSC07710.jpg'><img src=http:\/\/ski.inmontanis.info\/d\/290691-3\/DSC07710.jpg \/><\/a><br \/>\n^ Linke Abfahrt am Hotelliften<\/p>\n<p>(Mehr und sch\u00f6nere Fotos aus dem Skigebiet gibts von meinen Berichten 2019+2020)<\/p>\n<p>Auf dem Weg heute fr\u00fch war ich in G\u00e4ddede in einem ICA-Supermarkt, paar Getr\u00e4nke kaufen. Sonst nix und leider nicht nachgesehen, wie lang der ICA-Laden in Bl\u00e5sj\u00f6n offen hat, heute bis 16 Uhr, morgen und \u00fcbermorgen von 11-15 Uhr, nicht gerade eine passende Zeit, wenn man Skifahren will. Ok, ob ich morgen bei Schneefall bis 15 Uhr fahre, darf auch bezweifelt werden. Hab zwar noch etwas Brot, aber nicht mehr f\u00fcr 3 Tage, hab ja gerechnet, hier einkaufen zu k\u00f6nnen, ggf. auch was kaltes zum Essen.<\/p>\n<p>Bin noch etwas raus gefahren zu einem &#8220;Naturrastplats&#8221;, wo ich \u00fcbernachten wollte. Dass ich hier keinen brauchbaren 4G-Empfang hab, hab ich erst nach dem Umbau gesehen. Dann morgen lieber am Lift \u00fcbernachten.<\/p>\n<p>Heute wollte ich mir Nudeln mit So\u00dfe machen. Die Kunst beim Nudelnkochen, genau so viel Wasser zu nehmen, dass man es aufbraucht, bis die Nudeln durch sind. Preisfrage: Wie klein muss man eine Kartoffel schneiden, dass man die gleich so mit kochen kann? Na, das werd ich mangels Kartoffel ein ander Mal testen. Einen kleinen Messbecher hab ich ja dabei (f\u00fcr die Fertignudelgerichte), aber die Nudeln frei aus der Packung nehmen, wei\u00df ich ja nicht mal, wieviel ich da brauch. Irgendwie wohl so ca. 100g, aber das kann ich nun auch schwer absch\u00e4tzen. Das w\u00e4re 1\/5 der Packung. Man k\u00f6nnte die Nudeln einzeln abz\u00e4hlen .. aber dazu hatte ich zu viel Hunger ;) (Ich nahm dann knapp etwas zu viel.)<\/p>\n<p>Die n\u00e4chste Preisfrage war, wo ist eigentlich die Pastasauce gelagert und hab ich nun ein Pesto\/Sugo, beide oder vielleicht gar keines mitgenommen, weil sie noch lang genug haltbar waren? Wobei das eine Pesto hab ich nicht gefunden, aber eine andere Sauce, die eher f\u00fcr ein H\u00fchnchen gedacht ist &#8211; aber warum soll man das nicht auch allein zu Nudeln essen k\u00f6nnen.<\/p>\n<p>Ich entschied mich mal f\u00fcr 200 ml Wasser, reichte. Dann ausgeschaltet und mit der Restw\u00e4rme die Sauce aufgew\u00e4rmt. Ca. 8,5Ah und somit etwas weniger als f\u00fcr die Pizza gestern. Allerdings schmeckte mir die Sauce leider nicht so ganz wie erwartet.<\/p>\n<p><a href='http:\/\/extra.inmontanis.info\/d\/61989-2\/DSC07711.jpg'><img src=http:\/\/extra.inmontanis.info\/d\/61988-3\/DSC07711.jpg \/><\/a><br \/>\n^ Abendessen: Nudeln<\/p>\n<p><strong>4.4.2021<\/strong><\/p>\n<p>Die Nacht regnete und schneeregnete es quasi durchgehend. Am Skigebiet angekommen, gleicher Lifstatus wie gestern &#8211; KSSL zu, Rest offen. Bis 10.30 meist eher starker Schneefall und selten mal Pausen mit etwas Sonne hinter den Wolken.<\/p>\n<p>Kurz nach 12 Uhr fragte ich den Liftler am mittleren Lift, weil er gerade drau\u00dfen war, ob der obere Lift noch in Betrieb geht, worauf er meinte, wohl eher nicht. Oben angekommen, gab es Aktivit\u00e4ten am KSSL, also fuhr ich nochmal den Grafferlift (trotz Pappschnee) und tats\u00e4chlich wurde der KSSL in Betrieb genommen, heute, wo es mehr Wind als gestern und morgen geben sollte. Und ich war der erste, der rauf durfte.<\/p>\n<p><a href='http:\/\/ski.inmontanis.info\/d\/290696-2\/DSC07715.jpg'><img src=http:\/\/ski.inmontanis.info\/d\/290695-3\/DSC07715.jpg \/><\/a><br \/>\n^ Endlich, KSSL Solliften in Betrieb, leider zu schlechte Sicht f\u00fcr Offpiste<\/p>\n<p>Die Abfahrt war dann wegen starken Gegenwinds und schlechter Sicht auch nicht sonderlich geil, aber bis 14 Uhr fuhr ich dann doch noch ein paar Mal KSSL und Tellerlift, da der Schnee eben besser war, aber f\u00fcr Offpiste war der Schnee zu schlecht und die obere Abfahrt geschlossen.<\/p>\n<p>Danach noch zum ICA-Supermarkt, der, obwohl kleiner als der in G\u00e4ddede, sogar g\u00fcnstigere Getr\u00e4nke hatte. Ein fertiges K\u00f6ttbullar- oder Garnelen-Baguette gab&#8217;s leider nicht, also nahm ich mal eine gefrorene Kartoffelpfanne mit, die ich dann auf 2x essen wollte, und bissl von der offenen So\u00dfe von gestern dazu.<\/p>\n<p>Morgen bin ich ja nochmal hier in Blasj\u00f6n, f\u00fcr \u00fcbermorgen h\u00e4tte ich ein Skigebiet um \u00c5re geplant &#8230; nur sind die Wettervorhersagen mal wieder \u00fcbelst f\u00fcr Dienstag; f\u00fcr Mittwoch und Donnerstag k\u00f6nnte vielleicht etwas Sonne dabei sein. Danach wieder wechselhaft. Bin mir auch nach wie vor unsicher, ob ich mir tats\u00e4chlich einen 8-Tagesskipass in \u00c5re kaufen soll&#8230; <\/p>\n<p><a href='http:\/\/extra.inmontanis.info\/d\/61993-2\/DSC07716.jpg'><img src=http:\/\/extra.inmontanis.info\/d\/61992-3\/DSC07716.jpg \/><\/a><br \/>\n^ Abendessen, Kartoffelpfanne, aber auch beim zweiten Mal  \/ andere Marke find ich&#8217;s geschmacklich nicht so ganz mein Fall, irgendwie zu s\u00e4uerlich, also nicht so gut wie ein Tiroler Gr\u00f6stl.<\/p>\n<p><strong>5.4.2021<\/strong><\/p>\n<p>Morgens war es sonnig, zu Mittag etwas Schneefall, aber der Solliften (KSSL) war mal wieder wegen Wind zu und blieb das leider den ganzen Tag :(<\/p>\n<p>Gegen Mittag bin ich ans Auto und hab die Reste gekocht, weil ich die n\u00e4chsten Tage wegen dem ja evtl. l\u00e4ngeren Aufenthalt in \u00c5re batterienachladebedingt lieber nicht im Auto kochen m\u00f6chte. Somit war&#8217;s nat\u00fcrlich etwas bl\u00f6d, diese Coconut-Peanut-Sauce f\u00fcr die Nudeln vorgestern \u00fcberhaupt aufzumachen bzw. mir gestern diese Kartoffelpfane zu kaufen. Naja. Und empfehlenswert ist beides nicht..<\/p>\n<p>Um 14:45 hab ich die Hoffnung auf eine \u00d6ffnung des KSSL aufgegeben und bin noch ein paar Mal den Hotelliften gefahren und hab dann aufgeh\u00f6rt. Wird wohl mein letzter Besuch hier gewesen sein, ohne den KSSL ist es zu langweilig und der ist leider viel zu selten und unzuverl\u00e4ssig in Betrieb&#8230;<\/p>\n<p><a href='http:\/\/ski.inmontanis.info\/d\/290700-2\/DSC07717.jpg'><img src=http:\/\/ski.inmontanis.info\/d\/290699-3\/DSC07717.jpg \/><\/a><br \/>\n^ Talstation \/ Hotelliften (Hotel gibts aber keines)<\/p>\n<p><a href='http:\/\/ski.inmontanis.info\/d\/290704-2\/DSC07718.jpg'><img src=http:\/\/ski.inmontanis.info\/d\/290703-3\/DSC07718.jpg \/><\/a><br \/>\n^ Hotelliften, 1. Sektion<\/p>\n<p><a href='http:\/\/ski.inmontanis.info\/d\/290708-2\/DSC07719.jpg'><img src=http:\/\/ski.inmontanis.info\/d\/290707-3\/DSC07719.jpg \/><\/a><br \/>\n^ Graffer-SL-Bergstation und heute wetterm\u00e4\u00dfig sehns\u00fcchtiger Blick zum KSSL<\/p>\n<p><a href='http:\/\/ski.inmontanis.info\/d\/290712-2\/DSC07721.jpg'><img src=http:\/\/ski.inmontanis.info\/d\/290711-3\/DSC07721.jpg \/><\/a><br \/>\n^ Graffer-SL und See<\/p>\n<p><a href='http:\/\/ski.inmontanis.info\/d\/290716-2\/DSC07722.jpg'><img src=http:\/\/ski.inmontanis.info\/d\/290715-3\/DSC07722.jpg \/><\/a><br \/>\n^ Graffer-SL oberer Teil<\/p>\n<p><a href='http:\/\/ski.inmontanis.info\/d\/290720-2\/DSC07724.jpg'><img src=http:\/\/ski.inmontanis.info\/d\/290719-3\/DSC07724.jpg \/><\/a><br \/>\n^ Offpiste am Graffer-SL, kurz, aber toller Pulver<\/p>\n<p><a href='http:\/\/ski.inmontanis.info\/d\/290724-2\/DSC07725.jpg'><img src=http:\/\/ski.inmontanis.info\/d\/290723-3\/DSC07725.jpg \/><\/a><br \/>\n^ Graffer-SL-St\u00fctze, die Rollenbatterie war mal schr\u00e4g, mal gerade<\/p>\n<p><a href='http:\/\/ski.inmontanis.info\/d\/290728-2\/DSC07726.jpg'><img src=http:\/\/ski.inmontanis.info\/d\/290727-3\/DSC07726.jpg \/><\/a><br \/>\n^ Offpiste am Graffer-SL, kurz, aber toller Pulver<\/p>\n<p><a href='http:\/\/ski.inmontanis.info\/d\/290732-2\/DSC07731.jpg'><img src=http:\/\/ski.inmontanis.info\/d\/290731-3\/DSC07731.jpg \/><\/a><br \/>\n^ Offpiste am Graffer-SL<\/p>\n<p><a href='http:\/\/ski.inmontanis.info\/d\/290736-2\/DSC07732.jpg'><img src=http:\/\/ski.inmontanis.info\/d\/290735-3\/DSC07732.jpg \/><\/a><br \/>\n^ Graffer-SL-St\u00fctze 3<\/p>\n<p><a href='http:\/\/ski.inmontanis.info\/d\/290740-2\/DSC07734.jpg'><img src=http:\/\/ski.inmontanis.info\/d\/290739-3\/DSC07734.jpg \/><\/a><br \/>\n^ Graffer-SL-St\u00fctze 5<\/p>\n<p><a href='http:\/\/ski.inmontanis.info\/d\/290744-2\/ge2021040305.jpg'><img src=http:\/\/ski.inmontanis.info\/d\/290743-3\/ge2021040305.jpg \/><\/a><br \/>\n^ GPS-Track T\u00fcrkis 2019+2020, Gelb-Orange-Rot 2021<\/p>\n<p>Pl\u00e4ne f\u00fcr morgen? Evtl. Gruvberget n\u00e4he Are oder gar nix und das dann erst \u00fcbermorgen.<\/p>\n<p>Auf der Fahrt kalkulierte ich mal meine restliche Fahrstrecke: selbst wenn ich keine weiteren Umwege mehr fahren w\u00fcrde, wird es sehr eng, dass ich vor dem n\u00e4chsten Service zur\u00fcck in AT (oder gar dann bei meiner Arbeitsstelle in Innsbruck) bin, da nur noch 4.000 km, bleiben nur ein paar Hundert km f\u00fcr Umwege \u00fcbrig, falls ich \u00fcber die D\u00e4nemark-Br\u00fccken heimfahren m\u00f6chte. Und mal zum Supermarkt, zwischen Lift und \u00dcbernachtung und evtl. im Mai noch ein paar Skitouren &#8211; nene, das wird nix, das schr\u00e4nkt mich alles zu sehr ein, da werd ich in Schweden das n\u00e4chste Service machen m\u00fcssen. Also kann ich mir auch gleich die Freiheit nehmen und ein paar Umwege jetzt gleich fahren und somit noch ein paar mehr Skigebiete in den n\u00e4chsten Tagen\/Wochen mitnehmen. Kleiner Besuch an den Skigebieten am Meer die n\u00e4chsten 2 Tage, kurz aber firnig? Gebongt :)  Vielleicht fahr ich Mitte Mai sogar nochmal rauf nach Riksgr\u00e4nsen?<\/p>\n<p>Auf dem Weg kam ich zeitlich noch pasened am Frasses in Str\u00f6msund vorbei und kaufte mir mal wieder ein Lachsburgermen\u00fc (diesmal ohne die eingelegten Zwiebeln). Durch die spontane Plan\u00e4nderung f\u00fcr die n\u00e4chsten Tage h\u00e4tte ich mir nat\u00fcrlich auch das Aufessen heute Mittag sparen k\u00f6nnen&#8230; aber so ist das eben, wenn man im Auto unterwegs ist und kein Zimmer gebucht hat, hat man die Freiheit, spontan zu handeln.<\/p>\n","protected":false},"excerpt":{"rendered":"<p>3.4.2021 (Ostersamstag)<\/p>\n<p>Tjoa &#8230; ich hab mir ja gestern durchaus \u00fcberlegt, ob ich bei den Wettervorhersagen \u00fcberhaupt nach Bl\u00e5sj\u00f6n fahren will. Alternativ k\u00f6nnte man mit etwas mehr Umweg ja richtung Meer fahren und die kleineren H\u00fcgel-Skigebiete mitnehmen. Da w\u00e4ren die Vorhersagen sonniger, am Meer sogar 2-stellige Temperaturen, das k\u00f6nnte dann sch\u00f6n firnig oder zumindest sulzig <a href=\"http:\/\/blog.inmontanis.info\/?p=6693\">[&#8230;]<\/a><\/p>\n","protected":false},"author":1,"featured_media":0,"comment_status":"closed","ping_status":"closed","sticky":false,"template":"","format":"standard","meta":{"footnotes":""},"categories":[184,687,19,27],"tags":[91,48,47],"class_list":["post-6693","post","type-post","status-publish","format-standard","hentry","category-2021-01-skandinavien","category-blasjon","category-schwedensweden","category-skifahren-winterskiing-winter","tag-graffer","tag-kssl","tag-sl","odd"],"_links":{"self":[{"href":"http:\/\/blog.inmontanis.info\/index.php?rest_route=\/wp\/v2\/posts\/6693","targetHints":{"allow":["GET"]}}],"collection":[{"href":"http:\/\/blog.inmontanis.info\/index.php?rest_route=\/wp\/v2\/posts"}],"about":[{"href":"http:\/\/blog.inmontanis.info\/index.php?rest_route=\/wp\/v2\/types\/post"}],"author":[{"embeddable":true,"href":"http:\/\/blog.inmontanis.info\/index.php?rest_route=\/wp\/v2\/users\/1"}],"replies":[{"embeddable":true,"href":"http:\/\/blog.inmontanis.info\/index.php?rest_route=%2Fwp%2Fv2%2Fcomments&post=6693"}],"version-history":[{"count":2,"href":"http:\/\/blog.inmontanis.info\/index.php?rest_route=\/wp\/v2\/posts\/6693\/revisions"}],"predecessor-version":[{"id":6695,"href":"http:\/\/blog.inmontanis.info\/index.php?rest_route=\/wp\/v2\/posts\/6693\/revisions\/6695"}],"wp:attachment":[{"href":"http:\/\/blog.inmontanis.info\/index.php?rest_route=%2Fwp%2Fv2%2Fmedia&parent=6693"}],"wp:term":[{"taxonomy":"category","embeddable":true,"href":"http:\/\/blog.inmontanis.info\/index.php?rest_route=%2Fwp%2Fv2%2Fcategories&post=6693"},{"taxonomy":"post_tag","embeddable":true,"href":"http:\/\/blog.inmontanis.info\/index.php?rest_route=%2Fwp%2Fv2%2Ftags&post=6693"}],"curies":[{"name":"wp","href":"https:\/\/api.w.org\/{rel}","templated":true}]}}