{"id":6683,"date":"2021-03-31T20:38:27","date_gmt":"2021-03-31T18:38:27","guid":{"rendered":"http:\/\/blog.inmontanis.info\/?p=6683"},"modified":"2023-08-05T11:54:13","modified_gmt":"2023-08-05T09:54:13","slug":"tarnaby-31-3-2021","status":"publish","type":"post","link":"http:\/\/blog.inmontanis.info\/?p=6683","title":{"rendered":"T\u00e4rnaby, 31.3.2021"},"content":{"rendered":"<p><strong>31.3.2021<\/strong> &#8211; T\u00e4rnaby Tag 2<\/p>\n<p>Der morgendliche Blick an der DSB-Talstation &#8230; schien mir nicht so, als ob die heute in Betrieb gehen w\u00fcrde, keine Pisten pr\u00e4pariert&#8230;<\/p>\n<p>Der Morgen verlief recht sonnig und windstill, aber schon ab 9 Uhr st\u00e4rkere B\u00f6en. Naja, war ja durchaus etwas windig auch f\u00fcr heute gemeldet.<\/p>\n<p>Laut morgendlichem Schneebericht sollte die DSB in T\u00e4rnaby und der Kungsliften in Hemavan aber in Betrieb sein .. Anjaliften fuhr auch ab 9 Uhr. Die DSB dann zum Gl\u00fcck auch, nur das F\u00f6rderband am Einstieg war heute wohl defekt. Und pr\u00e4pariert wurde auch noch!<\/p>\n<p>Heut war dann passend auch der Schnee &#8220;appenninisch&#8221;: weich und etwas pappig.<\/p>\n<p>Zur Vorbereitung f\u00fcr den heutigen Tag hab ich mir noch einen alten Pistenplan angesehen. Berann hatte wohl f\u00fcr Schweden ganze 2 Panoramen gemalt: F\u00fcr Hemavan und f\u00fcr T\u00e4rnaby. Leider ohne Jahreszahl. Aber demnach hatte der DSB-Vorg\u00e4ngerlift einen Zwischenausstieg gehabt und eine Abfahrt links davon, deren Schneise mir im Sat-Bild ja schon etwas aufgefallen ist. Diese bin ich dann gleich mal gefahren bzw. gleich von der Bergstation der DSB aus links, wo wohl keine offizielle Abfahrt war.<\/p>\n<p>Alter Pistenplan von Berann, den Anjalift gabs damals auch noch nicht:<br \/>\n<a href='https:\/\/www.berann.com\/panorama\/archive\/image\/PN_EU_08.jpg'>https:\/\/www.berann.com\/panorama\/archive\/image\/PN_EU_08.jpg<\/a><\/p>\n<p>Ich blieb f\u00fcr ca. 3 Stunden (8 Fahrten) an der DSB, es wurde teils sch\u00f6n sonnig und warm in der Sonne, au\u00dfer am Gipfel, dort st\u00e4rkerer Sturm. Mein Lieblingsbereich in Hemavan-T\u00e4rnaby? Definitiv an der appenninischen DSB hier :) &#8211; die \u00fcbrigens weder an den St\u00fctzen noch an den Sesseln Nummernkleber mit Herstellerangabe hat..<\/p>\n<p>Ja, zum Thema Vorg\u00e4ngerlift &#8211; die Bergstation schaut ja f\u00fcr mich eigentlich eher nach Schlepplift aus, aber die Trasse von unten rauf hat ein paar Felsen drin, zudem hab ich noch ein paar alte Bilder gefunden &#8211; von der Er\u00f6ffnug der DSB 1972, augenscheinlich eine andere, zumindest die Sessel, Tal- und Bergstation.<\/p>\n<p><a href='https:\/\/www.storumansajten.se\/FOTOARKIV\/HARALD-E\/1970-1973\/Linbana_Laxfjallet_Jokke\/LINBANA_LAXFJ_JOKKE.html'>https:\/\/www.storumansajten.se\/FOTOARKIV\/HARALD-E\/1970-1973\/Linbana_Laxfjallet_Jokke\/LINBANA_LAXFJ_JOKKE.html<\/a><\/p>\n<p>(Etwas eigenartig, dass die dann ersetzt wurde und beim Ersatz nun auch noch die Sessel ausgetauscht wurden&#8230;)<\/p>\n<p>Was mir ebenfalls in die H\u00e4nde fiel, war ein Masterplan von ca. 2013\/2014:<\/p>\n<p><a href='https:\/\/www.storuman.se\/Bygga-bo--miljo\/Kommunens-planarbete\/Oversiktsplaner\/Masterplan-for-Tarnaby\/'>https:\/\/www.storuman.se\/Bygga-bo&#8211;miljo\/Kommunens-planarbete\/Oversiktsplaner\/Masterplan-for-Tarnaby\/<\/a><\/p>\n<p>Demnach will oder wollte man einen gro\u00dfen Ausbau des Skigebiets machen. Bin ja etwas zwiegespalten, die Landschaft w\u00e4re hier schon sehr nett, wenn sie noch etwas weiter erschlossen w\u00fcrde. Andererseits w\u00e4re das eine Erh\u00f6hung der F\u00f6rderleistung von 4.800 p\/h auf 34.200 p\/h &#8211; da ist mir T\u00e4rnaby so klein und leer, wie es jetzt ist, doch lieber. Denn w\u00e4hrend in Hemavan gestern bei dem schlechteren Wetter viel mehr los war, war es heute in T\u00e4rnaby wieder recht leer. Mir ja unverst\u00e4ndlich, mir gef\u00e4llt es hier besser.<\/p>\n<p><a href='http:\/\/ski.inmontanis.info\/d\/290280-2\/ge2021032931.jpg'><img src=http:\/\/ski.inmontanis.info\/d\/290279-3\/ge2021032931.jpg \/><\/a><br \/>\n^ GPS-Track, 2011 in Blau, 29.3.2021 in Rot und 31.3.2021 in Gelb<\/p>\n<p><a href='http:\/\/ski.inmontanis.info\/d\/290284-2\/DSC07416.jpg'><img src=http:\/\/ski.inmontanis.info\/d\/290283-3\/DSC07416.jpg \/><\/a><br \/>\n^ Talstation DSB und Lillbergsliften<\/p>\n<p><a href='http:\/\/ski.inmontanis.info\/d\/290288-2\/DSC07422.jpg'><img src=http:\/\/ski.inmontanis.info\/d\/290287-3\/DSC07422.jpg \/><\/a><br \/>\n^ Anjaliften<\/p>\n<p><a href='http:\/\/ski.inmontanis.info\/d\/290292-2\/DSC07431.jpg'><img src=http:\/\/ski.inmontanis.info\/d\/290291-3\/DSC07431.jpg \/><\/a><br \/>\n^ Anjaliften<\/p>\n<p>2011 war die rechte Abfahrt noch nicht so verwachsen:<br \/>\n<a href='http:\/\/ski.inmontanis.info\/d\/132359-3\/DSC03099.jpg'><img src=http:\/\/ski.inmontanis.info\/d\/132358-4\/DSC03099.jpg \/><\/a><\/p>\n<p><a href='http:\/\/ski.inmontanis.info\/d\/290296-2\/DSC07437.jpg'><img src=http:\/\/ski.inmontanis.info\/d\/290295-3\/DSC07437.jpg \/><\/a><br \/>\n^ Anjaliften, St\u00fctze 8 &#8211; die einzige, mit WSO-Herstellerschild<\/p>\n<p><a href='http:\/\/ski.inmontanis.info\/d\/290300-2\/DSC07443.jpg'><img src=http:\/\/ski.inmontanis.info\/d\/290299-3\/DSC07443.jpg \/><\/a><br \/>\n^ Rechts vom Anjaliften, geradeaus geht die Abfahrt 18, links ist die 16, rechts nach vorne die 17 und rechts retour (und den SL querend) die 15<\/p>\n<p><a href='http:\/\/ski.inmontanis.info\/d\/290304-2\/DSC07446.jpg'><img src=http:\/\/ski.inmontanis.info\/d\/290303-3\/DSC07446.jpg \/><\/a><br \/>\n^ Rechts vom Anjaliften, ich steh auf der Abfahrt 18, rechts ist die 16, links die 17<\/p>\n<p><a href='http:\/\/ski.inmontanis.info\/d\/290308-2\/DSC07452.jpg'><img src=http:\/\/ski.inmontanis.info\/d\/290307-3\/DSC07452.jpg \/><\/a><br \/>\n^ Abfahrt 18 rechts vom Anjaliften<\/p>\n<p><a href='http:\/\/ski.inmontanis.info\/d\/290312-2\/DSC07455.jpg'><img src=http:\/\/ski.inmontanis.info\/d\/290311-3\/DSC07455.jpg \/><\/a><br \/>\n^ Abfahrt 17 rechts vom Anjaliften<\/p>\n<p><a href='http:\/\/ski.inmontanis.info\/d\/290316-2\/DSC07464.jpg'><img src=http:\/\/ski.inmontanis.info\/d\/290315-3\/DSC07464.jpg \/><\/a><br \/>\n^ Ehemalige Abfahrt links vom Anjaliften<\/p>\n<p><a href='http:\/\/ski.inmontanis.info\/d\/290320-2\/DSC07467.jpg'><img src=http:\/\/ski.inmontanis.info\/d\/290319-3\/DSC07467.jpg \/><\/a><br \/>\n^ Ingemarbacken<\/p>\n<p><a href='http:\/\/ski.inmontanis.info\/d\/290324-2\/DSC07468.jpg'><img src=http:\/\/ski.inmontanis.info\/d\/290323-3\/DSC07468.jpg \/><\/a><br \/>\n^ Ingemarliften und Lasseliften<\/p>\n<p><a href='http:\/\/ski.inmontanis.info\/d\/290328-2\/DSC07471.jpg'><img src=http:\/\/ski.inmontanis.info\/d\/290327-3\/DSC07471.jpg \/><\/a><br \/>\n^ Ingemarliften<\/p>\n<p><a href='http:\/\/ski.inmontanis.info\/d\/290332-2\/DSC07472.jpg'><img src=http:\/\/ski.inmontanis.info\/d\/290331-3\/DSC07472.jpg \/><\/a><br \/>\n^ Blick von der Bergstation Ingemarliften zur DSB. Links die Verbindung zur DSB ist auch recht schiebelastig (und die Geschlossen-Tafel ist nicht mehr aktuell)<\/p>\n<p><a href='http:\/\/ski.inmontanis.info\/d\/290336-2\/DSC07476.jpg'><img src=http:\/\/ski.inmontanis.info\/d\/290335-3\/DSC07476.jpg \/><\/a><br \/>\n^ Abfahrt 1 zur DSB<\/p>\n<p><a href='http:\/\/ski.inmontanis.info\/d\/290340-2\/DSC07477.jpg'><img src=http:\/\/ski.inmontanis.info\/d\/290339-3\/DSC07477.jpg \/><\/a><br \/>\n^ Mittlerer Teil der DSB-Hauptabfahrt 2 Hassebacken, sch\u00f6n<\/p>\n<p><a href='http:\/\/ski.inmontanis.info\/d\/290344-2\/DSC07480.jpg'><img src=http:\/\/ski.inmontanis.info\/d\/290343-3\/DSC07480.jpg \/><\/a><br \/>\n^ DSB-Talstation<\/p>\n<p><a href='http:\/\/ski.inmontanis.info\/d\/290348-2\/DSC07482.jpg'><img src=http:\/\/ski.inmontanis.info\/d\/290347-3\/DSC07482.jpg \/><\/a><br \/>\n^ Talstation DSB, das F\u00f6rderband war heute leider defekt<\/p>\n<p><a href='http:\/\/ski.inmontanis.info\/d\/290352-2\/DSC07484.jpg'><img src=http:\/\/ski.inmontanis.info\/d\/290351-3\/DSC07484.jpg \/><\/a><br \/>\n^ links irgendwie der Start der Abfahrt von der Ex-Mittelstation<\/p>\n<p><a href='http:\/\/ski.inmontanis.info\/d\/290356-2\/DSC07485.jpg'><img src=http:\/\/ski.inmontanis.info\/d\/290355-3\/DSC07485.jpg \/><\/a><br \/>\n^ Ex-Abfahrt unter der Ex-Mittelstation links der DSB<\/p>\n<p><a href='http:\/\/ski.inmontanis.info\/d\/290360-2\/DSC07486.jpg'><img src=http:\/\/ski.inmontanis.info\/d\/290359-3\/DSC07486.jpg \/><\/a><br \/>\n^ Bereich der vermutlichen ehemaligen Mittelstation<\/p>\n<p><a href='http:\/\/ski.inmontanis.info\/d\/290364-2\/DSC07498.jpg'><img src=http:\/\/ski.inmontanis.info\/d\/290363-3\/DSC07498.jpg \/><\/a><br \/>\n^ In der Ex-Abfahrt unter der Ex-Mittelstation links der DSB<\/p>\n<p><a href='http:\/\/ski.inmontanis.info\/d\/290368-2\/DSC07500.jpg'><img src=http:\/\/ski.inmontanis.info\/d\/290367-3\/DSC07500.jpg \/><\/a><br \/>\n^ Abfahrt 1 links der DSB (von rechts kommend), sowie geradeaus die Schneise der ehemaligen Mittelstations-Abfahrt<\/p>\n<p><a href='http:\/\/ski.inmontanis.info\/d\/290372-2\/DSC07502.jpg'><img src=http:\/\/ski.inmontanis.info\/d\/290371-3\/DSC07502.jpg \/><\/a><br \/>\n^ Unterer Teil der Abfahrt 1, links der DSB, auch sehr nett<\/p>\n<p><a href='http:\/\/ski.inmontanis.info\/d\/290376-2\/DSC07505.jpg'><img src=http:\/\/ski.inmontanis.info\/d\/290375-3\/DSC07505.jpg \/><\/a><br \/>\n^ DSB-Bergstation und Ex-Bergstation<\/p>\n<p><a href='http:\/\/ski.inmontanis.info\/d\/290380-2\/DSC07506.jpg'><img src=http:\/\/ski.inmontanis.info\/d\/290379-3\/DSC07506.jpg \/><\/a><br \/>\n^ Offpiste-Variante links der DSB-Bergstation, sch\u00f6nes Gel\u00e4nde<\/p>\n<p><a href='http:\/\/ski.inmontanis.info\/d\/290384-2\/DSC07509.jpg'><img src=http:\/\/ski.inmontanis.info\/d\/290383-3\/DSC07509.jpg \/><\/a><br \/>\n^ DSB-Vorg\u00e4nger-Bergstation. Schaut irgendwie so schmal aus f\u00fcr eine DSB .. ?!<\/p>\n<p><a href='http:\/\/ski.inmontanis.info\/d\/290388-2\/DSC07510.jpg'><img src=http:\/\/ski.inmontanis.info\/d\/290387-3\/DSC07510.jpg \/><\/a><br \/>\n^ Abfahrt 2 rechts der DSB<\/p>\n<p><a href='http:\/\/ski.inmontanis.info\/d\/290392-2\/DSC07511.jpg'><img src=http:\/\/ski.inmontanis.info\/d\/290391-3\/DSC07511.jpg \/><\/a><br \/>\n^ Offpiste rechts der DSB<\/p>\n<p><a href='http:\/\/ski.inmontanis.info\/d\/290396-2\/DSC07516.jpg'><img src=http:\/\/ski.inmontanis.info\/d\/290395-3\/DSC07516.jpg \/><\/a><br \/>\n^ Unterer Teil der Abfahrt 2 Hassebacken zur DSB<\/p>\n<p><a href='http:\/\/ski.inmontanis.info\/d\/290400-2\/DSC07518.jpg'><img src=http:\/\/ski.inmontanis.info\/d\/290399-3\/DSC07518.jpg \/><\/a><br \/>\n^ Mir ist tats\u00e4chlich erst jetzt, nach bereits so vielen Fahrten, aufgefallen, dass es hier mal wieder ein l\u00e4ngeres St\u00fcck keine Sessel gibt &#8211; wohl wieder als Sturmschutz ..<\/p>\n<p><a href='http:\/\/ski.inmontanis.info\/d\/290404-2\/DSC07520.jpg'><img src=http:\/\/ski.inmontanis.info\/d\/290403-3\/DSC07520.jpg \/><\/a><br \/>\n^ DSB-Auffahrt<\/p>\n<p><a href='http:\/\/ski.inmontanis.info\/d\/290408-2\/DSC07521.jpg'><img src=http:\/\/ski.inmontanis.info\/d\/290407-3\/DSC07521.jpg \/><\/a><br \/>\n^ Offpiste rechts der DSB-Bergstation, evtl. ehemalige Abfahrt.<\/p>\n<p><a href='http:\/\/ski.inmontanis.info\/d\/290412-2\/DSC07524.jpg'><img src=http:\/\/ski.inmontanis.info\/d\/290411-3\/DSC07524.jpg \/><\/a><br \/>\n^ Kurze blaue Abfahrt 4 B\u00f6rjes, neben der 2<\/p>\n<p><a href='http:\/\/ski.inmontanis.info\/d\/290416-2\/DSC07526.jpg'><img src=http:\/\/ski.inmontanis.info\/d\/290415-3\/DSC07526.jpg \/><\/a><br \/>\n^ Sch\u00f6ner Schlusshang der Abfahrt 2 Hassebacken, steil mit Mulden und H\u00fcgel, dazu relativ schmal und eine DSB, erinnert etwas an Abetone<\/p>\n<p><a href='http:\/\/ski.inmontanis.info\/d\/290420-2\/DSC07527.jpg'><img src=http:\/\/ski.inmontanis.info\/d\/290419-3\/DSC07527.jpg \/><\/a><br \/>\n^ DSB Talstation und komplette Strecke<\/p>\n<p><a href='http:\/\/ski.inmontanis.info\/d\/290424-2\/DSC07529.jpg'><img src=http:\/\/ski.inmontanis.info\/d\/290423-3\/DSC07529.jpg \/><\/a><br \/>\n^ DSB-Trasse<\/p>\n<p><a href='http:\/\/ski.inmontanis.info\/d\/290428-2\/DSC07534.jpg'><img src=http:\/\/ski.inmontanis.info\/d\/290427-3\/DSC07534.jpg \/><\/a><br \/>\n^ Ehemaliger Mittelstationsbereich<\/p>\n<p><a href='http:\/\/ski.inmontanis.info\/d\/290432-2\/DSC07536.jpg'><img src=http:\/\/ski.inmontanis.info\/d\/290431-3\/DSC07536.jpg \/><\/a><br \/>\n^ Oberster Teil der DSB, direkt rechts vom Gipfel die stillgelegte schwarze Abfahrt, links Offpistebereich<\/p>\n<p><a href='http:\/\/ski.inmontanis.info\/d\/290436-2\/DSC07539.jpg'><img src=http:\/\/ski.inmontanis.info\/d\/290435-3\/DSC07539.jpg \/><\/a><br \/>\n^ R\u00fcckseitig der DSB<\/p>\n<p><a href='http:\/\/ski.inmontanis.info\/d\/290440-2\/DSC07540.jpg'><img src=http:\/\/ski.inmontanis.info\/d\/290439-3\/DSC07540.jpg \/><\/a><br \/>\n^ Sch\u00f6nes Gel\u00e4nde im rechten Winkel links der DSB-Bergstation. Im Masterplan w\u00e4ren hier 2 KSBs oder so geplant<\/p>\n<p><a href='http:\/\/ski.inmontanis.info\/d\/290444-2\/DSC07541.jpg'><img src=http:\/\/ski.inmontanis.info\/d\/290443-3\/DSC07541.jpg \/><\/a><br \/>\n^ Sch\u00f6nes Gel\u00e4nde im rechten Winkel links der DSB-Bergstation. Im Masterplan w\u00e4ren hier 2 KSBs oder so geplant<\/p>\n<p><a href='http:\/\/ski.inmontanis.info\/d\/290448-2\/DSC07545.jpg'><img src=http:\/\/ski.inmontanis.info\/d\/290447-3\/DSC07545.jpg \/><\/a><br \/>\n^ Offpiste links der DSB<\/p>\n<p><a href='http:\/\/ski.inmontanis.info\/d\/290452-2\/DSC07546.jpg'><img src=http:\/\/ski.inmontanis.info\/d\/290451-3\/DSC07546.jpg \/><\/a><br \/>\n^ Offpiste links der DSB<\/p>\n<p><a href='http:\/\/ski.inmontanis.info\/d\/290456-2\/DSC07547.jpg'><img src=http:\/\/ski.inmontanis.info\/d\/290455-3\/DSC07547.jpg \/><\/a><br \/>\n^ Offpiste links der DSB<\/p>\n<p><a href='http:\/\/ski.inmontanis.info\/d\/290460-2\/DSC07549.jpg'><img src=http:\/\/ski.inmontanis.info\/d\/290459-3\/DSC07549.jpg \/><\/a><br \/>\n^ Offpiste links der DSB<\/p>\n<p><a href='http:\/\/ski.inmontanis.info\/d\/290464-2\/DSC07550.jpg'><img src=http:\/\/ski.inmontanis.info\/d\/290463-3\/DSC07550.jpg \/><\/a><br \/>\n^ Evtl. Ex-Abfahrt links oberhalb der Ex-Mittelstation<\/p>\n<p><a href='http:\/\/ski.inmontanis.info\/d\/290468-2\/DSC07556.jpg'><img src=http:\/\/ski.inmontanis.info\/d\/290467-3\/DSC07556.jpg \/><\/a><br \/>\n^ An der ehemaligen Mittelstation gab es dieses eigenartige Fundament (?!), ich entfernte den Schnee, aber schaut ja nach nicht viel aus .. ?!<\/p>\n<p><a href='http:\/\/ski.inmontanis.info\/d\/290472-2\/DSC07558.jpg'><img src=http:\/\/ski.inmontanis.info\/d\/290471-3\/DSC07558.jpg \/><\/a><br \/>\n^ DSB-Bergstation<\/p>\n<p><a href='http:\/\/ski.inmontanis.info\/d\/290476-2\/DSC07559.jpg'><img src=http:\/\/ski.inmontanis.info\/d\/290475-3\/DSC07559.jpg \/><\/a><br \/>\n^ Ex-Bergstation<\/p>\n<p><a href='http:\/\/ski.inmontanis.info\/d\/290480-2\/DSC07560.jpg'><img src=http:\/\/ski.inmontanis.info\/d\/290479-3\/DSC07560.jpg \/><\/a><br \/>\n^ DSB-Bergstation und Ex-Bergstation<\/p>\n<p><a href='http:\/\/ski.inmontanis.info\/d\/290484-2\/DSC07561.jpg'><img src=http:\/\/ski.inmontanis.info\/d\/290483-3\/DSC07561.jpg \/><\/a><br \/>\n^ Start der DSB-Abfahrten, rechts die 2, mittig die 7 und dahinter die 6, die zu den SL f\u00fchren<\/p>\n<p><a href='http:\/\/ski.inmontanis.info\/d\/290488-2\/DSC07562.jpg'><img src=http:\/\/ski.inmontanis.info\/d\/290487-3\/DSC07562.jpg \/><\/a><br \/>\n^ Blick von nahe DSB-Bergstation zum See und etwas unterhalb Bildmitte die Bergstation Ingemarliften<\/p>\n<p><a href='http:\/\/ski.inmontanis.info\/d\/290492-2\/DSC07565.jpg'><img src=http:\/\/ski.inmontanis.info\/d\/290491-3\/DSC07565.jpg \/><\/a><br \/>\n^ Gipfel und DSB-Abfahrt 2 und 7<\/p>\n<p><a href='http:\/\/ski.inmontanis.info\/d\/290496-2\/DSC07567.jpg'><img src=http:\/\/ski.inmontanis.info\/d\/290495-3\/DSC07567.jpg \/><\/a><br \/>\n^ Gel\u00e4nde zwischen DSB und Anjaliften<\/p>\n<p><a href='http:\/\/ski.inmontanis.info\/d\/290500-2\/DSC07568.jpg'><img src=http:\/\/ski.inmontanis.info\/d\/290499-3\/DSC07568.jpg \/><\/a><br \/>\n^ Abfahrten links vom Anjaliften<\/p>\n<p><a href='http:\/\/ski.inmontanis.info\/d\/290504-2\/DSC07569.jpg'><img src=http:\/\/ski.inmontanis.info\/d\/290503-3\/DSC07569.jpg \/><\/a><br \/>\n^ Talstation Anjaliften, schade, dass der See gefroren ist &#8230;<\/p>\n<p><a href='http:\/\/ski.inmontanis.info\/d\/290508-2\/DSC07573.jpg'><img src=http:\/\/ski.inmontanis.info\/d\/290507-3\/DSC07573.jpg \/><\/a><br \/>\n^ Abfahrt 17 rechts vom Anjaliften, im oberen Teil<\/p>\n<p><a href='http:\/\/ski.inmontanis.info\/d\/290512-2\/DSC07574.jpg'><img src=http:\/\/ski.inmontanis.info\/d\/290511-3\/DSC07574.jpg \/><\/a><br \/>\n^ Abfahrt 17 rechts vom Anjaliften, im oberen Teil. Wird wohl bald nicht mehr fahrbar sein<\/p>\n<p><a href='http:\/\/ski.inmontanis.info\/d\/290516-2\/DSC07575.jpg'><img src=http:\/\/ski.inmontanis.info\/d\/290515-3\/DSC07575.jpg \/><\/a><br \/>\n^ Abfahrt 15 Anjabacken<\/p>\n<p><a href='http:\/\/ski.inmontanis.info\/d\/290520-2\/DSC07576.jpg'><img src=http:\/\/ski.inmontanis.info\/d\/290519-3\/DSC07576.jpg \/><\/a><br \/>\n^ Anjaliften<\/p>\n<p><a href='http:\/\/ski.inmontanis.info\/d\/290524-2\/DSC07577.jpg'><img src=http:\/\/ski.inmontanis.info\/d\/290523-3\/DSC07577.jpg \/><\/a><br \/>\n^ Blick von Abfahrt 15 Anjabacken \u00fcber ehemalige Abfahrten daneben bis zur DSB-Bergstation<\/p>\n<p><a href='http:\/\/ski.inmontanis.info\/d\/290528-2\/DSC07580.jpg'><img src=http:\/\/ski.inmontanis.info\/d\/290527-3\/DSC07580.jpg \/><\/a><br \/>\n^ Evtl. ehemalige Verbindungsabfahrt vom Anja- zum Ingemarliften<\/p>\n<p><a href='http:\/\/ski.inmontanis.info\/d\/290532-2\/DSC07581.jpg'><img src=http:\/\/ski.inmontanis.info\/d\/290531-3\/DSC07581.jpg \/><\/a><br \/>\n^ Evtl. ehemalige Verbindungsabfahrt vom Anja- zum Ingemarliften<\/p>\n<p><a href='http:\/\/ski.inmontanis.info\/d\/290536-2\/DSC07583.jpg'><img src=http:\/\/ski.inmontanis.info\/d\/290535-3\/DSC07583.jpg \/><\/a><br \/>\n^ Abfahrt 13 Ringbranten bzw. Cross-Strecke<\/p>\n<p><a href='http:\/\/ski.inmontanis.info\/d\/290540-2\/DSC07584.jpg'><img src=http:\/\/ski.inmontanis.info\/d\/290539-3\/DSC07584.jpg \/><\/a><br \/>\n^ R\u00fcckseitig am Anjaliften, kann man auch fahren<\/p>\n<p><a href='http:\/\/ski.inmontanis.info\/d\/290544-2\/DSC07585.jpg'><img src=http:\/\/ski.inmontanis.info\/d\/290543-3\/DSC07585.jpg \/><\/a><br \/>\n^ R\u00fcckseitig am Anjaliften, was sucht das Schild hier? Gab es hier einst eine Stra\u00dfe?<\/p>\n<p><a href='http:\/\/ski.inmontanis.info\/d\/290548-2\/DSC07587.jpg'><img src=http:\/\/ski.inmontanis.info\/d\/290547-3\/DSC07587.jpg \/><\/a><br \/>\n^ R\u00fcckseitig am Anjaliften<\/p>\n<p><a href='http:\/\/ski.inmontanis.info\/d\/290552-2\/DSC07591.jpg'><img src=http:\/\/ski.inmontanis.info\/d\/290551-3\/DSC07591.jpg \/><\/a><br \/>\n^ Abfahrt 17 rechts vom Anjaliften, im unteren Teil. Schade, dass man das so verwuchern l\u00e4sst.<\/p>\n<p><a href='http:\/\/ski.inmontanis.info\/d\/290556-2\/DSC07594.jpg'><img src=http:\/\/ski.inmontanis.info\/d\/290555-3\/DSC07594.jpg \/><\/a><br \/>\n^ Abfahrt 17<\/p>\n<p><a href='http:\/\/ski.inmontanis.info\/d\/290560-2\/DSC07595.jpg'><img src=http:\/\/ski.inmontanis.info\/d\/290559-3\/DSC07595.jpg \/><\/a><br \/>\n^ Anjaliften<\/p>\n<p><a href='http:\/\/extra.inmontanis.info\/d\/61945-2\/DSC07597.jpg'><img src=http:\/\/extra.inmontanis.info\/d\/61944-3\/DSC07597.jpg \/><\/a><br \/>\n^ An das t\u00e4gliche Rein- und Rausschieben der Bindung gew\u00f6hnt man sich auch. Nur wenns regnet oder schneit nervts.<\/p>\n<p>In T\u00e4rnaby nochmals getankt und an der Tankstelle ein Kebap um ca. 6,50 \u20ac gekauft.<\/p>\n<p><a href='http:\/\/extra.inmontanis.info\/d\/61949-2\/DSC07600.jpg'><img src=http:\/\/extra.inmontanis.info\/d\/61948-3\/DSC07600.jpg \/><\/a><br \/>\n^ Kebap im Tankstellenshop um ca. 6,50 \u20ac<\/p>\n<p>Ich entschloss mich, heute Abend bis vor Klimpfj\u00e4ll zu fahren um dort morgen und wohl auch noch \u00fcbermorgen Ski zu fahren und dann den gro\u00dfen Umweg nach Bl\u00e5sj\u00f6n aufgrund der Wintersperre der Stra\u00dfe. H\u00e4tte eigentlich nicht bis zum Liftparkplatz fahren wollen, aber der eine Parkplatz, der letzten Mai ger\u00e4umt war, war es nicht und dann kam nix mehr brauchbares. Um 21 Uhr kam ich an.<\/p>\n<p><a href='http:\/\/extra.inmontanis.info\/d\/61953-2\/DSC07607.jpg'><img src=http:\/\/extra.inmontanis.info\/d\/61952-3\/DSC07607.jpg \/><\/a><br \/>\n^ Na da wird mein Auto wieder dreckig. Aber gute \u00dcbung f\u00fcr osteurop\u00e4ische Stra\u00dfen ;)<\/p>\n<p><em>Da der Bericht so umfangreich war, werd ich den monatlichen R\u00fcckblick auf den morgigen Tag verschieben.<\/em><\/p>\n","protected":false},"excerpt":{"rendered":"<p>31.3.2021 &#8211; T\u00e4rnaby Tag 2<\/p>\n<p>Der morgendliche Blick an der DSB-Talstation &#8230; schien mir nicht so, als ob die heute in Betrieb gehen w\u00fcrde, keine Pisten pr\u00e4pariert&#8230;<\/p>\n<p>Der Morgen verlief recht sonnig und windstill, aber schon ab 9 Uhr st\u00e4rkere B\u00f6en. Naja, war ja durchaus etwas windig auch f\u00fcr heute gemeldet.<\/p>\n<p>Laut morgendlichem Schneebericht sollte <a href=\"http:\/\/blog.inmontanis.info\/?p=6683\">[&#8230;]<\/a><\/p>\n","protected":false},"author":1,"featured_media":0,"comment_status":"closed","ping_status":"closed","sticky":false,"template":"","format":"standard","meta":{"footnotes":""},"categories":[184,625,19,27],"tags":[38,45,47],"class_list":["post-6683","post","type-post","status-publish","format-standard","hentry","category-2021-01-skandinavien","category-hemavan-tarnaby","category-schwedensweden","category-skifahren-winterskiing-winter","tag-dsb","tag-see","tag-sl","odd"],"_links":{"self":[{"href":"http:\/\/blog.inmontanis.info\/index.php?rest_route=\/wp\/v2\/posts\/6683","targetHints":{"allow":["GET"]}}],"collection":[{"href":"http:\/\/blog.inmontanis.info\/index.php?rest_route=\/wp\/v2\/posts"}],"about":[{"href":"http:\/\/blog.inmontanis.info\/index.php?rest_route=\/wp\/v2\/types\/post"}],"author":[{"embeddable":true,"href":"http:\/\/blog.inmontanis.info\/index.php?rest_route=\/wp\/v2\/users\/1"}],"replies":[{"embeddable":true,"href":"http:\/\/blog.inmontanis.info\/index.php?rest_route=%2Fwp%2Fv2%2Fcomments&post=6683"}],"version-history":[{"count":7,"href":"http:\/\/blog.inmontanis.info\/index.php?rest_route=\/wp\/v2\/posts\/6683\/revisions"}],"predecessor-version":[{"id":9102,"href":"http:\/\/blog.inmontanis.info\/index.php?rest_route=\/wp\/v2\/posts\/6683\/revisions\/9102"}],"wp:attachment":[{"href":"http:\/\/blog.inmontanis.info\/index.php?rest_route=%2Fwp%2Fv2%2Fmedia&parent=6683"}],"wp:term":[{"taxonomy":"category","embeddable":true,"href":"http:\/\/blog.inmontanis.info\/index.php?rest_route=%2Fwp%2Fv2%2Fcategories&post=6683"},{"taxonomy":"post_tag","embeddable":true,"href":"http:\/\/blog.inmontanis.info\/index.php?rest_route=%2Fwp%2Fv2%2Ftags&post=6683"}],"curies":[{"name":"wp","href":"https:\/\/api.w.org\/{rel}","templated":true}]}}