{"id":6678,"date":"2021-03-29T19:56:32","date_gmt":"2021-03-29T17:56:32","guid":{"rendered":"http:\/\/blog.inmontanis.info\/?p=6678"},"modified":"2023-08-05T11:54:17","modified_gmt":"2023-08-05T09:54:17","slug":"tarnaby-29-3-2021","status":"publish","type":"post","link":"http:\/\/blog.inmontanis.info\/?p=6678","title":{"rendered":"T\u00e4rnaby, 29.3.2021"},"content":{"rendered":"<p><strong>29.3.2021<\/strong> &#8211; T\u00e4rnaby Tag 1<\/p>\n<p>Obwohl die Wettervorhersagen morgens eher noch etwas Sonne gemeldet hatten, schneite es nachts und fr\u00fch (mit aber durchaus blauen Himmelstendenzen). Ich fuhr nach T\u00e4rnaby zur Talstation Anjaliften, da ist in der N\u00e4he die Tankstelle samt Shop (ab 7.00 werktags ge\u00f6ffnet und eine WC-M\u00f6glichkeit).<\/p>\n<p>Irgendwie war ich recht fr\u00fch wach und konnte heute nicht mehr einschlafen. Die Heizmatte an den F\u00fc\u00dfen ist immer noch zu weit oben, wenn ich die F\u00fc\u00dfe ausstrecke (und ja, das geht, ohne dass ich sie neben den Beifahrersitz oder zwischen den Beifahrersitz verrenken m\u00fcsste!), ist die Heizmatte eher auf Wadenh\u00f6he &#8211; und wenn ich m\u00f6chte, dass meine F\u00fc\u00dfe warm bleiben, muss ich die Beine anwinkeln. Wenn ich mal Zeit hab, werd ich die andere Heizmatte mal in den Sitzbezug schieben. Denn die zweite Heizmatte, die ich in der Sitzfl\u00e4che unter der Matratze hab, also f\u00fcr&#8217;s Arbeiten am PC, wenn der Tisch aufgebaut ist, hab ich noch nie gebraucht.<\/p>\n<p>Nahm mir arbeitsm\u00e4\u00dfig ein St\u00fcndchen frei, damit ich vielleicht noch etwas ohne Schneefall Skifahren kann oder die Sonne noch etwas sehe .. wenn ich schon auf die 4 Tage gerechnet 42 \u20ac f\u00fcr jeden der 4 Tage hier zahle.<\/p>\n<p>Bis etwas nach Mittag hielt das Wetter, danach ca. 2h starker Schneefall, ab ca 15 Uhr wieder besser. Ich fuhr schwerpunktm\u00e4\u00dfig die DSB, falls die \u00fcbermorgen aus irgendeinem Grund nicht offen sein sollte.<\/p>\n<p>Es gibt hier etliche stillgelegte Abfahrten, ist aber ja auch typisch f\u00fcr Schweden. Schwierig ist aber anscheinend die Bezeichnung der Pisten. Die sind ja grundlegend nach irgendwelchen Skifahrern usw. benannt. (Mehr Infos hier, sowohl Ingemar Stenmark, wie auch Anja P\u00e4rson kommen wohl aus T\u00e4rnaby: <a href='https:\/\/www.fjallvinden.com\/foreningen\/tarnaikfjallvindenhistoria'>https:\/\/www.fjallvinden.com\/foreningen\/tarnaikfjallvindenhistoria<\/a>)<\/p>\n<p>Problematisch sind aber z.B. die rechten 3 Abfahrten vom rechten SL, am neuen Plan von links nach rechts:<br \/>\n17 Lillians (offpist)<br \/>\n18 Mickelpasset<br \/>\n16 (die blaue) Granbacken (offpist)<br \/>\nNun ist aber die 16 pr\u00e4pariert, und die 18 offpist. Stimmt nun der Name oder das &#8220;offpist&#8221;?<\/p>\n<p>Noch kurioser wirds dann, wenn man auch den alten Plan betrachtet, von links nach rechts:<br \/>\n17 Granbacken (offpist)<br \/>\n18 Lillians (offpist)<br \/>\n19 (die blaue) Mickelpasset<\/p>\n<p>&#8230;<\/p>\n<p>Teilweise, d.h. an der DSB, finde ich alles hier sehr &#8220;appenninisch&#8221;, mit den teils schmalen Waldabfahrten und Laubbaumen. Die DSB erinnert mich unten an Abetone, enger und steiler und die eher schm\u00e4lere Abfahrt ..<\/p>\n<p><em>Ich hab sowohl am 29. wie dann auch am 31.3. viele Fotos doppelt und dreifach gemacht, weil das Wetter immer unterschiedlich war &#8211; in Summe waren es dann ca. 200 Fotos, die ich Memory-Spiel-m\u00e4\u00dfig aussortieren musste, was einige Zeit in Anspruch nahm. \u00dcbriggeblieben sind nun etwas unter 100, aufgeteilt auf die zwei Tage &#8211; daher schreib ich die beiden Berichte auch einzeln; hier nun die Fotos vom 29.3.:<\/em><\/p>\n<p><a href='http:\/\/ski.inmontanis.info\/d\/290200-2\/DSC06993.jpg'><img src=http:\/\/ski.inmontanis.info\/d\/290199-3\/DSC06993.jpg \/><\/a><br \/>\n^ Anjaliften Talstation<\/p>\n<p><a href='http:\/\/ski.inmontanis.info\/d\/290204-2\/DSC06996.jpg'><img src=http:\/\/ski.inmontanis.info\/d\/290203-3\/DSC06996.jpg \/><\/a><br \/>\n^ Aktueller Pistenplan<\/p>\n<p>Pistenplan von 2011:<br \/>\n<a href='http:\/\/ski.inmontanis.info\/d\/132346-3\/DSC03095.jpg'><img src=http:\/\/ski.inmontanis.info\/d\/132345-4\/DSC03095.jpg \/><\/a><\/p>\n<p><a href='http:\/\/ski.inmontanis.info\/d\/290208-2\/DSC07014.jpg'><img src=http:\/\/ski.inmontanis.info\/d\/290207-3\/DSC07014.jpg \/><\/a><br \/>\n^ Verbindungsabfahrt 1 vom Anjaliften zur DSB<\/p>\n<p><a href='http:\/\/ski.inmontanis.info\/d\/290212-2\/DSC07020.jpg'><img src=http:\/\/ski.inmontanis.info\/d\/290211-3\/DSC07020.jpg \/><\/a><br \/>\n^ Verbindungsabfahrt 1 vom Anjaliften zur DSB (ging heute nicht ohne Schieben)<\/p>\n<p><a href='http:\/\/ski.inmontanis.info\/d\/290216-2\/DSC07107.jpg'><img src=http:\/\/ski.inmontanis.info\/d\/290215-3\/DSC07107.jpg \/><\/a><br \/>\n^ Ehemalige schwarze Abfahrt neben der DSB, im 2011er Plan noch eingezeichnet<\/p>\n<p><a href='http:\/\/ski.inmontanis.info\/d\/290220-2\/DSC07110.jpg'><img src=http:\/\/ski.inmontanis.info\/d\/290219-3\/DSC07110.jpg \/><\/a><br \/>\n^ Ehemalige schwarze Abfahrt neben der DSB<\/p>\n<p><a href='http:\/\/ski.inmontanis.info\/d\/290224-2\/DSC07116.jpg'><img src=http:\/\/ski.inmontanis.info\/d\/290223-3\/DSC07116.jpg \/><\/a><br \/>\n^ Ehemalige schwarze Abfahrt neben der DSB<\/p>\n<p><a href='http:\/\/ski.inmontanis.info\/d\/290228-2\/DSC07119.jpg'><img src=http:\/\/ski.inmontanis.info\/d\/290227-3\/DSC07119.jpg \/><\/a><br \/>\n^ Alle Schneisen m\u00fcssen gefahren werden ;-)<\/p>\n<p><a href='http:\/\/ski.inmontanis.info\/d\/290232-2\/DSC07149.jpg'><img src=http:\/\/ski.inmontanis.info\/d\/290231-3\/DSC07149.jpg \/><\/a><br \/>\n^ Lillbergsliften rechts der DSB<\/p>\n<p><a href='http:\/\/ski.inmontanis.info\/d\/290236-2\/DSC07155.jpg'><img src=http:\/\/ski.inmontanis.info\/d\/290235-3\/DSC07155.jpg \/><\/a><br \/>\n^ Alte DSB-Sessel &#8211; warum man die \u00fcberhaupt ausgetauscht hat?!<\/p>\n<p>2011 bin ich noch mit den alten Sesseln gefahren:<br \/>\n<a href='http:\/\/ski.inmontanis.info\/d\/132380-3\/DSC03108.jpg'><img src=http:\/\/ski.inmontanis.info\/d\/132379-4\/DSC03108.jpg \/><\/a><br \/>\n^ 6.4.2011<\/p>\n<p><a href='http:\/\/ski.inmontanis.info\/d\/290240-2\/DSC07269.jpg'><img src=http:\/\/ski.inmontanis.info\/d\/290239-3\/DSC07269.jpg \/><\/a><br \/>\n^ Abfahrt 8 Stigsv\u00e4ngen links vom Ingemarliften<\/p>\n<p><a href='http:\/\/ski.inmontanis.info\/d\/290244-2\/DSC07291.jpg'><img src=http:\/\/ski.inmontanis.info\/d\/290243-3\/DSC07291.jpg \/><\/a><br \/>\n^ Abfahrten 13 und 14<\/p>\n<p><a href='http:\/\/ski.inmontanis.info\/d\/290248-2\/DSC07324.jpg'><img src=http:\/\/ski.inmontanis.info\/d\/290247-3\/DSC07324.jpg \/><\/a><br \/>\n^ Abfahrt 18 rechts vom Anjaliften<\/p>\n<p><a href='http:\/\/ski.inmontanis.info\/d\/290252-2\/DSC07330.jpg'><img src=http:\/\/ski.inmontanis.info\/d\/290251-3\/DSC07330.jpg \/><\/a><br \/>\n^ Abfahrt 18 rechts vom Anjaliften<\/p>\n<p><a href='http:\/\/ski.inmontanis.info\/d\/290256-2\/DSC07336.jpg'><img src=http:\/\/ski.inmontanis.info\/d\/290255-3\/DSC07336.jpg \/><\/a><br \/>\n^ Abfahrt 18 rechts vom Anjaliften<\/p>\n<p><a href='http:\/\/ski.inmontanis.info\/d\/290260-2\/DSC07345.jpg'><img src=http:\/\/ski.inmontanis.info\/d\/290259-3\/DSC07345.jpg \/><\/a><br \/>\n^ Pano rechts vom Anjaliften<\/p>\n<p><a href='http:\/\/ski.inmontanis.info\/d\/290264-2\/DSC07360.jpg'><img src=http:\/\/ski.inmontanis.info\/d\/290263-3\/DSC07360.jpg \/><\/a><br \/>\n^ Au\u00dfenrumabfahrt 16 rechts vom Anjaliften<\/p>\n<p><a href='http:\/\/ski.inmontanis.info\/d\/290268-2\/DSC07363.jpg'><img src=http:\/\/ski.inmontanis.info\/d\/290267-3\/DSC07363.jpg \/><\/a><br \/>\n^ Abfahrt 18+16 rechts vom Anjaliften<\/p>\n<p><a href='http:\/\/ski.inmontanis.info\/d\/290272-2\/DSC07364.jpg'><img src=http:\/\/ski.inmontanis.info\/d\/290271-3\/DSC07364.jpg \/><\/a><br \/>\n^ Au\u00dfenrumabfahrt 16 am Anjaliften. Auch die hatte was appenninisches, fand ich.<\/p>\n<p><a href='http:\/\/ski.inmontanis.info\/d\/290276-2\/DSC07366.jpg'><img src=http:\/\/ski.inmontanis.info\/d\/290275-3\/DSC07366.jpg \/><\/a><br \/>\n^ Hm, ist wohl doch ein Ankerlift und kein B\u00fcgellift ;)<\/p>\n<p>Nach dem Skifahren bin ich in T\u00e4rnaby in den Coop, da gabs netterweise noch 2 warme H\u00e4hnchenkeulen um ca. 2,10 (zusammen), dazu 2 Mohnsemmeln (\u00e0 ca 0,50 \u20ac) und noch eines der g\u00fcnstigeren Getr\u00e4nke (1,5l um ca. 1,10 \u20ac).<\/p>\n<p>\u00dcbernachten m\u00f6cht ich auch gleich in T\u00e4rnaby, dann kann ich morgen fr\u00fch ab 7 Uhr das WC in der Tankstelle nutzen, falls n\u00f6tig. Man k\u00f6nnte wohl auf einem der Liftparkpl\u00e4tze stehenbleiben ..<\/p>\n<p>Abends dann recht starker Regen, der nach und nach in Schnee \u00fcberging und auch die ganze Nacht \u00fcber starker Sturm, der mich immer mal wieder leicht aufweckte. Dadurch k\u00fchlte vmtl. auch das Auto etwas schneller aus.<\/p>\n<p><a href='http:\/\/extra.inmontanis.info\/d\/61933-2\/DSC07368.jpg'><img src=http:\/\/extra.inmontanis.info\/d\/61932-3\/DSC07368.jpg \/><\/a><br \/>\n^ Abendessen, 2 H\u00e4hnchenkeulen und 2 Mohnsemmel um ca. 3,10 \u20ac<\/p>\n<p><a href='http:\/\/extra.inmontanis.info\/d\/61937-2\/DSC07373.jpg'><img src=http:\/\/extra.inmontanis.info\/d\/61936-3\/DSC07373.jpg \/><\/a><br \/>\n^ Die Halterung f\u00fcr die Tischplatte funktioniert soweit recht gut und ist auch schnell fixiert.<\/p>\n<p><a href='http:\/\/extra.inmontanis.info\/d\/61941-2\/DSC07378.jpg'><img src=http:\/\/extra.inmontanis.info\/d\/61940-3\/DSC07378.jpg \/><\/a><br \/>\n^ Netze mit Klettverschluss-Halter h\u00e4lt nicht an der Sitzlehne, aber am Dachhimmel. Wenn die \u00d6ffnung nach vorne zeigt, f\u00e4llt aber bei starkem Bremsen hin und wieder was raus&#8230;<\/p>\n","protected":false},"excerpt":{"rendered":"<p>29.3.2021 &#8211; T\u00e4rnaby Tag 1<\/p>\n<p>Obwohl die Wettervorhersagen morgens eher noch etwas Sonne gemeldet hatten, schneite es nachts und fr\u00fch (mit aber durchaus blauen Himmelstendenzen). Ich fuhr nach T\u00e4rnaby zur Talstation Anjaliften, da ist in der N\u00e4he die Tankstelle samt Shop (ab 7.00 werktags ge\u00f6ffnet und eine WC-M\u00f6glichkeit).<\/p>\n<p>Irgendwie war ich recht fr\u00fch wach und <a href=\"http:\/\/blog.inmontanis.info\/?p=6678\">[&#8230;]<\/a><\/p>\n","protected":false},"author":1,"featured_media":0,"comment_status":"closed","ping_status":"closed","sticky":false,"template":"","format":"standard","meta":{"footnotes":""},"categories":[184,625,19,27],"tags":[38,45,47],"class_list":["post-6678","post","type-post","status-publish","format-standard","hentry","category-2021-01-skandinavien","category-hemavan-tarnaby","category-schwedensweden","category-skifahren-winterskiing-winter","tag-dsb","tag-see","tag-sl","odd"],"_links":{"self":[{"href":"http:\/\/blog.inmontanis.info\/index.php?rest_route=\/wp\/v2\/posts\/6678","targetHints":{"allow":["GET"]}}],"collection":[{"href":"http:\/\/blog.inmontanis.info\/index.php?rest_route=\/wp\/v2\/posts"}],"about":[{"href":"http:\/\/blog.inmontanis.info\/index.php?rest_route=\/wp\/v2\/types\/post"}],"author":[{"embeddable":true,"href":"http:\/\/blog.inmontanis.info\/index.php?rest_route=\/wp\/v2\/users\/1"}],"replies":[{"embeddable":true,"href":"http:\/\/blog.inmontanis.info\/index.php?rest_route=%2Fwp%2Fv2%2Fcomments&post=6678"}],"version-history":[{"count":5,"href":"http:\/\/blog.inmontanis.info\/index.php?rest_route=\/wp\/v2\/posts\/6678\/revisions"}],"predecessor-version":[{"id":9103,"href":"http:\/\/blog.inmontanis.info\/index.php?rest_route=\/wp\/v2\/posts\/6678\/revisions\/9103"}],"wp:attachment":[{"href":"http:\/\/blog.inmontanis.info\/index.php?rest_route=%2Fwp%2Fv2%2Fmedia&parent=6678"}],"wp:term":[{"taxonomy":"category","embeddable":true,"href":"http:\/\/blog.inmontanis.info\/index.php?rest_route=%2Fwp%2Fv2%2Fcategories&post=6678"},{"taxonomy":"post_tag","embeddable":true,"href":"http:\/\/blog.inmontanis.info\/index.php?rest_route=%2Fwp%2Fv2%2Ftags&post=6678"}],"curies":[{"name":"wp","href":"https:\/\/api.w.org\/{rel}","templated":true}]}}