{"id":6670,"date":"2021-03-27T19:02:58","date_gmt":"2021-03-27T18:02:58","guid":{"rendered":"http:\/\/blog.inmontanis.info\/?p=6670"},"modified":"2023-08-05T12:28:55","modified_gmt":"2023-08-05T10:28:55","slug":"nalovardo-27-3-2021","status":"publish","type":"post","link":"http:\/\/blog.inmontanis.info\/?p=6670","title":{"rendered":"Nalovardo, 27.3.2021"},"content":{"rendered":"<p><strong>27.3.2021<\/strong><\/p>\n<p>Ich kaufte mir heute also die Halbtageskarte in Nalovardo f\u00fcr ca. 27,- \u20ac (gilt von 10-13h) und fuhr den rechten Lift nur f\u00fcr die kurze Piff-Abfahrt als Verbindung zum linken SL und denselbigen f\u00fcr den Rest des halben Tages (Puff hab ich also gestern und heute auslassen).<\/p>\n<p>Schon ganz cool die Steilh\u00e4nge oben. Im Prinzip auch die Abfahrten weiter unten, sch\u00f6n nat\u00fcrlich-h\u00fcgelig. Wetter hielt bis kurz vor 13 Uhr, dann regnete\/schneite es etwas. Die Pisten waren allesamt nicht frisch pr\u00e4pariert, aber auch nicht \u00fcber Nacht gefroren, so dass es fast-firnig sch\u00f6n zu fahren ging, on- wie offpiste. Nur ein Teilst\u00fcck der linken Abfahrt war mal sehr stockend abschnittsweise, da h\u00e4tte es mich bei einem Schwung fast hingelegt, weil dann einer der beiden Ski einfach am Boden festgeklebt ist&#8230;<\/p>\n<p>Da mir das Skigebietslogo recht gut gef\u00e4llt und ich das Skigebiet auch recht cool fand (interessanter als Galtis, wenn auch kein so sch\u00f6nes Pano, h\u00e4tte hier aber auch noch den Rest des Tages bleiben k\u00f6nnen), kaufte ich mir noch ein kleines Souvenir um knapp 6,- \u20ac. <\/p>\n<p><a href='http:\/\/ski.inmontanis.info\/d\/289940-3\/DSC04212.jpg'><img src=http:\/\/ski.inmontanis.info\/d\/289939-4\/DSC04212.jpg \/><\/a><br \/>\n^ IR-Pano, Bild noch vom Vortag<\/p>\n<p><a href='http:\/\/ski.inmontanis.info\/d\/289832-2\/DSC06644.jpg'><img src=http:\/\/ski.inmontanis.info\/d\/289831-3\/DSC06644.jpg \/><\/a><br \/>\n^ Nach nur einer Minimalfahrt mit dem Dalliften gleich \u00fcber die Piff-Abfahrt zum Naloliften<\/p>\n<p><a href='http:\/\/ski.inmontanis.info\/d\/289836-3\/DSC06645.jpg'><img src=http:\/\/ski.inmontanis.info\/d\/289835-3\/DSC06645.jpg \/><\/a><br \/>\n^ Ein paar St\u00fctzen sind doch noch etwas blau<\/p>\n<p><a href='http:\/\/ski.inmontanis.info\/d\/289840-2\/DSC06646.jpg'><img src=http:\/\/ski.inmontanis.info\/d\/289839-3\/DSC06646.jpg \/><\/a><br \/>\n^ .. erst recht von hinten :)<\/p>\n<p><a href='http:\/\/ski.inmontanis.info\/d\/289844-2\/DSC06647.jpg'><img src=http:\/\/ski.inmontanis.info\/d\/289843-3\/DSC06647.jpg \/><\/a><br \/>\n^ .. aber auch einige sehr rostig ..<\/p>\n<p><a href='http:\/\/ski.inmontanis.info\/d\/289848-2\/DSC06649.jpg'><img src=http:\/\/ski.inmontanis.info\/d\/289847-3\/DSC06649.jpg \/><\/a><br \/>\n^ Yes!! :)<\/p>\n<p><a href='http:\/\/ski.inmontanis.info\/d\/289852-3\/DSC06650.jpg'><img src=http:\/\/ski.inmontanis.info\/d\/289851-3\/DSC06650.jpg \/><\/a><br \/>\n^ Am Schluss kommt der Steilhang mit den interessantesten Abfahrten<\/p>\n<p><a href='http:\/\/ski.inmontanis.info\/d\/289856-2\/DSC06652.jpg'><img src=http:\/\/ski.inmontanis.info\/d\/289855-3\/DSC06652.jpg \/><\/a><br \/>\n^ Kurz vorm Steilhang, auch nochmal eine sehr rostige St\u00fctze<\/p>\n<p><a href='http:\/\/ski.inmontanis.info\/d\/289860-2\/DSC06656.jpg'><img src=http:\/\/ski.inmontanis.info\/d\/289859-3\/DSC06656.jpg \/><\/a><br \/>\n^ Das schneearme St\u00fcck wurde sp\u00e4ter noch mit etwas mehr Schnee versorgt<\/p>\n<p><a href='http:\/\/ski.inmontanis.info\/d\/289864-2\/DSC06657.jpg'><img src=http:\/\/ski.inmontanis.info\/d\/289863-3\/DSC06657.jpg \/><\/a><br \/>\n^ Naloliften R\u00fcckblick<\/p>\n<p><a href='http:\/\/ski.inmontanis.info\/d\/289868-2\/DSC06658.jpg'><img src=http:\/\/ski.inmontanis.info\/d\/289867-3\/DSC06658.jpg \/><\/a><br \/>\n^ Abfahrt 1 Kr\u00e4ftan<\/p>\n<p><a href='http:\/\/ski.inmontanis.info\/d\/289872-3\/DSC06659.jpg'><img src=http:\/\/ski.inmontanis.info\/d\/289871-3\/DSC06659.jpg \/><\/a><br \/>\n^ Rentiere auf der Flucht<\/p>\n<p><a href='http:\/\/ski.inmontanis.info\/d\/289876-2\/DSC06661.jpg'><img src=http:\/\/ski.inmontanis.info\/d\/289875-3\/DSC06661.jpg \/><\/a><br \/>\n^ Abfahrt 1 Kr\u00e4ftan<\/p>\n<p><a href='http:\/\/ski.inmontanis.info\/d\/289880-2\/DSC06662.jpg'><img src=http:\/\/ski.inmontanis.info\/d\/289879-3\/DSC06662.jpg \/><\/a><br \/>\n^ Abfahrt 1 Kr\u00e4ftan (rechte Variante)<\/p>\n<p><a href='http:\/\/ski.inmontanis.info\/d\/289884-2\/DSC06663.jpg'><img src=http:\/\/ski.inmontanis.info\/d\/289883-3\/DSC06663.jpg \/><\/a><br \/>\n^ Abfahrt 1 Kr\u00e4ftan (beide Varianten, die rechte wurde vor einiger Zeit mal pr\u00e4pariert, an der linken merkte man davon nichts.)<\/p>\n<p><a href='http:\/\/ski.inmontanis.info\/d\/289888-2\/DSC06665.jpg'><img src=http:\/\/ski.inmontanis.info\/d\/289887-3\/DSC06665.jpg \/><\/a><br \/>\n^ Abfahrt 5 Karlavagnen, war sehr pappig, bis die Abfahrt 7 einbog<\/p>\n<p><a href='http:\/\/ski.inmontanis.info\/d\/289892-3\/DSC06667.jpg'><img src=http:\/\/ski.inmontanis.info\/d\/289891-3\/DSC06667.jpg \/><\/a><br \/>\n^ Abfahrt 3 Skorpionen, gegen\u00fcber der See hinterm Dalliften, an dem ich gestern bei der Skitour vorbei kam<\/p>\n<p><a href='http:\/\/ski.inmontanis.info\/d\/289896-3\/DSC06668.jpg'><img src=http:\/\/ski.inmontanis.info\/d\/289895-3\/DSC06668.jpg \/><\/a><br \/>\n^ Abfahrt 3 Skorpionen<\/p>\n<p><a href='http:\/\/ski.inmontanis.info\/d\/289900-3\/DSC06670.jpg'><img src=http:\/\/ski.inmontanis.info\/d\/289899-3\/DSC06670.jpg \/><\/a><br \/>\n^ Naloliften Steilhang, Abfahrt 2 Stenbocken<\/p>\n<p><a href='http:\/\/ski.inmontanis.info\/d\/289904-3\/DSC06675.jpg'><img src=http:\/\/ski.inmontanis.info\/d\/289903-3\/DSC06675.jpg \/><\/a><br \/>\n^ Naloliften Bergstation<\/p>\n<p><a href='http:\/\/ski.inmontanis.info\/d\/289908-3\/DSC06676.jpg'><img src=http:\/\/ski.inmontanis.info\/d\/289907-3\/DSC06676.jpg \/><\/a><br \/>\n^ Abfahrt 2 Stenbocken, die linke Variante (ebenfalls war hier nur auf der rechten eine Pr\u00e4parierung zu erahnen)<\/p>\n<p><a href='http:\/\/ski.inmontanis.info\/d\/289912-3\/DSC06677.jpg'><img src=http:\/\/ski.inmontanis.info\/d\/289911-3\/DSC06677.jpg \/><\/a><br \/>\n^ 4 Draken mit Kreuzung 5 Karlavagnen<\/p>\n<p><a href='http:\/\/ski.inmontanis.info\/d\/289916-2\/DSC06678.jpg'><img src=http:\/\/ski.inmontanis.info\/d\/289915-3\/DSC06678.jpg \/><\/a><br \/>\n^ C Fj\u00e4llgatan<\/p>\n<p><a href='http:\/\/ski.inmontanis.info\/d\/289920-2\/DSC06679.jpg'><img src=http:\/\/ski.inmontanis.info\/d\/289919-3\/DSC06679.jpg \/><\/a><br \/>\n^ C Fj\u00e4llgatan und Abzweig Bjorkgatan geradeaus zur Abfahrt 9 Oxen<\/p>\n<p><a href='http:\/\/ski.inmontanis.info\/d\/289924-2\/DSC06680.jpg'><img src=http:\/\/ski.inmontanis.info\/d\/289923-3\/DSC06680.jpg \/><\/a><br \/>\n^ Abfahrt 2 Stenbocken<\/p>\n<p><a href='http:\/\/ski.inmontanis.info\/d\/289928-2\/DSC06681.jpg'><img src=http:\/\/ski.inmontanis.info\/d\/289927-3\/DSC06681.jpg \/><\/a><br \/>\n^ 5 Karlavagnen im oberen Bereich<\/p>\n<p><a href='http:\/\/ski.inmontanis.info\/d\/289932-3\/ge20210327a.jpg'><img src=http:\/\/ski.inmontanis.info\/d\/289931-3\/ge20210327a.jpg \/><\/a><br \/>\n^ GPS-Track 26.3.2021 in Rot und 27.3.2021 in Gelb<\/p>\n<p><a href='http:\/\/ski.inmontanis.info\/d\/289936-3\/DSC06687.jpg'><img src=http:\/\/ski.inmontanis.info\/d\/289935-4\/DSC06687.jpg \/><\/a><br \/>\n^ Kleines Souvenir mit dem sch\u00f6nen, bunten Nalovardo-Logo<\/p>\n<p>In Sorsele traf ich mich mit dem M\u00fcnchner im Grillkiosk zu einer Pizza &#8211; ich nahm wieder die Schweinefleischpizza mit Tzatziki, nur war das heute aus und ich bekam nur Knoblauchsauce stattdessen. Mit Rentier hatten sie keine Pizza.<\/p>\n<p>Auf dem Weg zum morgigen Ziel, also Hemavan, w\u00e4re es ja sinnvoller, nur maximal soweit zu fahren, bis die Innenraum-Batterie voll ist, damit sie morgen wieder auf dem Rest des Weges geladen werden kann. Da die meisten See- und Wanderparkpl\u00e4tze aber im Winter ja nicht ger\u00e4umt sind, bleiben im  Winter fast nur noch die Stra\u00dfen-Rastpl\u00e4tze \u00fcbrig. Da ist auf meiner Strecke nur zwischen E45 und E12, noch fast 2h vor Hemavan, einer. Batterie war auch fast voll, von dem her nicht unpraktisch (wobei ich morgen auch keine 2h nachladen muss), aber leider nur mit Plumpsklo (d.h. auch ohne Wasserversorgung und Licht) und quasi nur eine Spur, wo man sich am Rand hinstellen k\u00f6nnte, d.h. etwaige Besucher nachts w\u00fcrden da vorbei fahren. <\/p>\n<p>Blieb trotz der Nachteile (auch der 4G-Empfang war mikrig) hier und plante etwas die n\u00e4chsten Tage, dazu aber im morgigen Bericht, wo es besser passt.<\/p>\n<p><a href='http:\/\/extra.inmontanis.info\/d\/61869-3\/DSC06691.jpg'><img src=http:\/\/extra.inmontanis.info\/d\/61868-4\/DSC06691.jpg \/><\/a><br \/>\n^ Fluss<\/p>\n<p><a href='http:\/\/extra.inmontanis.info\/d\/61873-3\/DSC06692.jpg'><img src=http:\/\/extra.inmontanis.info\/d\/61872-4\/DSC06692.jpg \/><\/a><br \/>\n^ Fluss<\/p>\n<p><a href='http:\/\/extra.inmontanis.info\/d\/61877-3\/DSC06693.jpg'><img src=http:\/\/extra.inmontanis.info\/d\/61876-4\/DSC06693.jpg \/><\/a><br \/>\n^ Parkplatz am Fluss<\/p>\n<p><a href='http:\/\/extra.inmontanis.info\/d\/61881-3\/DSC06694.jpg'><img src=http:\/\/extra.inmontanis.info\/d\/61880-4\/DSC06694.jpg \/><\/a><br \/>\n^ Mein Abluftschlauch h\u00e4ngt mittlerweile ja in der Mitte ..<\/p>\n<p><a href='http:\/\/extra.inmontanis.info\/d\/61885-3\/DSC06696.jpg'><img src=http:\/\/extra.inmontanis.info\/d\/61884-4\/DSC06696.jpg \/><\/a><br \/>\n^ .. und geht unterm Sitz durch, so muss ich abends \/ morgens nicht viel machen. Damit wird der Fu\u00dfraum hinten nun ein bisschen w\u00e4rmer<\/p>\n","protected":false},"excerpt":{"rendered":"<p>27.3.2021<\/p>\n<p>Ich kaufte mir heute also die Halbtageskarte in Nalovardo f\u00fcr ca. 27,- \u20ac (gilt von 10-13h) und fuhr den rechten Lift nur f\u00fcr die kurze Piff-Abfahrt als Verbindung zum linken SL und denselbigen f\u00fcr den Rest des halben Tages (Puff hab ich also gestern und heute auslassen).<\/p>\n<p>Schon ganz cool die Steilh\u00e4nge oben. Im <a href=\"http:\/\/blog.inmontanis.info\/?p=6670\">[&#8230;]<\/a><\/p>\n","protected":false},"author":1,"featured_media":0,"comment_status":"closed","ping_status":"closed","sticky":false,"template":"","format":"standard","meta":{"footnotes":""},"categories":[184,643,19,27],"tags":[90,47],"class_list":["post-6670","post","type-post","status-publish","format-standard","hentry","category-2021-01-skandinavien","category-nalovardo","category-schwedensweden","category-skifahren-winterskiing-winter","tag-infrarot","tag-sl","odd"],"_links":{"self":[{"href":"http:\/\/blog.inmontanis.info\/index.php?rest_route=\/wp\/v2\/posts\/6670","targetHints":{"allow":["GET"]}}],"collection":[{"href":"http:\/\/blog.inmontanis.info\/index.php?rest_route=\/wp\/v2\/posts"}],"about":[{"href":"http:\/\/blog.inmontanis.info\/index.php?rest_route=\/wp\/v2\/types\/post"}],"author":[{"embeddable":true,"href":"http:\/\/blog.inmontanis.info\/index.php?rest_route=\/wp\/v2\/users\/1"}],"replies":[{"embeddable":true,"href":"http:\/\/blog.inmontanis.info\/index.php?rest_route=%2Fwp%2Fv2%2Fcomments&post=6670"}],"version-history":[{"count":4,"href":"http:\/\/blog.inmontanis.info\/index.php?rest_route=\/wp\/v2\/posts\/6670\/revisions"}],"predecessor-version":[{"id":9117,"href":"http:\/\/blog.inmontanis.info\/index.php?rest_route=\/wp\/v2\/posts\/6670\/revisions\/9117"}],"wp:attachment":[{"href":"http:\/\/blog.inmontanis.info\/index.php?rest_route=%2Fwp%2Fv2%2Fmedia&parent=6670"}],"wp:term":[{"taxonomy":"category","embeddable":true,"href":"http:\/\/blog.inmontanis.info\/index.php?rest_route=%2Fwp%2Fv2%2Fcategories&post=6670"},{"taxonomy":"post_tag","embeddable":true,"href":"http:\/\/blog.inmontanis.info\/index.php?rest_route=%2Fwp%2Fv2%2Ftags&post=6670"}],"curies":[{"name":"wp","href":"https:\/\/api.w.org\/{rel}","templated":true}]}}