{"id":6667,"date":"2021-03-26T18:45:25","date_gmt":"2021-03-26T17:45:25","guid":{"rendered":"http:\/\/blog.inmontanis.info\/?p=6667"},"modified":"2023-08-05T12:28:59","modified_gmt":"2023-08-05T10:28:59","slug":"nalovardo-26-3-2021","status":"publish","type":"post","link":"http:\/\/blog.inmontanis.info\/?p=6667","title":{"rendered":"Nalovardo, 26.3.2021"},"content":{"rendered":"<p><strong>26.3.2021<\/strong><\/p>\n<p>Info laut Website:<br \/>\n26 mars &#8211; 11 apr (v. 12 &#8211; v. 14)<br \/>\nNaloliften, Dalliften och Pluto Dagligen kl 10 &#8211; 16<br \/>\nDalliften och Pluto Kv\u00e4lls\u00f6ppet fredagar till kl 19<\/p>\n<p>.. aber als wir nach 10 Uhr ankamen, liefen beide Lifte nicht. Wir fragten einen hier angestellten Deutschen, nur der kurze Dalliften ist heute von 13-19 Uhr offen, also Freitagsplan wie letzte Woche, die erste Zeile gilt also erst ab 27.3.  &#8211; leider, weil es so sonnig heute ist und morgen wieder schlechter werden w\u00fcrde. Na, nerv. Extra die Woche hier geblieben. <\/p>\n<p>Ab 13:00 w\u00e4r dann also nur der kurze Lift offen, aber der lange w\u00e4r ja eigentlich der wichtige Grund, hier zu fahren, nicht nur der Lift an sich, sondern auch die oberen Abfahrtsst\u00fccke k\u00f6nnten das interessanteste hier sein, weil baumfrei, weil steiler, &#8230;<\/p>\n<p>Was machen? Warten und nur den kurzen fahren, oder schon weiter nach Hemavan fahren oder bis morgen hier warten? Das rund 80km entfernte Ammarn\u00e4s w\u00fcrde heut um 18h aufmachen (als Ersatz und weil ich das Tal noch nie reingefahren bin?) &#8211; andererseits w\u00e4r das Wetter heute Nachmittag schon sch\u00f6n sonnig und warm und der Schnee wohl nett firnig hier &#8230;<\/p>\n<p>Der Kollege aus M\u00fcnchen hat sich gegen 12 Uhr die Felle drauf und ist mit den Skiern zum Gipfel gelaufen. Ich w\u00fcrd dann halt im Laufe des Nachmittags mal raufgehen, wenn ich mir die Tageskarte um ca. 33,50 \u20ac kaufe &#8211; selbst wenn ich morgen noch hier bleiben sollte, w\u00e4re es heute wegen des sch\u00f6neren Wetters sinnvoller, das zu tun.<\/p>\n<p>W\u00e4hrend ein Deutscher in der H\u00fctte kocht, ist ein Schweizer am Verleih\/Skipassverkauf besch\u00e4ftigt. Nach ein paar Fahrten kaufte ich mir das Hamburgermen\u00fc mit Pommes\/Cola um g\u00fcnstige 7,50 \u20ac. <\/p>\n<p>Im Laufe des Nachmittags entschied ich mich, doch morgen nochmal hier fahren zu wollen, eine Halbtageskarte und nur am langen Naloliften dann. Bin dann erst nach 17 Uhr noch zum Gipfel aufgestiegen, war wetterm\u00e4\u00dfig aber nicht mehr so besonders. <\/p>\n<p><a href='http:\/\/ski.inmontanis.info\/d\/289604-2\/DSC06525.jpg'><img src=http:\/\/ski.inmontanis.info\/d\/289603-3\/DSC06525.jpg \/><\/a><br \/>\n^ Blick ins Skigebet von der Stra\u00dfe aus<\/p>\n<p><a href='http:\/\/ski.inmontanis.info\/d\/289608-2\/DSC06527.jpg'><img src=http:\/\/ski.inmontanis.info\/d\/289607-3\/DSC06527.jpg \/><\/a><br \/>\n^ Naloliften, heute leider doch nicht in Betrieb :(<\/p>\n<p><a href='http:\/\/ski.inmontanis.info\/d\/289612-2\/DSC06529.jpg'><img src=http:\/\/ski.inmontanis.info\/d\/289611-3\/DSC06529.jpg \/><\/a><br \/>\n^ BJ 1966, 1704m lang, 314hm &#8211; und das oberste St\u00fcck am steilsten &#8211; der w\u00e4r mir schon wichtig hier gewesen<\/p>\n<p><a href='http:\/\/ski.inmontanis.info\/d\/289616-2\/DSC06530.jpg'><img src=http:\/\/ski.inmontanis.info\/d\/289615-3\/DSC06530.jpg \/><\/a><br \/>\n^ Naloliften und die flachste Abfahrt im Skigebiet, wo es teilweise (im oberen\/ mittleren Bereich) auch mal pappte.<\/p>\n<p><a href='http:\/\/ski.inmontanis.info\/d\/289620-2\/DSC06532.jpg'><img src=http:\/\/ski.inmontanis.info\/d\/289619-3\/DSC06532.jpg \/><\/a><br \/>\n^ Naloliften<\/p>\n<p><a href='http:\/\/ski.inmontanis.info\/d\/289624-2\/DSC06534.jpg'><img src=http:\/\/ski.inmontanis.info\/d\/289623-3\/DSC06534.jpg \/><\/a><br \/>\n^ Pluto (BJ 1997, 120m, 16hm) und Dalliften (1020m, 221hm, BJ 1985)<\/p>\n<p><a href='http:\/\/ski.inmontanis.info\/d\/289628-2\/DSC06536.jpg'><img src=http:\/\/ski.inmontanis.info\/d\/289627-3\/DSC06536.jpg \/><\/a><br \/>\n^ Skipass f\u00fcr die Armficka<\/p>\n<p><a href='http:\/\/ski.inmontanis.info\/d\/289632-2\/DSC06537.jpg'><img src=http:\/\/ski.inmontanis.info\/d\/289631-3\/DSC06537.jpg \/><\/a><br \/>\n^ Abfahrt 11 Skytten rechts des Dalliften<\/p>\n<p><a href='http:\/\/ski.inmontanis.info\/d\/289636-2\/DSC06538.jpg'><img src=http:\/\/ski.inmontanis.info\/d\/289635-3\/DSC06538.jpg \/><\/a><br \/>\n^ Am ersten Ausstieg des Dalliften gibt es links und rechts eine gr\u00fcne Abfahrt. Die linke hei\u00dft Piff, die rechte ..<\/p>\n<p><a href='http:\/\/ski.inmontanis.info\/d\/289640-2\/DSC06540.jpg'><img src=http:\/\/ski.inmontanis.info\/d\/289639-3\/DSC06540.jpg \/><\/a><br \/>\n^ .. Puff :-)<\/p>\n<p><a href='http:\/\/ski.inmontanis.info\/d\/289644-2\/DSC06542.jpg'><img src=http:\/\/ski.inmontanis.info\/d\/289643-3\/DSC06542.jpg \/><\/a><br \/>\n^ Abfahrt 12 V\u00e4duren rechts vom Dalliften, unpr\u00e4pariert, zu Beginn aber relativ sch\u00f6n firnig, sp\u00e4ter sank man teilweise etwas ein<\/p>\n<p><a href='http:\/\/ski.inmontanis.info\/d\/289648-2\/DSC06543.jpg'><img src=http:\/\/ski.inmontanis.info\/d\/289647-3\/DSC06543.jpg \/><\/a><br \/>\n^ Abfahrt 9 Oxen<\/p>\n<p><a href='http:\/\/ski.inmontanis.info\/d\/289652-2\/DSC06544.jpg'><img src=http:\/\/ski.inmontanis.info\/d\/289651-3\/DSC06544.jpg \/><\/a><br \/>\n^ Abfahrt 9 Oxen<\/p>\n<p><a href='http:\/\/ski.inmontanis.info\/d\/289656-2\/DSC06546.jpg'><img src=http:\/\/ski.inmontanis.info\/d\/289655-3\/DSC06546.jpg \/><\/a><br \/>\n^ Pistenplan, es gibt aber auch noch eine andersfarbige Variante des Logos, gef\u00e4llt mir noch besser. Zusammen mit dem klingenden Namen hat mich das Skigebiet nun schon einige Zeit interessiert.<\/p>\n<p><a href='http:\/\/ski.inmontanis.info\/d\/289660-2\/DSC06547.jpg'><img src=http:\/\/ski.inmontanis.info\/d\/289659-3\/DSC06547.jpg \/><\/a><br \/>\n^ Abfahrt 10 Kusken<\/p>\n<p><a href='http:\/\/ski.inmontanis.info\/d\/289664-2\/DSC06548.jpg'><img src=http:\/\/ski.inmontanis.info\/d\/289663-3\/DSC06548.jpg \/><\/a><br \/>\n^ Skiweg B Vintergatan, Zubringer vom Dalliften zu den linken Abfahrten, im Hintergrund der Steilhang vom Naloliften<\/p>\n<p><a href='http:\/\/ski.inmontanis.info\/d\/289668-2\/DSC06549.jpg'><img src=http:\/\/ski.inmontanis.info\/d\/289667-3\/DSC06549.jpg \/><\/a><br \/>\n^ Variante zwischen Abfahrt 9 und 10<\/p>\n<p><a href='http:\/\/ski.inmontanis.info\/d\/289672-2\/DSC06550.jpg'><img src=http:\/\/ski.inmontanis.info\/d\/289671-3\/DSC06550.jpg \/><\/a><br \/>\n^ Offpiste-Variante zwischen Abfahrt 9 und 10<\/p>\n<p><a href='http:\/\/ski.inmontanis.info\/d\/289676-2\/DSC06552.jpg'><img src=http:\/\/ski.inmontanis.info\/d\/289675-3\/DSC06552.jpg \/><\/a><br \/>\n^ Offpiste-Variante zwischen Abfahrt 9 und 10, da gabs mehrere sch\u00f6ne M\u00f6glichkeiten, daher \u00f6fters gefahren<\/p>\n<p><a href='http:\/\/ski.inmontanis.info\/d\/289680-2\/DSC06554.jpg'><img src=http:\/\/ski.inmontanis.info\/d\/289679-3\/DSC06554.jpg \/><\/a><br \/>\n^ Offpiste-Variante zwischen Abfahrt 9 und 10<\/p>\n<p><a href='http:\/\/ski.inmontanis.info\/d\/289684-2\/DSC06556.jpg'><img src=http:\/\/ski.inmontanis.info\/d\/289683-3\/DSC06556.jpg \/><\/a><br \/>\n^ Offpiste-Variante zwischen Abfahrt 9 und 10, da gabs mehrere sch\u00f6ne M\u00f6glichkeiten<\/p>\n<p><a href='http:\/\/ski.inmontanis.info\/d\/289688-2\/DSC06557.jpg'><img src=http:\/\/ski.inmontanis.info\/d\/289687-3\/DSC06557.jpg \/><\/a><br \/>\n^ Offpiste-Variante zwischen Abfahrt 9 und 10<\/p>\n<p><a href='http:\/\/ski.inmontanis.info\/d\/289692-2\/DSC06559.jpg'><img src=http:\/\/ski.inmontanis.info\/d\/289691-3\/DSC06559.jpg \/><\/a><br \/>\n^ Abfahrt 4 Draken und Abzweigung 8 V\u00e4gen<\/p>\n<p><a href='http:\/\/ski.inmontanis.info\/d\/289696-2\/DSC06561.jpg'><img src=http:\/\/ski.inmontanis.info\/d\/289695-3\/DSC06561.jpg \/><\/a><br \/>\n^ Abfahrt 8 V\u00e4gen im unteren Bereich<\/p>\n<p><a href='http:\/\/ski.inmontanis.info\/d\/289700-2\/DSC06563.jpg'><img src=http:\/\/ski.inmontanis.info\/d\/289699-3\/DSC06563.jpg \/><\/a><br \/>\n^ Schmale Variante links der 8 V\u00e4gen<\/p>\n<p><a href='http:\/\/ski.inmontanis.info\/d\/289704-2\/DSC06564.jpg'><img src=http:\/\/ski.inmontanis.info\/d\/289703-3\/DSC06564.jpg \/><\/a><br \/>\n^ Schmale Variante links der 8 V\u00e4gen (der rechte Ast ist etwas breiter)<\/p>\n<p><a href='http:\/\/ski.inmontanis.info\/d\/289708-2\/DSC06566.jpg'><img src=http:\/\/ski.inmontanis.info\/d\/289707-3\/DSC06566.jpg \/><\/a><br \/>\n^ Offpiste-Variante zwischen Abfahrt 9 und 10<\/p>\n<p><a href='http:\/\/ski.inmontanis.info\/d\/289712-2\/DSC06567.jpg'><img src=http:\/\/ski.inmontanis.info\/d\/289711-3\/DSC06567.jpg \/><\/a><br \/>\n^ Offpiste-Variante zwischen Abfahrt 9 und 10<\/p>\n<p><a href='http:\/\/ski.inmontanis.info\/d\/289716-2\/DSC06568.jpg'><img src=http:\/\/ski.inmontanis.info\/d\/289715-3\/DSC06568.jpg \/><\/a><br \/>\n^ Naloliften. Hatte ich mir mit blauen St\u00fctzen notiert gehabt, ist aber nicht mehr sehr blau &#8230;<\/p>\n<p><a href='http:\/\/ski.inmontanis.info\/d\/289720-2\/DSC06569.jpg'><img src=http:\/\/ski.inmontanis.info\/d\/289719-3\/DSC06569.jpg \/><\/a><br \/>\n^ .. gilt aber nur von vorne, denn von seitlich und hinten sind die St\u00fctzen noch \u00fcberwiegend blau.<\/p>\n<p><a href='http:\/\/ski.inmontanis.info\/d\/289724-2\/DSC06571.jpg'><img src=http:\/\/ski.inmontanis.info\/d\/289723-3\/DSC06571.jpg \/><\/a><br \/>\n^ Naloliften und Abfahrt 8 V\u00e4gen<\/p>\n<p><a href='http:\/\/ski.inmontanis.info\/d\/289728-2\/DSC06572.jpg'><img src=http:\/\/ski.inmontanis.info\/d\/289727-3\/DSC06572.jpg \/><\/a><br \/>\n^ Naloliften und Abfahrt A Skogsgatan<\/p>\n<p><a href='http:\/\/ski.inmontanis.info\/d\/289732-2\/DSC06574.jpg'><img src=http:\/\/ski.inmontanis.info\/d\/289731-3\/DSC06574.jpg \/><\/a><br \/>\n^ Abfahrt 7 Jungfrun (im Plan ohne f)<\/p>\n<p><a href='http:\/\/ski.inmontanis.info\/d\/289736-2\/DSC06575.jpg'><img src=http:\/\/ski.inmontanis.info\/d\/289735-3\/DSC06575.jpg \/><\/a><br \/>\n^ Abfahrt 7 Jungfrun (oder ists schon die 5). Jedenfalls sind alle Abfahrten sehr nat\u00fcrlich mit H\u00fcgel und Mulden und nicht langweilig totplaniert.<\/p>\n<p><a href='http:\/\/ski.inmontanis.info\/d\/289740-2\/DSC06577.jpg'><img src=http:\/\/ski.inmontanis.info\/d\/289739-3\/DSC06577.jpg \/><\/a><br \/>\n^ Abfahrt 8 V\u00e4gen<\/p>\n<p><a href='http:\/\/ski.inmontanis.info\/d\/289744-2\/DSC06578.jpg'><img src=http:\/\/ski.inmontanis.info\/d\/289743-3\/DSC06578.jpg \/><\/a><br \/>\n^ 12 V\u00e4duren mit meiner vorherigen und einer anderen Spur<\/p>\n<p><a href='http:\/\/ski.inmontanis.info\/d\/289748-2\/DSC06579.jpg'><img src=http:\/\/ski.inmontanis.info\/d\/289747-3\/DSC06579.jpg \/><\/a><br \/>\n^ Offpiste-Schneise neben dem Dalliften<\/p>\n<p><a href='http:\/\/ski.inmontanis.info\/d\/289752-2\/DSC06580.jpg'><img src=http:\/\/ski.inmontanis.info\/d\/289751-3\/DSC06580.jpg \/><\/a><br \/>\n^ Auch im Wald kann man recht gut fahren, wenn der Schnee passt<\/p>\n<p><a href='http:\/\/ski.inmontanis.info\/d\/289756-2\/DSC06581.jpg'><img src=http:\/\/ski.inmontanis.info\/d\/289755-3\/DSC06581.jpg \/><\/a><br \/>\n^ Andere Zufahrt zur Offpistevariante zwischen Abfahrt 9 und 10<\/p>\n<p><a href='http:\/\/ski.inmontanis.info\/d\/289760-2\/DSC06583.jpg'><img src=http:\/\/ski.inmontanis.info\/d\/289759-3\/DSC06583.jpg \/><\/a><br \/>\n^ Dalliften<\/p>\n<p><a href='http:\/\/ski.inmontanis.info\/d\/289764-2\/DSC06584.jpg'><img src=http:\/\/ski.inmontanis.info\/d\/289763-3\/DSC06584.jpg \/><\/a><br \/>\n^ Dalliften, von hier aus geht ein Weg weiter zum See &#8230;<\/p>\n<p><a href='http:\/\/ski.inmontanis.info\/d\/289768-2\/DSC06588.jpg'><img src=http:\/\/ski.inmontanis.info\/d\/289767-3\/DSC06588.jpg \/><\/a><br \/>\n^ Blick zum See<\/p>\n<p><a href='http:\/\/ski.inmontanis.info\/d\/289772-2\/DSC06589.jpg'><img src=http:\/\/ski.inmontanis.info\/d\/289771-3\/DSC06589.jpg \/><\/a><br \/>\n^ Leider wetterm\u00e4\u00dfig etwas zu sp\u00e4t losgegangen<\/p>\n<p><a href='http:\/\/ski.inmontanis.info\/d\/289776-2\/DSC06592.jpg'><img src=http:\/\/ski.inmontanis.info\/d\/289775-3\/DSC06592.jpg \/><\/a><br \/>\n^ Skitour richtung SL-Bergstation, am Berg in Bildmitte (aber nicht zu sehen)<\/p>\n<p><a href='http:\/\/ski.inmontanis.info\/d\/289780-2\/DSC06595.jpg'><img src=http:\/\/ski.inmontanis.info\/d\/289779-3\/DSC06595.jpg \/><\/a><br \/>\n^ Pano oberhalb der Naloliften-Bergstation<\/p>\n<p><a href='http:\/\/ski.inmontanis.info\/d\/289784-2\/DSC06596.jpg'><img src=http:\/\/ski.inmontanis.info\/d\/289783-3\/DSC06596.jpg \/><\/a><br \/>\n^ Pano oberhalb der Naloliften-Bergstation<\/p>\n<p><a href='http:\/\/ski.inmontanis.info\/d\/289788-2\/DSC06598.jpg'><img src=http:\/\/ski.inmontanis.info\/d\/289787-3\/DSC06598.jpg \/><\/a><br \/>\n^ Pano oberhalb der Naloliften-Bergstation<\/p>\n<p><a href='http:\/\/ski.inmontanis.info\/d\/289792-2\/DSC06599.jpg'><img src=http:\/\/ski.inmontanis.info\/d\/289791-3\/DSC06599.jpg \/><\/a><br \/>\n^ Pano oberhalb der Naloliften-Bergstation<\/p>\n<p><a href='http:\/\/ski.inmontanis.info\/d\/289796-2\/DSC06601.jpg'><img src=http:\/\/ski.inmontanis.info\/d\/289795-3\/DSC06601.jpg \/><\/a><br \/>\n^ Pano oberhalb der Naloliften-Bergstation<\/p>\n<p><a href='http:\/\/ski.inmontanis.info\/d\/289800-2\/DSC06603.jpg'><img src=http:\/\/ski.inmontanis.info\/d\/289799-3\/DSC06603.jpg \/><\/a><br \/>\n^ Pano oberhalb der Naloliften-Bergstation<\/p>\n<p><a href='http:\/\/ski.inmontanis.info\/d\/289804-2\/DSC06605.jpg'><img src=http:\/\/ski.inmontanis.info\/d\/289803-3\/DSC06605.jpg \/><\/a><br \/>\n^ Naloliften Bergstation<\/p>\n<p><a href='http:\/\/ski.inmontanis.info\/d\/289808-2\/DSC06606.jpg'><img src=http:\/\/ski.inmontanis.info\/d\/289807-3\/DSC06606.jpg \/><\/a><br \/>\n^ Naloliften<\/p>\n<p><a href='http:\/\/ski.inmontanis.info\/d\/289812-2\/DSC06610.jpg'><img src=http:\/\/ski.inmontanis.info\/d\/289811-3\/DSC06610.jpg \/><\/a><br \/>\n^ Naloliften<\/p>\n<p><a href='http:\/\/ski.inmontanis.info\/d\/289816-2\/DSC06614.jpg'><img src=http:\/\/ski.inmontanis.info\/d\/289815-3\/DSC06614.jpg \/><\/a><br \/>\n^ Abfahrt 10 Kusken<\/p>\n<p>Um 18:45 bin ich aufs Klo, falls dort nach 19 Uhr zu sein sollte. W\u00e4re aber bis 20 Uhr offen, das Restaurant, praktisch f\u00fcr die Camper. Um kurz vor 18:55 wollte ich nochmal mit dem Dalliften rauf, der wurde aber wohl schon um ca. 18:50 geschlossen, statt um 19 Uhr. Grrrrr ..<\/p>\n<p><a href='http:\/\/ski.inmontanis.info\/d\/289820-2\/DSC06615.jpg'><img src=http:\/\/ski.inmontanis.info\/d\/289819-3\/DSC06615.jpg \/><\/a><br \/>\n^ Dalliften, anstatt bis 19 Uhr zu fahren, durfte man schon um 18:53 nicht mehr rauf<\/p>\n<p>\u00dcbernachtet hab ich einfach hier am Parkplatz. Ohne zu fragen, weil wenn man fr\u00e4gt, k\u00f6nnte man ja ein Nein als Antwort bekommen, au\u00dferdem sollens froh sein, dass ich morgen nochmal skifahre.<\/p>\n<p>Ich blieb allerdings am Fahrersitz sitzen und lie\u00df ein paar Scheiben frei, so dass ich Nordlichter leichter bemerken w\u00fcrde, PC w\u00fcrde ich erst morgen einbauen. War aber trotz angeblich recht starker Aktivit\u00e4t ruhig. Und eo ein bl\u00f6des Licht am Kinderhang brannte extrem hell die ganze Zeit .. <\/p>\n<p>Und ich hab ja seit Anfang Januar viel vergessen, wo ich so manche Dinge w\u00e4hrend der Nacht oder Fahrt gelagert hab, werd mich an das Leben im Auto erst wieder gew\u00f6hnen m\u00fcssen.<\/p>\n<p><a href='http:\/\/ski.inmontanis.info\/d\/289824-2\/DSC06620.jpg'><img src=http:\/\/ski.inmontanis.info\/d\/289823-3\/DSC06620.jpg \/><\/a><br \/>\n^ 20:39 Uhr, halbwegs klarer Himmel, aber keine Nordlichter, schade.<\/p>\n<p><a href='http:\/\/ski.inmontanis.info\/d\/289828-2\/DSC06632.jpg'><img src=http:\/\/ski.inmontanis.info\/d\/289827-3\/DSC06632.jpg \/><\/a><br \/>\n^ 21:30, leider die ganze Zeit ein grelles Licht<\/p>\n","protected":false},"excerpt":{"rendered":"<p>26.3.2021<\/p>\n<p>Info laut Website: 26 mars &#8211; 11 apr (v. 12 &#8211; v. 14) Naloliften, Dalliften och Pluto Dagligen kl 10 &#8211; 16 Dalliften och Pluto Kv\u00e4lls\u00f6ppet fredagar till kl 19<\/p>\n<p>.. aber als wir nach 10 Uhr ankamen, liefen beide Lifte nicht. Wir fragten einen hier angestellten Deutschen, nur der kurze Dalliften ist heute <a href=\"http:\/\/blog.inmontanis.info\/?p=6667\">[&#8230;]<\/a><\/p>\n","protected":false},"author":1,"featured_media":0,"comment_status":"closed","ping_status":"closed","sticky":false,"template":"","format":"standard","meta":{"footnotes":""},"categories":[184,643,19,27],"tags":[100,47],"class_list":["post-6667","post","type-post","status-publish","format-standard","hentry","category-2021-01-skandinavien","category-nalovardo","category-schwedensweden","category-skifahren-winterskiing-winter","tag-langzeitbelichtung","tag-sl","odd"],"_links":{"self":[{"href":"http:\/\/blog.inmontanis.info\/index.php?rest_route=\/wp\/v2\/posts\/6667","targetHints":{"allow":["GET"]}}],"collection":[{"href":"http:\/\/blog.inmontanis.info\/index.php?rest_route=\/wp\/v2\/posts"}],"about":[{"href":"http:\/\/blog.inmontanis.info\/index.php?rest_route=\/wp\/v2\/types\/post"}],"author":[{"embeddable":true,"href":"http:\/\/blog.inmontanis.info\/index.php?rest_route=\/wp\/v2\/users\/1"}],"replies":[{"embeddable":true,"href":"http:\/\/blog.inmontanis.info\/index.php?rest_route=%2Fwp%2Fv2%2Fcomments&post=6667"}],"version-history":[{"count":2,"href":"http:\/\/blog.inmontanis.info\/index.php?rest_route=\/wp\/v2\/posts\/6667\/revisions"}],"predecessor-version":[{"id":6669,"href":"http:\/\/blog.inmontanis.info\/index.php?rest_route=\/wp\/v2\/posts\/6667\/revisions\/6669"}],"wp:attachment":[{"href":"http:\/\/blog.inmontanis.info\/index.php?rest_route=%2Fwp%2Fv2%2Fmedia&parent=6667"}],"wp:term":[{"taxonomy":"category","embeddable":true,"href":"http:\/\/blog.inmontanis.info\/index.php?rest_route=%2Fwp%2Fv2%2Fcategories&post=6667"},{"taxonomy":"post_tag","embeddable":true,"href":"http:\/\/blog.inmontanis.info\/index.php?rest_route=%2Fwp%2Fv2%2Ftags&post=6667"}],"curies":[{"name":"wp","href":"https:\/\/api.w.org\/{rel}","templated":true}]}}