{"id":6661,"date":"2021-03-25T19:46:01","date_gmt":"2021-03-25T18:46:01","guid":{"rendered":"http:\/\/blog.inmontanis.info\/?p=6661"},"modified":"2021-03-28T20:00:19","modified_gmt":"2021-03-28T18:00:19","slug":"22-25-3-2021","status":"publish","type":"post","link":"http:\/\/blog.inmontanis.info\/?p=6661","title":{"rendered":"22.-25.3.2021"},"content":{"rendered":"<p><strong>22.3.2021<\/strong><\/p>\n<p>Bis Mittag schneite es leicht, und wie sich herausstellte, ist nicht nur der M\u00fcnchner mit seinem Auto ein Ausl\u00e4nder hier (er ist auch &#8220;Coronama\u00dfnahmenfl\u00fcchtling&#8221; und seit Mitte\/Ende Januar in Schweden unterwegs und will auch mal noch bis mind. Mai bleiben), auch ein Italiener aus Rom, der aber mit dem Flieger kam, wie ich so nebenbei geh\u00f6rt hab, war diese Nacht hier, blieb aber nicht l\u00e4nger. <\/p>\n<p>Die Wettervorhersagen f\u00fcr die n\u00e4chsten rund 10 Tage in den geplanten, n\u00e4chsten Zielen sind leider nicht berauschend, einzig diese Woche Freitag sind Sonnensymbole zu sehen. Den einzigen, sonnigen Tag nur in Nalovardo verbringen? Jedenfalls macht ein fr\u00fcherer Wechsel nach Hemavan oder gar Bl\u00e5sj\u00f6n somit auch keinen Sinn..<\/p>\n<p>Leider ist jetzt die andere, g\u00fcnstigere Unterkunft hier in Sorsele ab morgen auch nicht mehr frei, erst ab Mittwoch wieder. H\u00e4tt ich mal gleich buchen sollen, das Hostel w\u00e4re mit ca. 41-44,- \u20ac (ohne Fr\u00fchst\u00fcck, Selbstreinigung oder kostenpflichtig) etwas g\u00fcnstiger gewesen als das B&#038;B hier um 53,- \u20ac (mit Fr\u00fchst\u00fcck).<\/p>\n<p>Hab den Vermieter darauf angesprochen, dass das Zimmer ab morgen belegt w\u00e4re, worauf er meinte, ich k\u00f6nnte auch weiterhin in meinem Zimmer bleiben. Wollte es aber erst morgen entscheiden.<\/p>\n<p>Oder ich fahr eben doch schon fr\u00fcher nach Hemavan. Oder ziehe mal wieder generell ins Auto, die Temperaturen schwanken die n\u00e4chsten 2 Wochen mal knapp unter, mal knapp \u00fcber 0\u00b0. Ist aber auch eine Frage der Batterie dann, wenn ich jeweils l\u00e4nger an einem Ort bleiben will .. wobei unterm Strich es ja trotzdem g\u00fcnstiger kommt, selbst wenn ich dann das n\u00e4chste Service in Schweden machen muss, weil ich wegen Batterieladen mehr fahren sollte ..<\/p>\n<p>Ich bin mal die Unterk\u00fcnfte in Hemavan\/T\u00e4rnaby durchgegangen, aber unter ca. 70,- \u20ac gibts da nix n\u00e4chstes WE oder n\u00e4chste Woche. Ja, sind ja dann eh die Osterferien. Tendenziell scheint es also doch sinnvoll zu sein, hier noch bis Freitag zu bleiben und dann wieder f\u00fcr mehr oder weniger den Rest der Reise ins Auto zu ziehen. Dann kann ich auch am Samstag freier entscheiden, f\u00fcr wieviel Tage ich mir in Hemavan einen Skipass kaufe. <\/p>\n<p>Was die Skigebiete Hemavan-T\u00e4rnaby angeht, wei\u00df ich ja auch nicht, was ich damit machen soll. Einerseits w\u00fcrd ich gern mal wieder vorbei schauen, weil ich T\u00e4rnaby mit der DSB abschnittsweise recht nett fand und der obere SL im baumlosen Bereich in Hemavan heutzutage auch nochmals netter sein k\u00f6nnte, als er vor 10 Jahren war. Oder es schaut so aus: Eisig, verblasen und noch nicht firnig. Dazu ist die DSB in T\u00e4rnaby auch erst ab Freitag wieder offen &#8211; und die Skip\u00e4sse sind nicht g\u00fcnstig: Hochsaison jetzt 48,- \u20ac die Tageskarte. Aber ok, wenn man dann wieder im Auto schlafen kann, sinken die Gesamtkosten ja wieder etwas.<\/p>\n<p>Was meine heizbaren Hausschuhe angeht &#8211; das Kabel ist direkt an dem einen Stecker abgegangen &#8211; somit kann ich den Stecker nicht wieder anl\u00f6ten. Auch beim Stecker der anderen Einlage schaut das Kabel schon sehr abgenudelt aus, so dass es da schon oder bald einen Kurzschluss geben k\u00f6nnte. F\u00fcr die Steckverbinder, die bei der Krimpzange dabei waren, sind die Kabel aber viel zu d\u00fcnn. Bleibt also die M\u00f6glichkeit, die beiden Einlagen direkt mit dem Kabel zu verbinden, also zusammenzul\u00f6ten. 12V-L\u00f6tkolben und L\u00f6tzinn h\u00e4tte ich dabei, nur auch hier eigentlich nirgends direkt anschlie\u00dfbar und auch das Kabel vom L\u00f6tkolben ist sehr d\u00fcnn, um da Stecker anzukrimpen, um das irgendwo in meinem Campingaufbaubereich anschlie\u00dfen zu k\u00f6nnen. (Die anderen USB-Heizeinlagen hab ich heute mal nicht gefunden .. ein paar Tage sp\u00e4ter dann schon. N\u00e4chstes Mal sollte ich mir wohl eine Liste machen, was ich eingepackt hab und wo das jeweils ist..)<\/p>\n<p>Und: egal wie viel man am Fr\u00fchst\u00fccksbuffet nimmt, man hat ab Mittag trotzdem Hunger. Ess ich morgens aber nichts, hab ich mittags manchmal auch nicht mehr Hunger.<\/p>\n<p><a href='http:\/\/extra.inmontanis.info\/d\/61849-2\/DSC06518.jpg'><img src=http:\/\/extra.inmontanis.info\/d\/61848-3\/DSC06518.jpg \/><\/a><br \/>\n^ Zimmerpano, halbwegs klarer Himmel, aber kein Nordlicht bzw. h\u00e4tte das Fotografieren mit der Stra\u00dfenbeleuchtung ja eh keinen Zweck<\/p>\n<p><a href='http:\/\/extra.inmontanis.info\/d\/61853-2\/DSC06520.jpg'><img src=http:\/\/extra.inmontanis.info\/d\/61852-3\/DSC06520.jpg \/><\/a><br \/>\n^ Kabel von den heizbaren Pantoffeln &#8211; da sind auch die anderen Steckerenden schon halb abgenudelt, das muss alles weg.<\/p>\n<p><a href='http:\/\/extra.inmontanis.info\/d\/61861-2\/DSC06521.jpg'><img src=http:\/\/extra.inmontanis.info\/d\/61860-3\/DSC06521.jpg \/><\/a><br \/>\n^ Tiefgek\u00fchltes Abendessen heute: Fleischlose Tortellini mit Pesto Rosso und gegrilltem Paprika<\/p>\n<p><strong>23.3.2021<\/strong><\/p>\n<p>Ich erwarte zwar von Nalovardo nicht so viel, als dass ich daf\u00fcr hier unbedingt 3 zus\u00e4tzliche N\u00e4chtigungen zahlen m\u00fcsste, aber von den Wettervorhersagen scheint es derzeit eben auch nicht sinnvoller zu sein, fr\u00fcher weg zu kommen. Also hab ich das Zimmer bis Freitag verl\u00e4ngert und bin beim Fr\u00fchst\u00fcck etwas ausf\u00fchrlicher mit dem M\u00fcnchner ins Gespr\u00e4ch gekommen.<\/p>\n<p>Irgendwann erw\u00e4hnte er dann, dass er sich in der N\u00e4he von Arvidsjaur ein Haus gekauft hat &#8211; worauf ich meinte, ich hab da beim Rauffahren in Storlien einen getroffen, der sich ebenfalls in Arvidsjaur ein Haus kaufen wollte &#8211; er best\u00e4tigte das, dass sein zuk\u00fcnfigter Nachbar nahe Arvidsjaur derzeit in Storlien ist und ob der nicht M&#8230; hie\u00dfe? Ja! Witzig, wie klein die Welt ist! M\u00fcssen die beiden einzigen Deutschen, mit denen ich bisher auf der Reise ins Gespr\u00e4ch gekommen bin, zuf\u00e4lligerweise ein Haus im gleichen Ort  nebeneinander kaufen, wie wahrscheinlich ist das denn bitte???<\/p>\n<p>So ein ruhiges Haus am Ortsrand \/ im Wald \/ nahe See gibt&#8217;s in Schweden \u00fcbrigens f\u00fcr unter 50.000,- \u20ac. Vielleicht h\u00e4tte ich mir so&#8217;was anstatt der Wohnung in K\u00e4rnten kaufen sollen ;)<\/p>\n<p>Heutiges Wetter? Vormittags &#8220;leider&#8221; sonnig, denn viel anfangen konnte ich damit ja nicht. Allerdings wollte ich nachmittags ja ein paar PC-Sachen machen, die auf einem Schreibtisch bequemer sind als dann sp\u00e4ter im Auto. <\/p>\n<p>Was das Flicken der Kabel an den beheizten Pantoffeln angeht, hab ich mich f\u00fcr die unprofessionellste Variante entschieden: Gegeneinander einhaken, verdrillen und mit Panzerband verkleben  :)  Egal, es h\u00e4lt und funktioniert wieder.<\/p>\n<p><a href='http:\/\/extra.inmontanis.info\/d\/61857-2\/DSC06522.jpg'><img src=http:\/\/extra.inmontanis.info\/d\/61856-3\/DSC06522.jpg \/><\/a><br \/>\n^ Heizeinlagen der Heizpantoffel (heizen \u00fcbrigens auf gesamter L\u00e4nge), notd\u00fcrftig geflickt, aber funktioniert.<\/p>\n<p><strong>24.3.2021<\/strong><\/p>\n<p>Auch der heutige Tag w\u00e4re wieder halbwegs sonnig und mit ca. 7\u00b0 sch\u00f6n warm gewesen &#8211; schade, dass Nalovardo momentan unter der Woche nicht offen hat. Abends dann st\u00fcrmischer.<\/p>\n<p>Abgesehen von einem kurzen Einkauf hab ich den Tag wieder am PC verbracht, mit dem morgigen Tag hab ich dann alles wieder gebackupped und das Finanzthema wieder ein St\u00fcckchen weit erledigt, auch ein paar Kleidungsst\u00fccke sind nochmals gewaschen und andere in den Vakuumbeuteln ausgetauscht (-> andere, weniger warme Jacke; die Hose werd ich aber mal noch nicht wechseln, die Thermohose werd ich im Auto abends vertragen k\u00f6nnen.).<\/p>\n<p>\u00dcbrigens, auch in dem B&#038;B hier (das ja nach wie vor zum Verkauf steht von den beiten Briten) gehen &#8211; wie schon in K\u00e5bdalis letztens beschwerend angemerkt &#8211; die meisten Zimmer zur Stra\u00dfe hin, w\u00e4hrend Aufenthaltsr\u00e4ume, Fr\u00fchst\u00fccksraum, Treppe zum ruhigeren Innenhof zeigen. Allerdings ist hier die Sicht richtung Stra\u00dfe auch sinnvoller, weil man ja weiter auf den Fluss schauen kann. Der jetzt im Winter nat\u00fcrlich nur ein Schneefeld ist. Trotzdem, der Stra\u00dfenl\u00e4rm nervt schon etwas.<\/p>\n<p><a href='http:\/\/extra.inmontanis.info\/d\/61865-2\/DSC06523.jpg'><img src=http:\/\/extra.inmontanis.info\/d\/61864-3\/DSC06523.jpg \/><\/a><br \/>\n^ Tunnbr\u00f6d und Streichk\u00e4se mit ger\u00e4uchertem Rentierschinken f\u00fcr mittags, Pizza-Salad und der Lachs- und Garnelen &#8211; Pie \/ Quiche f\u00fcr heute Abend<\/p>\n<p><strong>25.3.2021<\/strong><\/p>\n<p>Heute gibt&#8217;s nix zu erz\u00e4hlen und Fotos hab ich auch keines gemacht. Morgen dann Skitag in Nalovardo und ab Abend wieder auf &#8220;Vanlife&#8221; umstellen. (Daher momentan auch etwas versp\u00e4tet mit dem Berichteschreiben.)<\/p>\n","protected":false},"excerpt":{"rendered":"<p>22.3.2021<\/p>\n<p>Bis Mittag schneite es leicht, und wie sich herausstellte, ist nicht nur der M\u00fcnchner mit seinem Auto ein Ausl\u00e4nder hier (er ist auch &#8220;Coronama\u00dfnahmenfl\u00fcchtling&#8221; und seit Mitte\/Ende Januar in Schweden unterwegs und will auch mal noch bis mind. Mai bleiben), auch ein Italiener aus Rom, der aber mit dem Flieger kam, wie ich so <a href=\"http:\/\/blog.inmontanis.info\/?p=6661\">[&#8230;]<\/a><\/p>\n","protected":false},"author":1,"featured_media":0,"comment_status":"closed","ping_status":"closed","sticky":false,"template":"","format":"standard","meta":{"footnotes":""},"categories":[184,19],"tags":[],"class_list":["post-6661","post","type-post","status-publish","format-standard","hentry","category-2021-01-skandinavien","category-schwedensweden","odd"],"_links":{"self":[{"href":"http:\/\/blog.inmontanis.info\/index.php?rest_route=\/wp\/v2\/posts\/6661","targetHints":{"allow":["GET"]}}],"collection":[{"href":"http:\/\/blog.inmontanis.info\/index.php?rest_route=\/wp\/v2\/posts"}],"about":[{"href":"http:\/\/blog.inmontanis.info\/index.php?rest_route=\/wp\/v2\/types\/post"}],"author":[{"embeddable":true,"href":"http:\/\/blog.inmontanis.info\/index.php?rest_route=\/wp\/v2\/users\/1"}],"replies":[{"embeddable":true,"href":"http:\/\/blog.inmontanis.info\/index.php?rest_route=%2Fwp%2Fv2%2Fcomments&post=6661"}],"version-history":[{"count":5,"href":"http:\/\/blog.inmontanis.info\/index.php?rest_route=\/wp\/v2\/posts\/6661\/revisions"}],"predecessor-version":[{"id":6666,"href":"http:\/\/blog.inmontanis.info\/index.php?rest_route=\/wp\/v2\/posts\/6661\/revisions\/6666"}],"wp:attachment":[{"href":"http:\/\/blog.inmontanis.info\/index.php?rest_route=%2Fwp%2Fv2%2Fmedia&parent=6661"}],"wp:term":[{"taxonomy":"category","embeddable":true,"href":"http:\/\/blog.inmontanis.info\/index.php?rest_route=%2Fwp%2Fv2%2Fcategories&post=6661"},{"taxonomy":"post_tag","embeddable":true,"href":"http:\/\/blog.inmontanis.info\/index.php?rest_route=%2Fwp%2Fv2%2Ftags&post=6661"}],"curies":[{"name":"wp","href":"https:\/\/api.w.org\/{rel}","templated":true}]}}