{"id":6657,"date":"2021-03-21T17:08:52","date_gmt":"2021-03-21T16:08:52","guid":{"rendered":"http:\/\/blog.inmontanis.info\/?p=6657"},"modified":"2023-08-05T13:10:38","modified_gmt":"2023-08-05T11:10:38","slug":"galtis-21-3-2021","status":"publish","type":"post","link":"http:\/\/blog.inmontanis.info\/?p=6657","title":{"rendered":"Galtis, 21.3.2021"},"content":{"rendered":"<p><strong>21.3.2021<\/strong><\/p>\n<p>Um 10 Uhr zu Betriebsbeginn kam ich in Galits an. Wie bef\u00fcrchtet, stand der lange SL der zum Gipfel f\u00fchrt, wegen der Sturmvorhersage. Was tun?<br \/>\n1) Mit dem k\u00fcrzeren SL begn\u00fcgen und auf die interessanteren Abfahrtsst\u00fccke verzichten bzw. hoffen, dass der Wind noch genug nachl\u00e4sst<br \/>\n2) 1,5 Stunden nach Nalovardo fahren anstatt daf\u00fcr bis n\u00e4chsten Freitag zu warten, in der Hoffnung, dort  w\u00e4re der Wind weniger problematisch&#8230;<\/p>\n<p>Ich \u00fcberlegte dann, mir hier eine 2-Stunden-Karte zu kaufen und danach noch nach Nalovardo zu fahren. Als ich mir die Skischuhe um kurz vor 10:30 anzog, wurde der lange SL in Betrieb genonmmen &#8211; vielleicht f\u00e4hrt er also generell erst ab 10:30? Also kaufte ich mir doch eine Tageskrte. Er fuhr zwar etwas langsamer wegen des Windes, aber man durfte bis rauf fahren. <\/p>\n<p>Leider war der Schnee auf den Pisten recht knollig, oben nat\u00fcrlich eisig und bruchharschig. Um 13 Uhr machte ich eine kurze Mittagspause samt aktivierter Standheizung im Auto bei etwas \u00fcber 0\u00b0. Schei\u00df Wind hier laufend. Hoffentlich gibts wenigstens bald mal Firn&#8230; Also es macht f\u00fcr Firnliebhaber wie mich schon mehr Sinn, wenn man z.B. im Februar\/M\u00e4rz im S\u00fcden Schwedens anf\u00e4ngt und dann erst im April\/Mai in Lappland ist.<\/p>\n<p><a href='http:\/\/extra.inmontanis.info\/d\/61829-2\/DSC06444.jpg'><img src=http:\/\/extra.inmontanis.info\/d\/61828-3\/DSC06444.jpg \/><\/a><br \/>\n^ Man sieht immer wieder mal alte Br\u00fccken neben neuen Br\u00fccken, oft gibt&#8217;s dann in dem Bereich der alten Stra\u00dfe einen Parkplatz<\/p>\n<p><a href='http:\/\/extra.inmontanis.info\/d\/61833-2\/DSC06449.jpg'><img src=http:\/\/extra.inmontanis.info\/d\/61832-3\/DSC06449.jpg \/><\/a><br \/>\n^ Die Naturstra\u00dfen-Abk\u00fcrzung richtung Arjeplog, hier zum Gl\u00fcck geradeaus weiter angeschrieben, denn ein Navi meinte geradeaus, mein anderes (und Google-Maps) meinten rechts ..<\/p>\n<p><a href='http:\/\/extra.inmontanis.info\/d\/61837-2\/DSC06451.jpg'><img src=http:\/\/extra.inmontanis.info\/d\/61836-3\/DSC06451.jpg \/><\/a><br \/>\n^ Naturstra\u00dfe richtung Arjeplog<\/p>\n<p><a href='http:\/\/extra.inmontanis.info\/d\/61841-2\/DSC06457.jpg'><img src=http:\/\/extra.inmontanis.info\/d\/61840-3\/DSC06457.jpg \/><\/a><br \/>\n^ Am gro\u00dfen See zwischen Arjeplog und Skigebiet Galtis<\/p>\n<p><a href='http:\/\/ski.inmontanis.info\/d\/278681-3\/DSC08321.jpg'><img src=http:\/\/ski.inmontanis.info\/d\/278680-4\/DSC08321.jpg \/><\/a><br \/>\n^ Pistenplan, letztes Jahr fotografiert<\/p>\n<p><a href='http:\/\/ski.inmontanis.info\/d\/289424-2\/DSC06458.jpg'><img src=http:\/\/ski.inmontanis.info\/d\/289423-3\/DSC06458.jpg \/><\/a><br \/>\n^ Talstation Fj\u00e4lliftiften, so voll war&#8217;s sp\u00e4ter nicht mehr ;-) Die erste St\u00fctze nach dem Einstieg ist Gr\u00fcn, der Rest dann Rot<\/p>\n<p><a href='http:\/\/ski.inmontanis.info\/d\/289428-2\/DSC06460.jpg'><img src=http:\/\/ski.inmontanis.info\/d\/289427-3\/DSC06460.jpg \/><\/a><br \/>\n^ Fj\u00e4lliften<\/p>\n<p><a href='http:\/\/ski.inmontanis.info\/d\/289432-2\/DSC06462.jpg'><img src=http:\/\/ski.inmontanis.info\/d\/289431-3\/DSC06462.jpg \/><\/a><br \/>\n^ Fj\u00e4lliften<\/p>\n<p><a href='http:\/\/ski.inmontanis.info\/d\/289436-2\/DSC06463.jpg'><img src=http:\/\/ski.inmontanis.info\/d\/289435-3\/DSC06463.jpg \/><\/a><br \/>\n^ Fj\u00e4lliften St\u00fctze 8 und letzte<\/p>\n<p><a href='http:\/\/ski.inmontanis.info\/d\/289440-2\/DSC06466.jpg'><img src=http:\/\/ski.inmontanis.info\/d\/289439-3\/DSC06466.jpg \/><\/a><br \/>\n^ Abfahrt Storgaltis<\/p>\n<p><a href='http:\/\/ski.inmontanis.info\/d\/289444-2\/DSC06467.jpg'><img src=http:\/\/ski.inmontanis.info\/d\/289443-3\/DSC06467.jpg \/><\/a><br \/>\n^ Pano mit Lift<\/p>\n<p><a href='http:\/\/ski.inmontanis.info\/d\/289448-2\/DSC06468.jpg'><img src=http:\/\/ski.inmontanis.info\/d\/289447-3\/DSC06468.jpg \/><\/a><br \/>\n^ Storgaltis, leider sehr knollig<\/p>\n<p><a href='http:\/\/ski.inmontanis.info\/d\/289452-2\/DSC06470.jpg'><img src=http:\/\/ski.inmontanis.info\/d\/289451-3\/DSC06470.jpg \/><\/a><br \/>\n^ See-Pano mit Lift<\/p>\n<p><a href='http:\/\/ski.inmontanis.info\/d\/289456-2\/DSC06471.jpg'><img src=http:\/\/ski.inmontanis.info\/d\/289455-3\/DSC06471.jpg \/><\/a><br \/>\n^ Zur linken Abfahrt muss man etwas aufsteigen &#8211; oder man quert offpiste weiter unten r\u00fcber<\/p>\n<p><a href='http:\/\/ski.inmontanis.info\/d\/289460-2\/DSC06472.jpg'><img src=http:\/\/ski.inmontanis.info\/d\/289459-3\/DSC06472.jpg \/><\/a><br \/>\n^ Zur linken Abfahrt Vargbranten muss man etwas aufsteigen &#8211; oder man quert offpiste weiter unten r\u00fcber<\/p>\n<p><a href='http:\/\/ski.inmontanis.info\/d\/289464-2\/DSC06473.jpg'><img src=http:\/\/ski.inmontanis.info\/d\/289463-3\/DSC06473.jpg \/><\/a><br \/>\n^ Abfahrt Vargbranten, im Plan als Offpiste mit 2 Linien eingetragen, war aber pr\u00e4pariert.<\/p>\n<p><a href='http:\/\/ski.inmontanis.info\/d\/289468-2\/DSC06475.jpg'><img src=http:\/\/ski.inmontanis.info\/d\/289467-3\/DSC06475.jpg \/><\/a><br \/>\n^ Bei den H\u00e4usern oder Hotelresort  verzweigt die Abfahrt, hier zur Abfahrt Skogsslingan, rechts nicht im Bild gibts eine neue Variante<\/p>\n<p><a href='http:\/\/ski.inmontanis.info\/d\/289472-2\/DSC06476.jpg'><img src=http:\/\/ski.inmontanis.info\/d\/289471-3\/DSC06476.jpg \/><\/a><br \/>\n^ Skogsslingan, leider nicht so schmal und kurvig wie erwartet, sondern macht eher einen modellierten Eindruck<\/p>\n<p><a href='http:\/\/ski.inmontanis.info\/d\/289476-2\/DSC06478.jpg'><img src=http:\/\/ski.inmontanis.info\/d\/289475-3\/DSC06478.jpg \/><\/a><br \/>\n^ Die alternativen, neuen Varianten links von Skogsslingan dagegen sind uriger und nicht frisch pr\u00e4pariert. Und ein Rentier stand hier l\u00e4ngere Zeit im Weg<\/p>\n<p><a href='http:\/\/ski.inmontanis.info\/d\/289480-2\/DSC06479.jpg'><img src=http:\/\/ski.inmontanis.info\/d\/289479-3\/DSC06479.jpg \/><\/a><br \/>\n^ Neue Variante links der Skogsslingan-Abfahrt. Auch auf dem Satbild noch nicht sichtbar<\/p>\n<p><a href='http:\/\/ski.inmontanis.info\/d\/289484-2\/DSC06480.jpg'><img src=http:\/\/ski.inmontanis.info\/d\/289483-3\/DSC06480.jpg \/><\/a><br \/>\n^ Talstation Fj\u00e4lliften<\/p>\n<p><a href='http:\/\/ski.inmontanis.info\/d\/289488-2\/DSC06481.jpg'><img src=http:\/\/ski.inmontanis.info\/d\/289487-3\/DSC06481.jpg \/><\/a><br \/>\n^ Abfahrt \u00c4lgpasset<\/p>\n<p><a href='http:\/\/ski.inmontanis.info\/d\/289492-2\/DSC06482.jpg'><img src=http:\/\/ski.inmontanis.info\/d\/289491-3\/DSC06482.jpg \/><\/a><br \/>\n^ Abfahrt \u00c4lgpasset<\/p>\n<p><a href='http:\/\/ski.inmontanis.info\/d\/289496-2\/DSC06483.jpg'><img src=http:\/\/ski.inmontanis.info\/d\/289495-3\/DSC06483.jpg \/><\/a><br \/>\n^ .. und weiter unten hei\u00dft die Abfahrt Harsp\u00e5ret<\/p>\n<p><a href='http:\/\/ski.inmontanis.info\/d\/289500-2\/DSC06484.jpg'><img src=http:\/\/ski.inmontanis.info\/d\/289499-3\/DSC06484.jpg \/><\/a><br \/>\n^ Harsp\u00e5ret<\/p>\n<p><a href='http:\/\/ski.inmontanis.info\/d\/289504-2\/DSC06485.jpg'><img src=http:\/\/ski.inmontanis.info\/d\/289503-3\/DSC06485.jpg \/><\/a><br \/>\n^ Links Harsp\u00e5ret, mittig Familjebacken, rechts Fj\u00e4llsv\u00e4ngen<\/p>\n<p><a href='http:\/\/ski.inmontanis.info\/d\/289508-2\/DSC06486.jpg'><img src=http:\/\/ski.inmontanis.info\/d\/289507-3\/DSC06486.jpg \/><\/a><br \/>\n^ Die neue Variante links von Skogsslingan, wo es &#8211; siehe GPS-Track &#8211; sogar nochmal eine Abzweigung gibt<\/p>\n<p><a href='http:\/\/ski.inmontanis.info\/d\/289512-2\/DSC06487.jpg'><img src=http:\/\/ski.inmontanis.info\/d\/289511-3\/DSC06487.jpg \/><\/a><br \/>\n^ Neue Variante links der Skogsslingan<\/p>\n<p><a href='http:\/\/ski.inmontanis.info\/d\/289516-2\/DSC06488.jpg'><img src=http:\/\/ski.inmontanis.info\/d\/289515-3\/DSC06488.jpg \/><\/a><br \/>\n^ Das Rentier stand noch immer da<\/p>\n<p><a href='http:\/\/ski.inmontanis.info\/d\/289520-2\/DSC06489.jpg'><img src=http:\/\/ski.inmontanis.info\/d\/289519-3\/DSC06489.jpg \/><\/a><br \/>\n^ Rechte Pano-Abfahrt Fj\u00e4llsv\u00e4ngen<\/p>\n<p><a href='http:\/\/ski.inmontanis.info\/d\/289524-2\/DSC06490.jpg'><img src=http:\/\/ski.inmontanis.info\/d\/289523-3\/DSC06490.jpg \/><\/a><br \/>\n^ Fj\u00e4llsv\u00e4ngen und Abzweig Harsparet<\/p>\n<p><a href='http:\/\/ski.inmontanis.info\/d\/289528-2\/DSC06492.jpg'><img src=http:\/\/ski.inmontanis.info\/d\/289527-3\/DSC06492.jpg \/><\/a><br \/>\n^ Rechte Variante von Abfahrt Fj\u00e4llsv\u00e4ngen zum \u00dcbungslift, nicht im Plan<\/p>\n<p><a href='http:\/\/ski.inmontanis.info\/d\/289532-2\/DSC06493.jpg'><img src=http:\/\/ski.inmontanis.info\/d\/289531-3\/DSC06493.jpg \/><\/a><br \/>\n^ Knatteliften<\/p>\n<p><a href='http:\/\/ski.inmontanis.info\/d\/289536-2\/DSC06494.jpg'><img src=http:\/\/ski.inmontanis.info\/d\/289535-3\/DSC06494.jpg \/><\/a><br \/>\n^ Blick zur Talstation Fj\u00e4lliften, Parkplatz, Campingplatz, ..<\/p>\n<p><a href='http:\/\/ski.inmontanis.info\/d\/289540-2\/DSC06495.jpg'><img src=http:\/\/ski.inmontanis.info\/d\/289539-3\/DSC06495.jpg \/><\/a><br \/>\n^ Fj\u00e4lliften<\/p>\n<p><a href='http:\/\/ski.inmontanis.info\/d\/289544-2\/DSC06499.jpg'><img src=http:\/\/ski.inmontanis.info\/d\/289543-3\/DSC06499.jpg \/><\/a><br \/>\n^ Fj\u00e4lliften<\/p>\n<p><a href='http:\/\/ski.inmontanis.info\/d\/289548-2\/DSC06500.jpg'><img src=http:\/\/ski.inmontanis.info\/d\/289547-3\/DSC06500.jpg \/><\/a><br \/>\n^ Den neueren linken SL Granliften bin ich auch ein paar Mal gefahren, war weniger windig. Nur rechts die Abfahrt eben sehr knollig. Die linken waren besser<\/p>\n<p><a href='http:\/\/ski.inmontanis.info\/d\/289552-2\/DSC06501.jpg'><img src=http:\/\/ski.inmontanis.info\/d\/289551-3\/DSC06501.jpg \/><\/a><br \/>\n^ Granliften Endstation (wie der Fj\u00e4lliften gibt es zwei Zwischenausstiege)<\/p>\n<p><a href='http:\/\/ski.inmontanis.info\/d\/289556-2\/DSC06502.jpg'><img src=http:\/\/ski.inmontanis.info\/d\/289555-3\/DSC06502.jpg \/><\/a><br \/>\n^ Yup, das Rentier ist auch noch da ;)<\/p>\n<p><a href='http:\/\/ski.inmontanis.info\/d\/289560-2\/DSC06503.jpg'><img src=http:\/\/ski.inmontanis.info\/d\/289559-3\/DSC06503.jpg \/><\/a><br \/>\n^ Geradeaus zur Abfahrt Familjebacken<\/p>\n<p><a href='http:\/\/ski.inmontanis.info\/d\/289564-2\/DSC06505.jpg'><img src=http:\/\/ski.inmontanis.info\/d\/289563-3\/DSC06505.jpg \/><\/a><br \/>\n^ Fj\u00e4lliften St\u00fctze 6, ist etwas niedriger. Die St\u00fctze 7 war etwas lauter, weil das Seil am Seilrollenrand geschleift hat<\/p>\n<p><a href='http:\/\/ski.inmontanis.info\/d\/289568-2\/DSC06506.jpg'><img src=http:\/\/ski.inmontanis.info\/d\/289567-3\/DSC06506.jpg \/><\/a><br \/>\n^ St\u00fctze 6, rot und rostig, gef\u00e4llt ;)<\/p>\n<p><a href='http:\/\/ski.inmontanis.info\/d\/289572-2\/DSC06507.jpg'><img src=http:\/\/ski.inmontanis.info\/d\/289571-3\/DSC06507.jpg \/><\/a><br \/>\n^ Bergstation Fj\u00e4lliften, wie wir mittlerweile aus Dundret wissen, ein Br\u00e4ndle<\/p>\n<p><a href='http:\/\/ski.inmontanis.info\/d\/289576-2\/DSC06510.jpg'><img src=http:\/\/ski.inmontanis.info\/d\/289575-3\/DSC06510.jpg \/><\/a><br \/>\n^ Panoramaabfahrt Fj\u00e4llsv\u00e4ngen<\/p>\n<p><a href='http:\/\/ski.inmontanis.info\/d\/289580-2\/DSC06511.jpg'><img src=http:\/\/ski.inmontanis.info\/d\/289579-3\/DSC06511.jpg \/><\/a><br \/>\n^ R\u00fcckblick zum Gipfel von etwas neben der Piste. Genauer gesagt sollten hier am Gipfel ja lt. Plan 3 Abfahrten starten, gab aber nur 2<\/p>\n<p><a href='http:\/\/ski.inmontanis.info\/d\/289584-2\/DSC06512.jpg'><img src=http:\/\/ski.inmontanis.info\/d\/289583-3\/DSC06512.jpg \/><\/a><br \/>\n^ Offpiste rechtsseitig, ziemlicher Bruchharsch, da wo&#8217;s nicht eisig war.<\/p>\n<p><a href='http:\/\/ski.inmontanis.info\/d\/289588-2\/DSC06513.jpg'><img src=http:\/\/ski.inmontanis.info\/d\/289587-3\/DSC06513.jpg \/><\/a><br \/>\n^ Offpiste zwischen den beiden rechten Abfahrten &#8230; war aber schneem\u00e4\u00dfig zu vergessen<\/p>\n<p><a href='http:\/\/ski.inmontanis.info\/d\/289592-2\/ge20210321a.jpg'><img src=http:\/\/ski.inmontanis.info\/d\/289591-3\/ge20210321a.jpg \/><\/a><br \/>\n^ GPS-Track 21.3.2021 in Gelb und Skitour letzten Mai in Rot.<\/p>\n<p>Fazit: Zwar irgendwie ganz nett, aber ein bisschen was fehlt, z.B. weitere Au\u00dfenrumabfahrten oder offizielle Wald-Offpiste-Varianten.<\/p>\n<p>Auch einige Fahrzeuge mit deutschen Kennzeichen standen heute am Parkplatz &#8211; aber evtl. arbeiten die ja in einem der Testzentren rund um Arjeplog. Warum die ausgerechnet hier sind? Weiter im Norden, also dann in Finnland oder Norwegen, d\u00fcrfte es doch sicherlich noch k\u00e4lter und auch l\u00e4nger kalt sein?<\/p>\n<p><a href='http:\/\/ski.inmontanis.info\/d\/289596-2\/DSC06515.jpg'><img src=http:\/\/ski.inmontanis.info\/d\/289595-3\/DSC06515.jpg \/><\/a><br \/>\n^ In Arjeplog gab es einst noch ein Skigebiet, und zwar \u00d6berget, ist aber stillgelegt.<\/p>\n<p><a href='http:\/\/ski.inmontanis.info\/d\/289600-2\/DSC06516.jpg'><img src=http:\/\/ski.inmontanis.info\/d\/289599-3\/DSC06516.jpg \/><\/a><br \/>\n^ Soweit ich das erkennen konnte, steht da ein Schr\u00e4g-T-St\u00fctzen-SL ohne Seil. Zufahrt etwas schwierig \/ unger\u00e4umt, schien mir dann auch nicht so wichtig. Rechts am Berg ist ein gro\u00dfes Konferenz-Hotel<\/p>\n<p><a href='http:\/\/extra.inmontanis.info\/d\/61845-2\/DSC06517.jpg'><img src=http:\/\/extra.inmontanis.info\/d\/61844-3\/DSC06517.jpg \/><\/a><br \/>\n^ Wieder eine Naturstra\u00dfenabk\u00fcrzung, aber mit wenig Schnee und viel Sand und Splitt, jetzt ist mein Auto dreckig.<\/p>\n<p>Im bekannten B&#038;B in Sorsele angekommen, fragte ich wegen einer Mikrowelle nach &#8211; in der K\u00fcche sei eine. Also darf man trotz &#8220;Privat&#8221; und &#8220;Nur Personal&#8221; in die K\u00fcche gehen, wie es scheint. Wenn ich das mal vor etwas \u00fcber einem Monat gewusst h\u00e4tte&#8230; (Au\u00dfer der Mikrowelle darf man in der K\u00fcche allerdings nichts verwenden.)<\/p>\n<p>Am Parkplatz standen bereits 3 Autos, darunter ein M\u00fcnchner.<\/p>\n<p>Das Zimmer hab ich ja jetzt nur f\u00fcr 2 Tage buchen k\u00f6nnen, weil am Dienstag wohl nicht mehr frei, aber immerhin hab ich so morgen mal einen freien Nachmittag, wo ich wieder etwas rumplanen kann&#8230;<\/p>\n","protected":false},"excerpt":{"rendered":"<p>21.3.2021<\/p>\n<p>Um 10 Uhr zu Betriebsbeginn kam ich in Galits an. Wie bef\u00fcrchtet, stand der lange SL der zum Gipfel f\u00fchrt, wegen der Sturmvorhersage. Was tun? 1) Mit dem k\u00fcrzeren SL begn\u00fcgen und auf die interessanteren Abfahrtsst\u00fccke verzichten bzw. hoffen, dass der Wind noch genug nachl\u00e4sst 2) 1,5 Stunden nach Nalovardo fahren anstatt daf\u00fcr bis <a href=\"http:\/\/blog.inmontanis.info\/?p=6657\">[&#8230;]<\/a><\/p>\n","protected":false},"author":1,"featured_media":0,"comment_status":"closed","ping_status":"closed","sticky":false,"template":"","format":"standard","meta":{"footnotes":""},"categories":[184,675,19,27],"tags":[],"class_list":["post-6657","post","type-post","status-publish","format-standard","hentry","category-2021-01-skandinavien","category-galtis","category-schwedensweden","category-skifahren-winterskiing-winter","odd"],"_links":{"self":[{"href":"http:\/\/blog.inmontanis.info\/index.php?rest_route=\/wp\/v2\/posts\/6657","targetHints":{"allow":["GET"]}}],"collection":[{"href":"http:\/\/blog.inmontanis.info\/index.php?rest_route=\/wp\/v2\/posts"}],"about":[{"href":"http:\/\/blog.inmontanis.info\/index.php?rest_route=\/wp\/v2\/types\/post"}],"author":[{"embeddable":true,"href":"http:\/\/blog.inmontanis.info\/index.php?rest_route=\/wp\/v2\/users\/1"}],"replies":[{"embeddable":true,"href":"http:\/\/blog.inmontanis.info\/index.php?rest_route=%2Fwp%2Fv2%2Fcomments&post=6657"}],"version-history":[{"count":3,"href":"http:\/\/blog.inmontanis.info\/index.php?rest_route=\/wp\/v2\/posts\/6657\/revisions"}],"predecessor-version":[{"id":6660,"href":"http:\/\/blog.inmontanis.info\/index.php?rest_route=\/wp\/v2\/posts\/6657\/revisions\/6660"}],"wp:attachment":[{"href":"http:\/\/blog.inmontanis.info\/index.php?rest_route=%2Fwp%2Fv2%2Fmedia&parent=6657"}],"wp:term":[{"taxonomy":"category","embeddable":true,"href":"http:\/\/blog.inmontanis.info\/index.php?rest_route=%2Fwp%2Fv2%2Fcategories&post=6657"},{"taxonomy":"post_tag","embeddable":true,"href":"http:\/\/blog.inmontanis.info\/index.php?rest_route=%2Fwp%2Fv2%2Ftags&post=6657"}],"curies":[{"name":"wp","href":"https:\/\/api.w.org\/{rel}","templated":true}]}}