{"id":6654,"date":"2021-03-20T17:18:36","date_gmt":"2021-03-20T16:18:36","guid":{"rendered":"http:\/\/blog.inmontanis.info\/?p=6654"},"modified":"2023-08-05T12:53:44","modified_gmt":"2023-08-05T10:53:44","slug":"kabdalis-20-3-2021","status":"publish","type":"post","link":"http:\/\/blog.inmontanis.info\/?p=6654","title":{"rendered":"K\u00e5bdalis, 20.3.2021"},"content":{"rendered":"<p><strong>20.3.2021<\/strong><\/p>\n<p>Die Sonne war morgens nur kurz zu sehen, bereits vor Liftstart war es bedeckt. Aber dann vielleicht lieber bedeckt als Sonne und Sturm, wie es f\u00fcr morgen gemeldet wird. Zum Fotografieren aber nat\u00fcrlich schlecht.<\/p>\n<p>Der Kurvenlift ist hier in K\u00e5bdalis ja auch unter der Woche in Betrieb, der rechte SL jedoch nicht, und der d\u00fcrfte die interessanteren Abfahrten erschlie\u00dfen, daher auf den heutigen Samstag gewartet. Zus\u00e4tzlich gibt es seit ein paar Jahren noch eine alte, gebrauchte Poma-3SB, die ich als KSB erwartet h\u00e4tte, aber vielleicht war das mit der KSB nur eine neue Planung oder irgendwo ein falsches Bild. Durch die 3SB wurden auch noch ein paar H\u00e4nge gerodet, wie man anhand der geschichtlichen Sat-Bilder auf GE erkennen kann.<\/p>\n<p>Pistenplan:<br \/>\n<a href='https:\/\/www.kabdalis.com\/wp-content\/uploads\/2020\/11\/pistkarta-1024x813.jpg'>https:\/\/www.kabdalis.com\/wp-content\/uploads\/2020\/11\/pistkarta-1024&#215;813.jpg<\/a><\/p>\n<p>Die Tageskarte kostete ca. 34,- \u20ac, die Lifte sind derzeit von 9-16h in Betrieb (3SB erst ab 10 Uhr). Meine Erwartungshaltung an das Skigebiet war nicht sonderlich hoch &#8230; war dann aber doch ganz nett dank der diversen Varianten und der schrottigen Poma-3SB.<\/p>\n<p>W\u00e4hrend die Lifte ab 9 Uhr \u00f6ffnen, ist die Liftkasse erst 5-10 Minuten sp\u00e4ter ge\u00f6ffnet. (In der Warteschlange trugen sogar einige Maske.)<\/p>\n<p><a href='http:\/\/ski.inmontanis.info\/d\/289216-2\/DSC06355.jpg'><img src=http:\/\/ski.inmontanis.info\/d\/289214-3\/DSC06355.jpg \/><\/a><br \/>\n^ Zufahrt zum Skigebiet<\/p>\n<p><a href='http:\/\/ski.inmontanis.info\/d\/289220-2\/DSC06358.jpg'><img src=http:\/\/ski.inmontanis.info\/d\/289219-3\/DSC06358.jpg \/><\/a><br \/>\n^ Talstationen linke SL (Vinkelliften und Barnliften)<\/p>\n<p><a href='http:\/\/ski.inmontanis.info\/d\/289224-2\/DSC06360.jpg'><img src=http:\/\/ski.inmontanis.info\/d\/289223-3\/DSC06360.jpg \/><\/a><br \/>\n^ Vinkelliften \/ Kurvenlift, im unteren Teil mit alten Portalst\u00fctzen<\/p>\n<p><a href='http:\/\/ski.inmontanis.info\/d\/289228-2\/DSC06361.jpg'><img src=http:\/\/ski.inmontanis.info\/d\/289227-3\/DSC06361.jpg \/><\/a><br \/>\n^ Vinkelliften<\/p>\n<p><a href='http:\/\/ski.inmontanis.info\/d\/289232-2\/DSC06364.jpg'><img src=http:\/\/ski.inmontanis.info\/d\/289231-3\/DSC06364.jpg \/><\/a><br \/>\n^ Vinkelliften Kurve<\/p>\n<p><a href='http:\/\/ski.inmontanis.info\/d\/289236-2\/DSC06365.jpg'><img src=http:\/\/ski.inmontanis.info\/d\/289235-3\/DSC06365.jpg \/><\/a><br \/>\n^ Vinkelliften oberer Teil<\/p>\n<p><a href='http:\/\/ski.inmontanis.info\/d\/289240-2\/DSC06366.jpg'><img src=http:\/\/ski.inmontanis.info\/d\/289239-3\/DSC06366.jpg \/><\/a><br \/>\n^ Abfahrt 1 Stora Backen links vom Vinkelliften; da am Baum ist ein Wegweiser zu einer Variante: David&#8217;s Trollstig. Gleich mal fahren ..<\/p>\n<p><a href='http:\/\/ski.inmontanis.info\/d\/289244-2\/DSC06368.jpg'><img src=http:\/\/ski.inmontanis.info\/d\/289243-3\/DSC06368.jpg \/><\/a><br \/>\n^ David&#8217;s Trollstig, mir aber zu wellig<\/p>\n<p><a href='http:\/\/ski.inmontanis.info\/d\/289248-2\/DSC06371.jpg'><img src=http:\/\/ski.inmontanis.info\/d\/289247-3\/DSC06371.jpg \/><\/a><br \/>\n^ Abfahrt 2 St\u00f6rtloppet verl\u00e4uft im Dreieck, das der Lift beschreibt.<\/p>\n<p><a href='http:\/\/ski.inmontanis.info\/d\/289252-2\/DSC06372.jpg'><img src=http:\/\/ski.inmontanis.info\/d\/289251-3\/DSC06372.jpg \/><\/a><br \/>\n^ Abfahrt 2 St\u00f6rtloppet<\/p>\n<p><a href='http:\/\/ski.inmontanis.info\/d\/289256-2\/DSC06373.jpg'><img src=http:\/\/ski.inmontanis.info\/d\/289255-3\/DSC06373.jpg \/><\/a><br \/>\n^ Abfahrt 2 St\u00f6rtloppet<\/p>\n<p><a href='http:\/\/ski.inmontanis.info\/d\/289260-2\/DSC06374.jpg'><img src=http:\/\/ski.inmontanis.info\/d\/289259-3\/DSC06374.jpg \/><\/a><br \/>\n^ Abfahrt 2 St\u00f6rtloppet<\/p>\n<p><a href='http:\/\/ski.inmontanis.info\/d\/289264-2\/DSC06376.jpg'><img src=http:\/\/ski.inmontanis.info\/d\/289263-3\/DSC06376.jpg \/><\/a><br \/>\n^ An der Bergstation des Vinkelliften gibts nichts, was einem davon abhalten w\u00fcrde, durch das Sicherungsseil zu fahren oder den B\u00fcgel zu sp\u00e4t loszulassen<\/p>\n<p><a href='http:\/\/ski.inmontanis.info\/d\/289268-2\/DSC06377.jpg'><img src=http:\/\/ski.inmontanis.info\/d\/289267-3\/DSC06377.jpg \/><\/a><br \/>\n^ Abfahrt 3 SuperG&#8217;n zwischen 3SB und Vinkelliften<\/p>\n<p><a href='http:\/\/ski.inmontanis.info\/d\/289272-2\/DSC06378.jpg'><img src=http:\/\/ski.inmontanis.info\/d\/289271-3\/DSC06378.jpg \/><\/a><br \/>\n^ Variante 13 Klippet zur 3SB<\/p>\n<p><a href='http:\/\/ski.inmontanis.info\/d\/289276-2\/DSC06379.jpg'><img src=http:\/\/ski.inmontanis.info\/d\/289275-3\/DSC06379.jpg \/><\/a><br \/>\n^ 3SB mit F\u00f6rderband, aber nicht funktionierenden Einstiegsschranken, die stehen (eher h\u00e4ngen) dauerhaft offen, nett ;)<\/p>\n<p><a href='http:\/\/ski.inmontanis.info\/d\/289280-2\/DSC06383.jpg'><img src=http:\/\/ski.inmontanis.info\/d\/289279-3\/DSC06383.jpg \/><\/a><br \/>\n^ Die Abfahrt neben der 3SB ist erh\u00f6ht &#8211; Depotschnee f\u00fcr n\u00e4chsten Winter. <\/p>\n<p><a href='http:\/\/ski.inmontanis.info\/d\/289284-2\/DSC06385.jpg'><img src=http:\/\/ski.inmontanis.info\/d\/289283-3\/DSC06385.jpg \/><\/a><br \/>\n^ Abfahrt 4 Beccabacken<\/p>\n<p><a href='http:\/\/ski.inmontanis.info\/d\/289288-2\/DSC06389.jpg'><img src=http:\/\/ski.inmontanis.info\/d\/289287-3\/DSC06389.jpg \/><\/a><br \/>\n^ Der Ausstieg an der 3SB ist sehr flach (daher muss sie \u00f6fters langsam fahren), zudem m\u00fcsste man zu den pr\u00e4parierten Pisten etwas raufschieben. Oder man f\u00e4hrt eben einfach rechtsrum.<\/p>\n<p><a href='http:\/\/ski.inmontanis.info\/d\/289292-2\/DSC06391.jpg'><img src=http:\/\/ski.inmontanis.info\/d\/289291-3\/DSC06391.jpg \/><\/a><br \/>\n^ Ungef\u00e4hr im Bereich Variante 12 Stupet<\/p>\n<p><a href='http:\/\/ski.inmontanis.info\/d\/289296-2\/DSC06392.jpg'><img src=http:\/\/ski.inmontanis.info\/d\/289295-3\/DSC06392.jpg \/><\/a><br \/>\n^ Wie in vielen Skigebieten heutzutage ist auch hier die Halfpipe nicht mehr in Verwendung<\/p>\n<p><a href='http:\/\/ski.inmontanis.info\/d\/289300-2\/DSC06393.jpg'><img src=http:\/\/ski.inmontanis.info\/d\/289299-3\/DSC06393.jpg \/><\/a><br \/>\n^ Sch\u00f6nster Teil der Abfahrt 4 Beccabacken zum Lasseliften<\/p>\n<p><a href='http:\/\/ski.inmontanis.info\/d\/289304-2\/DSC06394.jpg'><img src=http:\/\/ski.inmontanis.info\/d\/289303-3\/DSC06394.jpg \/><\/a><br \/>\n^ Lasseliften, der rechte SL<\/p>\n<p><a href='http:\/\/ski.inmontanis.info\/d\/289308-2\/DSC06396.jpg'><img src=http:\/\/ski.inmontanis.info\/d\/289307-3\/DSC06396.jpg \/><\/a><br \/>\n^ Wegweiser zu den Abfahrten rechts vom Lasseliften<\/p>\n<p><a href='http:\/\/ski.inmontanis.info\/d\/289312-2\/DSC06397.jpg'><img src=http:\/\/ski.inmontanis.info\/d\/289311-3\/DSC06397.jpg \/><\/a><br \/>\n^ Abfahrt 6 Puckelpisten<\/p>\n<p><a href='http:\/\/ski.inmontanis.info\/d\/289316-2\/DSC06398.jpg'><img src=http:\/\/ski.inmontanis.info\/d\/289315-3\/DSC06398.jpg \/><\/a><br \/>\n^ .. im unteren Teil wird das die Abfahrt 10 Solsv\u00e4ngen<\/p>\n<p><a href='http:\/\/ski.inmontanis.info\/d\/289320-2\/DSC06399.jpg'><img src=http:\/\/ski.inmontanis.info\/d\/289319-3\/DSC06399.jpg \/><\/a><br \/>\n^ Variante 17 Lucky Luc<\/p>\n<p><a href='http:\/\/ski.inmontanis.info\/d\/289324-2\/DSC06400.jpg'><img src=http:\/\/ski.inmontanis.info\/d\/289323-3\/DSC06400.jpg \/><\/a><br \/>\n^ 17 Lucky Luc .. f\u00e4ngt sch\u00f6n an<\/p>\n<p><a href='http:\/\/ski.inmontanis.info\/d\/289328-2\/DSC06404.jpg'><img src=http:\/\/ski.inmontanis.info\/d\/289327-3\/DSC06404.jpg \/><\/a><br \/>\n^ 17 Lucky Luc .. ist aber sehr anstrengend<\/p>\n<p><a href='http:\/\/ski.inmontanis.info\/d\/289332-2\/DSC06405.jpg'><img src=http:\/\/ski.inmontanis.info\/d\/289331-3\/DSC06405.jpg \/><\/a><br \/>\n^ Abzweig zur Abfahrt 7 Norens Linje<\/p>\n<p><a href='http:\/\/ski.inmontanis.info\/d\/289336-2\/DSC06406.jpg'><img src=http:\/\/ski.inmontanis.info\/d\/289335-3\/DSC06406.jpg \/><\/a><br \/>\n^ 7 Norens Linje<\/p>\n<p><a href='http:\/\/ski.inmontanis.info\/d\/289340-2\/DSC06409.jpg'><img src=http:\/\/ski.inmontanis.info\/d\/289339-3\/DSC06409.jpg \/><\/a><br \/>\n^ Abzweigung Abfahrt 18 L\u00e5nge David und 8 St:Eriksgatan<\/p>\n<p><a href='http:\/\/ski.inmontanis.info\/d\/289344-2\/DSC06410.jpg'><img src=http:\/\/ski.inmontanis.info\/d\/289343-3\/DSC06410.jpg \/><\/a><br \/>\n^ Abfahrt 8 St:Eriksgatan<\/p>\n<p><a href='http:\/\/ski.inmontanis.info\/d\/289348-2\/DSC06412.jpg'><img src=http:\/\/ski.inmontanis.info\/d\/289347-3\/DSC06412.jpg \/><\/a><br \/>\n^ Abfahrt 8 St:Eriksgatan<\/p>\n<p><a href='http:\/\/ski.inmontanis.info\/d\/289352-2\/DSC06413.jpg'><img src=http:\/\/ski.inmontanis.info\/d\/289351-3\/DSC06413.jpg \/><\/a><br \/>\n^ Abfahrt 8 St:Eriksgatan<\/p>\n<p><a href='http:\/\/ski.inmontanis.info\/d\/289356-2\/DSC06414.jpg'><img src=http:\/\/ski.inmontanis.info\/d\/289355-3\/DSC06414.jpg \/><\/a><br \/>\n^ Zeitweise war es mal ziemlich voll am Lasseliften, an der 3SB dagegen leerer. Die hat auch ein Problem: Keine leichte Abfahrt f\u00fcr die Anf\u00e4nger<\/p>\n<p><a href='http:\/\/ski.inmontanis.info\/d\/289360-2\/DSC06415.jpg'><img src=http:\/\/ski.inmontanis.info\/d\/289359-3\/DSC06415.jpg \/><\/a><br \/>\n^ Variante 16 Little big John<\/p>\n<p><a href='http:\/\/ski.inmontanis.info\/d\/289364-2\/DSC06418.jpg'><img src=http:\/\/ski.inmontanis.info\/d\/289363-3\/DSC06418.jpg \/><\/a><br \/>\n^ 16 Little big John<\/p>\n<p><a href='http:\/\/ski.inmontanis.info\/d\/289368-2\/DSC06419.jpg'><img src=http:\/\/ski.inmontanis.info\/d\/289367-3\/DSC06419.jpg \/><\/a><br \/>\n^ 16 Little big John, gefiel mir besser als Lucky Luc<\/p>\n<p><a href='http:\/\/ski.inmontanis.info\/d\/289372-2\/DSC06420.jpg'><img src=http:\/\/ski.inmontanis.info\/d\/289371-3\/DSC06420.jpg \/><\/a><br \/>\n^ 3SB<\/p>\n<p><a href='http:\/\/ski.inmontanis.info\/d\/289376-2\/DSC06421.jpg'><img src=http:\/\/ski.inmontanis.info\/d\/289375-3\/DSC06421.jpg \/><\/a><br \/>\n^ Verzweigung Depot-Abfahrt 3 zur 3SB und 4 zum Lasseliften<\/p>\n<p><a href='http:\/\/ski.inmontanis.info\/d\/289380-2\/DSC06422.jpg'><img src=http:\/\/ski.inmontanis.info\/d\/289379-3\/DSC06422.jpg \/><\/a><br \/>\n^ Variante 11 Kraftledningen<\/p>\n<p><a href='http:\/\/ski.inmontanis.info\/d\/289384-2\/DSC06423.jpg'><img src=http:\/\/ski.inmontanis.info\/d\/289383-3\/DSC06423.jpg \/><\/a><br \/>\n^ 11 Kraftledningen<\/p>\n<p><a href='http:\/\/ski.inmontanis.info\/d\/289388-2\/DSC06424.jpg'><img src=http:\/\/ski.inmontanis.info\/d\/289387-3\/DSC06424.jpg \/><\/a><br \/>\n^ 11 Kraftledningen, gefiel mir auch<\/p>\n<p><a href='http:\/\/ski.inmontanis.info\/d\/289392-2\/DSC06425.jpg'><img src=http:\/\/ski.inmontanis.info\/d\/289391-3\/DSC06425.jpg \/><\/a><br \/>\n^ Schneedepot f\u00fcr n\u00e4chsten Winter<\/p>\n<p><a href='http:\/\/ski.inmontanis.info\/d\/289396-2\/DSC06427.jpg'><img src=http:\/\/ski.inmontanis.info\/d\/289395-3\/DSC06427.jpg \/><\/a><br \/>\n^ Wie in Riksgr\u00e4nsen gibt&#8217;s auch hier an der 3SB einen goldenen Sessel. Der dahinter ist allerdings kaputt<\/p>\n<p><a href='http:\/\/ski.inmontanis.info\/d\/289400-2\/DSC06429.jpg'><img src=http:\/\/ski.inmontanis.info\/d\/289399-3\/DSC06429.jpg \/><\/a><br \/>\n^ Lasseliften am &#8220;Gipfel&#8221;<\/p>\n<p><a href='http:\/\/ski.inmontanis.info\/d\/289404-2\/DSC06430.jpg'><img src=http:\/\/ski.inmontanis.info\/d\/289403-3\/DSC06430.jpg \/><\/a><br \/>\n^ Lasseliften<\/p>\n<p><a href='http:\/\/ski.inmontanis.info\/d\/289408-2\/DSC06431.jpg'><img src=http:\/\/ski.inmontanis.info\/d\/289407-3\/DSC06431.jpg \/><\/a><br \/>\n^ Verbindung von der Abfahrt 3 zum Vinkelliften<\/p>\n<p><a href='http:\/\/ski.inmontanis.info\/d\/289412-2\/DSC06433.jpg'><img src=http:\/\/ski.inmontanis.info\/d\/289411-3\/DSC06433.jpg \/><\/a><br \/>\n^ vor der Abzweigung Abfahrt 18 L\u00e5nge David und 8 St:Eriksgatan<\/p>\n<p><a href='http:\/\/ski.inmontanis.info\/d\/289416-2\/DSC06436.jpg'><img src=http:\/\/ski.inmontanis.info\/d\/289415-3\/DSC06436.jpg \/><\/a><br \/>\n^ Ein Teil der Matten f\u00fcrs Depot, anscheinend macht man heuer ein gr\u00f6\u00dferes Depot (oder mehrere) als letztes Jahr, weil man neue Matten gebraucht hat.<\/p>\n<p><a href='http:\/\/ski.inmontanis.info\/d\/289420-2\/ge20210320c.jpg'><img src=http:\/\/ski.inmontanis.info\/d\/289419-3\/ge20210320c.jpg \/><\/a><br \/>\n^ GPS-Track 20.3.2021; mit der 3SB wurden auch viele neue H\u00e4user gebaut.<\/p>\n<p>Am fr\u00fchen Nachmittag fing es oben leicht zu schneien und unten leicht zu regnen an. Bevor ich ganz nass werde, hab ich um 15 Uhr aufgeh\u00f6rt. Ca. eine halbe Stunde sp\u00e4ter in der Herberge kam dann die Sonne durch die Wolken und um 16 Uhr gabs sogar einiges an blauen Himmel. Grrrr.<\/p>\n<p>Da es morgen und Montag wieder k\u00e4lter werden soll und es sonst nichts g\u00fcnstigeres gegeben hat, hab ich mich halt mal f\u00fcr 2 Tage wieder im bekannten B&#038;B in Sorsele einquartiert. Ab Dienstag scheint das EZ gebucht zu sein, daf\u00fcr w\u00e4re ein anderes Hostel g\u00fcnstiger zu haben (das von SO auf MO das EZ aber belegt hat), oder ich geh dann ins Auto, kommt etwas drauf an, ob ich nun bis Freitag in Sorsele bleiben will, um Freitag noch einen Skitag in Nalovardo zu machen. Alternative w\u00e4re, schon fr\u00fcher nach Hemavan zu fahren, wobei da auch erst ab Freitag wieder mehr offen w\u00e4re&#8230; Dass ich hier in Sorsele von MO-DO nicht zum Skifahren kommen w\u00fcrde, k\u00e4me mir nochmal ganz recht, weil ich ein paar Sachen am PC zu erledigen h\u00e4tte&#8230;<\/p>\n<p><a href='http:\/\/extra.inmontanis.info\/d\/61821-2\/DSC06439.jpg'><img src=http:\/\/extra.inmontanis.info\/d\/61820-3\/DSC06439.jpg \/><\/a><br \/>\n^ Heutiges Abendessen. Noch nie einen Fisch gegessen, der so wenig nach Fisch geschmeckt hat ;-)<\/p>\n<p><a href='http:\/\/extra.inmontanis.info\/d\/61825-2\/DSC06440.jpg'><img src=http:\/\/extra.inmontanis.info\/d\/61824-3\/DSC06440.jpg \/><\/a><br \/>\n^ R\u00fcckseitiges Nachtpanorama (21:50). F\u00fcr Nordlichter h\u00e4tte ich mal wieder rausm\u00fcssen.. <\/p>\n","protected":false},"excerpt":{"rendered":"<p>20.3.2021<\/p>\n<p>Die Sonne war morgens nur kurz zu sehen, bereits vor Liftstart war es bedeckt. Aber dann vielleicht lieber bedeckt als Sonne und Sturm, wie es f\u00fcr morgen gemeldet wird. Zum Fotografieren aber nat\u00fcrlich schlecht.<\/p>\n<p>Der Kurvenlift ist hier in K\u00e5bdalis ja auch unter der Woche in Betrieb, der rechte SL jedoch nicht, und der <a href=\"http:\/\/blog.inmontanis.info\/?p=6654\">[&#8230;]<\/a><\/p>\n","protected":false},"author":1,"featured_media":0,"comment_status":"closed","ping_status":"closed","sticky":false,"template":"","format":"standard","meta":{"footnotes":""},"categories":[184,659,19,27],"tags":[55,47],"class_list":["post-6654","post","type-post","status-publish","format-standard","hentry","category-2021-01-skandinavien","category-kabdalis","category-schwedensweden","category-skifahren-winterskiing-winter","tag-3sb","tag-sl","odd"],"_links":{"self":[{"href":"http:\/\/blog.inmontanis.info\/index.php?rest_route=\/wp\/v2\/posts\/6654","targetHints":{"allow":["GET"]}}],"collection":[{"href":"http:\/\/blog.inmontanis.info\/index.php?rest_route=\/wp\/v2\/posts"}],"about":[{"href":"http:\/\/blog.inmontanis.info\/index.php?rest_route=\/wp\/v2\/types\/post"}],"author":[{"embeddable":true,"href":"http:\/\/blog.inmontanis.info\/index.php?rest_route=\/wp\/v2\/users\/1"}],"replies":[{"embeddable":true,"href":"http:\/\/blog.inmontanis.info\/index.php?rest_route=%2Fwp%2Fv2%2Fcomments&post=6654"}],"version-history":[{"count":2,"href":"http:\/\/blog.inmontanis.info\/index.php?rest_route=\/wp\/v2\/posts\/6654\/revisions"}],"predecessor-version":[{"id":6656,"href":"http:\/\/blog.inmontanis.info\/index.php?rest_route=\/wp\/v2\/posts\/6654\/revisions\/6656"}],"wp:attachment":[{"href":"http:\/\/blog.inmontanis.info\/index.php?rest_route=%2Fwp%2Fv2%2Fmedia&parent=6654"}],"wp:term":[{"taxonomy":"category","embeddable":true,"href":"http:\/\/blog.inmontanis.info\/index.php?rest_route=%2Fwp%2Fv2%2Fcategories&post=6654"},{"taxonomy":"post_tag","embeddable":true,"href":"http:\/\/blog.inmontanis.info\/index.php?rest_route=%2Fwp%2Fv2%2Ftags&post=6654"}],"curies":[{"name":"wp","href":"https:\/\/api.w.org\/{rel}","templated":true}]}}