{"id":6651,"date":"2021-03-19T19:12:17","date_gmt":"2021-03-19T18:12:17","guid":{"rendered":"http:\/\/blog.inmontanis.info\/?p=6651"},"modified":"2023-08-05T12:23:14","modified_gmt":"2023-08-05T10:23:14","slug":"porjus-19-3-2021-lift-unter-strom","status":"publish","type":"post","link":"http:\/\/blog.inmontanis.info\/?p=6651","title":{"rendered":"Porjus, 19.3.2021 \/ Lift unter Strom"},"content":{"rendered":"<p><strong>19.3.2021<\/strong><\/p>\n<p>Heutige Aufgaben ab Mittag: Einkaufen, Essen, Tanken und nach K\u00e5bdalis fahren. Und evtl. eine kleine Skitour in Porjus am Skilift einlegen, der ist nur nachmittags am Wochenende und abends am Mittwoch und\/oder Freitag ge\u00f6ffnet, au\u00dferhalb der Ferien, sowie spontan zu manch anderen Zeiten, vor ein paar Tagen mal 2 Stunden zu Mittag. Heute w\u00e4re er wohl von 17-20 Uhr ge\u00f6ffnet, dann k\u00e4m ich aber etwas zu sp\u00e4t am B&#038;B in K\u00e5bdalis an.<\/p>\n<p>Die einst sonnigen Wettervorhersagen f\u00fcr K\u00e5bdalis morgen sind mittlerweile auch gestorben. Galtis am Sonntag soll zwar sonnig, aber st\u00fcrmisch sein, kann also gut sein, dass der SL dann nicht oder nicht bis zum Gipfel f\u00e4hrt.<\/p>\n<p>Apropos, auch heute schneite und st\u00fcrmte es ab dem fr\u00fchen Vormittag hier in Dundret. Zu Mittag war der Zugang zu dem Geb\u00e4ude hier so verweht-eingeschneit, dass ich mit den Schuhen gut 20cm tief eingesunken bin. Und ja auch noch 2x gehen musste, um alle Sachen einzuladen, da die Skischuhe noch im Zimmer waren.<\/p>\n<p>Einkaufen im ICA Kvantum Supermarkt, danach zum Sibylla Fastfoodladen, wo ich den momentanen BBQ Burger samt Pommes im Men\u00fc a\u00df. Viel nach BBQ hat man da aber nicht geschmeckt. War sonst zwar lecker, aber hat mich nicht f\u00fcr den Rest des Tages Satt gehalten. H\u00e4tt ich vielleicht mal den lokalen Sourcream Bacon Burger ausprobieren sollen. \u00dcbrigens, Preiselbeeren werden in Schweden nicht nur als Marmelade zu z.B. K\u00f6ttbullar gegessen oder im Lingonbr\u00f6d-Schwarzbrot verbacken, sondern auch zu Limo verarbeitet, in manchen Fastfoodketten kann man dies zapfen. Ist mir allein betrachtet etwas zu bitter (mag da eher Himbeersoda, die es ja auch h\u00e4ufig in Flaschen zu kaufen gibt), aber mit Cola gemischt passt das wieder.<\/p>\n<p>In Porjus hab ich dann nicht die Tourenski rausfieseln und mit den Fellen hantieren wollen, also montierte ich meine normalen Ski auf den Rucksack und stieg die pr\u00e4parierte Liftspur rauf. Glaub, mit Tourenski geht&#8217;s doch einfacher. Waren dann sogar 100 hm, h\u00e4tte ich nicht erwartet, denn die Tageskarte kostet ja nur ca. 5,- \u20ac.<\/p>\n<p>Grund f\u00fcr den Aufstieg war der Stausee und .. es gibt ja Skigebiete, da verl\u00e4uft mal eine Hochspannungsleitung im Skigebiet. Hier ist es  eher umgekehrt, hier verirrt sich ein Skilift zwischen den Stromleitungen :)<\/p>\n<p><a href='http:\/\/extra.inmontanis.info\/d\/61805-2\/DSC06307.jpg'><img src=http:\/\/extra.inmontanis.info\/d\/61804-3\/DSC06307.jpg \/><\/a><br \/>\n^ G\u00e4llivare Bahnhof, dahinter das Skigebiet Dundret unter einer Wolkenwalze<\/p>\n<p><a href='http:\/\/ski.inmontanis.info\/d\/289130-2\/DSC06311.jpg'><img src=http:\/\/ski.inmontanis.info\/d\/289128-3\/DSC06311.jpg \/><\/a><br \/>\n^ Blick ins Skigebiet Porjus von der Stra\u00dfe aus<\/p>\n<p><a href='http:\/\/ski.inmontanis.info\/d\/289134-2\/DSC06314.jpg'><img src=http:\/\/ski.inmontanis.info\/d\/289133-3\/DSC06314.jpg \/><\/a><br \/>\n^ Die Stra\u00dfe zum Gipfel wurde mal ger\u00e4umt &#8211; h\u00e4tt ich ja doch vieleicht mit dem Auto rauffahren k\u00f6nnen (sofern man darf)<\/p>\n<p><a href='http:\/\/ski.inmontanis.info\/d\/289138-2\/DSC06318.jpg'><img src=http:\/\/ski.inmontanis.info\/d\/289137-3\/DSC06318.jpg \/><\/a><br \/>\n^ Der Gipfelbereich bietet leider keine Aussicht<\/p>\n<p><a href='http:\/\/ski.inmontanis.info\/d\/289142-2\/DSC06321.jpg'><img src=http:\/\/ski.inmontanis.info\/d\/289141-3\/DSC06321.jpg \/><\/a><br \/>\n^ .. nur am Lifthang hat man eine Sicht.<\/p>\n<p><a href='http:\/\/ski.inmontanis.info\/d\/289146-2\/DSC06325.jpg'><img src=http:\/\/ski.inmontanis.info\/d\/289145-3\/DSC06325.jpg \/><\/a><br \/>\n^ Bergstation SSL<\/p>\n<p><a href='http:\/\/ski.inmontanis.info\/d\/289150-2\/DSC06324.jpg'><img src=http:\/\/ski.inmontanis.info\/d\/289149-3\/DSC06324.jpg \/><\/a><br \/>\n^ Normaler Ausstieg des SSL, momentan aber verk\u00fcrzt, weil die querende Stra\u00dfe ger\u00e4umt wurde<\/p>\n<p><a href='http:\/\/ski.inmontanis.info\/d\/289154-2\/DSC06328.jpg'><img src=http:\/\/ski.inmontanis.info\/d\/289153-3\/DSC06328.jpg \/><\/a><br \/>\n^ Blick talseitig nach links<\/p>\n<p><a href='http:\/\/ski.inmontanis.info\/d\/289158-2\/DSC06329.jpg'><img src=http:\/\/ski.inmontanis.info\/d\/289157-3\/DSC06329.jpg \/><\/a><br \/>\n^ SSL und verk\u00fcrzter Ausstieg<\/p>\n<p><a href='http:\/\/ski.inmontanis.info\/d\/289162-2\/DSC06330.jpg'><img src=http:\/\/ski.inmontanis.info\/d\/289161-3\/DSC06330.jpg \/><\/a><br \/>\n^ Abfahrt<\/p>\n<p><a href='http:\/\/ski.inmontanis.info\/d\/289166-2\/DSC06331.jpg'><img src=http:\/\/ski.inmontanis.info\/d\/289165-3\/DSC06331.jpg \/><\/a><br \/>\n^ Blick talseitig nach rechts<\/p>\n<p><a href='http:\/\/ski.inmontanis.info\/d\/289170-2\/DSC06333.jpg'><img src=http:\/\/ski.inmontanis.info\/d\/289169-3\/DSC06333.jpg \/><\/a><br \/>\n^ Finde den SL zwischen den Stromleitungen ;-)<\/p>\n<p><a href='http:\/\/ski.inmontanis.info\/d\/289174-2\/DSC06334.jpg'><img src=http:\/\/ski.inmontanis.info\/d\/289173-3\/DSC06334.jpg \/><\/a><br \/>\n^ Stromleitungen und SSL<\/p>\n<p><a href='http:\/\/ski.inmontanis.info\/d\/289178-2\/DSC06336.jpg'><img src=http:\/\/ski.inmontanis.info\/d\/289177-3\/DSC06336.jpg \/><\/a><br \/>\n^ Stromleitungen und SSL<\/p>\n<p><a href='http:\/\/ski.inmontanis.info\/d\/289182-2\/DSC06337.jpg'><img src=http:\/\/ski.inmontanis.info\/d\/289181-3\/DSC06337.jpg \/><\/a><br \/>\n^ Abfahrt<\/p>\n<p><a href='http:\/\/ski.inmontanis.info\/d\/289186-2\/DSC06338.jpg'><img src=http:\/\/ski.inmontanis.info\/d\/289185-3\/DSC06338.jpg \/><\/a><br \/>\n^ Abfahrt<\/p>\n<p><a href='http:\/\/ski.inmontanis.info\/d\/289190-2\/DSC06339.jpg'><img src=http:\/\/ski.inmontanis.info\/d\/289189-3\/DSC06339.jpg \/><\/a><br \/>\n^ SSL-Trasse<\/p>\n<p><a href='http:\/\/ski.inmontanis.info\/d\/289194-2\/DSC06340.jpg'><img src=http:\/\/ski.inmontanis.info\/d\/289193-3\/DSC06340.jpg \/><\/a><br \/>\n^ SSL-Talstation<\/p>\n<p><a href='http:\/\/ski.inmontanis.info\/d\/289198-2\/DSC06342.jpg'><img src=http:\/\/ski.inmontanis.info\/d\/289197-3\/DSC06342.jpg \/><\/a><br \/>\n^ SSL-Talstation<\/p>\n<p><a href='http:\/\/ski.inmontanis.info\/d\/289202-2\/DSC06344.jpg'><img src=http:\/\/ski.inmontanis.info\/d\/289201-3\/DSC06344.jpg \/><\/a><br \/>\n^ Geb\u00e4ude und Parkplatz und Langlaufloipe<\/p>\n<p><a href='http:\/\/ski.inmontanis.info\/d\/289206-2\/DSC06346.jpg'><img src=http:\/\/ski.inmontanis.info\/d\/289205-3\/DSC06346.jpg \/><\/a><br \/>\n^ Abfahrt<\/p>\n<p><a href='http:\/\/ski.inmontanis.info\/d\/289210-2\/ge20210319.jpg'><img src=http:\/\/ski.inmontanis.info\/d\/289209-3\/ge20210319.jpg \/><\/a><br \/>\n^ GPS-Track<\/p>\n<p>Weiter nach K\u00e5bdalis (hier \u00fcberquerte ich wieder den Polarkreis richtung S\u00fcden) ins B&#038;B f\u00fcr 2 N\u00e4chte, das ich per Email reserviert hatte, kostet ca. 50 \u20ac pro Nacht und ist damit die g\u00fcnstigste Unterkunft in der Gegend. Leider mit &#8220;Schuhgrenze&#8221; am Eingang (die anderen zuletzt hatten das nicht oder haben das nicht weiter betont bzw. war eh keiner da, der es \u00fcberwacht. Ok, letzteres w\u00e4re hier meist auch nicht der Fall, weil der Vermieter wo anders wohnt.)<\/p>\n<p>Die meisten Zimmer sind im 1. Stock und die Stra\u00dfe h\u00f6rt man laut, weil das Haus direkt an der Stra\u00dfe ist und die meisten Zimmer zur Stra\u00dfe hin gerichtet sind &#8211; w\u00e4hrend auf der ruhigen R\u00fcckseite die Treppe, das Badezimmer und die sch\u00f6nere Aussicht ist. Bescheuert. <\/p>\n<p>Im Badezimmer ist es eiskalt, weil wohl ein zu gro\u00dfes Frischluftloch mit zeitweise laufendem L\u00fcfter nach au\u00dfen hin ist, wo auch im ausgeschalteten Zustand zuviel K\u00e4lte reinkommt, die von der hier vorhandenen Fu\u00dfbodenheizung nicht schnell genug aufgeheizt werden kann. Dazu quasi kein vern\u00fcnftig verwendbarer &#8220;Vorhang&#8221; am Fenster, schaut aus wie ein Fliegennetz und viel zu lang am Boden und die Klopapierrolle ist dann hinter dem &#8220;Vorhang&#8221;.<\/p>\n<p>Auch in meinem Zimmer ist der Vorhang zu kurz und noch dazu vor der Heizung, zus\u00e4tzlich gibts aber noch einen Rollo, wenigstens. Alles ziemlich bescheuert hier. Sogar f\u00fcr die Mikrowelle h\u00e4tte ich am n\u00e4chsten Tag fast eine Anleitung aus dem Internet runterladen m\u00fcssen, denn da gibts standardm\u00e4\u00dfig beim Drehregler nur Einstellungen, was man kocht, aber keine Zeit. Daf\u00fcr muss man erst mal lang auf der Funktionstaste bleiben, dann Microwave ausw\u00e4hlen, dann kann man mit P100 hoffentlich auf 100% Power stellen und dann kann man erst die Zeit einstellen. Himmel..<\/p>\n<p><a href='http:\/\/extra.inmontanis.info\/d\/61809-2\/DSC06348.jpg'><img src=http:\/\/extra.inmontanis.info\/d\/61808-3\/DSC06348.jpg \/><\/a><br \/>\n^ Heutiges Zimmer, als Tisch musste der kleine Nachttisch dienen, etwas niedrig halt<\/p>\n<p><a href='http:\/\/extra.inmontanis.info\/d\/61813-2\/DSC06351.jpg'><img src=http:\/\/extra.inmontanis.info\/d\/61812-3\/DSC06351.jpg \/><\/a><br \/>\n^ Fensterpano vom Zimmer<\/p>\n<p><a href='http:\/\/extra.inmontanis.info\/d\/61817-2\/DSC06352.jpg'><img src=http:\/\/extra.inmontanis.info\/d\/61816-3\/DSC06352.jpg \/><\/a><br \/>\n^ Auf der R\u00fcckseite w\u00e4re der sch\u00f6nere Ausblick (und ruhiger dazu)<\/p>\n<p>Von meiner autolosen Zeit in Sorsele hatte ich ja noch eine der 3 Garnelent\u00fctensuppen &#8211; die a\u00df ich (erg\u00e4nzend zum BBQ-Burger zu Mittag) heute Abend mit einer Scheibe Lingonbr\u00f6d, ist die auch endlich mal weg.<\/p>\n<p>Neues lt. orf.at f\u00fcr \u00d6sterreich:<br \/>\n&#8220;Fix verl\u00e4ngert, und zwar bis einschlie\u00dflich 31. Mai, wird die aktuell geltende Einreiseverordnung. Seit 10. Februar m\u00fcssen Einreisende zus\u00e4tzlich zur Registrier- und Quarant\u00e4nepflicht auch ein negatives CoV-Testergebnis vorlegen, das nicht \u00e4lter als 72 Stunden ist. Kann dieses bei der Einreise nicht vorgelegt werden, ist unverz\u00fcglich \u2013 sp\u00e4testens aber innerhalb von 24 Stunden \u2013 ein Test nachzumachen. &#8221;<\/p>\n<p>Immerhin zwar positiv, dass man den Test nachmachen kann (sonst w\u00fcrde ich im Falle eines positiven Tests ja irgendwo im Ausland in Quarant\u00e4ne m\u00fcssen), aber nervig ist das allemal, insb. wenn man ja eh die 10 Tage Quarant\u00e4ne machen muss \/ will. Warum man das jetzt im M\u00e4rz aber schon fix bis Ende Mai verl\u00e4ngern will!? Na mal schauen, ob ich im Mai dann nicht einfach noch ein paar Wochen in Schweden am Meer bleiben werde ;) Oder anders wo hin, je nach den dann geltenden Bedingungen. Einzig knapp wirds langsam mit dem n\u00e4chsten Service, hab noch 5.000 km bis zum n\u00e4chsten Service und w\u00fcrde den ja lieber an meiner Arbeitsstelle machen, weil sicher g\u00fcnstiger (und weil es in Schweden keinen Ignis gibt) .. Und meinen Briefkasten sollte ich ja auch irgendwann mal leeren &#8230; <\/p>\n<p>Auch musste ich heute Abend die Tage ab Sonntag planen und eine Unterkunft finden, denn es bleibt zumindest noch am Anfang der Woche zu kalt f\u00fcr&#8217;s Vanlife. Leider nicht sehr einfach, denn in Arjeplog (bei Galtis) gibts preislich gar nichts sinnvolles (um dort die Woche zu bleiben, um Galtis evtl. dann n\u00e4chstes WE zu fahren, wenn am Sonntag wegen Sturm nicht offen ist). Das Skigebiet weiter richtung Norwegen, J\u00e4ckvik, hat momentan auch nicht t\u00e4glich offen, aber war ich ja schon vor ca. 2 Jahren, kann ich auslassen; weiter s\u00fcdlich Nalovardo hat auch erst wieder ab Freitag offen, insofern eine g\u00fcnstige Unterbringung f\u00fcr eine Woche in Arjeplog nicht so unsinnvoll gewesen w\u00e4re. <\/p>\n<p>Arvidsjaur w\u00e4re etwas umwegig und au\u00dfer dem Keller-Hostel, wo ich raufw\u00e4rts war, gibts auch nix preislich passendes. Die Hotels sind heuer alle zu teuer in der Gegend.<\/p>\n<p>Bleibt Sorsele, da gibts &#8211; neben dem B&#038;B, wo ich raufw\u00e4rts ein paar Tage war, ja auch noch ein paar g\u00fcnstigere Unterk\u00fcnfte. Mal per EMail im Vandrarhem nachgefragt, das zum Campingplatz geh\u00f6rt &#8211; die haben am n\u00e4chsten Tag geantwortet, dass sie wegen Covid das Vandrarhem gar nicht offen haben :( <\/p>\n","protected":false},"excerpt":{"rendered":"<p>19.3.2021<\/p>\n<p>Heutige Aufgaben ab Mittag: Einkaufen, Essen, Tanken und nach K\u00e5bdalis fahren. Und evtl. eine kleine Skitour in Porjus am Skilift einlegen, der ist nur nachmittags am Wochenende und abends am Mittwoch und\/oder Freitag ge\u00f6ffnet, au\u00dferhalb der Ferien, sowie spontan zu manch anderen Zeiten, vor ein paar Tagen mal 2 Stunden zu Mittag. Heute w\u00e4re <a href=\"http:\/\/blog.inmontanis.info\/?p=6651\">[&#8230;]<\/a><\/p>\n","protected":false},"author":1,"featured_media":0,"comment_status":"closed","ping_status":"closed","sticky":false,"template":"","format":"standard","meta":{"footnotes":""},"categories":[184,638,19,27,29],"tags":[47],"class_list":["post-6651","post","type-post","status-publish","format-standard","hentry","category-2021-01-skandinavien","category-porjus","category-schwedensweden","category-skifahren-winterskiing-winter","category-skitourenwalk-ski","tag-sl","odd"],"_links":{"self":[{"href":"http:\/\/blog.inmontanis.info\/index.php?rest_route=\/wp\/v2\/posts\/6651","targetHints":{"allow":["GET"]}}],"collection":[{"href":"http:\/\/blog.inmontanis.info\/index.php?rest_route=\/wp\/v2\/posts"}],"about":[{"href":"http:\/\/blog.inmontanis.info\/index.php?rest_route=\/wp\/v2\/types\/post"}],"author":[{"embeddable":true,"href":"http:\/\/blog.inmontanis.info\/index.php?rest_route=\/wp\/v2\/users\/1"}],"replies":[{"embeddable":true,"href":"http:\/\/blog.inmontanis.info\/index.php?rest_route=%2Fwp%2Fv2%2Fcomments&post=6651"}],"version-history":[{"count":2,"href":"http:\/\/blog.inmontanis.info\/index.php?rest_route=\/wp\/v2\/posts\/6651\/revisions"}],"predecessor-version":[{"id":6653,"href":"http:\/\/blog.inmontanis.info\/index.php?rest_route=\/wp\/v2\/posts\/6651\/revisions\/6653"}],"wp:attachment":[{"href":"http:\/\/blog.inmontanis.info\/index.php?rest_route=%2Fwp%2Fv2%2Fmedia&parent=6651"}],"wp:term":[{"taxonomy":"category","embeddable":true,"href":"http:\/\/blog.inmontanis.info\/index.php?rest_route=%2Fwp%2Fv2%2Fcategories&post=6651"},{"taxonomy":"post_tag","embeddable":true,"href":"http:\/\/blog.inmontanis.info\/index.php?rest_route=%2Fwp%2Fv2%2Ftags&post=6651"}],"curies":[{"name":"wp","href":"https:\/\/api.w.org\/{rel}","templated":true}]}}