{"id":6648,"date":"2021-03-18T19:56:50","date_gmt":"2021-03-18T18:56:50","guid":{"rendered":"http:\/\/blog.inmontanis.info\/?p=6648"},"modified":"2023-08-05T13:22:05","modified_gmt":"2023-08-05T11:22:05","slug":"dundret-18-3-2021","status":"publish","type":"post","link":"http:\/\/blog.inmontanis.info\/?p=6648","title":{"rendered":"Dundret, 18.3.2021"},"content":{"rendered":"<p><strong>18.3.2021<\/strong><\/p>\n<p>Morgens um 9:30 wurde mir netterweise mein Auto wieder gebracht. Der Mechaniker meinte, ein Kabel am Starter bzw. in einem Verbindungsstecker w\u00e4re vermutlich locker. Da hat er etwas ger\u00fcttelt und dann machte der Starter genau diesen aussetzenden dr&#8230;drrrr &#8211; Start. Allerdings hatte er da keinen passenden Stecker als Ersatz, so dass ich nicht genau verstanden hatte, ob er mir das Kabel \/ den Stecker etwas fixieren konnte. Daf\u00fcr hat er mir einen alternativen Start-Knopf im Motorraum eingebaut, den ich verwenden kann, wenn der interne nicht funktioniert (und es wirklich an einem Wackelkontakt in dem anderen Stecker liegt). Mal wieder eine witzige MacGyver-L\u00f6sung, gef\u00e4llt mir :) Solang ich nicht irgendwann bei jedem Startvorgang die Motorhaube \u00f6ffnen muss&#8230;<\/p>\n<p>Ich gab ihm 200 Kronen f\u00fcr die Kaffeekasse und wir redeten noch ein bisschen \u00fcber Skigebiete und L\u00e4nder, bevor er sich von einem Bekannten zur\u00fcckfahren lie\u00df.<\/p>\n<p><a href='http:\/\/extra.inmontanis.info\/d\/61801-2\/DSC06353.jpg'><img src=http:\/\/extra.inmontanis.info\/d\/61800-3\/DSC06353.jpg \/><\/a><br \/>\n^ Mein neuer alternativer Startknopf am blauen Kabel <\/p>\n<p>Wenn man schon mal hier im Skigebiet n\u00e4chtigt und es sonnig wird .. also musste ich heute nochmals in Dundret Ski fahren. Die Lifte sind momentan von 12-18 Uhr in Betrieb und somit war der Kauf einer Tageskarte um 12 Uhr online um ca. 35 \u20ac die logischste Variante. H\u00e4tt ich mal besser erst genauer die Wettervorhersagen angesehen, die -10\u00b0 hab ich ja irgendwie realisert, aber Dundret-typisch wehte mal wieder ein starker Wind. Es war zwar die 6KSB in Betrieb, aber trotzdem. Eisig kalt. Und die abgewehten Fl\u00e4chen im Offpistebereich oben noch eisiger als vor 2 Wochen. Da h\u00e4tte eine 2-3h Karte gereicht. Nach 2,5h bin ich ins Hostelzimmer, aufw\u00e4rmen und Essen, um vielleicht sp\u00e4ter nochmal ein St\u00fcndchen zu fahren, da wirds zwar noch k\u00e4lter und voraussichtlich nicht weniger windig sein, aber  zumindest ich wieder etwas w\u00e4rmer.<\/p>\n<p>Die letzte Stunde von 17-18 Uhr war aber doch noch rech nett, dank des Sonnenuntergangs.<\/p>\n<p>Gar nicht nett war ein assozialer Camper, der meinte, er m\u00fcsse bis sp\u00e4t abends die Waschmaschine verwenden. Irgendwan nach 22 Uhr, als ich schon im Bett lag, schaltete er den Trockner ein, von dem ich gegen Mitternacht wach wurde. Ich schloss wenigstens die T\u00fcr am Waschraum und das Licht (in der Hoffnung, dass das denjenigen wachr\u00fctteln w\u00fcrde, dass er st\u00f6rt), aber wenig sp\u00e4ter kam die Person erneut und schaltete ein anderes Trockenprogramm ein und lie\u00df die T\u00fcr abermals weit offen.<\/p>\n<p>Als um 1:15 Uhr der Trockner auch noch zum Piepsen anfing, zog ich den Stecker raus. Wenig sp\u00e4ter wurde der Trockner geleert, vmtl. hat die Person gar nicht bemerkt, dass ich den Stecker gezogen hab. H\u00e4tt ich schon um Mitternacht ziehen sollen.<\/p>\n<p><a href='http:\/\/ski.inmontanis.info\/d\/289028-2\/DSC06262.jpg'><img src=http:\/\/ski.inmontanis.info\/d\/289027-3\/DSC06262.jpg \/><\/a><br \/>\n^ 6KSB in Betrieb, sonnig, windig. Skibetrieb ab 12 Uhr, da steht die Sonne schon s\u00fcdlich<\/p>\n<p><a href='http:\/\/ski.inmontanis.info\/d\/289032-2\/DSC06264.jpg'><img src=http:\/\/ski.inmontanis.info\/d\/289031-3\/DSC06264.jpg \/><\/a><br \/>\n^ Fernsicht in die Berge war heute etwas besser<\/p>\n<p><a href='http:\/\/ski.inmontanis.info\/d\/289036-2\/DSC04199.jpg'><img src=http:\/\/ski.inmontanis.info\/d\/289035-3\/DSC04199.jpg \/><\/a><br \/>\n^ Leider wollte die IR-Cam heute auf Blau-Filter keinen Wei\u00dfabgleich machen, also blieb eben Gelborange drauf.<\/p>\n<p><a href='http:\/\/ski.inmontanis.info\/d\/289040-2\/DSC06266.jpg'><img src=http:\/\/ski.inmontanis.info\/d\/289039-3\/DSC06266.jpg \/><\/a><br \/>\n^ Weitere unber\u00fchrte H\u00e4nge im S\u00fcden<\/p>\n<p><a href='http:\/\/ski.inmontanis.info\/d\/289044-2\/DSC04202.jpg'><img src=http:\/\/ski.inmontanis.info\/d\/289043-3\/DSC04202.jpg \/><\/a><br \/>\n^ Falschfarb-IR-Pano<\/p>\n<p><a href='http:\/\/ski.inmontanis.info\/d\/289048-2\/DSC04201.jpg'><img src=http:\/\/ski.inmontanis.info\/d\/289047-3\/DSC04201.jpg \/><\/a><br \/>\n^ IR-Foto vom Bergwerk<\/p>\n<p><a href='http:\/\/ski.inmontanis.info\/d\/289052-2\/DSC06269.jpg'><img src=http:\/\/ski.inmontanis.info\/d\/289051-3\/DSC06269.jpg \/><\/a><br \/>\n^ Linke Abfahrten<\/p>\n<p><a href='http:\/\/ski.inmontanis.info\/d\/289056-2\/DSC06272.jpg'><img src=http:\/\/ski.inmontanis.info\/d\/289055-3\/DSC06272.jpg \/><\/a><br \/>\n^ Die eine kurze Waldvariante wurde mittlerweile pr\u00e4pariert<\/p>\n<p><a href='http:\/\/ski.inmontanis.info\/d\/289060-2\/DSC06275.jpg'><img src=http:\/\/ski.inmontanis.info\/d\/289059-3\/DSC06275.jpg \/><\/a><br \/>\n^ Kurz vor Sonnenuntergang (17:19 Uhr)<\/p>\n<p><a href='http:\/\/ski.inmontanis.info\/d\/289064-2\/DSC06277.jpg'><img src=http:\/\/ski.inmontanis.info\/d\/289063-3\/DSC06277.jpg \/><\/a><br \/>\n^ Der Ausstieg am linken SL ist jetzt auch etwas weiter oben, so dass man weniger weit rauflaufen m\u00fcsste f\u00fcr die rechten Abfahrten<\/p>\n<p><a href='http:\/\/ski.inmontanis.info\/d\/289068-2\/DSC06280.jpg'><img src=http:\/\/ski.inmontanis.info\/d\/289067-3\/DSC06280.jpg \/><\/a><br \/>\n^ Campingplatz<\/p>\n<p><a href='http:\/\/ski.inmontanis.info\/d\/289072-2\/DSC06282.jpg'><img src=http:\/\/ski.inmontanis.info\/d\/289071-3\/DSC06282.jpg \/><\/a><br \/>\n^ 17:43 Uhr, endlich noch mal eine sch\u00f6ne Abendd\u00e4mmerung hier oben erlebt<\/p>\n<p><a href='http:\/\/ski.inmontanis.info\/d\/289076-2\/DSC06284.jpg'><img src=http:\/\/ski.inmontanis.info\/d\/289075-3\/DSC06284.jpg \/><\/a><br \/>\n^ Die steile Abfahrt an der 6KSB war leider eisig abgeweht, aber komischerweise gings im Gel\u00e4nde diesmal besser<\/p>\n<p><a href='http:\/\/ski.inmontanis.info\/d\/289080-2\/DSC06286.jpg'><img src=http:\/\/ski.inmontanis.info\/d\/289079-3\/DSC06286.jpg \/><\/a><br \/>\n^ 17:45 Uhr mit Mondsichel<\/p>\n<p><a href='http:\/\/ski.inmontanis.info\/d\/289084-2\/DSC06289.jpg'><img src=http:\/\/ski.inmontanis.info\/d\/289083-3\/DSC06289.jpg \/><\/a><br \/>\n^ Wehm\u00fctiger Blick zum stillgelegten Soldalsliften<\/p>\n<p><a href='http:\/\/ski.inmontanis.info\/d\/289088-2\/DSC06290.jpg'><img src=http:\/\/ski.inmontanis.info\/d\/289087-3\/DSC06290.jpg \/><\/a><br \/>\n^ 17:50 Uhr, eine Fahrt geht noch<\/p>\n<p><a href='http:\/\/ski.inmontanis.info\/d\/289092-2\/DSC06294.jpg'><img src=http:\/\/ski.inmontanis.info\/d\/289091-3\/DSC06294.jpg \/><\/a><br \/>\n^ 17:58 Uhr<\/p>\n<p><a href='http:\/\/ski.inmontanis.info\/d\/289096-2\/DSC06295.jpg'><img src=http:\/\/ski.inmontanis.info\/d\/289095-3\/DSC06295.jpg \/><\/a><br \/>\n^ 17:58 Uhr<\/p>\n<p><a href='http:\/\/ski.inmontanis.info\/d\/289100-2\/DSC06296.jpg'><img src=http:\/\/ski.inmontanis.info\/d\/289099-3\/DSC06296.jpg \/><\/a><br \/>\n^ 17:59 Uhr<\/p>\n<p><a href='http:\/\/ski.inmontanis.info\/d\/289104-2\/DSC06299.jpg'><img src=http:\/\/ski.inmontanis.info\/d\/289103-3\/DSC06299.jpg \/><\/a><br \/>\n^ Blick nach G\u00e4llivare auf der letzten Abfahrt<\/p>\n<p><a href='http:\/\/ski.inmontanis.info\/d\/289108-2\/DSC06301.jpg'><img src=http:\/\/ski.inmontanis.info\/d\/289107-3\/DSC06301.jpg \/><\/a><br \/>\n^ 19:16 Uhr vom Hostelzimmer (2sek)<\/p>\n<p><a href='http:\/\/ski.inmontanis.info\/d\/289112-2\/DSC06302.jpg'><img src=http:\/\/ski.inmontanis.info\/d\/289111-3\/DSC06302.jpg \/><\/a><br \/>\n^ 19:39 Uhr (10 sek)<\/p>\n<p><a href='http:\/\/ski.inmontanis.info\/d\/289116-2\/DSC06303.jpg'><img src=http:\/\/ski.inmontanis.info\/d\/289115-3\/DSC06303.jpg \/><\/a><br \/>\n^ 21:10 Uhr (10 sek)<\/p>\n<p><a href='http:\/\/ski.inmontanis.info\/d\/289120-2\/DSC06305.jpg'><img src=http:\/\/ski.inmontanis.info\/d\/289119-3\/DSC06305.jpg \/><\/a><br \/>\n^ 21:41 Uhr (20 sek) &#8211; leider heute keine Nordlichter, wieder Stativ umsonst aufgebaut<\/p>\n<p><a href='http:\/\/ski.inmontanis.info\/d\/289124-2\/ge20210318a.jpg'><img src=http:\/\/ski.inmontanis.info\/d\/289123-3\/ge20210318a.jpg \/><\/a><br \/>\n^ GPS-Track 18.3.2021 in Rot<\/p>\n","protected":false},"excerpt":{"rendered":"<p>18.3.2021<\/p>\n<p>Morgens um 9:30 wurde mir netterweise mein Auto wieder gebracht. Der Mechaniker meinte, ein Kabel am Starter bzw. in einem Verbindungsstecker w\u00e4re vermutlich locker. Da hat er etwas ger\u00fcttelt und dann machte der Starter genau diesen aussetzenden dr&#8230;drrrr &#8211; Start. Allerdings hatte er da keinen passenden Stecker als Ersatz, so dass ich nicht genau <a href=\"http:\/\/blog.inmontanis.info\/?p=6648\">[&#8230;]<\/a><\/p>\n","protected":false},"author":1,"featured_media":0,"comment_status":"closed","ping_status":"closed","sticky":false,"template":"","format":"standard","meta":{"footnotes":""},"categories":[184,682,19,27],"tags":[56,100,65,47],"class_list":["post-6648","post","type-post","status-publish","format-standard","hentry","category-2021-01-skandinavien","category-dundret","category-schwedensweden","category-skifahren-winterskiing-winter","tag-6sb","tag-langzeitbelichtung","tag-nachtski","tag-sl","odd"],"_links":{"self":[{"href":"http:\/\/blog.inmontanis.info\/index.php?rest_route=\/wp\/v2\/posts\/6648","targetHints":{"allow":["GET"]}}],"collection":[{"href":"http:\/\/blog.inmontanis.info\/index.php?rest_route=\/wp\/v2\/posts"}],"about":[{"href":"http:\/\/blog.inmontanis.info\/index.php?rest_route=\/wp\/v2\/types\/post"}],"author":[{"embeddable":true,"href":"http:\/\/blog.inmontanis.info\/index.php?rest_route=\/wp\/v2\/users\/1"}],"replies":[{"embeddable":true,"href":"http:\/\/blog.inmontanis.info\/index.php?rest_route=%2Fwp%2Fv2%2Fcomments&post=6648"}],"version-history":[{"count":2,"href":"http:\/\/blog.inmontanis.info\/index.php?rest_route=\/wp\/v2\/posts\/6648\/revisions"}],"predecessor-version":[{"id":6650,"href":"http:\/\/blog.inmontanis.info\/index.php?rest_route=\/wp\/v2\/posts\/6648\/revisions\/6650"}],"wp:attachment":[{"href":"http:\/\/blog.inmontanis.info\/index.php?rest_route=%2Fwp%2Fv2%2Fmedia&parent=6648"}],"wp:term":[{"taxonomy":"category","embeddable":true,"href":"http:\/\/blog.inmontanis.info\/index.php?rest_route=%2Fwp%2Fv2%2Fcategories&post=6648"},{"taxonomy":"post_tag","embeddable":true,"href":"http:\/\/blog.inmontanis.info\/index.php?rest_route=%2Fwp%2Fv2%2Ftags&post=6648"}],"curies":[{"name":"wp","href":"https:\/\/api.w.org\/{rel}","templated":true}]}}