{"id":6644,"date":"2021-03-17T18:05:42","date_gmt":"2021-03-17T17:05:42","guid":{"rendered":"http:\/\/blog.inmontanis.info\/?p=6644"},"modified":"2023-08-05T13:36:27","modified_gmt":"2023-08-05T11:36:27","slug":"abisko-16-3-2021-tag-75-umkehr-17-3","status":"publish","type":"post","link":"http:\/\/blog.inmontanis.info\/?p=6644","title":{"rendered":"Abisko, 16.3.2021 \/ Tag 75 + Umkehr, 17.3."},"content":{"rendered":"<p><strong>16.3.2021<\/strong> (Tag 75)<\/p>\n<p>Also ging&#8217;s heute nochmals nach Abisko. Wettervorhersage f\u00fcr heute wie f\u00fcr morgen: vormittags sehr sonnig, ab Mittag bew\u00f6lkt und nachmittags etwas Schneefall. Temperaturen um die -5 bis -10\u00b0, wenig Wind. Wieder einmal schade, um den sonnigen Vormittag, den ich nicht nutzen konnte. Aber es hielt dann doch halbwegs bis zum Schluss durch.<\/p>\n<p><a href='http:\/\/ski.inmontanis.info\/d\/288960-2\/DSC06221.jpg'><img src=http:\/\/ski.inmontanis.info\/d\/288959-3\/DSC06221.jpg \/><\/a><br \/>\n^ Eine alte, ehemalige Br\u00fccke neben der Zufahrt zur DSB<\/p>\n<p><a href='http:\/\/ski.inmontanis.info\/d\/288964-2\/DSC06223.jpg'><img src=http:\/\/ski.inmontanis.info\/d\/288963-3\/DSC06223.jpg \/><\/a><br \/>\n^ Sonnig und zumindest im unteren Bereich etwas mehr Schnee mittlerweile<\/p>\n<p><a href='http:\/\/ski.inmontanis.info\/d\/288968-2\/DSC04190.jpg'><img src=http:\/\/ski.inmontanis.info\/d\/288967-3\/DSC04190.jpg \/><\/a><br \/>\n^ IR-Pano zum See<\/p>\n<p><a href='http:\/\/ski.inmontanis.info\/d\/288972-2\/DSC04194.jpg'><img src=http:\/\/ski.inmontanis.info\/d\/288971-3\/DSC04194.jpg \/><\/a><br \/>\n^ Falschfarb-IR-Foto<\/p>\n<p><a href='http:\/\/ski.inmontanis.info\/d\/288976-2\/DSC04196.jpg'><img src=http:\/\/ski.inmontanis.info\/d\/288975-3\/DSC04196.jpg \/><\/a><br \/>\n^ Lapporten in IR<\/p>\n<p><a href='http:\/\/ski.inmontanis.info\/d\/288980-2\/DSC06230.jpg'><img src=http:\/\/ski.inmontanis.info\/d\/288979-3\/DSC06230.jpg \/><\/a><br \/>\n^ Zufahrt zur Variante 7 Bullen, nichts f\u00fcr schwache Nerven<\/p>\n<p><a href='http:\/\/ski.inmontanis.info\/d\/288984-2\/DSC06231.jpg'><img src=http:\/\/ski.inmontanis.info\/d\/288983-3\/DSC06231.jpg \/><\/a><br \/>\n^ Zufahrt zur Variante 7 Bullen, nichts f\u00fcr schwache Nerven<\/p>\n<p><a href='http:\/\/ski.inmontanis.info\/d\/288988-2\/DSC06232.jpg'><img src=http:\/\/ski.inmontanis.info\/d\/288987-3\/DSC06232.jpg \/><\/a><br \/>\n^ Variante 7 Bullen<\/p>\n<p><a href='http:\/\/ski.inmontanis.info\/d\/288992-2\/DSC06233.jpg'><img src=http:\/\/ski.inmontanis.info\/d\/288991-3\/DSC06233.jpg \/><\/a><br \/>\n^ Variante 7 Bullen<\/p>\n<p><a href='http:\/\/ski.inmontanis.info\/d\/288996-2\/DSC06234.jpg'><img src=http:\/\/ski.inmontanis.info\/d\/288995-3\/DSC06234.jpg \/><\/a><br \/>\n^ Variante 7 Bullen<\/p>\n<p><a href='http:\/\/ski.inmontanis.info\/d\/289000-2\/DSC06237.jpg'><img src=http:\/\/ski.inmontanis.info\/d\/288999-3\/DSC06237.jpg \/><\/a><br \/>\n^ <\/p>\n<p><a href='http:\/\/ski.inmontanis.info\/d\/289004-2\/DSC06238.jpg'><img src=http:\/\/ski.inmontanis.info\/d\/289003-3\/DSC06238.jpg \/><\/a><br \/>\n^ DSB mit Halo<\/p>\n<p><a href='http:\/\/ski.inmontanis.info\/d\/289008-2\/DSC06239.jpg'><img src=http:\/\/ski.inmontanis.info\/d\/289007-3\/DSC06239.jpg \/><\/a><br \/>\n^ DSB im Nostalgielook<\/p>\n<p><a href='http:\/\/ski.inmontanis.info\/d\/289012-2\/DSC04198.jpg'><img src=http:\/\/ski.inmontanis.info\/d\/289011-3\/DSC04198.jpg \/><\/a><br \/>\n^ DSB in IR<\/p>\n<p><a href='http:\/\/ski.inmontanis.info\/d\/289016-2\/DSC06242.jpg'><img src=http:\/\/ski.inmontanis.info\/d\/289015-3\/DSC06242.jpg \/><\/a><br \/>\n^ DSB mit Halo<\/p>\n<p><a href='http:\/\/ski.inmontanis.info\/d\/289020-2\/DSC06244.jpg'><img src=http:\/\/ski.inmontanis.info\/d\/289019-3\/DSC06244.jpg \/><\/a><br \/>\n^ Kleines Souvenir<\/p>\n<p><a href='http:\/\/ski.inmontanis.info\/d\/289024-2\/ge20210316.jpg'><img src=http:\/\/ski.inmontanis.info\/d\/289023-3\/ge20210316.jpg \/><\/a><br \/>\n^ GPS-Track 16.3.2021 in Rot<\/p>\n<p>Paar bewegte Bilder von der DSB heuer:<br \/>\n<object style=\"height: 500px; width: 900px\"><param name=\"movie\" value=\"http:\/\/www.youtube.com\/v\/Ljm_1UXBEgI\"><\/param><param name=\"wmode\" value=\"transparent\"><\/param><embed src=\"http:\/\/www.youtube.com\/v\/Ljm_1UXBEgI\" type=\"application\/x-shockwave-flash\" wmode=\"transparent\"  width=\"900\" height=\"480\"><\/embed><\/object><\/p>\n<p>Allerdings hab ich auf die letzte Fahrt verzichtet &#8211; es war mir doch wieder etwas zu windig und kalt und schattig und ich bin alles gefahren, was ich fahren wollte, und der Schnee war nirgends lohnenswert genug, als dass ich etwas ein zweites Mal heute h\u00e4tte fahren wollen. Es lag zwar teilweise etwas mehr Schnee jetzt, aber zumeist irgendwo verweht.<\/p>\n<p>Au\u00dferdem war ich nicht gerade in bester Stimmung, einerseits hat sich der Startvorgang meines Autos heute Morgen wieder etwas eigenartig angeh\u00f6rt, so als ob die Probleme jetzt wieder anfangen w\u00fcrden. <\/p>\n<p>Andererseits, nunja, auch wenn ich nun schon 75 Tage unterwegs bin und mangels Alternativen bis zum Ende der Skisaison in Schweden, also ca. Anfang Mai, bleiben m\u00f6chte, zeichnet sich doch langsam ein Ende ab. Die n\u00f6rdlichsten Punkte sind erreicht, weiter rauf nach Norwegen und Finnland geht&#8217;s heuer wieder nicht, ab morgen geht es wieder in Richtung S\u00fcden, retour, heimw\u00e4rts, zu den strengeren Coronam\u00dfanahmen und in eine unsichere Zukunft, was die n\u00e4chsten Reisem\u00f6glichkeiten anbelangt.<\/p>\n<p>Auch w\u00e4re es nun wieder Zeit, an den n\u00e4chsten Winter zu denken, wo es dann hingehen soll. Aber das ist coronam\u00e4\u00dfig ja weiterhin nicht abzusch\u00e4tzen. Eine Sache m\u00f6chte ich jedenfalls revidieren, auch wenn das nicht n\u00e4chste Saison zutreffen wird, aber weil ich letztes Jahr meinte, dass ich mir die Lombardei-Saisonkarte nicht mehr kaufen w\u00fcrde, weil sie sich aufgrund der hohen Kosten wegen der inkludierten hochpreisigen (und f\u00fcr mich uninteressanten) Skigebiete nicht lohnen w\u00fcrde &#8212; aufgrund der mittlerweile erfolgten Lebens- und Arbeitsumstellung schaut die Sache da wieder anders aus und ich denke durchaus, dass ich mir die irgendwann wieder kaufen werde. Vielleicht aber auch mal eine andere Saisonkarte in Italien.<\/p>\n<p>Es scheint mir ja generell sinnvoller zu sein, sich in einer Saison m\u00f6glichst auf eine Gegend zu konzentrieren, anstatt jeden Winter \u00fcberall sein zu wollen. Da werd ich halt mal ein Jahr schwerpunktm\u00e4\u00dfig in Italien sein, ein anderes eher in Frankreich+Spanien, ein drittes eher in S\u00fcdosteuropa, ein viertes in Skandinavien &#8230; Oder man macht so eine Alpen-Pyren\u00e4en-Appennin-Balkan-Rundreise in einem Jahr in die eine Richtung und im anderen Jahr in die andere Richtung? Na, mal schauen. <\/p>\n<p><strong>17.3.2021<\/strong><\/p>\n<p>Heute fr\u00fch h\u00e4tte ich zum Sonnenaufgang (heute um kurz vor 6 Uhr) runter zum Wasserfall (Silverfallet) am See gehen wollen. Wettervorhersage war f\u00fcr gestern wie f\u00fcr heute ja morgens sonnig. Abends, als ich ins Bett ging, klarte es, wie vorhergesagt, auf. Aber wie so h\u00e4ufig mit diesen Wettervorhersagen hier, hat sich das kurzfristig ge\u00e4ndert und morgens um 5 Uhr sah es eher bedeckt aus, weshalb ich nicht gegangen bin. Dann halt mittags.<\/p>\n<p>Aber anstatt dass es von ca. 6\/7 Uhr bis zum fr\u00fchen Nachmittag sonnig war, wie gemeldet, schneite es vormittags die ganze Zeit leicht vor sich hin, nach 11 Uhr auch mal st\u00e4rker. Na gut, dass ich doch gestern in Abisko war. Aber schade, dass ich nicht gestern fr\u00fch um 5 Uhr aufgestanden bin. Oder ein ander Mal, als es sonnig war .. Man h\u00e4tte n\u00e4mlich unter den vereisten Wasserfall gehen k\u00f6nnen..<\/p>\n<p>Bis Mittag lagen dann 10-20cm Neuschnee und es schneite weiter, so dass ich gar nicht runter auf den See und in\/unter den Wasserfall gegangen bin. Daher also mal 2 Fotos aus dem Internet verlinkt:<\/p>\n<p><a href='https:\/\/pbs.twimg.com\/media\/EsADIqRW4AMYMcG?format=jpg&#038;name=large'>https:\/\/pbs.twimg.com\/media\/EsADIqRW4AMYMcG?format=jpg&#038;name=large<\/a><\/p>\n<p><a href='https:\/\/z-p3-scontent-cph2-1.xx.fbcdn.net\/v\/t1.0-9\/143467541_10158450623397839_7554731832876819722_n.jpg?_nc_cat=109&#038;ccb=1-3&#038;_nc_sid=973b4a&#038;_nc_ohc=ZGvzy5lNtvkAX_S7Lkh&#038;_nc_ht=z-p3-scontent-cph2-1.xx&#038;oh=8f2bfbc7e4449f0f533da76f61c7440c&#038;oe=607AEE2A'>https:\/\/z-p3-scontent-cph2-1.xx.fbcdn.net\/v\/t1.0-9\/143467541_10158450623397839_7554731832876819722_n.jpg?_nc_cat=109&#038;ccb=1-3&#038;_nc_sid=973b4a&#038;_nc_ohc=ZGvzy5lNtvkAX_S7Lkh&#038;_nc_ht=z-p3-scontent-cph2-1.xx&#038;oh=8f2bfbc7e4449f0f533da76f61c7440c&#038;oe=607AEE2A<\/a><\/p>\n<p>.. und eine Fotoserie, auch mit sch\u00f6nen Nordlichtfotos von der Gegend: (Da hatte ich heuer ja Pech hier oben, entweder es war nix, oder der Himmel war bedeckt &#8211; und naja, generell hab ich auch keine Lust, bei den eisigen Temperaturen nachts noch viel unterwegs zu sein)<br \/>\n<a href='https:\/\/www.flickr.com\/photos\/kevin-palmer\/33674238418\/in\/photostream\/'>https:\/\/www.flickr.com\/photos\/kevin-palmer\/33674238418\/in\/photostream\/<\/a><\/p>\n<p>Also fuhr ich, ohne Zwischenhalt in Kiruna diesmal, nach G\u00e4llivare ins Skigebiet Dundret, weil es dort die g\u00fcnstigste \u00dcbernachtungsm\u00f6glichkeit in der Gegend gibt. Auf hotels.com sogar noch etwas g\u00fcnstiger diesmal.<\/p>\n<p><a href='http:\/\/extra.inmontanis.info\/d\/61785-2\/DSC06247.jpg'><img src=http:\/\/extra.inmontanis.info\/d\/61784-3\/DSC06247.jpg \/><\/a><br \/>\n^ Soviel mal wieder zur sonnigen Wettervorhersage bis Mittag..<\/p>\n<p><a href='http:\/\/extra.inmontanis.info\/d\/61789-2\/DSC06249.jpg'><img src=http:\/\/extra.inmontanis.info\/d\/61788-3\/DSC06249.jpg \/><\/a><br \/>\n^ Eine Lok mit 2 Personenwaggons schaut eigenartig aus :)<\/p>\n<p><a href='http:\/\/extra.inmontanis.info\/d\/61793-2\/DSC06253.jpg'><img src=http:\/\/extra.inmontanis.info\/d\/61792-3\/DSC06253.jpg \/><\/a><br \/>\n^ Zwischen Kiruna und G\u00e4llivare, eigenartige Schneer\u00e4umung am Rand<\/p>\n<p>Nachdem mein Auto gestern Nachmittag nach dem Skifahren und heute Mittag am Hostel und sp\u00e4ter am Supermarkt wieder ohne Murren ansprang (vorsorglich so hingestellt, dass ich bergab h\u00e4tte rollen und dadurch starten k\u00f6nnen), ging es in Dundret am Skigebiet dann wieder nicht mehr, als ich von der Rezeption zum Wohnhaus r\u00fcber fahren wollte. Na gut, dass ich nicht noch Tanken oder Einkaufen war, sondern bereits an der Unterkunft bin. <\/p>\n<p>Beim Abstellen des Motors zuvor sind mir ein paar komische Ger\u00e4usche aufgefallen, so wie ein &#8220;tropfendes Knarzen&#8221; oder so. Oder es waren die Setzger\u00e4usche des Schnees vom Autogewicht :) Jedenfalls hatte ich in letzter Zeit die Standheizung nie eingeschaltet, d.h. Standheizung \/ Innenraumbatterie ist unschuldig an den Problemen.<\/p>\n<p>Kurios ja: Quasi exakt 1 Monat seit dem letzten Problem (am 16.2. hatte ich den Ignis von der Werkstatt abgeholt und gestern fing es wieder an).<\/p>\n<p>Hab testweise heute mal die Batterie abgeklemmt, aber kein Unterschied. Warte also mal wieder auf den Abschleppdienst und hoffe, dass das Auto hier in G\u00e4llivare bleibt und die das bis \u00fcbermorgen Freitag l\u00f6sen, h\u00e4tte am Freitag n\u00e4mlich in Kabdalis ein Zimmer f\u00fcr 2 Tage gebucht, weil ich Samstag in Kabdalis und Sonntag in Galtis fahren wollte. Wir erinnern uns: Letztes Mal mit dem Autoproblem wollte ich auch in Galtis Ski fahren. Vielleicht findet die Werkstatt ja diesmal was.<\/p>\n<p>Folglich alle Sachen, die ich brauch, raus, Ski angeschnallt und r\u00fcber geschoben, die Ski samt Stecken werd ich halt vorm Haus stehen lassen m\u00fcssen und hoffen, dass sie keine Fl\u00fcgel bekommen. So kann ich morgen hier Ski fahren, Wetter soll ja recht sonnig werden. Gut wenigstens, dass ich heut Mittag in Abisko im Supermarkt nicht nur Naschsachen, sondern auch 2 Fertiggerichte gekauft hab, weil ich mir dachte, dass ich dann lieber am Freitag statt heute noch in einen gr\u00f6\u00dferen Supermarkt einkaufen m\u00f6chte, weil mir der Rest eh bis Freitag reichen sollte. \u00dcbrigens bekam ich das selbe Zimmer wie letztes Mal, leider.<\/p>\n<p><a href='http:\/\/extra.inmontanis.info\/d\/61797-2\/DSC06349.jpg'><img src=http:\/\/extra.inmontanis.info\/d\/61796-3\/DSC06349.jpg \/><\/a><br \/>\n^ ca. 1 kg S\u00fc\u00dfigkeiten um ca. 3,- \u20ac.<\/p>\n<p>Als der Abschleppdienst kam, startete das Auto, aber laufend wieder etwas eigenartig. Ich fuhr mit ihm in seine Werkstatt und er fuhr mich dann in seinem Auto zur\u00fcck und wir sprachen ein bisschen. Er best\u00e4tigte auch meine Vermutung, dass H\u00fctten auf Campingpl\u00e4tzen in Norwegen g\u00fcnstiger sind als in Schweden, obwohl sonst alles teurer ist in Norwegen. Er wird sich das morgen mal ansehen, vielleicht ist am Starter ja wieder was locker, oder ein Relais h\u00e4ngt zeitweise..<\/p>\n","protected":false},"excerpt":{"rendered":"<p>16.3.2021 (Tag 75)<\/p>\n<p>Also ging&#8217;s heute nochmals nach Abisko. Wettervorhersage f\u00fcr heute wie f\u00fcr morgen: vormittags sehr sonnig, ab Mittag bew\u00f6lkt und nachmittags etwas Schneefall. Temperaturen um die -5 bis -10\u00b0, wenig Wind. Wieder einmal schade, um den sonnigen Vormittag, den ich nicht nutzen konnte. Aber es hielt dann doch halbwegs bis zum Schluss durch.<\/p>\n<p> <a href=\"http:\/\/blog.inmontanis.info\/?p=6644\">[&#8230;]<\/a><\/p>\n","protected":false},"author":1,"featured_media":0,"comment_status":"closed","ping_status":"closed","sticky":false,"template":"","format":"standard","meta":{"footnotes":""},"categories":[184,695,19,27],"tags":[],"class_list":["post-6644","post","type-post","status-publish","format-standard","hentry","category-2021-01-skandinavien","category-abisko","category-schwedensweden","category-skifahren-winterskiing-winter","odd"],"_links":{"self":[{"href":"http:\/\/blog.inmontanis.info\/index.php?rest_route=\/wp\/v2\/posts\/6644","targetHints":{"allow":["GET"]}}],"collection":[{"href":"http:\/\/blog.inmontanis.info\/index.php?rest_route=\/wp\/v2\/posts"}],"about":[{"href":"http:\/\/blog.inmontanis.info\/index.php?rest_route=\/wp\/v2\/types\/post"}],"author":[{"embeddable":true,"href":"http:\/\/blog.inmontanis.info\/index.php?rest_route=\/wp\/v2\/users\/1"}],"replies":[{"embeddable":true,"href":"http:\/\/blog.inmontanis.info\/index.php?rest_route=%2Fwp%2Fv2%2Fcomments&post=6644"}],"version-history":[{"count":4,"href":"http:\/\/blog.inmontanis.info\/index.php?rest_route=\/wp\/v2\/posts\/6644\/revisions"}],"predecessor-version":[{"id":9135,"href":"http:\/\/blog.inmontanis.info\/index.php?rest_route=\/wp\/v2\/posts\/6644\/revisions\/9135"}],"wp:attachment":[{"href":"http:\/\/blog.inmontanis.info\/index.php?rest_route=%2Fwp%2Fv2%2Fmedia&parent=6644"}],"wp:term":[{"taxonomy":"category","embeddable":true,"href":"http:\/\/blog.inmontanis.info\/index.php?rest_route=%2Fwp%2Fv2%2Fcategories&post=6644"},{"taxonomy":"post_tag","embeddable":true,"href":"http:\/\/blog.inmontanis.info\/index.php?rest_route=%2Fwp%2Fv2%2Ftags&post=6644"}],"curies":[{"name":"wp","href":"https:\/\/api.w.org\/{rel}","templated":true}]}}