{"id":6641,"date":"2021-03-15T21:05:33","date_gmt":"2021-03-15T20:05:33","guid":{"rendered":"http:\/\/blog.inmontanis.info\/?p=6641"},"modified":"2023-08-05T13:28:50","modified_gmt":"2023-08-05T11:28:50","slug":"bjorkliden-14-15-3-2021","status":"publish","type":"post","link":"http:\/\/blog.inmontanis.info\/?p=6641","title":{"rendered":"Bj\u00f6rkliden, 14.+15.3.2021"},"content":{"rendered":"<p><strong>14.3.2021<\/strong> (Bj\u00f6rkliden Tag 3)<\/p>\n<p>An der Abfahrt 7 hat man abends\/nachts zwar lange gearbeitet, aber weiterhin noch nicht komplett hergerichtet. Daf\u00fcr sind ab heute (oder doch schon gestern?) die linken Offpiste-Areale offen!<\/p>\n<p>Wetterm\u00e4\u00dfig brachte der Tag zwar mehr Sonne als gemeldet, allerdings auch ein paar Regentropfen und ein paar Schneeflocken. Meistens war es bew\u00f6lkt.<\/p>\n<p>Die Offpiste-Varianten ganz links herum (Tunneln, Svarta Bj\u00f6rn) waren zumeist recht easy, wenn man die Steilh\u00e4nge und W\u00e4chten umfahren wollte. Wer will, kann sich hier auch extremeres geben. Allerdings muss man vom Gegenhang kommend retour etwas aufsteigen, egal wie man f\u00e4hrt, zum Kittelsdalsliften mehr, zu den anderen SL weniger. Au\u00dfer man quert weiter oben einen schneearmen, steilen Hang r\u00fcber &#8211; das war nix f\u00fcr mich. <\/p>\n<p>Steiler war die Stora Drivan, wobei man hier auch immer wieder variieren konnte, wie steil man es haben wollte. <\/p>\n<p>Jedenfalls eine sch\u00f6ne Erg\u00e4nzung des restlichen Gebiets, dadurch wurde es mir auch heute am 3. Tag noch nicht langweilig.<\/p>\n<p><a href='http:\/\/ski.inmontanis.info\/d\/288956-2\/ge20210315.jpg'><img src=http:\/\/ski.inmontanis.info\/d\/288955-3\/ge20210315.jpg \/><\/a><br \/>\n^ GPS-Track 14.3. in Rot und 15.3. in Magenta<\/p>\n<p><a href='http:\/\/ski.inmontanis.info\/d\/288756-2\/DSC06125.jpg'><img src=http:\/\/ski.inmontanis.info\/d\/288755-3\/DSC06125.jpg \/><\/a><br \/>\n^ Morgendlicher Blick aus dem Fenster. Abfahrt 7 rechts vom K\u00e5ppasliften leider immer noch nicht fertig bearbeitet<\/p>\n<p><a href='http:\/\/ski.inmontanis.info\/d\/288760-2\/DSC06126.jpg'><img src=http:\/\/ski.inmontanis.info\/d\/288759-3\/DSC06126.jpg \/><\/a><br \/>\n^ Rakkasliften vs. See<\/p>\n<p><a href='http:\/\/ski.inmontanis.info\/d\/288764-2\/DSC06129.jpg'><img src=http:\/\/ski.inmontanis.info\/d\/288763-3\/DSC06129.jpg \/><\/a><br \/>\n^ Abfahrt 6<\/p>\n<p><a href='http:\/\/ski.inmontanis.info\/d\/288768-2\/DSC04182.jpg'><img src=http:\/\/ski.inmontanis.info\/d\/288767-3\/DSC04182.jpg \/><\/a><br \/>\n^ Abfahrt 6 in Falschfarb-IR<\/p>\n<p><a href='http:\/\/ski.inmontanis.info\/d\/288772-2\/DSC06131.jpg'><img src=http:\/\/ski.inmontanis.info\/d\/288771-3\/DSC06131.jpg \/><\/a><br \/>\n^ See-Blick von Abfahrt 6<\/p>\n<p><a href='http:\/\/ski.inmontanis.info\/d\/288776-2\/DSC04185.jpg'><img src=http:\/\/ski.inmontanis.info\/d\/288775-3\/DSC04185.jpg \/><\/a><br \/>\n^ See-Blick von Abfahrt 6 in IR<\/p>\n<p><a href='http:\/\/ski.inmontanis.info\/d\/288780-2\/DSC06134.jpg'><img src=http:\/\/ski.inmontanis.info\/d\/288779-3\/DSC06134.jpg \/><\/a><br \/>\n^ K\u00e5ppasliften<\/p>\n<p><a href='http:\/\/ski.inmontanis.info\/d\/288784-2\/DSC06135.jpg'><img src=http:\/\/ski.inmontanis.info\/d\/288783-3\/DSC06135.jpg \/><\/a><br \/>\n^ Irgendwo rechts vom K\u00e5ppasliften<\/p>\n<p><a href='http:\/\/ski.inmontanis.info\/d\/288788-2\/DSC06137.jpg'><img src=http:\/\/ski.inmontanis.info\/d\/288787-3\/DSC06137.jpg \/><\/a><br \/>\n^ Der Grytliften wurde mal eben sinnloserweise vorbereitet, B\u00fcgel eingeh\u00e4ngt, Schlepperspur mit Schnee versorgt &#8211; lief heute nicht, und da er au\u00dferhalb der Ferien nur am WE l\u00e4uft, wird er auch die n\u00e4chsten Tage nicht laufen<\/p>\n<p><a href='http:\/\/ski.inmontanis.info\/d\/288792-2\/DSC06138.jpg'><img src=http:\/\/ski.inmontanis.info\/d\/288791-3\/DSC06138.jpg \/><\/a><br \/>\n^ Im Offpistebereich Stora Drivan<\/p>\n<p><a href='http:\/\/ski.inmontanis.info\/d\/288796-2\/DSC06142.jpg'><img src=http:\/\/ski.inmontanis.info\/d\/288795-3\/DSC06142.jpg \/><\/a><br \/>\n^ Im Offpistebereich Stora Drivan<\/p>\n<p><a href='http:\/\/ski.inmontanis.info\/d\/288800-2\/DSC06143.jpg'><img src=http:\/\/ski.inmontanis.info\/d\/288799-3\/DSC06143.jpg \/><\/a><br \/>\n^ Im Offpistebereich Stora Drivan<\/p>\n<p><a href='http:\/\/ski.inmontanis.info\/d\/288804-2\/DSC06145.jpg'><img src=http:\/\/ski.inmontanis.info\/d\/288803-3\/DSC06145.jpg \/><\/a><br \/>\n^ D\u00fcrfte wohl die linkeste Variante 23 Tunneln gewesen sein<\/p>\n<p><a href='http:\/\/ski.inmontanis.info\/d\/288808-2\/DSC06146.jpg'><img src=http:\/\/ski.inmontanis.info\/d\/288807-3\/DSC06146.jpg \/><\/a><br \/>\n^ D\u00fcrfte wohl die linkeste Variante 23 Tunneln gewesen sein<\/p>\n<p><a href='http:\/\/ski.inmontanis.info\/d\/288812-2\/DSC06147.jpg'><img src=http:\/\/ski.inmontanis.info\/d\/288811-3\/DSC06147.jpg \/><\/a><br \/>\n^ Hier muss man mal aufpassen<\/p>\n<p><a href='http:\/\/ski.inmontanis.info\/d\/288816-2\/DSC06149.jpg'><img src=http:\/\/ski.inmontanis.info\/d\/288815-3\/DSC06149.jpg \/><\/a><br \/>\n^ Links dann vmtl. die 23 Tunneln, rechts die 17 Svarta Bj\u00f6rn<\/p>\n<p><a href='http:\/\/ski.inmontanis.info\/d\/288820-2\/DSC06151.jpg'><img src=http:\/\/ski.inmontanis.info\/d\/288819-3\/DSC06151.jpg \/><\/a><br \/>\n^ Retour gehts also auf der anderen Bergseite<\/p>\n<p><a href='http:\/\/ski.inmontanis.info\/d\/288824-2\/DSC06155.jpg'><img src=http:\/\/ski.inmontanis.info\/d\/288823-3\/DSC06155.jpg \/><\/a><br \/>\n^ Linke Offpiste-Varianten<\/p>\n<p><a href='http:\/\/ski.inmontanis.info\/d\/288828-2\/DSC06158.jpg'><img src=http:\/\/ski.inmontanis.info\/d\/288827-3\/DSC06158.jpg \/><\/a><br \/>\n^ Rechts der Felsbereiche dann die 21 Stora Drivan, im oberen Bereich kann man je nach Geschmack mehr oder weniger steil fahren<\/p>\n<p><a href='http:\/\/ski.inmontanis.info\/d\/288832-2\/DSC06159.jpg'><img src=http:\/\/ski.inmontanis.info\/d\/288831-3\/DSC06159.jpg \/><\/a><br \/>\n^ Es gibt mehrer schr\u00e4ge Aufstiegsspuren am Hang gegen\u00fcber zum Kitteldalsliften, alternativ geht im Tal ein Skiweg vor, auch dort muss man etwas aufsteigen und kommt dann am Grytliften raus<\/p>\n<p><a href='http:\/\/ski.inmontanis.info\/d\/288836-2\/DSC06160.jpg'><img src=http:\/\/ski.inmontanis.info\/d\/288835-3\/DSC06160.jpg \/><\/a><br \/>\n^ .. oder man zweigt zwischendrin nochmal an und hat ein bisschen mehr Spa\u00df als auf einer pr\u00e4parierten Abfahrt ;)<\/p>\n<p><a href='http:\/\/ski.inmontanis.info\/d\/288840-2\/DSC06161.jpg'><img src=http:\/\/ski.inmontanis.info\/d\/288839-3\/DSC06161.jpg \/><\/a><br \/>\n^ 17 Svarta Bj\u00f6rn<\/p>\n<p><a href='http:\/\/ski.inmontanis.info\/d\/288844-2\/DSC06162.jpg'><img src=http:\/\/ski.inmontanis.info\/d\/288843-3\/DSC06162.jpg \/><\/a><br \/>\n^ 17 Svarta Bj\u00f6rn<\/p>\n<p><a href='http:\/\/ski.inmontanis.info\/d\/288848-2\/DSC06163.jpg'><img src=http:\/\/ski.inmontanis.info\/d\/288847-3\/DSC06163.jpg \/><\/a><br \/>\n^ 17 Svarta Bj\u00f6rn, geht erstaunlich breit und leicht durch. Freiheit ohne Begrenzungsstecken ;)<\/p>\n<p><a href='http:\/\/ski.inmontanis.info\/d\/288852-2\/DSC06164.jpg'><img src=http:\/\/ski.inmontanis.info\/d\/288851-3\/DSC06164.jpg \/><\/a><br \/>\n^ 17 Svarta Bj\u00f6rn<\/p>\n<p><a href='http:\/\/ski.inmontanis.info\/d\/288856-2\/DSC06165.jpg'><img src=http:\/\/ski.inmontanis.info\/d\/288855-3\/DSC06165.jpg \/><\/a><br \/>\n^ Wenn man die Hangseite nicht wechseln will, kann man auch auf der anderen Seite direkt zum Kitteldalsliften fahren &#8230;<\/p>\n<p><a href='http:\/\/ski.inmontanis.info\/d\/288860-2\/DSC06167.jpg'><img src=http:\/\/ski.inmontanis.info\/d\/288859-3\/DSC06167.jpg \/><\/a><br \/>\n^ .. ist allerdings nicht ganz ohne, die Querung dort dr\u00fcben. Und auch etwas schneearm. Und evtl. ist tats\u00e4chlich eine Spur im Eisfall links unten zu sehen.<\/p>\n<p><a href='http:\/\/ski.inmontanis.info\/d\/288864-2\/DSC06168.jpg'><img src=http:\/\/ski.inmontanis.info\/d\/288863-3\/DSC06168.jpg \/><\/a><br \/>\n^ 22 Isfallet lt. Plan irgendwo, ob damit die Querung am Wasserfall oder tats\u00e4chlich er selber gemeint ist, wei\u00df ich nicht.<\/p>\n<p><a href='http:\/\/ski.inmontanis.info\/d\/288868-2\/DSC06169.jpg'><img src=http:\/\/ski.inmontanis.info\/d\/288867-3\/DSC06169.jpg \/><\/a><br \/>\n^ Jedenfalls nett anzusehen<\/p>\n<p><a href='http:\/\/ski.inmontanis.info\/d\/288872-2\/DSC06171.jpg'><img src=http:\/\/ski.inmontanis.info\/d\/288871-3\/DSC06171.jpg \/><\/a><br \/>\n^ Ich hab mehrere Retourvarianten probiert, mit Schwung kommt man ein St\u00fcck rauf und dann zieht man halt leicht aufsteigend r\u00fcber, machbar.<\/p>\n<p><a href='http:\/\/ski.inmontanis.info\/d\/288876-2\/DSC06174.jpg'><img src=http:\/\/ski.inmontanis.info\/d\/288875-3\/DSC06174.jpg \/><\/a><br \/>\n^ Offpistebereich links vom Kitteldalsliften, je weiter links, desto steiler wirds dann<\/p>\n<p><a href='http:\/\/ski.inmontanis.info\/d\/288880-2\/DSC06175.jpg'><img src=http:\/\/ski.inmontanis.info\/d\/288879-3\/DSC06175.jpg \/><\/a><br \/>\n^ 21 Stora Drivan<\/p>\n<p><a href='http:\/\/ski.inmontanis.info\/d\/288884-2\/DSC06176.jpg'><img src=http:\/\/ski.inmontanis.info\/d\/288883-3\/DSC06176.jpg \/><\/a><br \/>\n^ 21 Stora Drivan<\/p>\n<p><a href='http:\/\/ski.inmontanis.info\/d\/288888-2\/DSC06178.jpg'><img src=http:\/\/ski.inmontanis.info\/d\/288887-3\/DSC06178.jpg \/><\/a><br \/>\n^ 21 Stora Drivan<\/p>\n<p><a href='http:\/\/ski.inmontanis.info\/d\/288892-2\/DSC06181.jpg'><img src=http:\/\/ski.inmontanis.info\/d\/288891-3\/DSC06181.jpg \/><\/a><br \/>\n^ Irgendwo im Nirgendwo, aber man kommt tats\u00e4chlich \u00fcberall weiter und \u00fcberall runter.<\/p>\n<p><a href='http:\/\/ski.inmontanis.info\/d\/288896-2\/DSC06182.jpg'><img src=http:\/\/ski.inmontanis.info\/d\/288895-3\/DSC06182.jpg \/><\/a><br \/>\n^ Rechts vom Kitteldalsliften<\/p>\n<p><a href='http:\/\/ski.inmontanis.info\/d\/288900-2\/DSC06187.jpg'><img src=http:\/\/ski.inmontanis.info\/d\/288899-3\/DSC06187.jpg \/><\/a><br \/>\n^ Oberhalb der Variante 20 Banvallen. Die mit dem gro\u00dfen Graben rechts<\/p>\n<p><a href='http:\/\/ski.inmontanis.info\/d\/288904-2\/DSC06191.jpg'><img src=http:\/\/ski.inmontanis.info\/d\/288903-3\/DSC06191.jpg \/><\/a><br \/>\n^ Abfahrt 7 Schneeverschiebung<\/p>\n<p><a href='http:\/\/ski.inmontanis.info\/d\/288908-2\/DSC06192.jpg'><img src=http:\/\/ski.inmontanis.info\/d\/288907-3\/DSC06192.jpg \/><\/a><br \/>\n^ Zwischen 6 und 16<\/p>\n<p><a href='http:\/\/ski.inmontanis.info\/d\/288912-2\/DSC06194.jpg'><img src=http:\/\/ski.inmontanis.info\/d\/288911-3\/DSC06194.jpg \/><\/a><br \/>\n^ Auch durch den Wald kommt man meist problemlos durch<\/p>\n<p><a href='http:\/\/ski.inmontanis.info\/d\/288916-2\/DSC06195.jpg'><img src=http:\/\/ski.inmontanis.info\/d\/288915-3\/DSC06195.jpg \/><\/a><br \/>\n^ Kleine Variante neben der Abfahrt, die von der Talstation Kitteldalsliften runter zu den anderen SL f\u00fchrt<\/p>\n<p><a href='http:\/\/ski.inmontanis.info\/d\/288920-2\/DSC06198.jpg'><img src=http:\/\/ski.inmontanis.info\/d\/288919-3\/DSC06198.jpg \/><\/a><br \/>\n^ K\u00e5ppasliften nach 16 Uhr und somit schon stillstehend, die Variante direkt daneben hatte im unteren Teil recht guten Schnee<\/p>\n<p><a href='http:\/\/extra.inmontanis.info\/d\/61781-2\/DSC06201.jpg'><img src=http:\/\/extra.inmontanis.info\/d\/61780-3\/DSC06201.jpg \/><\/a><br \/>\n^ Geschnetzelte Wurst Stroganoff. Naja.. Wenigstens mit Reis mal eine andere Beilage.<\/p>\n<p><strong>15.3.2021<\/strong> (Bj\u00f6rkliden Tag 4)<\/p>\n<p>Tja, h\u00e4tte mir wohl doch den wahlfreien 5-Tages-Skipass kaufen sollen &#8211; oder mich mit den 4 Tagen begn\u00fcgen, denn heute war&#8217;s leider nicht so toll. Selten Sonne, manchmal Schneefall, viel Wind und der Neuschnee seit gestern teilweise unsch\u00f6n angeweht. Kurzum, 3-4 Tage Bj\u00f6rkliden reichen dann doch, trotz der vielen Varianten.<\/p>\n<p><a href='http:\/\/ski.inmontanis.info\/d\/288924-2\/DSC06206.jpg'><img src=http:\/\/ski.inmontanis.info\/d\/288923-3\/DSC06206.jpg \/><\/a><br \/>\n^ Kitteldalsliften<\/p>\n<p><a href='http:\/\/ski.inmontanis.info\/d\/288928-2\/DSC06208.jpg'><img src=http:\/\/ski.inmontanis.info\/d\/288927-3\/DSC06208.jpg \/><\/a><br \/>\n^ Kitteldalsliften<\/p>\n<p><a href='http:\/\/ski.inmontanis.info\/d\/288932-2\/DSC06210.jpg'><img src=http:\/\/ski.inmontanis.info\/d\/288931-3\/DSC06210.jpg \/><\/a><br \/>\n^ Auf der Svarta Bj\u00f6rn Offpiste-Abfahrt stehen nun Stecken<\/p>\n<p><a href='http:\/\/ski.inmontanis.info\/d\/288936-2\/DSC06212.jpg'><img src=http:\/\/ski.inmontanis.info\/d\/288935-3\/DSC06212.jpg \/><\/a><br \/>\n^ Sonne, Wolken, Schnee und manchmal alles zusammen<\/p>\n<p><a href='http:\/\/ski.inmontanis.info\/d\/288940-2\/DSC06213.jpg'><img src=http:\/\/ski.inmontanis.info\/d\/288939-3\/DSC06213.jpg \/><\/a><br \/>\n^ Auch auf der 16 \u00c4ngarna ganz rechts sind jetzt Stecken, verl\u00e4uft aber etwas anders, als die meisten bisher gefahren sind<\/p>\n<p><a href='http:\/\/ski.inmontanis.info\/d\/288944-2\/DSC06219.jpg'><img src=http:\/\/ski.inmontanis.info\/d\/288943-3\/DSC06219.jpg \/><\/a><br \/>\n^ Kitteldalsliften<\/p>\n<p><a href='http:\/\/ski.inmontanis.info\/d\/288948-2\/DSC06220.jpg'><img src=http:\/\/ski.inmontanis.info\/d\/288947-3\/DSC06220.jpg \/><\/a><br \/>\n^ Oberhalb der 20 Banvallen mit Blick in den gro\u00dfen Graben<\/p>\n<p><a href='http:\/\/ski.inmontanis.info\/d\/288952-2\/DSC05854.jpg'><img src=http:\/\/ski.inmontanis.info\/d\/288951-3\/DSC05854.jpg \/><\/a><br \/>\n^ Es gibt noch den kleinen \u00dcbungs-SSL Lappbergsliften auf der anderen Seite des Hotelhangs und somit nicht ganz angebunden an das Hauptgebiet. Bin nur am ersten Tag mit dem Auto vorbei gefahren.<\/p>\n<p>Abends ging es mal wieder darum, die n\u00e4chsten Wochen zu planen. Es soll ja jetzt wieder s\u00fcdlich gehen. Leider haben viele Skigebiete, die ich richtung S\u00fcden besuchen will, die n\u00e4chsten 2 Wochen wieder nur an den Wochenenden offen, die Sportferien sind vorbei und die Osterferien kommen noch .. <\/p>\n<p>Auch die Temperaturen gehen erst nochmal tief in den Keller, bevor sie am n\u00e4chsten WE in den Plusbereich kommen. Hei\u00dft, ich m\u00f6chte nach wie vor lieber nicht im Auto schlafen. Und die g\u00fcnstigste Unterkunft auf dem Weg nach S\u00fcden ist nach wie vor das Hostel direkt im Skigebiet Dundret, eigenartigerweise.. Allerdings hat die Rezeption dort ja nur bis ca. 17:30 Uhr offen. Und wenn ich nicht morgen, sondern erst am Mittwoch nochmal in Abisko fahren m\u00f6chte, m\u00fcsste ich evtl. nochmals in Kiruna \u00fcbernachten. Wo es aber ja teurer w\u00e4re als hier zu bleiben.<\/p>\n<p>Also buchte ich von Mittwoch bis Freitag 2 N\u00e4chte nochmal in Dundret (via hotels.com war es 10% g\u00fcnstiger, ca. 44 \u20ac pro Nacht) und von Freitag bis Sonntag in K\u00e5bdalis in einem B&#038;B via EMail um ca. 50 \u20ac pro Nacht), somit ich am Samstag in K\u00e5bdalis und Sonntag in Galtis skifahren m\u00f6chte und falls das Wetter passt, am Donnerstag zuvor halt nochmal in Dundret, bei gemeldeten -10\u00b0&#8230;<\/p>\n","protected":false},"excerpt":{"rendered":"<p>14.3.2021 (Bj\u00f6rkliden Tag 3)<\/p>\n<p>An der Abfahrt 7 hat man abends\/nachts zwar lange gearbeitet, aber weiterhin noch nicht komplett hergerichtet. Daf\u00fcr sind ab heute (oder doch schon gestern?) die linken Offpiste-Areale offen!<\/p>\n<p>Wetterm\u00e4\u00dfig brachte der Tag zwar mehr Sonne als gemeldet, allerdings auch ein paar Regentropfen und ein paar Schneeflocken. Meistens war es bew\u00f6lkt.<\/p>\n<p>Die <a href=\"http:\/\/blog.inmontanis.info\/?p=6641\">[&#8230;]<\/a><\/p>\n","protected":false},"author":1,"featured_media":0,"comment_status":"closed","ping_status":"closed","sticky":false,"template":"","format":"standard","meta":{"footnotes":""},"categories":[184,689,19,27],"tags":[90,45,47],"class_list":["post-6641","post","type-post","status-publish","format-standard","hentry","category-2021-01-skandinavien","category-bjorkliden","category-schwedensweden","category-skifahren-winterskiing-winter","tag-infrarot","tag-see","tag-sl","odd"],"_links":{"self":[{"href":"http:\/\/blog.inmontanis.info\/index.php?rest_route=\/wp\/v2\/posts\/6641","targetHints":{"allow":["GET"]}}],"collection":[{"href":"http:\/\/blog.inmontanis.info\/index.php?rest_route=\/wp\/v2\/posts"}],"about":[{"href":"http:\/\/blog.inmontanis.info\/index.php?rest_route=\/wp\/v2\/types\/post"}],"author":[{"embeddable":true,"href":"http:\/\/blog.inmontanis.info\/index.php?rest_route=\/wp\/v2\/users\/1"}],"replies":[{"embeddable":true,"href":"http:\/\/blog.inmontanis.info\/index.php?rest_route=%2Fwp%2Fv2%2Fcomments&post=6641"}],"version-history":[{"count":2,"href":"http:\/\/blog.inmontanis.info\/index.php?rest_route=\/wp\/v2\/posts\/6641\/revisions"}],"predecessor-version":[{"id":6643,"href":"http:\/\/blog.inmontanis.info\/index.php?rest_route=\/wp\/v2\/posts\/6641\/revisions\/6643"}],"wp:attachment":[{"href":"http:\/\/blog.inmontanis.info\/index.php?rest_route=%2Fwp%2Fv2%2Fmedia&parent=6641"}],"wp:term":[{"taxonomy":"category","embeddable":true,"href":"http:\/\/blog.inmontanis.info\/index.php?rest_route=%2Fwp%2Fv2%2Fcategories&post=6641"},{"taxonomy":"post_tag","embeddable":true,"href":"http:\/\/blog.inmontanis.info\/index.php?rest_route=%2Fwp%2Fv2%2Ftags&post=6641"}],"curies":[{"name":"wp","href":"https:\/\/api.w.org\/{rel}","templated":true}]}}