{"id":6636,"date":"2021-03-13T21:05:47","date_gmt":"2021-03-13T20:05:47","guid":{"rendered":"http:\/\/blog.inmontanis.info\/?p=6636"},"modified":"2023-08-05T12:11:54","modified_gmt":"2023-08-05T10:11:54","slug":"riksgransen-13-3-2021","status":"publish","type":"post","link":"http:\/\/blog.inmontanis.info\/?p=6636","title":{"rendered":"Riksgr\u00e4nsen, 13.3.2021"},"content":{"rendered":"<p><strong>13.3.2021<\/strong><\/p>\n<p>Heute ging&#8217;s nach Riksgr\u00e4nsen. Zeitweise gab es sogar etwas Sonnenschein.<\/p>\n<p>Leider sind die 4 SL\/KSSL nach wie vor nicht ge\u00f6ffnet. Angeblich Schneeknappheit oder so? Vorne rum sind alle Varianten offen. Klar, die 1,5m Schnee sind wirklich mikrig im Vgl. zu den 5,5m im letzten Mai, der Unterschied ist echt krass. Aber wenn man h\u00e4tte wollen, h\u00e4tte man an eventuell knappen Stellen schon den Schnee zusammenschieben k\u00f6nnen, um zumindest mal den oberen KSSL in Betrieb zu nehmen.<\/p>\n<p>Wenigstens hat man vor ein paar Tagen den Schnee an der linken Talabfahrt zusammengeschoben und diese nun ge\u00f6ffnet. Auch die Offpistevarianten vornerum sind nun alle offiziell ge\u00f6ffnet.<\/p>\n<p>Der wenige Schnee im Vgl. zum letzte Mai macht die Skirouten aber um einiges schwieriger, weil es viel mehr Felsen und Klippen gibt, wo man letztes Jahr halt problemlos dr\u00fcber fahren konnte. Einmal bin ich ein St\u00fcck wieder aufgestiegen, da es mir trotz vieler Spuren etwas zu steil und schmal wurde. Ein ander Mal hatte ich die rausf\u00fchrenden Spuren vor einer Klippe noch rechtzeitig gesehen. Sp\u00e4ter hab ich hier Anf\u00e4nger gesehen, die bei fast jeder Kurve gest\u00fcrzt sind &#8211; aber den Weg raus wohl auch noch gefunden haben. Von wenig weiter oben sah das problemlos fahrbar aus &#8211; so kann man sich t\u00e4uschen&#8230;<\/p>\n<p>Die steile Uffes V\u00e4gg von oben bin ich nicht gefahren &#8211; sah ich auch keine Spuren. Ein Tr\u00fcmmerfeld an Felsbrocken im Gegensatz zu einem glattgeb\u00fcgelten Hang letztes Jahr. <\/p>\n<p>Was mir nach den 2 SL-Tagen in Bj\u00f6rkliden heute mit den nur ge\u00f6ffneten Sesselliften wieder bewusst geworden ist: Lieber Nur-SL als Nur-SB. SL haben einfach Vorteile: Sie m\u00fcssen nicht laufend langsamer fahren wg. Anf\u00e4nger oder Kinder beim Ein- und Aussteigen, man kann auf der Strecke aussteigen, wenn man was (nicht) fahren will oder der Lift gerade steht &#8211; und man bleibt im &#8220;Flow&#8221;. Klar, nach 4 oder 5 Stunden SL-Fahren w\u00e4re ein Sessellift zwischendrin mal ganz nett, insb. bei meinem schweren Rucksack.<\/p>\n<p>Alles in Allem war es vermutlich mein bisher schlechtester Tag in Riksgr\u00e4nsen, Bj\u00f6rkliden gef\u00e4llt mir zumindest heuer besser.<\/p>\n<p><a href='http:\/\/extra.inmontanis.info\/d\/61769-2\/DSC06029.jpg'><img src=http:\/\/extra.inmontanis.info\/d\/61768-3\/DSC06029.jpg \/><\/a><br \/>\n^ Stra\u00dfe nach Riksgr\u00e4nsen. Bei diesen Verh\u00e4ltnissen hatte ich vor einiger Zeit mal das Spurhaltewarnsystem deaktiviert, das nervt sonst laufend.<\/p>\n<p><a href='http:\/\/ski.inmontanis.info\/d\/288656-2\/DSC06039.jpg'><img src=http:\/\/ski.inmontanis.info\/d\/288655-3\/DSC06039.jpg \/><\/a><br \/>\n^ Halber Aufstieg zur DSB<\/p>\n<p><a href='http:\/\/ski.inmontanis.info\/d\/288660-2\/DSC06040.jpg'><img src=http:\/\/ski.inmontanis.info\/d\/288659-3\/DSC06040.jpg \/><\/a><br \/>\n^ Gel\u00e4nde rechts zur DSB \/ Talabfahrt 1 <\/p>\n<p><a href='http:\/\/ski.inmontanis.info\/d\/288664-2\/DSC06042.jpg'><img src=http:\/\/ski.inmontanis.info\/d\/288663-3\/DSC06042.jpg \/><\/a><br \/>\n^ Varianten links der DSB, krasser Unterschied zu letztem Jahr, als ca. 4m mehr Schnee lagen<\/p>\n<p>Vergleich Mai 2020:<br \/>\n<a href='http:\/\/ski.inmontanis.info\/d\/279407-3\/DSC08776.jpg'><img src=http:\/\/ski.inmontanis.info\/d\/279406-4\/DSC08776.jpg \/><\/a><\/p>\n<p>&#8211;<\/p>\n<p><a href='http:\/\/ski.inmontanis.info\/d\/288668-2\/DSC06044.jpg'><img src=http:\/\/ski.inmontanis.info\/d\/288667-3\/DSC06044.jpg \/><\/a><br \/>\n^ DSB-3SB<\/p>\n<p>Vergleich Mai 2020 von weiter unten:<br \/>\n<a href='http:\/\/ski.inmontanis.info\/d\/279867-3\/DSC09142.jpg'><img src=http:\/\/ski.inmontanis.info\/d\/279866-4\/DSC09142.jpg \/><\/a><\/p>\n<p>&#8211;<\/p>\n<p><a href='http:\/\/ski.inmontanis.info\/d\/288672-2\/DSC06046.jpg'><img src=http:\/\/ski.inmontanis.info\/d\/288671-3\/DSC06046.jpg \/><\/a><br \/>\n^ 3SB und Abfahrt<\/p>\n<p><a href='http:\/\/ski.inmontanis.info\/d\/288676-2\/DSC06053.jpg'><img src=http:\/\/ski.inmontanis.info\/d\/288675-3\/DSC06053.jpg \/><\/a><br \/>\n^ Dass der obere KSSL heuer wieder nicht f\u00e4hrt, wenn ich da bin, entt\u00e4uscht mich schon.<\/p>\n<p><a href='http:\/\/ski.inmontanis.info\/d\/288680-2\/DSC06054.jpg'><img src=http:\/\/ski.inmontanis.info\/d\/288679-3\/DSC06054.jpg \/><\/a><br \/>\n^ Abfahrt zur 3SB, es gab etwas Neuschnee \u00fcber Nacht<\/p>\n<p><a href='http:\/\/ski.inmontanis.info\/d\/288684-2\/DSC06057.jpg'><img src=http:\/\/ski.inmontanis.info\/d\/288683-3\/DSC06057.jpg \/><\/a><br \/>\n^ Gipfel-Pano mit KSSL von der 3SB<\/p>\n<p><a href='http:\/\/ski.inmontanis.info\/d\/288688-2\/DSC06061.jpg'><img src=http:\/\/ski.inmontanis.info\/d\/288687-3\/DSC06061.jpg \/><\/a><br \/>\n^ Auf der rechten Au\u00dfenrumvariante<\/p>\n<p><a href='http:\/\/ski.inmontanis.info\/d\/288692-2\/DSC06062.jpg'><img src=http:\/\/ski.inmontanis.info\/d\/288691-3\/DSC06062.jpg \/><\/a><br \/>\n^ Auf der rechten Au\u00dfenrumvariante; ich meine, von den ganzen Felsen hier rechts war letzten Mai nichts zu sehen<\/p>\n<p><a href='http:\/\/ski.inmontanis.info\/d\/288696-2\/DSC06063.jpg'><img src=http:\/\/ski.inmontanis.info\/d\/288695-3\/DSC06063.jpg \/><\/a><br \/>\n^ Auf der rechten Au\u00dfenrumvariante<\/p>\n<p><a href='http:\/\/ski.inmontanis.info\/d\/288700-2\/DSC06065.jpg'><img src=http:\/\/ski.inmontanis.info\/d\/288699-3\/DSC06065.jpg \/><\/a><br \/>\n^ Unterhalb der 3SB-Talstation steht ja ein altes Stationsgeb\u00e4ude, das hier ist die R\u00fcckseite. Wird also doch wohl nur die Talstation der 2. Sektion gewesen sein (und keine Mittelstation, wie es die L\u00e4nge des Hauses ja evtl. andeuten w\u00fcrde)?!<\/p>\n<p><a href='http:\/\/ski.inmontanis.info\/d\/288704-2\/DSC06067.jpg'><img src=http:\/\/ski.inmontanis.info\/d\/288703-3\/DSC06067.jpg \/><\/a><br \/>\n^ Auf der Variante Branten mit Blick zur Variante Uffes V\u00e4gg. Uff, weg war der Schnee vom letzten Mai.<\/p>\n<p><a href='http:\/\/ski.inmontanis.info\/d\/288708-2\/DSC06068.jpg'><img src=http:\/\/ski.inmontanis.info\/d\/288707-3\/DSC06068.jpg \/><\/a><br \/>\n^ Immerhin gibts auf der Variante Branten genug Schnee. Nur hin und wieder ein paar Klippen wegen Felsen und Schneeverwehungen.<\/p>\n<p><a href='http:\/\/ski.inmontanis.info\/d\/288712-2\/DSC06069.jpg'><img src=http:\/\/ski.inmontanis.info\/d\/288711-3\/DSC06069.jpg \/><\/a><br \/>\n^ Branten<\/p>\n<p><a href='http:\/\/ski.inmontanis.info\/d\/288716-2\/DSC06070.jpg'><img src=http:\/\/ski.inmontanis.info\/d\/288715-3\/DSC06070.jpg \/><\/a><br \/>\n^ Branten<\/p>\n<p><a href='http:\/\/ski.inmontanis.info\/d\/288720-2\/DSC06074.jpg'><img src=http:\/\/ski.inmontanis.info\/d\/288719-3\/DSC06074.jpg \/><\/a><br \/>\n^ Rinnenvariante von Branten\/UffesV\u00e4gg zur DSB<\/p>\n<p><a href='http:\/\/ski.inmontanis.info\/d\/288724-2\/DSC06077.jpg'><img src=http:\/\/ski.inmontanis.info\/d\/288723-3\/DSC06077.jpg \/><\/a><br \/>\n^ Gel\u00e4nde an der 3SB heuer auch etwas unruhiger; schaut aus wie Gletscher ;)<\/p>\n<p><a href='http:\/\/ski.inmontanis.info\/d\/288728-2\/DSC06080.jpg'><img src=http:\/\/ski.inmontanis.info\/d\/288727-3\/DSC06080.jpg \/><\/a><br \/>\n^ Uffes V\u00e4gg bin ich diesmal nur von der unteren, seitlicheren Einfahrt gefahren. Von oben hat man auch keinen reinfahren sehen.<\/p>\n<p><a href='http:\/\/ski.inmontanis.info\/d\/288732-2\/DSC06090.jpg'><img src=http:\/\/ski.inmontanis.info\/d\/288731-3\/DSC06090.jpg \/><\/a><br \/>\n^ Variante an der DSB<\/p>\n<p><a href='http:\/\/ski.inmontanis.info\/d\/288736-2\/DSC06097.jpg'><img src=http:\/\/ski.inmontanis.info\/d\/288735-3\/DSC06097.jpg \/><\/a><br \/>\n^ Gipfel-Pano mit KSSL von der 3SB<\/p>\n<p><a href='http:\/\/ski.inmontanis.info\/d\/288740-2\/DSC06101.jpg'><img src=http:\/\/ski.inmontanis.info\/d\/288739-3\/DSC06101.jpg \/><\/a><br \/>\n^ Abfahrt 5-6-7 am KSSL<\/p>\n<p><a href='http:\/\/ski.inmontanis.info\/d\/288744-2\/DSC06103.jpg'><img src=http:\/\/ski.inmontanis.info\/d\/288743-3\/DSC06103.jpg \/><\/a><br \/>\n^ Blick zu 3 der 4 momentan noch geschlossenen SL\/KSSL<\/p>\n<p><a href='http:\/\/ski.inmontanis.info\/d\/288748-2\/DSC06104.jpg'><img src=http:\/\/ski.inmontanis.info\/d\/288747-3\/DSC06104.jpg \/><\/a><br \/>\n^ Abfahrt 15 Apelsinklyftan<\/p>\n<p>Vergleich Mai 2020, fast gleicher Standort:<br \/>\n<a href='http:\/\/ski.inmontanis.info\/d\/279735-3\/DSC09066.jpg'><img src=http:\/\/ski.inmontanis.info\/d\/279734-4\/DSC09066.jpg \/><\/a><\/p>\n<p>&#8211; <\/p>\n<p><a href='http:\/\/ski.inmontanis.info\/d\/288752-2\/ge20210313c.jpg'><img src=http:\/\/ski.inmontanis.info\/d\/288751-3\/ge20210313c.jpg \/><\/a><br \/>\n^ GPS-Track 13.3.2021 in Gelb; vorherige Besuche in T\u00fcrkis<\/p>\n<p>Etwas nach 15 Uhr hatte ich aufgeh\u00f6rt und war noch Einkaufen im lokalen ICA-Supermarkt.<\/p>\n<p><a href='http:\/\/extra.inmontanis.info\/d\/61773-2\/DSC06110.jpg'><img src=http:\/\/extra.inmontanis.info\/d\/61772-3\/DSC06110.jpg \/><\/a><br \/>\n^ Eink\u00e4ufe;<br \/>\n&#8211; die Cognacs-Medwurst ist eine der wenigen Wurstsorten in Schweden und h\u00e4ufig erh\u00e4ltlich, etwas fettig, aber durchaus schmackhaft.<br \/>\n&#8211; die Lammsalami hatte ich bisher noch nicht und preislich wenig Unterschied (bin eigentlich kein Salamifan, aber wegen Lamm ist&#8217;s mal ein bisschen ein anderer Geschmack)<br \/>\n&#8211; den pulled pork wrap hatte ich glaub ich schon mal, verdammt scharf.<br \/>\n&#8211; mal einen Joghurt, weil wiederverschlie\u00dfbar, kann man quasi trinken (auch wenn&#8217;s kein Trinkjoghurt ist)<br \/>\n&#8211; und Tunnbr\u00f6d, wechsel ich mit dem dickeren weichen Brot und dem dunklen Preiselbeerbrot ab; fr\u00fch und mittags gibts jeweils eine Scheibe mit K\u00e4se+Wurst oder K\u00e4se+Schinken belegt, nachmittags\/abends dann das Tiefk\u00fchlgericht (oder heute: den Wrap plus Joghurt, damit es weniger scharf ist)<\/p>\n<p><a href='http:\/\/extra.inmontanis.info\/d\/61777-2\/DSC06118.jpg'><img src=http:\/\/extra.inmontanis.info\/d\/61776-3\/DSC06118.jpg \/><\/a><br \/>\n^ Etwas polarlichtgeschw\u00e4ngerter Himmel, durch die Beleuchtung aber schwierig zu sehen.<\/p>\n","protected":false},"excerpt":{"rendered":"<p>13.3.2021<\/p>\n<p>Heute ging&#8217;s nach Riksgr\u00e4nsen. Zeitweise gab es sogar etwas Sonnenschein.<\/p>\n<p>Leider sind die 4 SL\/KSSL nach wie vor nicht ge\u00f6ffnet. Angeblich Schneeknappheit oder so? Vorne rum sind alle Varianten offen. Klar, die 1,5m Schnee sind wirklich mikrig im Vgl. zu den 5,5m im letzten Mai, der Unterschied ist echt krass. Aber wenn man h\u00e4tte <a href=\"http:\/\/blog.inmontanis.info\/?p=6636\">[&#8230;]<\/a><\/p>\n","protected":false},"author":1,"featured_media":0,"comment_status":"closed","ping_status":"closed","sticky":false,"template":"","format":"standard","meta":{"footnotes":""},"categories":[184,636,19,27],"tags":[55,38,48],"class_list":["post-6636","post","type-post","status-publish","format-standard","hentry","category-2021-01-skandinavien","category-riksgransen","category-schwedensweden","category-skifahren-winterskiing-winter","tag-3sb","tag-dsb","tag-kssl","odd"],"_links":{"self":[{"href":"http:\/\/blog.inmontanis.info\/index.php?rest_route=\/wp\/v2\/posts\/6636","targetHints":{"allow":["GET"]}}],"collection":[{"href":"http:\/\/blog.inmontanis.info\/index.php?rest_route=\/wp\/v2\/posts"}],"about":[{"href":"http:\/\/blog.inmontanis.info\/index.php?rest_route=\/wp\/v2\/types\/post"}],"author":[{"embeddable":true,"href":"http:\/\/blog.inmontanis.info\/index.php?rest_route=\/wp\/v2\/users\/1"}],"replies":[{"embeddable":true,"href":"http:\/\/blog.inmontanis.info\/index.php?rest_route=%2Fwp%2Fv2%2Fcomments&post=6636"}],"version-history":[{"count":4,"href":"http:\/\/blog.inmontanis.info\/index.php?rest_route=\/wp\/v2\/posts\/6636\/revisions"}],"predecessor-version":[{"id":6640,"href":"http:\/\/blog.inmontanis.info\/index.php?rest_route=\/wp\/v2\/posts\/6636\/revisions\/6640"}],"wp:attachment":[{"href":"http:\/\/blog.inmontanis.info\/index.php?rest_route=%2Fwp%2Fv2%2Fmedia&parent=6636"}],"wp:term":[{"taxonomy":"category","embeddable":true,"href":"http:\/\/blog.inmontanis.info\/index.php?rest_route=%2Fwp%2Fv2%2Fcategories&post=6636"},{"taxonomy":"post_tag","embeddable":true,"href":"http:\/\/blog.inmontanis.info\/index.php?rest_route=%2Fwp%2Fv2%2Ftags&post=6636"}],"curies":[{"name":"wp","href":"https:\/\/api.w.org\/{rel}","templated":true}]}}