{"id":6629,"date":"2021-03-11T20:25:14","date_gmt":"2021-03-11T19:25:14","guid":{"rendered":"http:\/\/blog.inmontanis.info\/?p=6629"},"modified":"2023-08-05T13:28:56","modified_gmt":"2023-08-05T11:28:56","slug":"bjorkliden-11-3-2021","status":"publish","type":"post","link":"http:\/\/blog.inmontanis.info\/?p=6629","title":{"rendered":"Bj\u00f6rkliden, 11.3.2021"},"content":{"rendered":"<p><strong>11.3.2021<\/strong><\/p>\n<p>Seit gestern Nachmittag bin ich in Bj\u00f6rkliden untergebracht, ca. 10km von Abisko, das Hostel hier hat ja leider erst seit gestern offen, ist mit ca. 56 \u20ac \/ Nacht etwas g\u00fcnstiger als das in Abisko und die Zimmer haben ein eigenes WC (wenn auch keine Dusche). <\/p>\n<p>Das erste Zimmer, das ich bekam, w\u00e4re mit Balkon und bequemen Sessel-Stuhl gewesen, h\u00e4tte aber keinen Tisch gehabt, auch keine Kommode, daher bat ich um ein anderes Zimmer mit Tisch. War dann gegen\u00fcber. Beide leider am Ende des Hauses und somit nur minimalst WLAN-Empfang &#8211; also meistens wieder mit dem eigenen 4G online. <\/p>\n<p>Die Wahl des Skipasses war schwierig. 4 Tage? 5 Tage? 5 wahlfreie Tage? 6 Tage? Maximal h\u00e4tte ich 7 Tage Zeit, w\u00fcrde gerne aber noch einmal in Abisko fahren. Wenn ich am letzten Tag nicht zum Skifahren k\u00e4me, w\u00e4re es auch OK, weil ich ja mit dem Auto zum n\u00e4chsten Ziel dann fahren muss.<\/p>\n<p>Wetterm\u00e4\u00dfig wird es nun generell wieder etwas instabiler und es k\u00f6nnte hier und da etwas Schnee fallen, insb. am Sonntag &#8211; dann macht der 4-Tagespass mit Sonntag als letztem Tag ja auch wenig Sinn &#8212; also hab ich doch den 5-Tagespass am sp\u00e4ten Vormittag um ca. 171,- \u20ac online gekauft. <\/p>\n<p>Der Skipass gilt ja sowohl hier in Bj\u00f6rkliden, wie auch in Riksgr\u00e4nsen (ca. 30km entfernt). Die haben jetzt immerhin die linke Talabfahrt offen &#8211; aber immer noch keine SL, schade, hatte fest damit gerechnet, hier 1 oder 2 KSSL fahren zu k\u00f6nnen. Nur f\u00fcr DSB+3SB lohnt sich f\u00fcr mich schon allein aufgrund des Fu\u00dfwegs vom Parkplatz nur ein einziger Besuchstag, wird also je nach Wetter Samstag oder Sonntag werden. Die restlichen Tage werde ich hier in Bj\u00f6rkliden bleiben, und daf\u00fcr reichen wohl 4 Tage.<\/p>\n<p>Leider ist die Ausrichtung des Skigebiets nord\u00f6stlich, weshalb es bald nach Mittag kaum noch Sonne gibt, was f\u00fcr Kontraste und Fotos nicht angenehm ist. Daher erst mal etwas offpiste gefahren bzw. die noch geschlossenen Abfahrten &#8211; und die sind momentan noch in der \u00dcberzahl. <\/p>\n<p>Hauptlift in Bj\u00f6rkliden ist der K\u00e5ppasliften, der lt. Plan 1675m und 400 hm macht. Immer wieder nett, so ein langer Lift, der mitten im Wald beginnt, durch den Baumgrenzbereich f\u00e4hrt und im &#8220;hochalpinen&#8221; Gel\u00e4nde (das hier unterhalb 1.000m ist) ein sch\u00f6nes St\u00fcck weiter f\u00e4hrt. Ganz links ist noch der Kitteldalsliften, lt. Plan 1120m und 326hm, geht aber ein sch\u00f6nes St\u00fcck h\u00f6her hinauf, so dass es in Summe ca. 500hm im Skigebiet gibt, \u00e4hnlich wie Abisko und Riksgr\u00e4nsen also, obwohl es hier nur SL gibt.<\/p>\n<p>Dazwischen ist der eher sinnlose Grytliften, der keine weiteren Abfahrten mehr erschlie\u00dft und momentan auch nicht ge\u00f6ffnet ist. Den h\u00e4tte man auch irgendwo interessanter aufstellen k\u00f6nnen&#8230;<\/p>\n<p>Fazit: Durchaus interessanter, als ich es von einem eher kurzen Besuch 2011 in Erinnerung hatte und als es im ersten Moment ausschaut. Wobei es m.E. auch durch den geringen Schnee interessanter ist, weil man da durch Felsen und B\u00fcsche gef\u00fchlt mehr Varianten und mehr Abenteuer hat.<\/p>\n<p><a href='http:\/\/ski.inmontanis.info\/d\/288336-2\/DSC05871.jpg'><img src=http:\/\/ski.inmontanis.info\/d\/288335-3\/DSC05871.jpg \/><\/a><br \/>\n^ Pistenplan und Liftdaten, die Abfahrtsnummern haben sich seit 2011 etwas ge\u00e4ndert.<\/p>\n<p><a href='http:\/\/ski.inmontanis.info\/d\/288652-3\/ge2021031112.jpg'><img src=http:\/\/ski.inmontanis.info\/d\/288651-4\/ge2021031112.jpg \/><\/a><br \/>\n^ GPS-Track 2011 in Blau, 11.3.2021 in Gelb und 12.3.2021 in Rot. Wie man sieht, bin ich an den beiden Tagen nur wenig Abfahrten\/Varianten doppelt gefahren.<\/p>\n<p><a href='http:\/\/ski.inmontanis.info\/d\/288340-2\/DSC05862.jpg'><img src=http:\/\/ski.inmontanis.info\/d\/288339-3\/DSC05862.jpg \/><\/a><br \/>\n^ Teller-SL B Rakkasliften<\/p>\n<p><a href='http:\/\/ski.inmontanis.info\/d\/288344-2\/DSC05863.jpg'><img src=http:\/\/ski.inmontanis.info\/d\/288343-3\/DSC05863.jpg \/><\/a><br \/>\n^ Rakkasliften mit Blick zum Tornetr\u00e4sk<\/p>\n<p><a href='http:\/\/ski.inmontanis.info\/d\/288348-2\/DSC05865.jpg'><img src=http:\/\/ski.inmontanis.info\/d\/288347-3\/DSC05865.jpg \/><\/a><br \/>\n^ Blick von der Bergstation des Teller-SL zu seiner linken Abfahrt (unten im Bild) und dem Hauptgebiet, zu dem von hier aus nach rechts ein Skiweg abzweigt (und wo man etwas schieben muss)<\/p>\n<p><a href='http:\/\/ski.inmontanis.info\/d\/288352-2\/DSC05867.jpg'><img src=http:\/\/ski.inmontanis.info\/d\/288351-3\/DSC05867.jpg \/><\/a><br \/>\n^ Neben dem Tellerlift gibt es eine kleine Schlucht mit Wasserf\u00e4llen und einem gefrorenen Bach, der nur teilweise mit Schnee bedeckt ist<\/p>\n<p><a href='http:\/\/ski.inmontanis.info\/d\/288356-2\/DSC05868.jpg'><img src=http:\/\/ski.inmontanis.info\/d\/288355-3\/DSC05868.jpg \/><\/a><br \/>\n^ Schlucht neben dem Tellerlift<\/p>\n<p><a href='http:\/\/ski.inmontanis.info\/d\/288360-2\/DSC05869.jpg'><img src=http:\/\/ski.inmontanis.info\/d\/288359-3\/DSC05869.jpg \/><\/a><br \/>\n^ Verbindung zu den Hauptliften. K\u00f6nnte auch fast im Appennin sein, wenns nicht so kalt w\u00e4r ;)<\/p>\n<p><a href='http:\/\/ski.inmontanis.info\/d\/288364-2\/DSC05870.jpg'><img src=http:\/\/ski.inmontanis.info\/d\/288363-3\/DSC05870.jpg \/><\/a><br \/>\n^ Abfahrten und SL C K\u00e5ppasliften<\/p>\n<p><a href='http:\/\/ski.inmontanis.info\/d\/288368-2\/DSC05875.jpg'><img src=http:\/\/ski.inmontanis.info\/d\/288367-3\/DSC05875.jpg \/><\/a><br \/>\n^ K\u00e5ppasliften<\/p>\n<p><a href='http:\/\/ski.inmontanis.info\/d\/288372-2\/DSC05877.jpg'><img src=http:\/\/ski.inmontanis.info\/d\/288371-3\/DSC05877.jpg \/><\/a><br \/>\n^ K\u00e5ppasliften, mit ca. 1600m und 400hm der l\u00e4ngste Lift im Skigebiet<\/p>\n<p><a href='http:\/\/ski.inmontanis.info\/d\/288376-2\/DSC05878.jpg'><img src=http:\/\/ski.inmontanis.info\/d\/288375-3\/DSC05878.jpg \/><\/a><br \/>\n^ K\u00e5ppasliften, oberer Teil<\/p>\n<p><a href='http:\/\/ski.inmontanis.info\/d\/288380-2\/DSC05880.jpg'><img src=http:\/\/ski.inmontanis.info\/d\/288379-3\/DSC05880.jpg \/><\/a><br \/>\n^ Schwarze Abfahrt 7 rechts vom K\u00e5ppasliften ist in Vorbereitung<\/p>\n<p><a href='http:\/\/ski.inmontanis.info\/d\/288384-2\/DSC05881.jpg'><img src=http:\/\/ski.inmontanis.info\/d\/288383-3\/DSC05881.jpg \/><\/a><br \/>\n^ SL D Grytliften, noch nicht in Betrieb und auch \u00fcberfl\u00fcssig, weil er keine zus\u00e4tzlichen Abfahrten erschlie\u00dft.<\/p>\n<p><a href='http:\/\/ski.inmontanis.info\/d\/288388-2\/DSC05882.jpg'><img src=http:\/\/ski.inmontanis.info\/d\/288387-3\/DSC05882.jpg \/><\/a><br \/>\n^ Der SL E Kitteldalsliften dagegen ist sehr wichtig, erschlie\u00dft er doch einige Au\u00dfenrumabfahrten und Offpistevarianten<\/p>\n<p><a href='http:\/\/ski.inmontanis.info\/d\/288392-2\/DSC05883.jpg'><img src=http:\/\/ski.inmontanis.info\/d\/288391-3\/DSC05883.jpg \/><\/a><br \/>\n^ Noch nicht pr\u00e4parierte\/ge\u00f6ffnete Abfahrt 11 Solkurvan rechts vom Kitteldalsliften<\/p>\n<p><a href='http:\/\/ski.inmontanis.info\/d\/288396-2\/DSC05884.jpg'><img src=http:\/\/ski.inmontanis.info\/d\/288395-3\/DSC05884.jpg \/><\/a><br \/>\n^ SL E Kitteldalsliften<\/p>\n<p><a href='http:\/\/ski.inmontanis.info\/d\/288400-2\/DSC05885.jpg'><img src=http:\/\/ski.inmontanis.info\/d\/288399-3\/DSC05885.jpg \/><\/a><br \/>\n^ SL E Kitteldalsliften startet oberhalb der B\u00e4ume<\/p>\n<p><a href='http:\/\/ski.inmontanis.info\/d\/288404-2\/DSC05886.jpg'><img src=http:\/\/ski.inmontanis.info\/d\/288403-3\/DSC05886.jpg \/><\/a><br \/>\n^ SL E Kitteldalsliften. K\u00f6nnte auch in der Schweiz sein :) (SL ist von Von Roll)<\/p>\n<p><a href='http:\/\/ski.inmontanis.info\/d\/288408-2\/DSC05888.jpg'><img src=http:\/\/ski.inmontanis.info\/d\/288407-3\/DSC05888.jpg \/><\/a><br \/>\n^ Kitteldalsliften. Wie man sieht, fehlen in einem l\u00e4ngeren Bereich die B\u00fcgel. Evtl. kann der Lift so bei starkem Sturm im oberen Bereich schadlos gehalten werden.<\/p>\n<p><a href='http:\/\/ski.inmontanis.info\/d\/288412-2\/DSC05891.jpg'><img src=http:\/\/ski.inmontanis.info\/d\/288411-3\/DSC05891.jpg \/><\/a><br \/>\n^ Links vom Kitteldalsliften gibt es einen abgesperrten Offpiste-Bereich, der nur bei ge\u00f6ffneten Zug\u00e4ngen betreten werden darf (was momentan noch nicht der Fall ist) &#8211; aber zwischen Kitteldalsliften und dem Seil darf man offpiste fahren.<\/p>\n<p><a href='http:\/\/ski.inmontanis.info\/d\/288416-2\/DSC05892.jpg'><img src=http:\/\/ski.inmontanis.info\/d\/288415-3\/DSC05892.jpg \/><\/a><br \/>\n^ Blick ins Tal links vom Kitteldalsliften<\/p>\n<p><a href='http:\/\/ski.inmontanis.info\/d\/288420-2\/DSC05893.jpg'><img src=http:\/\/ski.inmontanis.info\/d\/288419-3\/DSC05893.jpg \/><\/a><br \/>\n^ Offpiste links vom Kitteldalsliften, teils war der Schnee recht gut, teils musste man ein paar Felsinseln umfahren<\/p>\n<p><a href='http:\/\/ski.inmontanis.info\/d\/288424-2\/DSC05894.jpg'><img src=http:\/\/ski.inmontanis.info\/d\/288423-3\/DSC05894.jpg \/><\/a><br \/>\n^ Kitteldalsliften<\/p>\n<p><a href='http:\/\/ski.inmontanis.info\/d\/288428-2\/DSC05900.jpg'><img src=http:\/\/ski.inmontanis.info\/d\/288427-3\/DSC05900.jpg \/><\/a><br \/>\n^ Untere Einfahrt zum Offpisteareal<\/p>\n<p><a href='http:\/\/ski.inmontanis.info\/d\/288432-2\/DSC05901.jpg'><img src=http:\/\/ski.inmontanis.info\/d\/288431-3\/DSC05901.jpg \/><\/a><br \/>\n^ Offpiste links vom Kitteldalsliften<\/p>\n<p><a href='http:\/\/ski.inmontanis.info\/d\/288436-2\/DSC05904.jpg'><img src=http:\/\/ski.inmontanis.info\/d\/288435-3\/DSC05904.jpg \/><\/a><br \/>\n^ Offpiste links vom Kitteldalsliften. Auch schon wieder geil hier<\/p>\n<p><a href='http:\/\/ski.inmontanis.info\/d\/288440-2\/DSC05907.jpg'><img src=http:\/\/ski.inmontanis.info\/d\/288439-3\/DSC05907.jpg \/><\/a><br \/>\n^ Weiter unten endet die Offpiste-Absperrung und man kann etwas reinqueren &#8211; und sich fragen, wo man da eigentlich runterkommen k\u00f6nnen soll.. zumindest momentan bei dem eher wenigen Schnee und den Schneew\u00e4chten &#8230;<\/p>\n<p><a href='http:\/\/ski.inmontanis.info\/d\/288444-2\/DSC05910.jpg'><img src=http:\/\/ski.inmontanis.info\/d\/288443-3\/DSC05910.jpg \/><\/a><br \/>\n^ Am schneearmen Hang gegen\u00fcber sind in den Rinnen einige Abfahrtsspuren &#8211; wo auch immer die hergekommen sind. Evtl. irgendwo anders aufgestiegen oder von Abisko r\u00fcbergewandert und es lag oben mehr Schnee<\/p>\n<p><a href='http:\/\/ski.inmontanis.info\/d\/288448-2\/DSC05911.jpg'><img src=http:\/\/ski.inmontanis.info\/d\/288447-3\/DSC05911.jpg \/><\/a><br \/>\n^ Tal \/ Offpisteareal links vom Kitteldalsliften. Glaub, das ist mir zu heftig. Aber momentan ja eh geschlossen.<\/p>\n<p><a href='http:\/\/ski.inmontanis.info\/d\/288452-2\/DSC05912.jpg'><img src=http:\/\/ski.inmontanis.info\/d\/288451-3\/DSC05912.jpg \/><\/a><br \/>\n^ Kitteldalsliften<\/p>\n<p><a href='http:\/\/ski.inmontanis.info\/d\/288456-2\/DSC05918.jpg'><img src=http:\/\/ski.inmontanis.info\/d\/288455-3\/DSC05918.jpg \/><\/a><br \/>\n^ Kitteldalsliften<\/p>\n<p><a href='http:\/\/ski.inmontanis.info\/d\/288460-2\/DSC05920.jpg'><img src=http:\/\/ski.inmontanis.info\/d\/288459-3\/DSC05920.jpg \/><\/a><br \/>\n^ Rechts von der Bergstation Kitteldalsliften geht die noch nicht ge\u00f6ffnete Abfahrt 7 weg. Wobei man den Weg auch nehmen muss, um zur Au\u00dfenrumroute 16 \u00c4ngarna zu kommen<\/p>\n<p><a href='http:\/\/ski.inmontanis.info\/d\/288464-2\/DSC05923.jpg'><img src=http:\/\/ski.inmontanis.info\/d\/288463-3\/DSC05923.jpg \/><\/a><br \/>\n^ Geradeaus zur 16 \u00c4ngarna, ein bisschen queren ..<\/p>\n<p><a href='http:\/\/ski.inmontanis.info\/d\/288468-2\/DSC05924.jpg'><img src=http:\/\/ski.inmontanis.info\/d\/288467-3\/DSC05924.jpg \/><\/a><br \/>\n^ 16 \u00c4ngarna<\/p>\n<p><a href='http:\/\/ski.inmontanis.info\/d\/288472-2\/DSC05925.jpg'><img src=http:\/\/ski.inmontanis.info\/d\/288471-3\/DSC05925.jpg \/><\/a><br \/>\n^ 16 \u00c4ngarna<\/p>\n<p><a href='http:\/\/ski.inmontanis.info\/d\/288476-2\/DSC05926.jpg'><img src=http:\/\/ski.inmontanis.info\/d\/288475-3\/DSC05926.jpg \/><\/a><br \/>\n^ 16 \u00c4ngarna, der Teil war toll zu fahren<\/p>\n<p><a href='http:\/\/ski.inmontanis.info\/d\/288480-2\/DSC05927.jpg'><img src=http:\/\/ski.inmontanis.info\/d\/288479-3\/DSC05927.jpg \/><\/a><br \/>\n^ 16 \u00c4ngarna, ich folgte den Spuren und anderen Skifahrern<\/p>\n<p><a href='http:\/\/ski.inmontanis.info\/d\/288484-2\/DSC05928.jpg'><img src=http:\/\/ski.inmontanis.info\/d\/288483-3\/DSC05928.jpg \/><\/a><br \/>\n^ 16 \u00c4ngarna. Am n\u00e4chsten Tag lag hier weit weniger Schnee und die Spuren kaum noch sichtbar, so dass die Routenfindung nicht mehr so einfach war.<\/p>\n<p><a href='http:\/\/ski.inmontanis.info\/d\/288488-2\/DSC05929.jpg'><img src=http:\/\/ski.inmontanis.info\/d\/288487-3\/DSC05929.jpg \/><\/a><br \/>\n^ Noch nicht ge\u00f6ffnete Abfahrt 7 Rallarsv\u00e4ngen<\/p>\n<p><a href='http:\/\/ski.inmontanis.info\/d\/288492-2\/DSC05930.jpg'><img src=http:\/\/ski.inmontanis.info\/d\/288491-3\/DSC05930.jpg \/><\/a><br \/>\n^ Offpiste am K\u00e5ppasliften<\/p>\n<p><a href='http:\/\/ski.inmontanis.info\/d\/288496-2\/DSC05932.jpg'><img src=http:\/\/ski.inmontanis.info\/d\/288495-3\/DSC05932.jpg \/><\/a><br \/>\n^ Im Bereich Abfahrt 9-10 zwischen K\u00e5ppasliften und Grytliften<\/p>\n<p><a href='http:\/\/ski.inmontanis.info\/d\/288500-2\/DSC05933.jpg'><img src=http:\/\/ski.inmontanis.info\/d\/288499-3\/DSC05933.jpg \/><\/a><br \/>\n^ Abfahrt 10 Lilla Bj\u00f6rn<\/p>\n<p><a href='http:\/\/ski.inmontanis.info\/d\/288504-2\/DSC05937.jpg'><img src=http:\/\/ski.inmontanis.info\/d\/288503-3\/DSC05937.jpg \/><\/a><br \/>\n^ Irgendwann bin ich doch noch die einzige pr\u00e4parierte Abfahrt gefahren,  oben 13 Karven, unten 8 Himlabacken<\/p>\n<p><a href='http:\/\/ski.inmontanis.info\/d\/288508-2\/DSC05940.jpg'><img src=http:\/\/ski.inmontanis.info\/d\/288507-3\/DSC05940.jpg \/><\/a><br \/>\n^ SL D Grytliften<\/p>\n<p><a href='http:\/\/ski.inmontanis.info\/d\/288512-2\/DSC05941.jpg'><img src=http:\/\/ski.inmontanis.info\/d\/288511-3\/DSC05941.jpg \/><\/a><br \/>\n^ Die Retourverbindung 15 Hemv\u00e4ndaren vom K\u00e5ppasliften zum Rakkasliften geht durch die kleine Schlucht, und zwar \u00fcber das Bachbett<\/p>\n<p><a href='http:\/\/extra.inmontanis.info\/d\/61737-2\/DSC05855.jpg'><img src=http:\/\/extra.inmontanis.info\/d\/61736-3\/DSC05855.jpg \/><\/a><br \/>\n^ Zimmer im Hostel f\u00fcr 1 Woche<\/p>\n<p><a href='http:\/\/extra.inmontanis.info\/d\/61741-2\/DSC05856.jpg'><img src=http:\/\/extra.inmontanis.info\/d\/61740-3\/DSC05856.jpg \/><\/a><br \/>\n^ WC-Raum. W\u00e4r auch Platz f\u00fcr eine Dusche, ich erinnere mich da an ein Hotel, wo am Waschbecken einfach ein Duschset mit angeschlossen war und ein Abfluss irgendwo im Boden :) Achja, in Schweden haben Klobrilen meist keine Abstandshalter.<\/p>\n<p>Ebenfalls in jedem Zimmer vorhanden: ein Staubsauger und ein Schuhtrockner<\/p>\n<p><a href='http:\/\/extra.inmontanis.info\/d\/61745-2\/DSC05857.jpg'><img src=http:\/\/extra.inmontanis.info\/d\/61744-3\/DSC05857.jpg \/><\/a><br \/>\n^ Zimmerpano<\/p>\n<p><a href='http:\/\/extra.inmontanis.info\/d\/61749-2\/DSC05858.jpg'><img src=http:\/\/extra.inmontanis.info\/d\/61748-3\/DSC05858.jpg \/><\/a><br \/>\n^ Bei einer Woche kann man sich die ca. 20 \u20ac f\u00fcr die Endreinigung auch mal g\u00f6nnen, insb. wenn es mit Vorraum und WC mehr zu reinigen gibt.<\/p>\n<p><a href='http:\/\/extra.inmontanis.info\/d\/61753-2\/IMG_20210310_165042.jpg'><img src=http:\/\/extra.inmontanis.info\/d\/61752-3\/IMG_20210310_165042.jpg \/><\/a><br \/>\n^ Vorne von der K\u00fcche hat man auch einen sch\u00f6nen Blick zum Lapporten (das U-f\u00f6rmige Tal in Bildmitte)<\/p>\n<p><a href='http:\/\/extra.inmontanis.info\/d\/61757-2\/DSC05950.jpg'><img src=http:\/\/extra.inmontanis.info\/d\/61756-3\/DSC05950.jpg \/><\/a><br \/>\n^ Bissl Nordlichter gabs, aber schwach heute<\/p>\n<p><a href='http:\/\/extra.inmontanis.info\/d\/61761-3\/DSC05956.jpg'><img src=http:\/\/extra.inmontanis.info\/d\/61760-4\/DSC05956.jpg \/><\/a><br \/>\n^ Interessanter T\u00fcr-Abbrems\/Schlie\u00df-Mechanismus hier im Hostel. Hat aber einen ziemlich starken Widerstand, wenn man die T\u00fcr \u00f6ffnen will.<\/p>\n<p><a href='http:\/\/extra.inmontanis.info\/d\/61765-3\/DSC05958.jpg'><img src=http:\/\/extra.inmontanis.info\/d\/61764-4\/DSC05958.jpg \/><\/a><br \/>\n^ Diese Feder geh\u00f6rt auch dazu.<\/p>\n","protected":false},"excerpt":{"rendered":"<p>11.3.2021<\/p>\n<p>Seit gestern Nachmittag bin ich in Bj\u00f6rkliden untergebracht, ca. 10km von Abisko, das Hostel hier hat ja leider erst seit gestern offen, ist mit ca. 56 \u20ac \/ Nacht etwas g\u00fcnstiger als das in Abisko und die Zimmer haben ein eigenes WC (wenn auch keine Dusche). <\/p>\n<p>Das erste Zimmer, das ich bekam, w\u00e4re <a href=\"http:\/\/blog.inmontanis.info\/?p=6629\">[&#8230;]<\/a><\/p>\n","protected":false},"author":1,"featured_media":0,"comment_status":"closed","ping_status":"closed","sticky":false,"template":"","format":"standard","meta":{"footnotes":""},"categories":[184,689,19,27],"tags":[45,47],"class_list":["post-6629","post","type-post","status-publish","format-standard","hentry","category-2021-01-skandinavien","category-bjorkliden","category-schwedensweden","category-skifahren-winterskiing-winter","tag-see","tag-sl","odd"],"_links":{"self":[{"href":"http:\/\/blog.inmontanis.info\/index.php?rest_route=\/wp\/v2\/posts\/6629","targetHints":{"allow":["GET"]}}],"collection":[{"href":"http:\/\/blog.inmontanis.info\/index.php?rest_route=\/wp\/v2\/posts"}],"about":[{"href":"http:\/\/blog.inmontanis.info\/index.php?rest_route=\/wp\/v2\/types\/post"}],"author":[{"embeddable":true,"href":"http:\/\/blog.inmontanis.info\/index.php?rest_route=\/wp\/v2\/users\/1"}],"replies":[{"embeddable":true,"href":"http:\/\/blog.inmontanis.info\/index.php?rest_route=%2Fwp%2Fv2%2Fcomments&post=6629"}],"version-history":[{"count":2,"href":"http:\/\/blog.inmontanis.info\/index.php?rest_route=\/wp\/v2\/posts\/6629\/revisions"}],"predecessor-version":[{"id":6631,"href":"http:\/\/blog.inmontanis.info\/index.php?rest_route=\/wp\/v2\/posts\/6629\/revisions\/6631"}],"wp:attachment":[{"href":"http:\/\/blog.inmontanis.info\/index.php?rest_route=%2Fwp%2Fv2%2Fmedia&parent=6629"}],"wp:term":[{"taxonomy":"category","embeddable":true,"href":"http:\/\/blog.inmontanis.info\/index.php?rest_route=%2Fwp%2Fv2%2Fcategories&post=6629"},{"taxonomy":"post_tag","embeddable":true,"href":"http:\/\/blog.inmontanis.info\/index.php?rest_route=%2Fwp%2Fv2%2Ftags&post=6629"}],"curies":[{"name":"wp","href":"https:\/\/api.w.org\/{rel}","templated":true}]}}