{"id":6615,"date":"2021-03-06T19:04:36","date_gmt":"2021-03-06T18:04:36","guid":{"rendered":"http:\/\/blog.inmontanis.info\/?p=6615"},"modified":"2023-08-05T13:22:08","modified_gmt":"2023-08-05T11:22:08","slug":"dundret-6-3-2021","status":"publish","type":"post","link":"http:\/\/blog.inmontanis.info\/?p=6615","title":{"rendered":"Dundret, 6.3.2021"},"content":{"rendered":"<p><strong>6.3.2021<\/strong><\/p>\n<p>Da mir nicht bekannt ist, was ich mit der Zimmer-Keycard machen soll, au\u00dfer sie dann nach 10 Uhr zur Rezeption = Liftkasse zu bringen, konnte ich mir dort auch einen Skipass kaufen (statt online), falls ich heut nochmal hier fahren m\u00f6chte. <\/p>\n<p>Der Wind hatte sich \u00fcber Nacht gelegt und es war morgens bedeckt, wobei lt. Wetterbericht etwas die Sonne rausschauen k\u00f6nnte. Ich h\u00e4tte ja gerne mal die sonnige Stunde zu Betriebsbeginn nach 10 Uhr mitgenommen. \u00dcbrigens, ab \u00fcbern\u00e4chster Woche hat man unter der Woche nur noch von 12-18 Uhr offen (und Montags zu). Die Weigerung zum fr\u00fchen Vormittagsbetrieb ist bei einem Osthang-Skigebiet nat\u00fcrlich schon schade. Nur ca. alle 2 Wochen hat man mal einen &#8220;Manchestermorgon&#8221; von 8-10 Uhr, der kostet aber extra. <\/p>\n<p>Da ich aber ja erst nach 15 Uhr in Kiruna sein muss, k\u00f6nnte man sich heute noch eine 2h-Karte kaufen. Auf eine Skitour zum Gipfel hab ich bei den Minustemperaturen, dem Wind und den schwierigen Schneeverh\u00e4ltnisse im Gipfelplateau aber keine Lust. Vielleicht auf dem R\u00fcckweg, wenn&#8217;s gerade sonnig und nicht mehr so kalt w\u00e4re..<\/p>\n<p>Was ich die letzten Tage noch nicht erw\u00e4hnt hatte: Auf das Gipfelplateau f\u00fchrt ja auch eine Stra\u00dfe bis zur Bergstation der Skilifte, wohin man also mit dem Auto rauffahren kann. 2013 hab ich im Herbst ja ein paar nette Nordlichtfotos gemacht. <\/p>\n<p>Um 9 Uhr fing es zu schneien an. Da auch um 10 Uhr noch keine Sonne schien, hatte ich es nicht so eilig, wenn ich mir eh nur eine 2h-Karte kaufen m\u00f6chte. Kaum hatte ich die Zimmerkarte zur\u00fcckgegeben und den 2h-Skipass gekauft, war es 11:20 Uhr und die 6KSB wurde wegen des zunehmenden Windes wieder geschlossen :( (auf halber Strecke waren noch Leute &#8211; h\u00e4tt ich wohl doch fr\u00fcher rauf sollen.)<\/p>\n<p>As usual wurde dann der Fj\u00e4lliften in Betrieb genommen und dort hatte es auf der Strecke und am Gipfel starken Wind. Nach 2 oder 3 Fahrten auf der linken Seite, wollte ich versuchen, nach rechts in den Graben zu queren, allerdings zu extremer Sturm entgegenkommend. Doch noch 2x den kurzen Stugliften genommen und wieder r\u00fcber, der Fj\u00e4lliften stand mal kurz und alle Leute am Mellanlift &#8211; durch Ferien und WE heute mehr Wartezeiten. Fj\u00e4lliften fuhr aber bereits wieder, hier war nun weniger los. <\/p>\n<p>Quasi gerettet hat den Tag die sch\u00f6ne Abfahrt 3, die ich dann noch 2x gefahren bin. Da der Wind etwas weniger stark blies, ging ich zum Abschluss auch nochmal zur Bergstation der 6KSB hoch und querte mit heftigem Gegenwind in den Graben.<\/p>\n<p><a href='http:\/\/ski.inmontanis.info\/d\/287638-2\/DSC05491.jpg'><img src=http:\/\/ski.inmontanis.info\/d\/287637-3\/DSC05491.jpg \/><\/a><br \/>\n^ Um ca. 11:15\/11.20 Uhr wurde die 6KSB wegen Wind wieder eingestellt<\/p>\n<p><a href='http:\/\/ski.inmontanis.info\/d\/287642-2\/DSC05492.jpg'><img src=http:\/\/ski.inmontanis.info\/d\/287641-3\/DSC05492.jpg \/><\/a><br \/>\n^ Blick vom Stugliften zum Hauptgebiet. Die Varianten innerhalb der B\u00e4ume rechts der 6KSB lassen sich aber auch vom Mellanliften aus fahren, siehe gestern<\/p>\n<p><a href='http:\/\/ski.inmontanis.info\/d\/287646-2\/DSC05494.jpg'><img src=http:\/\/ski.inmontanis.info\/d\/287645-3\/DSC05494.jpg \/><\/a><br \/>\n^ Abfahrt 3, rettete den heutigen Tag, nach wie vor brauchbare Schneeverh\u00e4ltnisse<\/p>\n<p><a href='http:\/\/ski.inmontanis.info\/d\/287650-2\/DSC05496.jpg'><img src=http:\/\/ski.inmontanis.info\/d\/287649-3\/DSC05496.jpg \/><\/a><br \/>\n^ Gipfel\/S\u00fcdpano um 13:30 Uhr<\/p>\n<p><a href='http:\/\/ski.inmontanis.info\/d\/287654-2\/DSC05497.jpg'><img src=http:\/\/ski.inmontanis.info\/d\/287653-3\/DSC05497.jpg \/><\/a><br \/>\n^ 6KSB Bergstation, der Wind la\u00df nach, aber noch ist sie nicht wieder in Betrieb. Bin vom Fj\u00e4lliften aufgestiegen.<\/p>\n<p><a href='http:\/\/ski.inmontanis.info\/d\/287658-2\/DSC05498.jpg'><img src=http:\/\/ski.inmontanis.info\/d\/287657-3\/DSC05498.jpg \/><\/a><br \/>\n^ Das Wasserloch im Graben hat nun eine etwas gr\u00f6\u00dfere Eisdecke; au\u00dferdem gibt&#8217;s eine Abfahrtsspur<\/p>\n<p><a href='http:\/\/ski.inmontanis.info\/d\/287662-2\/ge2021030206c.jpg'><img src=http:\/\/ski.inmontanis.info\/d\/287661-3\/ge2021030206c.jpg \/><\/a><br \/>\n^ GPS-Tracks:<br \/>\nRosa: Skitour Mai 2020<br \/>\nGelb: 2.3.2021<br \/>\nOrange: 3.3.2021<br \/>\nGr\u00fcn: 4.3.2021<br \/>\nT\u00fcrkis: 5.3.2021<br \/>\nBlau: 6.3.2021 (die erste Stunde nachgezeichnet, da vergessen, einzuschalten)<\/p>\n<p>Nachmittags ging&#8217;s dann nach Kiruna f\u00fcr eine Nacht und ab morgen dann Abisko &#038; Bj\u00f6rkliden. Dort leider weiterhin recht schwierige Schneeverh\u00e4ltnisse, viel verblasen vermutlich. Gab es letztes Jahr bis Mai dort Schneeh\u00f6hen wie schon Jahrzehnte lang nicht mehr, hat man heuer wohl ein paar Probleme:<\/p>\n<p>Riksgr\u00e4nsen meldet zwar 140cm Schneeh\u00f6he, hat aber derzeit nur die beiden Sessellifte offen &#8211; und offiziell keine Talabfahrt ge\u00f6ffnet. Der ganze Bereich mit den KSSL und Kurvenlift ist auch noch zu. Kann man sich bei der Schneeh\u00f6henmeldung ja eigentlich nicht vorstellen?!<\/p>\n<p>In Bj\u00f6rkliden ist immerhin knapp die H\u00e4lfte offen, nachdem der lange SL vor ein paar Tagen in Betrieb genommen wurde. <\/p>\n<p>In Abisko hat man in den letzten Tagen oft zu gehabt wegen Wind und Neuschnee, aber nun zumindest doch auch mal offen gehabt.<\/p>\n<p>Dazu sind f\u00fcr n\u00e4chste Woche durchgehend zweistellige Minustemperaturen vorhergesagt mit zum Wochenende hin mehrmals bis zu -20\u00b0.<\/p>\n<p>Hier in Kiruna hab ich erstmals \u00fcber hotels.com gebucht, da das Hostel dort den g\u00fcnstigsten Preis hatte &#8211; um 62,- \u20ac inkl. Fr\u00fchst\u00fcck allerdings trotzdem nicht sehr g\u00fcnstig. Aber die anderen Unterk\u00fcnfte in Kiruna waren noch teurer. <\/p>\n<p>Nach dem Check-In ging&#8217;s noch etwas Einkaufen (so g\u00fcnstig wie hier werd ich in Absiko\/Riksgr\u00e4nsen wohl nichts bekommen) und ich nahm mir eine Pizza mit &#8211; vermutlich die gleiche wie letztes Jahr, Kebap\/Chicken\/Rentier. Hob mir ca. die H\u00e4lfte f\u00fcr morgen auf.<\/p>\n<p><a href='http:\/\/extra.inmontanis.info\/d\/61685-2\/DSC05503.jpg'><img src=http:\/\/extra.inmontanis.info\/d\/61684-3\/DSC05503.jpg \/><\/a><br \/>\n^ Zwischen G\u00e4llivare und Kiruna. Zur Abwechslung mal keine Sonne beim Autofahren, die Stra\u00dfenverh\u00e4ltnisse erfordern heute hohe Konzentration<\/p>\n<p><a href='http:\/\/extra.inmontanis.info\/d\/61689-2\/DSC05510.jpg'><img src=http:\/\/extra.inmontanis.info\/d\/61688-3\/DSC05510.jpg \/><\/a><br \/>\n^ Die neue E10-Umfahrung in Kiruna nach rechts ist nun komplett fertig (der Abschnitt hier war letzten Mai ja noch nicht fertig)<\/p>\n<p><a href='http:\/\/extra.inmontanis.info\/d\/61693-2\/DSC05513.jpg'><img src=http:\/\/extra.inmontanis.info\/d\/61692-3\/DSC05513.jpg \/><\/a><br \/>\n^ Kiruna<\/p>\n<p><a href='http:\/\/extra.inmontanis.info\/d\/61697-2\/DSC05514.jpg'><img src=http:\/\/extra.inmontanis.info\/d\/61696-3\/DSC05514.jpg \/><\/a><br \/>\n^ Heutiges Hostelzimmer, mit eigenem WC (aber ohne Dusche)<\/p>\n<p><a href='http:\/\/extra.inmontanis.info\/d\/61701-2\/DSC05516.jpg'><img src=http:\/\/extra.inmontanis.info\/d\/61700-3\/DSC05516.jpg \/><\/a><br \/>\n^ Pizza mit H\u00fchnchen, Kebap und Rentierfleisch<\/p>\n<p>Kiruna, da war ja letztes Jahr eine unsch\u00f6ne Sache, die n\u00e4chtlichen Sprengungen samt damals folgendem Erdbeben. Wobei mich die Sprengung ja komischerweise nur in einer Nacht weckte, wo es dann sp\u00e4ter das Erdbeben gab. Obwohl die Sprengung lt. Informationen im Internet t\u00e4glich um ca. 1:20-1:30 sein soll&#8230;<\/p>\n<p>Wieder einmal gibt es also 2 M\u00f6glichkeiten:<br \/>\n1: Ins Bett gehen und hoffen, dass sie heute nicht sprengen oder ich nicht wach werde<br \/>\n2: wach bleiben und darauf vorbereit sein, um weniger schlimm zu erschrecken.<\/p>\n<p>Gegen 2 spricht, dass ich nicht zu sp\u00e4t fr\u00fchst\u00fccken m\u00f6chte, morgen k\u00f6nnte es halbwegs sonnig werden in Abisko. F\u00fcr 2 spricht immerhin, dass ich vergangene Nacht 8 Stunden geschlafen hab.<\/p>\n<p>Apropos Fr\u00fchst\u00fcck &#8211; das ist im Hotel-Haus, man muss also vom Hostel \u00fcber den Parkplatz und noch ein St\u00fcck weiter gehen.<\/p>\n<p>Ich blieb auf, h\u00f6rte aber keine Sprengung. Ging um kurz nach 1:30 Uhr ins Bett. Um 2 Uhr schreckte ich auf, weil mein Handy schrillte, und zwar sehr laut. Dachte erst, ich h\u00e4tte den Wecker falsch eingestellt, aber einige Zeit sp\u00e4ter fing mein Gehirn zu denken an, dass das ein anderer Ton war. Am anderen Handy sah ich im Notification-Bereich &#8220;Skype Anruf begonnen vor 6 Minuten&#8221; &#8211; was zum?! Irgendjemand fremdes kann mich mitten in der Nacht anrufen und warum ist der Anruf angenommen?! Ich sperrte den mir unbekannten Account. Wie kann jemand fremdes mich via Skype einfach anrufen?! Anscheinend wurde die alte Einstellung, wonach mir keiner einfach irgendwas mailen kann, aufgehoben oder irgendwann nicht richtig umgesetzt?! Finde am Handy noch nicht mal eine derartige Option. Und am PC hei\u00dfts nur &#8220;auf diesem Ger\u00e4t&#8221; .. Hab mal wenigstens den Ton ausgeschaltet. Was f\u00fcr ein Bl\u00f6dsinn.<\/p>\n<p>Das Fr\u00fchst\u00fcck am n\u00e4chsten Tag im Hauptgeb\u00e4ude war dann klassisch mit Fr\u00fchst\u00fccksbuffet und einem Saal voller Leute, wie ich es seit einem Jahr nicht mehr erlebt hatte. Zeitweise war kein Tisch mehr frei. Zus\u00e4tzlich zu den Franzosen im Hostel waren dort noch Inder und weitere Nationalit\u00e4ten.<\/p>\n","protected":false},"excerpt":{"rendered":"<p>6.3.2021<\/p>\n<p>Da mir nicht bekannt ist, was ich mit der Zimmer-Keycard machen soll, au\u00dfer sie dann nach 10 Uhr zur Rezeption = Liftkasse zu bringen, konnte ich mir dort auch einen Skipass kaufen (statt online), falls ich heut nochmal hier fahren m\u00f6chte. <\/p>\n<p>Der Wind hatte sich \u00fcber Nacht gelegt und es war morgens bedeckt, <a href=\"http:\/\/blog.inmontanis.info\/?p=6615\">[&#8230;]<\/a><\/p>\n","protected":false},"author":1,"featured_media":0,"comment_status":"closed","ping_status":"closed","sticky":false,"template":"","format":"standard","meta":{"footnotes":""},"categories":[184,682,19,27],"tags":[56],"class_list":["post-6615","post","type-post","status-publish","format-standard","hentry","category-2021-01-skandinavien","category-dundret","category-schwedensweden","category-skifahren-winterskiing-winter","tag-6sb","odd"],"_links":{"self":[{"href":"http:\/\/blog.inmontanis.info\/index.php?rest_route=\/wp\/v2\/posts\/6615","targetHints":{"allow":["GET"]}}],"collection":[{"href":"http:\/\/blog.inmontanis.info\/index.php?rest_route=\/wp\/v2\/posts"}],"about":[{"href":"http:\/\/blog.inmontanis.info\/index.php?rest_route=\/wp\/v2\/types\/post"}],"author":[{"embeddable":true,"href":"http:\/\/blog.inmontanis.info\/index.php?rest_route=\/wp\/v2\/users\/1"}],"replies":[{"embeddable":true,"href":"http:\/\/blog.inmontanis.info\/index.php?rest_route=%2Fwp%2Fv2%2Fcomments&post=6615"}],"version-history":[{"count":2,"href":"http:\/\/blog.inmontanis.info\/index.php?rest_route=\/wp\/v2\/posts\/6615\/revisions"}],"predecessor-version":[{"id":6617,"href":"http:\/\/blog.inmontanis.info\/index.php?rest_route=\/wp\/v2\/posts\/6615\/revisions\/6617"}],"wp:attachment":[{"href":"http:\/\/blog.inmontanis.info\/index.php?rest_route=%2Fwp%2Fv2%2Fmedia&parent=6615"}],"wp:term":[{"taxonomy":"category","embeddable":true,"href":"http:\/\/blog.inmontanis.info\/index.php?rest_route=%2Fwp%2Fv2%2Fcategories&post=6615"},{"taxonomy":"post_tag","embeddable":true,"href":"http:\/\/blog.inmontanis.info\/index.php?rest_route=%2Fwp%2Fv2%2Ftags&post=6615"}],"curies":[{"name":"wp","href":"https:\/\/api.w.org\/{rel}","templated":true}]}}