{"id":6612,"date":"2021-03-05T19:30:46","date_gmt":"2021-03-05T18:30:46","guid":{"rendered":"http:\/\/blog.inmontanis.info\/?p=6612"},"modified":"2023-08-05T13:22:12","modified_gmt":"2023-08-05T11:22:12","slug":"dundret-5-3-2021","status":"publish","type":"post","link":"http:\/\/blog.inmontanis.info\/?p=6612","title":{"rendered":"Dundret, 5.3.2021"},"content":{"rendered":"<p><strong>5.3.2021<\/strong><\/p>\n<p>Gestern Abend wurden die Lichter zwar zeitig abgeschaltet, es war auch klarer Himmel, aber keine st\u00e4rkeren Nordlichtaktivit\u00e4ten, nur einmal kurz.<\/p>\n<p><a href='http:\/\/ski.inmontanis.info\/d\/287582-2\/DSC05451.jpg'><img src=http:\/\/ski.inmontanis.info\/d\/287581-3\/DSC05451.jpg \/><\/a><br \/>\n^ 18:21 Uhr (1,3sec)<\/p>\n<p><a href='http:\/\/ski.inmontanis.info\/d\/287586-2\/DSC05457.jpg'><img src=http:\/\/ski.inmontanis.info\/d\/287585-3\/DSC05457.jpg \/><\/a><br \/>\n^ Um 19:35 bereits alle Pistenlichter aus + klarer Himmel. Fehlen nur noch die Polarlichter&#8230; (8sec)<\/p>\n<p><a href='http:\/\/ski.inmontanis.info\/d\/287590-2\/DSC05462.jpg'><img src=http:\/\/ski.inmontanis.info\/d\/287589-3\/DSC05462.jpg \/><\/a><br \/>\n^ Erst um 22:25 w\u00e4re mir eine kurze, gr\u00f6\u00dfere Aktvit\u00e4t aufgefallen (8sec)<\/p>\n<p><a href='http:\/\/ski.inmontanis.info\/d\/287594-2\/DSC05466.jpg'><img src=http:\/\/ski.inmontanis.info\/d\/287593-3\/DSC05466.jpg \/><\/a><br \/>\n^ 22:32, es k\u00f6chelte dann nur noch leicht vor sich hin.. (8sec)<\/p>\n<p>Laut Facebook-Eintrag h\u00e4tte von der fr\u00fch weg die 6KSB in Betrieb sein sollen. Wurde auch um 9 Uhr ausgaragiert, ging aber nicht in Betrieb. Erst nach 11 Uhr wurder der Fj\u00e4lliften in Betrieb genommen. So windig kam es mir heute aber nicht vor. Um 15 Uhr lief dann doch noch die 6KSB, aber ich machte erst mal Pause und a\u00df etwas und w\u00e4rmte mich auf, bevor ich heut nochmals bis abends weiterfahren wollte. Wetterm\u00e4\u00dfig hatte man nachmittags eh nichts verpasst.<\/p>\n<p><a href='http:\/\/ski.inmontanis.info\/d\/287598-2\/DSC05467.jpg'><img src=http:\/\/ski.inmontanis.info\/d\/287597-3\/DSC05467.jpg \/><\/a><br \/>\n^ S\u00fcdpano mit den linken beiden Abfahrten<\/p>\n<p><a href='http:\/\/ski.inmontanis.info\/d\/287602-2\/DSC05468.jpg'><img src=http:\/\/ski.inmontanis.info\/d\/287601-3\/DSC05468.jpg \/><\/a><br \/>\n^ S\u00fcdpano<\/p>\n<p><a href='http:\/\/ski.inmontanis.info\/d\/287606-2\/DSC05471.jpg'><img src=http:\/\/ski.inmontanis.info\/d\/287605-3\/DSC05471.jpg \/><\/a><br \/>\n^ Erg\u00e4nzung zu gestern, links der Weg aus dem Graben, hinter mir die Verbindung zur Langlaufloipe\/Stugliften, rechts die Abzweigung richtung Kreuzung und in Bildmitte m\u00fcsste dann irgendwo der ehemalige Verbindungsweg vom rechten Soldalen-SL runtergekommen sein &#8211; aber schon alles zu verwachsen.<\/p>\n<p><a href='http:\/\/ski.inmontanis.info\/d\/287610-2\/DSC05473.jpg'><img src=http:\/\/ski.inmontanis.info\/d\/287609-3\/DSC05473.jpg \/><\/a><br \/>\n^ Offpiste rechts der 6KSB, den sch\u00f6neren unteren Teil erreicht man ja auch mit dem Mellanliften, also fuhr ich da ein paar Mal.<\/p>\n<p><a href='http:\/\/ski.inmontanis.info\/d\/287614-2\/DSC05475.jpg'><img src=http:\/\/ski.inmontanis.info\/d\/287613-3\/DSC05475.jpg \/><\/a><br \/>\n^ .. man kommt eigentlich problemlos \u00fcberall durch, wenn man den Spuren folgt<\/p>\n<p><a href='http:\/\/ski.inmontanis.info\/d\/287618-2\/DSC05477.jpg'><img src=http:\/\/ski.inmontanis.info\/d\/287617-3\/DSC05477.jpg \/><\/a><br \/>\n^ .. wobei man hier und da schon aufpassen muss. (Ich ahnte es zeitig und fuhr rechts rum)<\/p>\n<p><a href='http:\/\/extra.inmontanis.info\/d\/61681-2\/DSC05479.jpg'><img src=http:\/\/extra.inmontanis.info\/d\/61680-3\/DSC05479.jpg \/><\/a><br \/>\n^ Heutiges TK-Essen: Chicken Nuggets mit Kroketten, Chili-Bearnaise, Bohnen und s\u00fc\u00dfsauer eingelegten roten Zwiebeln<\/p>\n<p>Etwas nach 16 Uhr ging ich wieder los und fuhr heute endlich die 6KSB (samt rechter Au\u00dfenrumabfahrt), allerdings war es wieder st\u00fcrmischer als vorhin. Diesmal kam der Sturm genau von vorne und zwar auf ganzer Strecke. So war immerhin die direkte Abfahrt daneben mal sturmfrei abzufahren. Als ich mir dann \u00fcberlegt hatte &#8220;das war&#8217;s, mir reichts mit dem Sturm&#8221; wurde die 6KSB auch eingestellt (ca. 17:15-17:20 Uhr). Ich fuhr noch 2x den Mellanlift und h\u00f6rte 5-10min sp\u00e4ter auf als gestern, also kurz nach 17:30 und bin wieder nicht bis 18 Uhr geblieben &#8211; der Sturm war mir auch im SL zu kalt.<\/p>\n<p><a href='http:\/\/ski.inmontanis.info\/d\/287622-2\/DSC05481.jpg'><img src=http:\/\/ski.inmontanis.info\/d\/287621-3\/DSC05481.jpg \/><\/a><br \/>\n^ 6KSB um 16:19<\/p>\n<p><a href='http:\/\/ski.inmontanis.info\/d\/287626-2\/DSC05482.jpg'><img src=http:\/\/ski.inmontanis.info\/d\/287625-3\/DSC05482.jpg \/><\/a><br \/>\n^ SL Fj\u00e4lliften (17:18)<\/p>\n<p><a href='http:\/\/ski.inmontanis.info\/d\/287630-2\/DSC05484.jpg'><img src=http:\/\/ski.inmontanis.info\/d\/287629-3\/DSC05484.jpg \/><\/a><br \/>\n^ 6KSB und Blick nach G\u00e4llivare (17:25)<\/p>\n<p><a href='http:\/\/ski.inmontanis.info\/d\/287634-2\/DSC05487.jpg'><img src=http:\/\/ski.inmontanis.info\/d\/287633-3\/DSC05487.jpg \/><\/a><br \/>\n^ 17:35, mir ists zu st\u00fcrmisch-eisig, es reicht.<\/p>\n<p>Die Pistenbeleuchtung wurde bereits um 18:20 komplett ausgeschaltet. Aber da es ja weiterhin bedeckt war, brauchte man nicht weiter auf Nordlichter zu achten. Und die Sturmb\u00f6en machten abends wieder einen gro\u00dfen L\u00e4rm&#8230;<\/p>\n","protected":false},"excerpt":{"rendered":"<p>5.3.2021<\/p>\n<p>Gestern Abend wurden die Lichter zwar zeitig abgeschaltet, es war auch klarer Himmel, aber keine st\u00e4rkeren Nordlichtaktivit\u00e4ten, nur einmal kurz.<\/p>\n<p> ^ 18:21 Uhr (1,3sec)<\/p>\n<p> ^ Um 19:35 bereits alle Pistenlichter aus + klarer Himmel. Fehlen nur noch die Polarlichter&#8230; (8sec)<\/p>\n<p> ^ Erst um 22:25 w\u00e4re mir eine kurze, gr\u00f6\u00dfere Aktvit\u00e4t aufgefallen <a href=\"http:\/\/blog.inmontanis.info\/?p=6612\">[&#8230;]<\/a><\/p>\n","protected":false},"author":1,"featured_media":0,"comment_status":"closed","ping_status":"closed","sticky":false,"template":"","format":"standard","meta":{"footnotes":""},"categories":[184,682,19,27],"tags":[56,100,65,96,47],"class_list":["post-6612","post","type-post","status-publish","format-standard","hentry","category-2021-01-skandinavien","category-dundret","category-schwedensweden","category-skifahren-winterskiing-winter","tag-6sb","tag-langzeitbelichtung","tag-nachtski","tag-polarlicht","tag-sl","odd"],"_links":{"self":[{"href":"http:\/\/blog.inmontanis.info\/index.php?rest_route=\/wp\/v2\/posts\/6612","targetHints":{"allow":["GET"]}}],"collection":[{"href":"http:\/\/blog.inmontanis.info\/index.php?rest_route=\/wp\/v2\/posts"}],"about":[{"href":"http:\/\/blog.inmontanis.info\/index.php?rest_route=\/wp\/v2\/types\/post"}],"author":[{"embeddable":true,"href":"http:\/\/blog.inmontanis.info\/index.php?rest_route=\/wp\/v2\/users\/1"}],"replies":[{"embeddable":true,"href":"http:\/\/blog.inmontanis.info\/index.php?rest_route=%2Fwp%2Fv2%2Fcomments&post=6612"}],"version-history":[{"count":2,"href":"http:\/\/blog.inmontanis.info\/index.php?rest_route=\/wp\/v2\/posts\/6612\/revisions"}],"predecessor-version":[{"id":6614,"href":"http:\/\/blog.inmontanis.info\/index.php?rest_route=\/wp\/v2\/posts\/6612\/revisions\/6614"}],"wp:attachment":[{"href":"http:\/\/blog.inmontanis.info\/index.php?rest_route=%2Fwp%2Fv2%2Fmedia&parent=6612"}],"wp:term":[{"taxonomy":"category","embeddable":true,"href":"http:\/\/blog.inmontanis.info\/index.php?rest_route=%2Fwp%2Fv2%2Fcategories&post=6612"},{"taxonomy":"post_tag","embeddable":true,"href":"http:\/\/blog.inmontanis.info\/index.php?rest_route=%2Fwp%2Fv2%2Ftags&post=6612"}],"curies":[{"name":"wp","href":"https:\/\/api.w.org\/{rel}","templated":true}]}}