{"id":6609,"date":"2021-03-04T21:26:52","date_gmt":"2021-03-04T20:26:52","guid":{"rendered":"http:\/\/blog.inmontanis.info\/?p=6609"},"modified":"2023-08-05T13:22:15","modified_gmt":"2023-08-05T11:22:15","slug":"dundret-4-3-2021","status":"publish","type":"post","link":"http:\/\/blog.inmontanis.info\/?p=6609","title":{"rendered":"Dundret, 4.3.2021"},"content":{"rendered":"<p><strong>4.3.2021<\/strong><\/p>\n<p>Nordlichtfotos am Vorabend gab es keine, da eine der unteren Abfahrten bis sp\u00e4t abends beleuchtet war, es wurde sogar dort Ski gefahren. Blieb dann bis mindestens nach 23 Uhr beleuchtet. Himmel w\u00e4re zu der Zeit halb-klar gewesen.<\/p>\n<p>Der Tag begann wieder sonnig und sogar mal mit der 6KSB in Betrieb. Trotzdem war es oben sehr windig und die Temperaturen n\u00e4hern sich wieder zweistelligen Werten. Minuswerten, wohlgemerkt.<\/p>\n<p>Ich fuhr gleich mal rechts in den Offpiste-Bereich, wo es oben zwar nervig war, sp\u00e4ter aber doch wieder ein paar brauchbare Stellen gab. Nach ein paar weiteren Fahrten hier wie dort zog es mich nach Mittag zum stillgelegten Soldalen-SL, wo ich ja die Retour-Verbindung fahren wollte. Hinsichtlich der Hin-Verbindung bin ich mir aber nach wie vor nicht schl\u00fcssig&#8230; \u00dcber das Plateau mit einem kleinen Seillift k\u00f6nnte man den Lift jedenfalls problemlos anbinden und die Retourverbindung ist auch kein Problem. Tja, schade, schade. W\u00fcrde das Skigebiet hier echt um einiges aufwerten.<\/p>\n<p>Der Nachmittag verlief dann leider wieder recht bedeckt, aber der Sturm lie\u00df nicht nach. Fuhr recht langsam und machte immer wieder Pausen, um mich aufzuw\u00e4rmen und nicht zu oft die windige KSB fahren zu m\u00fcssen. Offene Restaurants \/ Cafes o.\u00e4. scheint es momentan im Skigebiet nicht zu geben, n\u00e4chste Woche soll wohl das eine Restaurant am Parkplatz \u00f6ffnen.<\/p>\n<p>Da es sp\u00e4ter wieder besser wurde, zwang ich mich halt doch dazu, die K\u00e4lte auszuhalten, zumindest bis ca. 17:30 Uhr. W\u00e4r ja gern ein paar mal \u00f6fters die 6KSB zum Gipfel zwischen 16 und 18 Uhr gefahren, aber der starke, eisige Wind war mir einfach zu kalt.<\/p>\n<p><a href='http:\/\/ski.inmontanis.info\/d\/287386-2\/DSC05367.jpg'><img src=http:\/\/ski.inmontanis.info\/d\/287385-3\/DSC05367.jpg \/><\/a><br \/>\n^ 6KSB und Funpark, f\u00fcr den man besser den Mellanlift nimmt und am 1. oder 2. Ausstieg aussteigt.<\/p>\n<p><a href='http:\/\/ski.inmontanis.info\/d\/287390-2\/DSC05368.jpg'><img src=http:\/\/ski.inmontanis.info\/d\/287389-3\/DSC05368.jpg \/><\/a><br \/>\n^ 6KSB<\/p>\n<p><a href='http:\/\/ski.inmontanis.info\/d\/287394-2\/DSC05369.jpg'><img src=http:\/\/ski.inmontanis.info\/d\/287393-3\/DSC05369.jpg \/><\/a><br \/>\n^ Offpiste rechts der 6KSB. Vorteil des wingepressten Vereisungen: Man sieht alle Steine.<\/p>\n<p><a href='http:\/\/ski.inmontanis.info\/d\/287398-2\/DSC05370.jpg'><img src=http:\/\/ski.inmontanis.info\/d\/287397-3\/DSC05370.jpg \/><\/a><br \/>\n^ Talblick von neben der 6KSB Bergstation<\/p>\n<p><a href='http:\/\/ski.inmontanis.info\/d\/287402-2\/DSC05371.jpg'><img src=http:\/\/ski.inmontanis.info\/d\/287401-3\/DSC05371.jpg \/><\/a><br \/>\n^ 6KSB<\/p>\n<p><a href='http:\/\/ski.inmontanis.info\/d\/287406-2\/DSC05372.jpg'><img src=http:\/\/ski.inmontanis.info\/d\/287405-3\/DSC05372.jpg \/><\/a><br \/>\n^ Wie gesgt, stellenweise gings ganz gut. Manchmal gabs aber auch ein Feld mit  30cm tiefen Furchen.<\/p>\n<p><a href='http:\/\/ski.inmontanis.info\/d\/287410-2\/DSC05376.jpg'><img src=http:\/\/ski.inmontanis.info\/d\/287409-3\/DSC05376.jpg \/><\/a><br \/>\n^ Weiter unten gings ebenfalls recht gut<\/p>\n<p><a href='http:\/\/ski.inmontanis.info\/d\/287414-2\/DSC05377.jpg'><img src=http:\/\/ski.inmontanis.info\/d\/287413-3\/DSC05377.jpg \/><\/a><br \/>\n^ Gibt sogar eine Schneise durch den Wald ..<\/p>\n<p><a href='http:\/\/ski.inmontanis.info\/d\/287418-2\/DSC05379.jpg'><img src=http:\/\/ski.inmontanis.info\/d\/287417-3\/DSC05379.jpg \/><\/a><br \/>\n^ .. die w\u00e4r andernorts als Abfahrt eingezeichnet ;)<\/p>\n<p><a href='http:\/\/ski.inmontanis.info\/d\/287422-2\/DSC05380.jpg'><img src=http:\/\/ski.inmontanis.info\/d\/287421-3\/DSC05380.jpg \/><\/a><br \/>\n^ Unpr\u00e4parierter Steilhang zwischen den SL &#8211; aber mit Beleuchtung<\/p>\n<p><a href='http:\/\/ski.inmontanis.info\/d\/287426-2\/DSC05382.jpg'><img src=http:\/\/ski.inmontanis.info\/d\/287425-3\/DSC05382.jpg \/><\/a><br \/>\n^ Von der rechten Au\u00dfenrumabfahrt 8 zweigte heute eine Raupenspur in den Graben ab<\/p>\n<p><a href='http:\/\/ski.inmontanis.info\/d\/287430-2\/DSC05383.jpg'><img src=http:\/\/ski.inmontanis.info\/d\/287429-3\/DSC05383.jpg \/><\/a><br \/>\n^ War zwar nicht den ganzen Tag so leer, aber .. los war auch heute nicht viel. Talstation SL Mellanliften und 6KSB<\/p>\n<p><a href='http:\/\/ski.inmontanis.info\/d\/287434-2\/DSC05384.jpg'><img src=http:\/\/ski.inmontanis.info\/d\/287433-3\/DSC05384.jpg \/><\/a><br \/>\n^ Auf der Traverse zum stillgelegten SL<\/p>\n<p><a href='http:\/\/ski.inmontanis.info\/d\/287438-2\/DSC05385.jpg'><img src=http:\/\/ski.inmontanis.info\/d\/287437-3\/DSC05385.jpg \/><\/a><br \/>\n^ Rechts gehts in den graben, geradeaus zum ehemaligen Soldalen-SL<\/p>\n<p><a href='http:\/\/ski.inmontanis.info\/d\/287442-2\/DSC05386.jpg'><img src=http:\/\/ski.inmontanis.info\/d\/287441-3\/DSC05386.jpg \/><\/a><br \/>\n^ Hochplateau<\/p>\n<p><a href='http:\/\/ski.inmontanis.info\/d\/287446-2\/DSC05388.jpg'><img src=http:\/\/ski.inmontanis.info\/d\/287445-3\/DSC05388.jpg \/><\/a><br \/>\n^ Auf einem pr\u00e4parierten Weg w\u00e4re man da schnell raufgegangen, aber zeitweise sank man zu tief ein, also lie\u00df ich die Ski an.<\/p>\n<p><a href='http:\/\/ski.inmontanis.info\/d\/287450-2\/DSC05389.jpg'><img src=http:\/\/ski.inmontanis.info\/d\/287449-3\/DSC05389.jpg \/><\/a><br \/>\n^ Hochplateau<\/p>\n<p><a href='http:\/\/ski.inmontanis.info\/d\/287454-2\/DSC05390.jpg'><img src=http:\/\/ski.inmontanis.info\/d\/287453-3\/DSC05390.jpg \/><\/a><br \/>\n^ Blick r\u00fcber zur 6KSB-Bergstation und rechter Au\u00dfenrumabfahrt 8<\/p>\n<p><a href='http:\/\/ski.inmontanis.info\/d\/287458-2\/DSC05392.jpg'><img src=http:\/\/ski.inmontanis.info\/d\/287457-3\/DSC05392.jpg \/><\/a><br \/>\n^ Ex-Soldalen-SL<\/p>\n<p><a href='http:\/\/ski.inmontanis.info\/d\/287462-2\/DSC05395.jpg'><img src=http:\/\/ski.inmontanis.info\/d\/287461-3\/DSC05395.jpg \/><\/a><br \/>\n^ Ex-Soldalen-SL<\/p>\n<p><a href='http:\/\/ski.inmontanis.info\/d\/287466-2\/DSC05397.jpg'><img src=http:\/\/ski.inmontanis.info\/d\/287465-3\/DSC05397.jpg \/><\/a><br \/>\n^ Ex-Soldalen-SL<\/p>\n<p><a href='http:\/\/ski.inmontanis.info\/d\/287470-2\/DSC05401.jpg'><img src=http:\/\/ski.inmontanis.info\/d\/287469-3\/DSC05401.jpg \/><\/a><br \/>\n^ Diese Schilder hab ich im Mai wohl \u00fcbersehen. Es zeigt die Richtung zu Stug- und Toppliften an (gleicher Weg wohl) und rechts am oberen Schild fehlt leider die H\u00e4lfte. NNAN &#8230;vielleicht der Name der rechten Abfahrt oder der Name des Lifts?<\/p>\n<p><a href='http:\/\/ski.inmontanis.info\/d\/287474-2\/DSC05405.jpg'><img src=http:\/\/ski.inmontanis.info\/d\/287473-3\/DSC05405.jpg \/><\/a><br \/>\n^ Die Verbindungsabfahrt retour, die ich fahren wollte, ist von oben her nicht zu verfehlen<\/p>\n<p><a href='http:\/\/ski.inmontanis.info\/d\/287478-2\/DSC05408.jpg'><img src=http:\/\/ski.inmontanis.info\/d\/287477-3\/DSC05408.jpg \/><\/a><br \/>\n^ Tja, schade dass der Lift nicht mehr l\u00e4uft ..<\/p>\n<p><a href='http:\/\/ski.inmontanis.info\/d\/287482-2\/DSC05410.jpg'><img src=http:\/\/ski.inmontanis.info\/d\/287481-3\/DSC05410.jpg \/><\/a><br \/>\n^ Ex-Verbindungsabfahrt<\/p>\n<p><a href='http:\/\/ski.inmontanis.info\/d\/287486-2\/DSC05412.jpg'><img src=http:\/\/ski.inmontanis.info\/d\/287485-3\/DSC05412.jpg \/><\/a><br \/>\n^ Ex-Verbindungsabfahrt<\/p>\n<p><a href='http:\/\/ski.inmontanis.info\/d\/287490-2\/DSC05414.jpg'><img src=http:\/\/ski.inmontanis.info\/d\/287489-3\/DSC05414.jpg \/><\/a><br \/>\n^ Man kommt am ja ebenfalls stillgelegten Schanzen-SL vorbei<\/p>\n<p><a href='http:\/\/ski.inmontanis.info\/d\/287494-2\/DSC05417.jpg'><img src=http:\/\/ski.inmontanis.info\/d\/287493-3\/DSC05417.jpg \/><\/a><br \/>\n^ Abzweigung, der linke Hang scheint einen etwas steileren Hang geradeaus zu umfahren (siehe GPS-Track); in Bildmitte erkannte ich ein altes Schild &#8230;<\/p>\n<p><a href='http:\/\/ski.inmontanis.info\/d\/287498-2\/DSC05418.jpg'><img src=http:\/\/ski.inmontanis.info\/d\/287497-3\/DSC05418.jpg \/><\/a><br \/>\n^ Blick zum Hauptskigebiet<\/p>\n<p><a href='http:\/\/ski.inmontanis.info\/d\/287502-2\/DSC05419.jpg'><img src=http:\/\/ski.inmontanis.info\/d\/287501-3\/DSC05419.jpg \/><\/a><br \/>\n^ Das Schild zeigt also Richtung Toppliften rechts an, sah mir aber etwas verwachsen aus und wollte daher lieber den Hang links fahren. Da steht Bj\u00f6rnf\u00e4llan angeschrieben..<\/p>\n<p><a href='http:\/\/ski.inmontanis.info\/d\/287506-2\/DSC05420.jpg'><img src=http:\/\/ski.inmontanis.info\/d\/287505-3\/DSC05420.jpg \/><\/a><br \/>\n^ Bj\u00f6rnf\u00e4llan ist der Name des Hotels am H\u00fcgel gegen\u00fcber, zu dem von rechts der Stugliften rauff\u00fchrt. Von hier aus m\u00fcsste man also ein ziemliches St\u00fcck bergauf gehen &#8211; dann doch lieber zum Stugliften runter und mit dem rauf? Kurz gesagt, es macht wenig Sinn, warum man mit Bj\u00f6rnf\u00e4llan am Schild vorhin das Hotel meinen sollte?!<\/p>\n<p><a href='http:\/\/ski.inmontanis.info\/d\/287510-2\/DSC05422.jpg'><img src=http:\/\/ski.inmontanis.info\/d\/287509-3\/DSC05422.jpg \/><\/a><br \/>\n^ Jedenfalls kommt man auch von der ehemaligen Piste nach ein paar Skatingschritten auf der Loipe problemlos zum Stugliften.<\/p>\n<p><a href='http:\/\/ski.inmontanis.info\/d\/287514-2\/DSC05426.jpg'><img src=http:\/\/ski.inmontanis.info\/d\/287513-3\/DSC05426.jpg \/><\/a><br \/>\n^ Wieder oben und nochmals im Graben gewesen, wollte ich die gestern schon betrachtete Abzweigung unten fahren, wo ich dann rechts abgebogen bin. K\u00f6nnte ja evtl. die Verbindung hin zum Soldalen-SL gewesen sein, wenn man \u00fcber den Graben f\u00e4hrt?!<\/p>\n<p><a href='http:\/\/ski.inmontanis.info\/d\/287518-2\/DSC05428.jpg'><img src=http:\/\/ski.inmontanis.info\/d\/287517-3\/DSC05428.jpg \/><\/a><br \/>\n^ Man kommt jedenfalls hier raus, also bei der Abfahrt, die ich zuvor gefahren bin mit dem Wegweiser Bj\u00f6rnf\u00e4llan<\/p>\n<p><a href='http:\/\/ski.inmontanis.info\/d\/287522-2\/DSC05429.jpg'><img src=http:\/\/ski.inmontanis.info\/d\/287521-3\/DSC05429.jpg \/><\/a><br \/>\n^ Die ger\u00e4umte Stra\u00dfe hier geht ja zum Soldalen-SL runter, die bin ich ja letzten Mai mit dem Auto gefahren, allerdings nur bis zum Schanzenlift. Also man kommt so schon auch zum Soldalen-SL, evtl. etwas schieben.<\/p>\n<p><a href='http:\/\/ski.inmontanis.info\/d\/287526-2\/DSC05430.jpg'><img src=http:\/\/ski.inmontanis.info\/d\/287525-3\/DSC05430.jpg \/><\/a><br \/>\n^ Ein Schild zum Naturreservat h\u00e4ngt rum, demnach ist Schneemobilfahren \u00fcberall verboten &#8211; trotzdem gibts aktuell aber die mit dem roten X markierten Skooter-Wege.<\/p>\n<p><a href='http:\/\/ski.inmontanis.info\/d\/287530-2\/DSC05431.jpg'><img src=http:\/\/ski.inmontanis.info\/d\/287529-3\/DSC05431.jpg \/><\/a><br \/>\n^ Auf der Karte ist der stillegelete Soldalen-SL noch eingezeichnet &#8211; und zwei im Hauptgebiet, sowie der Stugliften. Kein Schanzenlift, kein Mellanlift oder evtl. andere.<\/p>\n<p><a href='http:\/\/ski.inmontanis.info\/d\/287534-2\/ge20210304a.jpg'><img src=http:\/\/ski.inmontanis.info\/d\/287533-3\/ge20210304a.jpg \/><\/a><br \/>\n^ Hier nochmal im Sat-Bild, rechts in Rot der ehemalige Soldalen-SL, daneben in Rosa der ebenfalls derzeit stillgelegte Schanzen-SL dar\u00fcber die vorhin gefahrene ehemalige Verbindungsabfahrt; in wei\u00df der Weg, der dem letzten Schild nach die Verbindungsabfahrt war &#8211; somit erkl\u00e4rt sich auch die breitere Schneise am Ende des Grabens, das war also fr\u00fcher ein Teil der Verbindungsabfahrt.<\/p>\n<p><a href='http:\/\/ski.inmontanis.info\/d\/287538-2\/DSC05433.jpg'><img src=http:\/\/ski.inmontanis.info\/d\/287537-3\/DSC05433.jpg \/><\/a><br \/>\n^ Offpiste neben der linken Au\u00dfenrumabfahrt 1<\/p>\n<p><a href='http:\/\/ski.inmontanis.info\/d\/287542-2\/DSC05436.jpg'><img src=http:\/\/ski.inmontanis.info\/d\/287541-3\/DSC05436.jpg \/><\/a><br \/>\n^ Talblick nach G\u00e4llivare um 16:08 Uhr<\/p>\n<p><a href='http:\/\/ski.inmontanis.info\/d\/287546-2\/DSC05437.jpg'><img src=http:\/\/ski.inmontanis.info\/d\/287545-3\/DSC05437.jpg \/><\/a><br \/>\n^ Ex-Toppliften um 16:26 Uhr, sch\u00f6ne Lichtstimmung, aber eisiger Sturm.<\/p>\n<p><a href='http:\/\/ski.inmontanis.info\/d\/287550-2\/DSC05440.jpg'><img src=http:\/\/ski.inmontanis.info\/d\/287549-3\/DSC05440.jpg \/><\/a><br \/>\n^ Talblick mit 6KSB um 16:32<\/p>\n<p><a href='http:\/\/ski.inmontanis.info\/d\/287554-2\/DSC05441.jpg'><img src=http:\/\/ski.inmontanis.info\/d\/287553-3\/DSC05441.jpg \/><\/a><br \/>\n^ Abfahrt 4<\/p>\n<p><a href='http:\/\/ski.inmontanis.info\/d\/287558-2\/DSC05442.jpg'><img src=http:\/\/ski.inmontanis.info\/d\/287557-3\/DSC05442.jpg \/><\/a><br \/>\n^ Abfahrt 8<\/p>\n<p><a href='http:\/\/ski.inmontanis.info\/d\/287562-2\/DSC05444.jpg'><img src=http:\/\/ski.inmontanis.info\/d\/287561-3\/DSC05444.jpg \/><\/a><br \/>\n^ Abfahrt 10 am Stugliften<\/p>\n<p><a href='http:\/\/ski.inmontanis.info\/d\/287566-2\/DSC05445.jpg'><img src=http:\/\/ski.inmontanis.info\/d\/287565-3\/DSC05445.jpg \/><\/a><br \/>\n^ Kurz nach 17 Uhr am Stugliften<\/p>\n<p><a href='http:\/\/ski.inmontanis.info\/d\/287570-2\/DSC05446.jpg'><img src=http:\/\/ski.inmontanis.info\/d\/287569-3\/DSC05446.jpg \/><\/a><br \/>\n^ Hochplateau um kurz vor 17:30 Uhr<\/p>\n<p><a href='http:\/\/ski.inmontanis.info\/d\/287574-2\/DSC05449.jpg'><img src=http:\/\/ski.inmontanis.info\/d\/287573-3\/DSC05449.jpg \/><\/a><br \/>\n^ 6KSB um kurz vor 17:30<\/p>\n<p><a href='http:\/\/ski.inmontanis.info\/d\/287578-2\/DSC05450.jpg'><img src=http:\/\/ski.inmontanis.info\/d\/287577-3\/DSC05450.jpg \/><\/a><br \/>\n^ Abfahrt 6 um kurz vor 17:30 Uhr<\/p>\n","protected":false},"excerpt":{"rendered":"<p>4.3.2021<\/p>\n<p>Nordlichtfotos am Vorabend gab es keine, da eine der unteren Abfahrten bis sp\u00e4t abends beleuchtet war, es wurde sogar dort Ski gefahren. Blieb dann bis mindestens nach 23 Uhr beleuchtet. Himmel w\u00e4re zu der Zeit halb-klar gewesen.<\/p>\n<p>Der Tag begann wieder sonnig und sogar mal mit der 6KSB in Betrieb. Trotzdem war es oben <a href=\"http:\/\/blog.inmontanis.info\/?p=6609\">[&#8230;]<\/a><\/p>\n","protected":false},"author":1,"featured_media":0,"comment_status":"closed","ping_status":"closed","sticky":false,"template":"","format":"standard","meta":{"footnotes":""},"categories":[184,682,19,27,32],"tags":[65,47],"class_list":["post-6609","post","type-post","status-publish","format-standard","hentry","category-2021-01-skandinavien","category-dundret","category-schwedensweden","category-skifahren-winterskiing-winter","category-lostplaces","tag-nachtski","tag-sl","odd"],"_links":{"self":[{"href":"http:\/\/blog.inmontanis.info\/index.php?rest_route=\/wp\/v2\/posts\/6609","targetHints":{"allow":["GET"]}}],"collection":[{"href":"http:\/\/blog.inmontanis.info\/index.php?rest_route=\/wp\/v2\/posts"}],"about":[{"href":"http:\/\/blog.inmontanis.info\/index.php?rest_route=\/wp\/v2\/types\/post"}],"author":[{"embeddable":true,"href":"http:\/\/blog.inmontanis.info\/index.php?rest_route=\/wp\/v2\/users\/1"}],"replies":[{"embeddable":true,"href":"http:\/\/blog.inmontanis.info\/index.php?rest_route=%2Fwp%2Fv2%2Fcomments&post=6609"}],"version-history":[{"count":1,"href":"http:\/\/blog.inmontanis.info\/index.php?rest_route=\/wp\/v2\/posts\/6609\/revisions"}],"predecessor-version":[{"id":6610,"href":"http:\/\/blog.inmontanis.info\/index.php?rest_route=\/wp\/v2\/posts\/6609\/revisions\/6610"}],"wp:attachment":[{"href":"http:\/\/blog.inmontanis.info\/index.php?rest_route=%2Fwp%2Fv2%2Fmedia&parent=6609"}],"wp:term":[{"taxonomy":"category","embeddable":true,"href":"http:\/\/blog.inmontanis.info\/index.php?rest_route=%2Fwp%2Fv2%2Fcategories&post=6609"},{"taxonomy":"post_tag","embeddable":true,"href":"http:\/\/blog.inmontanis.info\/index.php?rest_route=%2Fwp%2Fv2%2Ftags&post=6609"}],"curies":[{"name":"wp","href":"https:\/\/api.w.org\/{rel}","templated":true}]}}