{"id":6602,"date":"2021-03-02T20:52:28","date_gmt":"2021-03-02T19:52:28","guid":{"rendered":"http:\/\/blog.inmontanis.info\/?p=6602"},"modified":"2023-08-05T13:22:21","modified_gmt":"2023-08-05T11:22:21","slug":"dundret-1-2-3-2021","status":"publish","type":"post","link":"http:\/\/blog.inmontanis.info\/?p=6602","title":{"rendered":"Dundret, 1.+2.3.2021"},"content":{"rendered":"<p><strong>1.3.2021<\/strong><\/p>\n<p>Heute Autofahrtag und &#8211; eh klar, die Sonne scheint. Ziel ist das Skigebiet Dundret n\u00e4he G\u00e4llivare, wo ich mich bis Freitag direkt im Skigebiet einquartiert hab, weil es im Ort selbst auch keine g\u00fcnstigere Unterkunft gab. Das Hostel-EZ kostet knapp 50,- \u20ac pro Tag und war lt. Booking und direkter Buchungsseite das letzte zur Verf\u00fcgung stehende Zimmer \u00fcberhaupt. <\/p>\n<p>Skibetrieb ist momentan t\u00e4glich von 10-18 Uhr, so dass ich mir heute Nachmittag noch eine 2-Stundenkarte zum Sonnenuntergang kaufen k\u00f6nnte, um den Schnee zu testen, ob ich mir f\u00fcr die n\u00e4chsten Tage eine 3- oder 4-Tageskarte oder lieber nur bei Bedarf eine Tages- oder 3h-Karte kaufen m\u00f6chte.<\/p>\n<p>Ein St\u00fcck ging es s\u00fcdlich nach \u00d6vertorne\u00e5 und dann westlich \u00fcber \u00d6verkalix nach G\u00e4llivare. Zwischen den beiden \u00d6ver-Orten ortete mein Auto ein Problem, der TPMS-Sensor meldete sich mal wieder mit Luftdruckverlust in einem Reifen. Ernsthaft? Ich hatte doch erst vor kurzem in der Schweiz einen Platten? Und das bei meinen sch\u00f6nen neuen teuren Nokian-Reifen?<\/p>\n<p>Ich fuhr die n\u00e4chste Parkbucht an, hinten rechts sollen nur noch 1,4 bar drin sein?! K\u00f6nnte auch etwas fr\u00fcher warnen, das System. Ich suchte erst mal ewig, bis ich die Luftpumpe gefunden hab und pumpte den Reifen wieder voll. Danach wartete ich etwas bzw. las im Handbuch die Funktionsweise des Reifenpannensets durch.<\/p>\n<p>Demnach k\u00f6nnte der Reifen, so er mit dem Zeug geflickt w\u00fcrde, zwar sp\u00e4ter weiterverwendet werden, aber der TPMS-Sensor m\u00fcsste erneuert werden. Na danke, die sind nicht billig..<\/p>\n<p><a href='http:\/\/extra.inmontanis.info\/d\/61669-2\/DSC05113.jpg'><img src=http:\/\/extra.inmontanis.info\/d\/61668-3\/DSC05113.jpg \/><\/a><br \/>\n^ 1,4 bar rechts hinten? Ja, das ist zu wenig Luft..<\/p>\n<p>Ich checkte nochmal die Luft, die in den mittlerweile 5-8 Minuten entweicht ist und ob es in \u00d6verkalix eine Deck-Team-Niederlassung gibt, was die schwedische Reifenwerkstatt-Kette ist. Ja, gab es, 25-30 km bis dahin.<\/p>\n<p>Also wolte ich erst mal probieren, dort hin zu kommen, ohne das Reifenreparaturset reinspritzen zu m\u00fcssen. Ca. alle 5 Minuten hielt ich in einer der zahlreichen Parkbuchten und pumpte den Reifen wieder auf, der Verlust war so ca. 0,4 bar \/ 5 \u1e3einuten. Erst konnte ich noch 2,4 bar reinbringen, sp\u00e4ter nur noch 2,2, dann nur noch 2,0. Man h\u00f6rte auch die Luft entweichen.<\/p>\n<p>Ich erreichte die Werkstatt und rief unter der Telefonnummer an, die an der Eingangst\u00fcr stand. Der Mechaniker kam raus, lotste mich gleich in die Werkstatt, demontierte meinen Reifen und machte den Befund: Ein Spike ist es, den ich mir eingefahren hab und den also jemand anders verloren hatte. Na toll. Sagte ich nicht noch gestern, das es jetzt bei den Stra\u00dfenverh\u00e4ltnissen recht sinnvoll w\u00e4re, wenn man Spikereifen h\u00e4tte? So hab ich das aber nicht gemeint! Jedenfalls bin ich jetzt schwer am \u00fcberlegen, in meine Spikereifen, die im Keller sind, doch auch TPMS-Sensoren einbauen zu lassen, bevor ich mit denen das n\u00e4chste Mal fahre. Weil so verlorene Spikes kann man sich ja immer mal einfahren..<\/p>\n<p>Zum Gl\u00fcck konnte er meinen Reifen flicken und das ganze Prozedere war mit ca. 38,- \u20ac recht g\u00fcnstig, der komplette Zeitverlust betrug ca. 1 Stunde, so dass wohl maximal noch ein 1-Stundenskipass sinnvoll gewesen w\u00e4re, aber das dann eher im Dunklen. Au\u00dferdem br\u00e4uchte ich erst mal noch was zum Essen und Einchecken muss ich ja auch noch.<\/p>\n<p><a href='http:\/\/extra.inmontanis.info\/d\/61673-2\/DSC05114.jpg'><img src=http:\/\/extra.inmontanis.info\/d\/61672-3\/DSC05114.jpg \/><\/a><br \/>\n^ Unterwegs richtung G\u00e4llivare<\/p>\n<p><a href='http:\/\/extra.inmontanis.info\/d\/61677-2\/IMG_20210301_145355.jpg'><img src=http:\/\/extra.inmontanis.info\/d\/61676-3\/IMG_20210301_145355.jpg \/><\/a><br \/>\n^ Mittag-Abendessen, als heutiges Tagesgericht um ca. 8,50 \u20ac inkl. Getr\u00e4nk gab es Quesadillas, wo ich nicht genau wusste, was das nochmal ist und ob ich das schon mal gegessen hab. So wie das hier geschnitten ist, erinnerte es mich nat\u00fcrlich an die leckeren, s\u00fc\u00dflichen Meltz beim KFC, die es ja leider seit einigen Jahren nicht mehr gibt.<\/p>\n<p>Ich lie\u00df das also bleiben mit dem Skifahren heute und entschied mich stattdessen, morgen eine Viertageskarte zu kaufen, dann halt in der Hoffnung, dass die 6KSB mal wieder wegen Wind steht (und der SL bis zum Gipfel in Betrieb ist, wobei selbst der heute wegen Wind nicht in Betrieb war) und dass es Offpiste nicht gar so schlecht geht, sonst w\u00e4ren mir 4 Tage wohl etwas viel hier.<\/p>\n<p><a href='http:\/\/ski.inmontanis.info\/d\/286902-2\/DSC05118.jpg'><img src=http:\/\/ski.inmontanis.info\/d\/286901-3\/DSC05118.jpg \/><\/a><br \/>\n^ Da hinten ist das Skigebiet Dundret<\/p>\n<p><a href='http:\/\/ski.inmontanis.info\/d\/286906-2\/DSC05121.jpg'><img src=http:\/\/ski.inmontanis.info\/d\/286905-3\/DSC05121.jpg \/><\/a><br \/>\n^ Skigebiet Dundret<\/p>\n<p><a href='http:\/\/ski.inmontanis.info\/d\/286910-2\/DSC05122.jpg'><img src=http:\/\/ski.inmontanis.info\/d\/286909-3\/DSC05122.jpg \/><\/a><br \/>\n^ 16:34 Uhr,  auf dieser Seite lief jetzt nur der mittlere Mellanliften<\/p>\n<p>Im Skigebiet angekommen, bekam ich aber nicht ein Zimmer in dem Haus, wo ich es erwartet h\u00e4tte, sondern etwas weiter entfernt. Der Tisch war winzig (glaub so einen hatte ich aber schon mal auf dieser Reise), Stuhl war vorhanden und ein Schrank auch. Handtuch und Bettw\u00e4sche\/-laken auch, Bett musste man selbst \u00fcberziehen. Dazu ein direkter Blick auf den Skiberg.<\/p>\n<p>Die Zimmer sind in 2er Gruppen eingeteilt, wobei jeweils eine Waschbeckenzeile, eine Dusche und ein WC vorhanden ist, au\u00dfer in meinem Bereich, da ist statt der Dusche ein Waschmaschinenraum. Zudem ist bei den ersten 5 Zimmern anscheinend kein WC, au\u00dfer die h\u00e4tten selbst eins im Zimmer. Wobei ich auch nicht wei\u00df, ob die belegt sind momentan, denn es scheint wohl eher nicht alles belegt zu sein.<\/p>\n<p>Ein Raum f\u00fcr Skischuhe (und Ski) scheint es nicht zu geben, also nahm ich die Skischuhe mit aufs Zimmer, denn auch am Eingang hat sonst keiner seine Ski- oder Snowboardschuhe abgestelt.<\/p>\n<p>Leider d\u00fcrfen hier wohl auch noch manche Camper aufs WC gehen, was entsprechend f\u00fcr nasse Verh\u00e4ltnisse insb. auf meinem WC sorgt.<\/p>\n<p>F\u00fcr die K\u00fcche, die sich im gro\u00dfen Haupt- und Durchgangsraum befindet, soll man sich in die Liste eintragen &#8220;max. 2h \/ Tag&#8221;, aber f\u00fcr meine 5 Minuten Mikrowellenzeit werde ich mir das wohl sparen k\u00f6nnen.<\/p>\n<p><a href='http:\/\/ski.inmontanis.info\/d\/286914-2\/DSC05123.jpg'><img src=http:\/\/ski.inmontanis.info\/d\/286913-3\/DSC05123.jpg \/><\/a><br \/>\n^ Hostel-Zimmer<\/p>\n<p><a href='http:\/\/ski.inmontanis.info\/d\/286918-2\/DSC05124.jpg'><img src=http:\/\/ski.inmontanis.info\/d\/286917-3\/DSC05124.jpg \/><\/a><br \/>\n^ Zimmerausblick aufs Skigebiet<\/p>\n<p><a href='http:\/\/ski.inmontanis.info\/d\/286922-2\/DSC05127.jpg'><img src=http:\/\/ski.inmontanis.info\/d\/286921-3\/DSC05127.jpg \/><\/a><br \/>\n^ So, Computerplatz mit Pano eingerichtet :)<\/p>\n<p>Netterweise gab es abends zeitweise ein bisschen Nordlichtaktivit\u00e4t &#8211; Dundret ist da ja immer f\u00fcr ein paar Nordlichter gut, ich fotografierte aber nur vom Zimmer aus. Der starke Wind hielt mich danach etwas vom Einschlafen ab. Das Waschbecken und WC vor meiner T\u00fcr war zumindest diese Nacht ger\u00e4uschm\u00e4\u00dfig kein Problem.<\/p>\n<p><a href='http:\/\/ski.inmontanis.info\/d\/286926-2\/DSC05131.jpg'><img src=http:\/\/ski.inmontanis.info\/d\/286925-3\/DSC05131.jpg \/><\/a><br \/>\n^ 18:39 Uhr (1sec)<\/p>\n<p><a href='http:\/\/ski.inmontanis.info\/d\/286930-2\/DSC05135.jpg'><img src=http:\/\/ski.inmontanis.info\/d\/286929-3\/DSC05135.jpg \/><\/a><br \/>\n^ 19:24 Uhr, die Lichter an den Abfahrten wurden zu unterschiedlichen Zeiten abgeschaltet<\/p>\n<p><a href='http:\/\/ski.inmontanis.info\/d\/286934-2\/DSC05143.jpg'><img src=http:\/\/ski.inmontanis.info\/d\/286933-3\/DSC05143.jpg \/><\/a><br \/>\n^ 20:15, Polarlichter (1sec)<\/p>\n<p><a href='http:\/\/ski.inmontanis.info\/d\/286938-2\/DSC05148.jpg'><img src=http:\/\/ski.inmontanis.info\/d\/286937-3\/DSC05148.jpg \/><\/a><br \/>\n^ 20:18, Polarlichter (1,6 sec)<\/p>\n<p><a href='http:\/\/ski.inmontanis.info\/d\/286942-2\/DSC05151.jpg'><img src=http:\/\/ski.inmontanis.info\/d\/286941-3\/DSC05151.jpg \/><\/a><br \/>\n^ 20:21, Polarlichter (3,2 sec)<\/p>\n<p><a href='http:\/\/ski.inmontanis.info\/d\/286946-2\/DSC05153.jpg'><img src=http:\/\/ski.inmontanis.info\/d\/286945-3\/DSC05153.jpg \/><\/a><br \/>\n^ 20:32, Polarlichter (2 sec)<\/p>\n<p><a href='http:\/\/ski.inmontanis.info\/d\/286950-2\/DSC05156.jpg'><img src=http:\/\/ski.inmontanis.info\/d\/286949-3\/DSC05156.jpg \/><\/a><br \/>\n^ 20:34, Polarlichter (3,2 sec)<\/p>\n<p><a href='http:\/\/ski.inmontanis.info\/d\/286954-2\/DSC05158.jpg'><img src=http:\/\/ski.inmontanis.info\/d\/286953-3\/DSC05158.jpg \/><\/a><br \/>\n^ 20:36, Polarlichter (2 sec)<\/p>\n<p><a href='http:\/\/ski.inmontanis.info\/d\/286958-2\/DSC05159.jpg'><img src=http:\/\/ski.inmontanis.info\/d\/286957-3\/DSC05159.jpg \/><\/a><br \/>\n^ 20:47, Polarlichter (2 sec)<\/p>\n<p><a href='http:\/\/ski.inmontanis.info\/d\/286962-2\/DSC05163.jpg'><img src=http:\/\/ski.inmontanis.info\/d\/286961-3\/DSC05163.jpg \/><\/a><br \/>\n^ Danach war bald mal aus mit den Polarlichtern, hier um 23:19 (2sec) nix zu sehen, sp\u00e4ter war der Himmel wieder leicht gr\u00fcn, aber bin dann nach Mitternacht ins Bett<\/p>\n<p><strong>2.3.2021<\/strong><\/p>\n<p>Wie schon gesagt, hatte ich hier ja bis Freitag reserviert und ab Sonntag dann in Absiko. Dazwischen w\u00e4ren 2 N\u00e4chte, wo ich entweder im Auto oder in Kiruna schlafen wollte. Die Wettervorhersagen sind aber mittlerweile wieder recht tief im Minusbereich und in Kiruna gibts keine so g\u00fcnstige Unterkunft wie letzten Mai, sondern man zahlt mit ab ca. 60 \u20ac mehr als ich hier zahlen w\u00fcrde.<\/p>\n<p>Dazu kommt, dass ich keine gro\u00dfe Lust hab, in Kiruna Ski zu fahren &#8211; das bisschen Abendski letztes Jahr im Mai hatte gereicht, dort alles oft genug abzufahren. Also wollte ich heute das Zimmer um einen Tag verl\u00e4ngern bis Samstag, wenn ich mir mittags den Skipass f\u00fcr 4 Tage kaufe. Samstag auf Sonntag dann aber doch eine Nacht in Kiruna.<\/p>\n<p>Ja, es gibt lediglich eine Kasse, die ist gleichzeitig Skipassverkauf, Kiosk und Rezeption f\u00fcr Hostel und Campingplatz. Mit 2 Leuten vor mir dauerte das zu Mittag einige Zeit, noch schwieriger war es anscheinend, meine Buchung zu verl\u00e4ngern und die Keycard f\u00fcr das Zimmer bis Samstag g\u00fcltig zu lassen. Der Skipass kostete \u00fcbrigens ca. 128,- \u20ac f\u00fcr die 4 Tage.<\/p>\n<p>Apropos, Zimmer-Keycards mag ich ja gar nicht, was, wenn man nachts aufs Klo geht und dann geht irgendwas am T\u00fcrschlie\u00dfer nicht mehr, weil Batterie leer oder Keycard streikt? Soll man immer das Handy mitnehmen, wenn man aus dem Zimmer geht?<\/p>\n<p>In Betrieb waren morgens die 3 SL, f\u00fcr die 6KSB war&#8217;s zu windig. Wie ich vor ein paar Tagen das mal auf deren Facebook-Seite mitverfolgt hab, scheint das eher die Regel denn die Ausnahme zu sein, dass die 6KSB wegen Wind nicht in Betrieb genommen werden kann.<\/p>\n<p>W\u00e4hrend ich an der Kasse stand, kam ein Bediensteter und sagte den Kassiererinnen was von &#8220;vi st\u00e4nger&#8221; &#8211; war mir klar, was das hei\u00dfen w\u00fcrde, der Gipfellift muss wegen Sturm geschlossen werden :(<\/p>\n<p>Somit also den Rest des Tages nur 2 SL in Betrieb und der Gipfel nicht zu erreichen. Naja, hat den Vorteil, dass ich (hoffentlich dann) morgen noch ein paar ungefahrene Abfahrten hab. H\u00e4tte ich den Skipass gestern Abend noch gekauft und heute das Zimmer nicht verl\u00e4ngern wollen, h\u00e4te ich 1-2x mit dem SL zum Gipfel fahren k\u00f6nnen ..<\/p>\n<p>Leider war es wohl auch in Dundret zu warm vor ein paar Tagen und abseits der pr\u00e4parierten Pisten war es durch Tauwetter und Wind eisig, eisig, eisig. Ja, besser als der Bruchharsch in Svanstein am Wochenende, aber trotzdem nervig, zumal es die Woche nicht mehr so warm werden soll, es also wohl eisig bleiben wird.<\/p>\n<p>Kurz vor 16 Uhr h\u00f6rte ich dann auf, der Wind wurde immer st\u00e4rker, ich war alles erst mal genug gefahren, einer meiner Skischuhheizakkus war leer (wohl doch vergessen, am Sonntag Abend zu laden?!) und ich bleib ja noch mind. 3 Tage hier, evtl. k\u00f6nnte ich mir auch am Samstag nochmal eine 2h-, 3h- oder Tageskarte kaufen. <\/p>\n<p>Oder eine Einzelfahrt und ich mach eine Skitour, weil eigentlich wollte ich schon gern oben im Gipfelplateau etwas rumlaufen und ggf. auf den h\u00f6chsten Gipfel gehen. Die Landschaft dort oben gefiel mir ja sehr letztes Jahr im Mai, als ich die Skitour am geschlossen Soldalen-Lift gemacht hab. <\/p>\n<p>Tja, also in Kombination mit den Windproblemen bin ich jetzt noch st\u00e4rker der Meinung, dass die lieber den alten Lift samt einer Verbindung reaktivieren h\u00e4tten sollen, anstatt die 6KSB zu bauen &#8230;<\/p>\n<p>Zur Erinnerung, hier der GPS-Track meiner Skitour letztes Jahr Mai:<\/p>\n<p><a href='http:\/\/ski.inmontanis.info\/d\/280138-3\/ge20200518a.jpg'><img src=http:\/\/ski.inmontanis.info\/d\/280137-4\/ge20200518a.jpg \/><\/a><br \/>\n^ GPS-Track Magenta Skitour Mai 2020; Rot der stillgelegte Soldalen-Lift, Orange der Schanzenlift, Blau die in Betrieb befindlichen Lifte, Rosa die stillgelegten Lifte.<\/p>\n<p><a href='http:\/\/ski.inmontanis.info\/d\/286966-2\/DSC05166.jpg'><img src=http:\/\/ski.inmontanis.info\/d\/286965-3\/DSC05166.jpg \/><\/a><br \/>\n^ 7:15 Uhr<\/p>\n<p><a href='http:\/\/ski.inmontanis.info\/d\/286970-2\/DSC05250.jpg'><img src=http:\/\/ski.inmontanis.info\/d\/286969-3\/DSC05250.jpg \/><\/a><br \/>\n^ Alter Pistenplan, soll demn\u00e4chst erneuert werden, gibt auch neue Abfahrten, au\u00dferdem ist der SL 16 ja nicht mehr und die 6KSB fehlt noch. SL 17 hei\u00dft jetzt wohl Liikavara<\/p>\n<p><a href='http:\/\/ski.inmontanis.info\/d\/286974-2\/DSC05168.jpg'><img src=http:\/\/ski.inmontanis.info\/d\/286973-3\/DSC05168.jpg \/><\/a><br \/>\n^ Fu\u00dfweg von meiner Unterkunft \u00fcber eisige Stra\u00dfen<\/p>\n<p><a href='http:\/\/ski.inmontanis.info\/d\/286978-2\/DSC05171.jpg'><img src=http:\/\/ski.inmontanis.info\/d\/286977-3\/DSC05171.jpg \/><\/a><br \/>\n^ Mellanliften<\/p>\n<p><a href='http:\/\/ski.inmontanis.info\/d\/286982-2\/DSC05172.jpg'><img src=http:\/\/ski.inmontanis.info\/d\/286981-3\/DSC05172.jpg \/><\/a><br \/>\n^ Vom Mellanliften kommt man \u00fcber diese Eispassage r\u00fcber zu den linken Abfahrten. Der SL Fj\u00e4lliften ist ja wegen Wind schon geschlossen.<\/p>\n<p><a href='http:\/\/ski.inmontanis.info\/d\/286986-2\/DSC05175.jpg'><img src=http:\/\/ski.inmontanis.info\/d\/286985-3\/DSC05175.jpg \/><\/a><br \/>\n^ Mellanliften und die 6KSB und Blick nach G\u00e4llivare<\/p>\n<p><a href='http:\/\/ski.inmontanis.info\/d\/286990-2\/DSC05177.jpg'><img src=http:\/\/ski.inmontanis.info\/d\/286989-3\/DSC05177.jpg \/><\/a><br \/>\n^ Abfahrten 2 und 4<\/p>\n<p><a href='http:\/\/ski.inmontanis.info\/d\/286994-2\/DSC05179.jpg'><img src=http:\/\/ski.inmontanis.info\/d\/286993-3\/DSC05179.jpg \/><\/a><br \/>\n^ Abfahrt 2<\/p>\n<p><a href='http:\/\/ski.inmontanis.info\/d\/286998-2\/DSC05181.jpg'><img src=http:\/\/ski.inmontanis.info\/d\/286997-3\/DSC05181.jpg \/><\/a><br \/>\n^ SL Fj\u00e4lliften, links daneben der Lift H\u00f6g\u00e5sliften ist stillgelegt<\/p>\n<p><a href='http:\/\/ski.inmontanis.info\/d\/287002-2\/DSC05182.jpg'><img src=http:\/\/ski.inmontanis.info\/d\/287001-3\/DSC05182.jpg \/><\/a><br \/>\n^ Mellanliften, 6KSB, Parkplatz und gegen\u00fcber der SL Stugliften<\/p>\n<p><a href='http:\/\/ski.inmontanis.info\/d\/287006-2\/DSC05184.jpg'><img src=http:\/\/ski.inmontanis.info\/d\/287005-3\/DSC05184.jpg \/><\/a><br \/>\n^ Auf Abfahrt 4 mit Blick richtung Gipfel<\/p>\n<p><a href='http:\/\/ski.inmontanis.info\/d\/287010-2\/DSC05185.jpg'><img src=http:\/\/ski.inmontanis.info\/d\/287009-3\/DSC05185.jpg \/><\/a><br \/>\n^ Ex-SL H\u00f6g\u00e5sliften<\/p>\n<p><a href='http:\/\/ski.inmontanis.info\/d\/287014-2\/DSC05186.jpg'><img src=http:\/\/ski.inmontanis.info\/d\/287013-3\/DSC05186.jpg \/><\/a><br \/>\n^ Fj\u00e4lliften<\/p>\n<p><a href='http:\/\/ski.inmontanis.info\/d\/287018-2\/DSC05187.jpg'><img src=http:\/\/ski.inmontanis.info\/d\/287017-3\/DSC05187.jpg \/><\/a><br \/>\n^ H\u00f6g\u00e5sliften<\/p>\n<p><a href='http:\/\/ski.inmontanis.info\/d\/287022-2\/DSC05188.jpg'><img src=http:\/\/ski.inmontanis.info\/d\/287021-3\/DSC05188.jpg \/><\/a><br \/>\n^ H\u00f6g\u00e5sliften<\/p>\n<p><a href='http:\/\/ski.inmontanis.info\/d\/287026-2\/DSC05191.jpg'><img src=http:\/\/ski.inmontanis.info\/d\/287025-3\/DSC05191.jpg \/><\/a><br \/>\n^ Mellanliften St\u00fctze 3<\/p>\n<p><a href='http:\/\/ski.inmontanis.info\/d\/287030-2\/DSC05194.jpg'><img src=http:\/\/ski.inmontanis.info\/d\/287029-3\/DSC05194.jpg \/><\/a><br \/>\n^ Unpr\u00e4parierter Steilhang links vom Mellanliften<\/p>\n<p><a href='http:\/\/ski.inmontanis.info\/d\/287034-2\/DSC05196.jpg'><img src=http:\/\/ski.inmontanis.info\/d\/287033-3\/DSC05196.jpg \/><\/a><br \/>\n^ H\u00f6g\u00e5sliften<\/p>\n<p><a href='http:\/\/ski.inmontanis.info\/d\/287038-2\/DSC05197.jpg'><img src=http:\/\/ski.inmontanis.info\/d\/287037-3\/DSC05197.jpg \/><\/a><br \/>\n^ Hier sammelte der Wind ein bisschen den Schnee und es ging ganz gut zu fahren<\/p>\n<p><a href='http:\/\/ski.inmontanis.info\/d\/287042-2\/DSC05198.jpg'><img src=http:\/\/ski.inmontanis.info\/d\/287041-3\/DSC05198.jpg \/><\/a><br \/>\n^ Ex-SL H\u00f6g\u00e5sliften (bevor es wieder hei\u00dft, ich w\u00fcrde den Br\u00e4ndle-Lift hier nicht ausgiebig dokumentieren ;) )<\/p>\n<p><a href='http:\/\/ski.inmontanis.info\/d\/287046-2\/DSC05201.jpg'><img src=http:\/\/ski.inmontanis.info\/d\/287045-3\/DSC05201.jpg \/><\/a><br \/>\n^ Ex-SL H\u00f6g\u00e5sliften<\/p>\n<p><a href='http:\/\/ski.inmontanis.info\/d\/287050-2\/DSC05203.jpg'><img src=http:\/\/ski.inmontanis.info\/d\/287049-3\/DSC05203.jpg \/><\/a><br \/>\n^ Ex-SL H\u00f6g\u00e5sliften, bin die Trasse runter gefahren, war leider recht eisig<\/p>\n<p><a href='http:\/\/ski.inmontanis.info\/d\/287054-2\/DSC05204.jpg'><img src=http:\/\/ski.inmontanis.info\/d\/287053-3\/DSC05204.jpg \/><\/a><br \/>\n^ Ex-SL H\u00f6g\u00e5sliften<\/p>\n<p><a href='http:\/\/ski.inmontanis.info\/d\/287058-2\/DSC05205.jpg'><img src=http:\/\/ski.inmontanis.info\/d\/287057-3\/DSC05205.jpg \/><\/a><br \/>\n^ Ex-SL H\u00f6g\u00e5sliften<\/p>\n<p><a href='http:\/\/ski.inmontanis.info\/d\/287062-2\/DSC05207.jpg'><img src=http:\/\/ski.inmontanis.info\/d\/287061-3\/DSC05207.jpg \/><\/a><br \/>\n^ Abfahrt 7<\/p>\n<p><a href='http:\/\/ski.inmontanis.info\/d\/287066-2\/DSC05208.jpg'><img src=http:\/\/ski.inmontanis.info\/d\/287065-3\/DSC05208.jpg \/><\/a><br \/>\n^ Offpiste<\/p>\n<p><a href='http:\/\/ski.inmontanis.info\/d\/287070-2\/DSC05211.jpg'><img src=http:\/\/ski.inmontanis.info\/d\/287069-3\/DSC05211.jpg \/><\/a><br \/>\n^ Neue Abfahrt, geht von 4 zur 7 und quert den Fj\u00e4lliften<\/p>\n<p><a href='http:\/\/ski.inmontanis.info\/d\/287074-2\/DSC05212.jpg'><img src=http:\/\/ski.inmontanis.info\/d\/287073-3\/DSC05212.jpg \/><\/a><br \/>\n^ Variante an der Abfaht 2<\/p>\n<p><a href='http:\/\/ski.inmontanis.info\/d\/287078-2\/DSC05216.jpg'><img src=http:\/\/ski.inmontanis.info\/d\/287077-3\/DSC05216.jpg \/><\/a><br \/>\n^ Abfahrt 6<\/p>\n<p><a href='http:\/\/ski.inmontanis.info\/d\/287082-2\/DSC05217.jpg'><img src=http:\/\/ski.inmontanis.info\/d\/287081-3\/DSC05217.jpg \/><\/a><br \/>\n^ Abfahrt 6<\/p>\n<p><a href='http:\/\/ski.inmontanis.info\/d\/287086-2\/DSC05218.jpg'><img src=http:\/\/ski.inmontanis.info\/d\/287085-3\/DSC05218.jpg \/><\/a><br \/>\n^ Park<\/p>\n<p><a href='http:\/\/ski.inmontanis.info\/d\/287090-2\/DSC05221.jpg'><img src=http:\/\/ski.inmontanis.info\/d\/287089-3\/DSC05221.jpg \/><\/a><br \/>\n^ Ex-SL Soldasliften (Ex-Toppliften)<\/p>\n<p><a href='http:\/\/ski.inmontanis.info\/d\/287094-2\/DSC05222.jpg'><img src=http:\/\/ski.inmontanis.info\/d\/287093-3\/DSC05222.jpg \/><\/a><br \/>\n^ Ex-SL Soldasliften (Ex-Toppliften)<\/p>\n<p><a href='http:\/\/ski.inmontanis.info\/d\/287098-2\/DSC05226.jpg'><img src=http:\/\/ski.inmontanis.info\/d\/287097-3\/DSC05226.jpg \/><\/a><br \/>\n^ Blick vom F\u00f6rderband zum Hauptgebiet<\/p>\n<p><a href='http:\/\/ski.inmontanis.info\/d\/287102-2\/DSC05227.jpg'><img src=http:\/\/ski.inmontanis.info\/d\/287101-3\/DSC05227.jpg \/><\/a><br \/>\n^ F\u00f6rderband, in einem \u00e4lteren Plan als Tellerlift eingetragen<\/p>\n<p><a href='http:\/\/ski.inmontanis.info\/d\/287106-2\/DSC05228.jpg'><img src=http:\/\/ski.inmontanis.info\/d\/287105-3\/DSC05228.jpg \/><\/a><br \/>\n^ Mittlere Abfahrt am SL Stugliften, nicht im Plan<\/p>\n<p><a href='http:\/\/ski.inmontanis.info\/d\/287110-2\/DSC05232.jpg'><img src=http:\/\/ski.inmontanis.info\/d\/287109-3\/DSC05232.jpg \/><\/a><br \/>\n^ SL Stugliften, hat die gleichen 5-Bein-Portalst\u00fctzen wie der stillgelegte Soldalen-Skilift, wo ich letztes Jahr die Skitour gemacht hab<\/p>\n<p><a href='http:\/\/ski.inmontanis.info\/d\/287114-2\/DSC05234.jpg'><img src=http:\/\/ski.inmontanis.info\/d\/287113-3\/DSC05234.jpg \/><\/a><br \/>\n^ Linke Abfahrt 10 am Stugliften<\/p>\n<p><a href='http:\/\/ski.inmontanis.info\/d\/287118-2\/DSC05235.jpg'><img src=http:\/\/ski.inmontanis.info\/d\/287117-3\/DSC05235.jpg \/><\/a><br \/>\n^ SL Stugliften, hat auch die gleichen Talstation wie der stillgelegte Soldalen-Skilift, wo ich letztes Jahr die Skitour gemacht hab<\/p>\n<p><a href='http:\/\/ski.inmontanis.info\/d\/287122-2\/DSC05236.jpg'><img src=http:\/\/ski.inmontanis.info\/d\/287121-3\/DSC05236.jpg \/><\/a><br \/>\n^ Mittlere Abfahrt am SL Stugliften, nicht im Plan<\/p>\n<p><a href='http:\/\/ski.inmontanis.info\/d\/287126-2\/DSC05239.jpg'><img src=http:\/\/ski.inmontanis.info\/d\/287125-3\/DSC05239.jpg \/><\/a><br \/>\n^ Rechte Abfahrt 11 am Stugliften<\/p>\n<p><a href='http:\/\/ski.inmontanis.info\/d\/287130-2\/DSC05240.jpg'><img src=http:\/\/ski.inmontanis.info\/d\/287129-3\/DSC05240.jpg \/><\/a><br \/>\n^ Ganz rechte Variante am SL Stugliften, nicht im Plan<\/p>\n<p><a href='http:\/\/ski.inmontanis.info\/d\/287134-2\/DSC05241.jpg'><img src=http:\/\/ski.inmontanis.info\/d\/287133-3\/DSC05241.jpg \/><\/a><br \/>\n^ SL Stugliften<\/p>\n<p><a href='http:\/\/ski.inmontanis.info\/d\/287138-2\/DSC05242.jpg'><img src=http:\/\/ski.inmontanis.info\/d\/287137-3\/DSC05242.jpg \/><\/a><br \/>\n^ 6KSB, man h\u00e4tte ja wenigstens  Sturmsessel verwenden k\u00f6nnen, vielleicht k\u00f6nnte er dann \u00f6fters in Betrieb sein .. (mir ists ja egal)<\/p>\n<p><a href='http:\/\/ski.inmontanis.info\/d\/287142-2\/DSC05243.jpg'><img src=http:\/\/ski.inmontanis.info\/d\/287141-3\/DSC05243.jpg \/><\/a><br \/>\n^ Offpiste, leider auch hier im Wald: eisig.<\/p>\n<p><a href='http:\/\/ski.inmontanis.info\/d\/287146-2\/DSC05244.jpg'><img src=http:\/\/ski.inmontanis.info\/d\/287145-3\/DSC05244.jpg \/><\/a><br \/>\n^ Gestrichelte Abfahrt 3 Puckelpisten<\/p>\n<p><a href='http:\/\/ski.inmontanis.info\/d\/287150-2\/DSC05245.jpg'><img src=http:\/\/ski.inmontanis.info\/d\/287149-3\/DSC05245.jpg \/><\/a><br \/>\n^ Abfahrt 3, oben und unten eisig, aber zwischendrin tats\u00e4chlich mal ein l\u00e4ngeres St\u00fcck brauchbare Schneeverh\u00e4ltnisse<\/p>\n<p><a href='http:\/\/ski.inmontanis.info\/d\/287154-2\/DSC05246.jpg'><img src=http:\/\/ski.inmontanis.info\/d\/287153-3\/DSC05246.jpg \/><\/a><br \/>\n^ 6KSB-Trasse, auch eisig<\/p>\n<p><a href='http:\/\/ski.inmontanis.info\/d\/287158-2\/DSC05247.jpg'><img src=http:\/\/ski.inmontanis.info\/d\/287157-3\/DSC05247.jpg \/><\/a><br \/>\n^ Ex-SL Soldasliften (Ex-Toppliften), ebenfalls eisige Trasse<\/p>\n","protected":false},"excerpt":{"rendered":"<p>1.3.2021<\/p>\n<p>Heute Autofahrtag und &#8211; eh klar, die Sonne scheint. Ziel ist das Skigebiet Dundret n\u00e4he G\u00e4llivare, wo ich mich bis Freitag direkt im Skigebiet einquartiert hab, weil es im Ort selbst auch keine g\u00fcnstigere Unterkunft gab. Das Hostel-EZ kostet knapp 50,- \u20ac pro Tag und war lt. Booking und direkter Buchungsseite das letzte zur <a href=\"http:\/\/blog.inmontanis.info\/?p=6602\">[&#8230;]<\/a><\/p>\n","protected":false},"author":1,"featured_media":0,"comment_status":"closed","ping_status":"closed","sticky":false,"template":"","format":"standard","meta":{"footnotes":""},"categories":[184,682,19,27],"tags":[56,96,47],"class_list":["post-6602","post","type-post","status-publish","format-standard","hentry","category-2021-01-skandinavien","category-dundret","category-schwedensweden","category-skifahren-winterskiing-winter","tag-6sb","tag-polarlicht","tag-sl","odd"],"_links":{"self":[{"href":"http:\/\/blog.inmontanis.info\/index.php?rest_route=\/wp\/v2\/posts\/6602","targetHints":{"allow":["GET"]}}],"collection":[{"href":"http:\/\/blog.inmontanis.info\/index.php?rest_route=\/wp\/v2\/posts"}],"about":[{"href":"http:\/\/blog.inmontanis.info\/index.php?rest_route=\/wp\/v2\/types\/post"}],"author":[{"embeddable":true,"href":"http:\/\/blog.inmontanis.info\/index.php?rest_route=\/wp\/v2\/users\/1"}],"replies":[{"embeddable":true,"href":"http:\/\/blog.inmontanis.info\/index.php?rest_route=%2Fwp%2Fv2%2Fcomments&post=6602"}],"version-history":[{"count":3,"href":"http:\/\/blog.inmontanis.info\/index.php?rest_route=\/wp\/v2\/posts\/6602\/revisions"}],"predecessor-version":[{"id":9128,"href":"http:\/\/blog.inmontanis.info\/index.php?rest_route=\/wp\/v2\/posts\/6602\/revisions\/9128"}],"wp:attachment":[{"href":"http:\/\/blog.inmontanis.info\/index.php?rest_route=%2Fwp%2Fv2%2Fmedia&parent=6602"}],"wp:term":[{"taxonomy":"category","embeddable":true,"href":"http:\/\/blog.inmontanis.info\/index.php?rest_route=%2Fwp%2Fv2%2Fcategories&post=6602"},{"taxonomy":"post_tag","embeddable":true,"href":"http:\/\/blog.inmontanis.info\/index.php?rest_route=%2Fwp%2Fv2%2Ftags&post=6602"}],"curies":[{"name":"wp","href":"https:\/\/api.w.org\/{rel}","templated":true}]}}