{"id":6599,"date":"2021-02-28T18:50:03","date_gmt":"2021-02-28T17:50:03","guid":{"rendered":"http:\/\/blog.inmontanis.info\/?p=6599"},"modified":"2023-08-05T12:03:08","modified_gmt":"2023-08-05T10:03:08","slug":"svanstein-pullinki-27-28-2-2021","status":"publish","type":"post","link":"http:\/\/blog.inmontanis.info\/?p=6599","title":{"rendered":"Svanstein Pullinki, 27.+28.2.2021"},"content":{"rendered":"<p><strong>27.2.2021<\/strong><\/p>\n<p>Die K\u00e4lte im Auto war recht unproblematisch, ein paar Mal wachte ich aber leicht auf, wenn die Decke am R\u00fccken nicht mehr genug umwickelt war oder mir die Nasenspitze zu kalt wurde oder um die F\u00fc\u00dfe wieder auf die warme Heizmatte anzuwinkeln. <\/p>\n<p>-5\u00b0 waren es morgens, die Scheiben waren allesamt von innen angefroren.<\/p>\n<p>Nach dem 15-min\u00fctigen Standheizungsbetrieb morgens vor dem Aufstehen waren dann mit WC\/Z\u00e4hneputzen\/Aufr\u00e4umen 20-25 min vergangen, der Motor startete problemlos, musste aber nat\u00fcrlich warten, bis die Scheiben von innen aufgetaut waren.<\/p>\n<p>Ich fuhr zum Supermarkt und zum Tanken und dann zum Skigebiet Svanstein Pullinki, wo ich kurz vor 10 Uhr ankam und mir eine 2-Tageskarte kaufen wollte. Laut Website sollten 5\/5 Lifte und 16 von 16 (laut Plan 15) Abfahrten offen sein; auf der sonnigeren Ostseite sah es aber nicht sehr nach Betrieb aus, war dann aber doch offen. Wenn auch nur 3 Lifte, maximal w\u00e4ren 4 gegangen. Ein 5. Seillift war au\u00dfer Betrieb, leider, denn der h\u00e4tte einem das Schieben zur Talstation des Ost-Lifts erspart.<\/p>\n<p>Die 2-Tageskarte kostet ca. 58,- \u20ac, aber leider musste ich mal wieder eine Keycard um ca. 5,- \u20ac kaufen, da die ein ganz anderes System haben. Schade, dass ich mein Sammelsurium aus russischsprachigen Skigebieten nicht hatte, vielleicht w\u00e4r da was gegangen. Naja, vielleicht wird die Karte auch von Campingpl\u00e4tzen verwendet und ich kann sie sp\u00e4ter dann dort mal noch brauchen?!<\/p>\n<p>Der Schnee war auf den unpr\u00e4parierten Abfahrten leider recht \u00fcbel, leichter Bruchharsch und darunter tief einsinkend. Dazu der linke Lift unpassend positioniert, so dass man meist ein St\u00fcck bergauf gehen muss, weil eben der Seillift nicht l\u00e4uft.<\/p>\n<p>Bis ich mit allen Abfahrten fertig war, hab ich quasi den ganzen Tag gebraucht. Wobei die Lifte ja nur von 10-15 Uhr in Betrieb sind. Wer meint, dass dadurch um 10 Uhr der Parkplatz schon voll sei, irrt &#8211; die Leute trudeln meist erst gegen 10.30 oder 11 Uhr ein.<\/p>\n<p>Kurz zum Schlus entdeckte ich noch eine Leiche, was will man mehr? :)<\/p>\n<p>Eigentlich schon ein ganz nettes Skigebiet, wenn man die Ostseite nicht ganz so verkommen lassen w\u00fcrde. Ok, das Skigebiet ging (samt Unterkunft) letztes Jahr bankrott (als Corona-Opfer), insofern a) sch\u00f6n, dass es bereits von einem anderen Unternehmen \u00fcbernommen werden konnte und b) vielleicht bringt der neue Betreiber wieder etwas mehr Leben in die Ostseite. Klar, ein bisschen gef\u00e4llt mir das, so unperfekt, wie es ist, aber 2m hohe B\u00fcsche auf ganzer Abfahrtsbreite m\u00fcssen nicht sein.<\/p>\n<p><a href='http:\/\/extra.inmontanis.info\/d\/61633-2\/DSC04933.jpg'><img src=http:\/\/extra.inmontanis.info\/d\/61632-3\/DSC04933.jpg \/><\/a><br \/>\n^ Zwischen Haparanda und \u00d6vertorne\u00e5<\/p>\n<p><a href='http:\/\/extra.inmontanis.info\/d\/61637-2\/DSC04937.jpg'><img src=http:\/\/extra.inmontanis.info\/d\/61636-3\/DSC04937.jpg \/><\/a><br \/>\n^ Rechts im Fluss verl\u00e4uft die Grenze zwischen Schweden und Finnland, da darf man leider auch nach wie vor nicht aus touristischen Gr\u00fcnden r\u00fcber.<\/p>\n<p><a href='http:\/\/extra.inmontanis.info\/d\/61641-2\/DSC04939.jpg'><img src=http:\/\/extra.inmontanis.info\/d\/61640-3\/DSC04939.jpg \/><\/a><br \/>\n^ Skigebiet Ruskola, leider seit wenigen Jahren geschlossen<\/p>\n<p><a href='http:\/\/extra.inmontanis.info\/d\/61645-2\/DSC04941.jpg'><img src=http:\/\/extra.inmontanis.info\/d\/61644-3\/DSC04941.jpg \/><\/a><br \/>\n^ Skigebiet Ruskola, leider seit wenigen Jahren geschlossen<\/p>\n<p><a href='http:\/\/extra.inmontanis.info\/d\/61649-2\/DSC04947.jpg'><img src=http:\/\/extra.inmontanis.info\/d\/61648-3\/DSC04947.jpg \/><\/a><br \/>\n^ Endlich am Polarkreis<\/p>\n<p><a href='http:\/\/ski.inmontanis.info\/d\/286554-2\/DSC04952.jpg'><img src=http:\/\/ski.inmontanis.info\/d\/286553-3\/DSC04952.jpg \/><\/a><br \/>\n^ Blick auf die steilere Ostseite des Skigebiets Svanstein Pullinki<\/p>\n<p><a href='http:\/\/ski.inmontanis.info\/d\/286558-2\/DSC04956.jpg'><img src=http:\/\/ski.inmontanis.info\/d\/286557-3\/DSC04956.jpg \/><\/a><br \/>\n^ Pistenplan; 1 ist der SSL, 2 ist der Doppel-SL und 3 ist der steilere \u00f6stliche Lift<\/p>\n<p><a href='http:\/\/ski.inmontanis.info\/d\/286562-2\/DSC04957.jpg'><img src=http:\/\/ski.inmontanis.info\/d\/286561-3\/DSC04957.jpg \/><\/a><br \/>\n^ Doppel-SL<\/p>\n<p><a href='http:\/\/ski.inmontanis.info\/d\/286566-2\/DSC04958.jpg'><img src=http:\/\/ski.inmontanis.info\/d\/286565-3\/DSC04958.jpg \/><\/a><br \/>\n^ Doppel-SL<\/p>\n<p><a href='http:\/\/ski.inmontanis.info\/d\/286570-2\/DSC04962.jpg'><img src=http:\/\/ski.inmontanis.info\/d\/286569-3\/DSC04962.jpg \/><\/a><br \/>\n^ Interessanterweise h\u00f6ren die beiden linken SL hier oben auf, w\u00e4hrend der rechte SL noch ein St\u00fcck weiter rauf geht. Rechts von hier geht nur die Abfahrt 9 ab, links 2 bis 7<\/p>\n<p><a href='http:\/\/ski.inmontanis.info\/d\/286574-2\/DSC04965.jpg'><img src=http:\/\/ski.inmontanis.info\/d\/286573-3\/DSC04965.jpg \/><\/a><br \/>\n^ Die 3 SL<\/p>\n<p><a href='http:\/\/ski.inmontanis.info\/d\/286578-2\/DSC04967.jpg'><img src=http:\/\/ski.inmontanis.info\/d\/286577-3\/DSC04967.jpg \/><\/a><br \/>\n^ Bergstation des langen SL, leider kein Rundum-Pano<\/p>\n<p><a href='http:\/\/ski.inmontanis.info\/d\/286582-2\/DSC04968.jpg'><img src=http:\/\/ski.inmontanis.info\/d\/286581-3\/DSC04968.jpg \/><\/a><br \/>\n^ Abfahrt 1<\/p>\n<p><a href='http:\/\/ski.inmontanis.info\/d\/286586-2\/DSC04970.jpg'><img src=http:\/\/ski.inmontanis.info\/d\/286585-3\/DSC04970.jpg \/><\/a><br \/>\n^ Abfahrt 1<\/p>\n<p><a href='http:\/\/ski.inmontanis.info\/d\/286590-2\/DSC04971.jpg'><img src=http:\/\/ski.inmontanis.info\/d\/286589-3\/DSC04971.jpg \/><\/a><br \/>\n^ Schwer zu fahren, oben eine leicht br\u00fcchige Harschschicht, danach kann man recht schnell tief einsinken, der Stecken versank 1m zwischen den B\u00fcschen<\/p>\n<p><a href='http:\/\/ski.inmontanis.info\/d\/286594-2\/DSC04972.jpg'><img src=http:\/\/ski.inmontanis.info\/d\/286593-3\/DSC04972.jpg \/><\/a><br \/>\n^ Abfahrt 1<\/p>\n<p><a href='http:\/\/ski.inmontanis.info\/d\/286598-2\/DSC04973.jpg'><img src=http:\/\/ski.inmontanis.info\/d\/286597-3\/DSC04973.jpg \/><\/a><br \/>\n^ Abfahrt 1, weiter unten war das Gestr\u00fcpp so eng, dass man einfach nur noch fahren konnte ohne R\u00fccksicht auf irgendwelche freien Spuren :) Ging aber erstaunlich problemlos.<\/p>\n<p><a href='http:\/\/ski.inmontanis.info\/d\/286602-2\/DSC04974.jpg'><img src=http:\/\/ski.inmontanis.info\/d\/286601-3\/DSC04974.jpg \/><\/a><br \/>\n^ Abfahrt 1<\/p>\n<p><a href='http:\/\/ski.inmontanis.info\/d\/286606-2\/DSC04975.jpg'><img src=http:\/\/ski.inmontanis.info\/d\/286605-3\/DSC04975.jpg \/><\/a><br \/>\n^ .. danach leider Schieben ..<\/p>\n<p><a href='http:\/\/ski.inmontanis.info\/d\/286610-2\/DSC04978.jpg'><img src=http:\/\/ski.inmontanis.info\/d\/286609-3\/DSC04978.jpg \/><\/a><br \/>\n^ .. und noch weiter schieben, weil der Seillift zur Talstation des Ost-Lifts nicht in Betrieb ist :( Sp\u00e4ter schnallte ich die Ski ab und ging zu Fu\u00df, bequemer.<\/p>\n<p><a href='http:\/\/ski.inmontanis.info\/d\/286614-2\/DSC04980.jpg'><img src=http:\/\/ski.inmontanis.info\/d\/286613-3\/DSC04980.jpg \/><\/a><br \/>\n^ Ost-SL<\/p>\n<p><a href='http:\/\/ski.inmontanis.info\/d\/286618-2\/DSC04983.jpg'><img src=http:\/\/ski.inmontanis.info\/d\/286617-3\/DSC04983.jpg \/><\/a><br \/>\n^ Abfahrt 2, 3 und die Skiliftbr\u00fccke am Ost-SL. Hier ist das Seil so tief, das sp\u00e4ter einige eingestiegen sind.<\/p>\n<p><a href='http:\/\/ski.inmontanis.info\/d\/286622-2\/DSC04984.jpg'><img src=http:\/\/ski.inmontanis.info\/d\/286621-3\/DSC04984.jpg \/><\/a><br \/>\n^ Skiliftbr\u00fccke<\/p>\n<p><a href='http:\/\/ski.inmontanis.info\/d\/286626-2\/DSC04985.jpg'><img src=http:\/\/ski.inmontanis.info\/d\/286625-3\/DSC04985.jpg \/><\/a><br \/>\n^ Skiliftbr\u00fccken f\u00e4hrt man heutzutage auch nur noch selten ..<\/p>\n<p><a href='http:\/\/ski.inmontanis.info\/d\/286630-2\/DSC04986.jpg'><img src=http:\/\/ski.inmontanis.info\/d\/286629-3\/DSC04986.jpg \/><\/a><br \/>\n^ Abfahrt 2 war pr\u00e4pariert, aber offiziell geschlossen<\/p>\n<p><a href='http:\/\/ski.inmontanis.info\/d\/286634-2\/DSC04988.jpg'><img src=http:\/\/ski.inmontanis.info\/d\/286633-3\/DSC04988.jpg \/><\/a><br \/>\n^ Skiliftbr\u00fccke<\/p>\n<p><a href='http:\/\/ski.inmontanis.info\/d\/286638-2\/DSC04990.jpg'><img src=http:\/\/ski.inmontanis.info\/d\/286637-3\/DSC04990.jpg \/><\/a><br \/>\n^ Abrasierte Stoppeln auf pr\u00e4parierter Piste, gef\u00e4hrliche Sache, da bleibt man schnell mal h\u00e4ngen und fliegt.<\/p>\n<p><a href='http:\/\/ski.inmontanis.info\/d\/286642-2\/DSC04993.jpg'><img src=http:\/\/ski.inmontanis.info\/d\/286641-3\/DSC04993.jpg \/><\/a><br \/>\n^ Talstation Ost-SL ohne irgendwelche Leitsysteme, Schilder, Z\u00e4une, sch\u00f6n. Und der Keycardleser war auch au\u00dfer Betrieb<\/p>\n<p><a href='http:\/\/ski.inmontanis.info\/d\/286646-2\/DSC04994.jpg'><img src=http:\/\/ski.inmontanis.info\/d\/286645-3\/DSC04994.jpg \/><\/a><br \/>\n^ Leider ging halt der Seillift nicht<\/p>\n<p><a href='http:\/\/ski.inmontanis.info\/d\/286650-2\/DSC04995.jpg'><img src=http:\/\/ski.inmontanis.info\/d\/286649-3\/DSC04995.jpg \/><\/a><br \/>\n^ Ost-SL und Abfahrt 5<\/p>\n<p><a href='http:\/\/ski.inmontanis.info\/d\/286654-2\/DSC04996.jpg'><img src=http:\/\/ski.inmontanis.info\/d\/286653-3\/DSC04996.jpg \/><\/a><br \/>\n^ Im Steilhang war die Trasse etwas schwierig zu fahren<\/p>\n<p><a href='http:\/\/ski.inmontanis.info\/d\/286658-2\/DSC05000.jpg'><img src=http:\/\/ski.inmontanis.info\/d\/286657-3\/DSC05000.jpg \/><\/a><br \/>\n^ Rechts Abfahrt 3, links 4-8<\/p>\n<p><a href='http:\/\/ski.inmontanis.info\/d\/286662-2\/DSC05001.jpg'><img src=http:\/\/ski.inmontanis.info\/d\/286661-3\/DSC05001.jpg \/><\/a><br \/>\n^ Abfahrt 3<\/p>\n<p><a href='http:\/\/ski.inmontanis.info\/d\/286666-2\/DSC05004.jpg'><img src=http:\/\/ski.inmontanis.info\/d\/286665-3\/DSC05004.jpg \/><\/a><br \/>\n^ Abfahrt 3<\/p>\n<p><a href='http:\/\/ski.inmontanis.info\/d\/286670-2\/DSC05005.jpg'><img src=http:\/\/ski.inmontanis.info\/d\/286669-3\/DSC05005.jpg \/><\/a><br \/>\n^ Rechts Abfahrt 4, links 5-6<\/p>\n<p><a href='http:\/\/ski.inmontanis.info\/d\/286674-2\/DSC05007.jpg'><img src=http:\/\/ski.inmontanis.info\/d\/286673-3\/DSC05007.jpg \/><\/a><br \/>\n^ Abfahrt 4<\/p>\n<p><a href='http:\/\/ski.inmontanis.info\/d\/286678-2\/DSC05010.jpg'><img src=http:\/\/ski.inmontanis.info\/d\/286677-3\/DSC05010.jpg \/><\/a><br \/>\n^ Abfahrt 4 und SL-Br\u00fccke<\/p>\n<p><a href='http:\/\/ski.inmontanis.info\/d\/286682-2\/DSC05012.jpg'><img src=http:\/\/ski.inmontanis.info\/d\/286681-3\/DSC05012.jpg \/><\/a><br \/>\n^ Links Abfahrt 6, rechts 5<\/p>\n<p><a href='http:\/\/ski.inmontanis.info\/d\/286686-2\/DSC05014.jpg'><img src=http:\/\/ski.inmontanis.info\/d\/286685-3\/DSC05014.jpg \/><\/a><br \/>\n^ Abfahrt 5, die hatte den \u00e4rgsten Bruchharsch. Die beiden M\u00e4dels schnallten lieber ab. \u00c4h? Bei 1m tiefen Schnee, wo man leicht einsinkt?<\/p>\n<p><a href='http:\/\/ski.inmontanis.info\/d\/286690-2\/DSC05015.jpg'><img src=http:\/\/ski.inmontanis.info\/d\/286689-3\/DSC05015.jpg \/><\/a><br \/>\n^ Ost-Lift<\/p>\n<p><a href='http:\/\/ski.inmontanis.info\/d\/286694-2\/DSC05018.jpg'><img src=http:\/\/ski.inmontanis.info\/d\/286693-3\/DSC05018.jpg \/><\/a><br \/>\n^ Abfahrt 6<\/p>\n<p><a href='http:\/\/ski.inmontanis.info\/d\/286698-2\/DSC05019.jpg'><img src=http:\/\/ski.inmontanis.info\/d\/286697-3\/DSC05019.jpg \/><\/a><br \/>\n^ Abfahrt 6<\/p>\n<p><a href='http:\/\/ski.inmontanis.info\/d\/286702-2\/DSC05021.jpg'><img src=http:\/\/ski.inmontanis.info\/d\/286701-3\/DSC05021.jpg \/><\/a><br \/>\n^ Auch von der Abfahrt 6 kommt man nicht ohne zu Schieben zum SL. Tats\u00e4chlich ist die Abfahrt 5 rechts die einzige der 6 Abfahrten, wo man ohne zu Schieben zur Talstation kommt :-(<\/p>\n<p><a href='http:\/\/ski.inmontanis.info\/d\/286706-2\/DSC05022.jpg'><img src=http:\/\/ski.inmontanis.info\/d\/286705-3\/DSC05022.jpg \/><\/a><br \/>\n^ Links Abfahrt 8, rechts 7<\/p>\n<p><a href='http:\/\/ski.inmontanis.info\/d\/286710-2\/DSC05023.jpg'><img src=http:\/\/ski.inmontanis.info\/d\/286709-3\/DSC05023.jpg \/><\/a><br \/>\n^ Abfahrt 7<\/p>\n<p><a href='http:\/\/ski.inmontanis.info\/d\/286714-2\/DSC05025.jpg'><img src=http:\/\/ski.inmontanis.info\/d\/286713-3\/DSC05025.jpg \/><\/a><br \/>\n^ Abfahrt 7 und 8<\/p>\n<p><a href='http:\/\/ski.inmontanis.info\/d\/286718-2\/DSC05026.jpg'><img src=http:\/\/ski.inmontanis.info\/d\/286717-3\/DSC05026.jpg \/><\/a><br \/>\n^ Talstation Doppel-SL und Keycardleser, es fuhr an beiden Tagen nur der rechte (und zwar recht langsam)<\/p>\n<p><a href='http:\/\/ski.inmontanis.info\/d\/286722-2\/DSC05027.jpg'><img src=http:\/\/ski.inmontanis.info\/d\/286721-3\/DSC05027.jpg \/><\/a><br \/>\n^ Abfahrtsstart am Gipfel rechts zu den Abfahrten 10 bis 16<\/p>\n<p><a href='http:\/\/ski.inmontanis.info\/d\/286726-2\/DSC05029.jpg'><img src=http:\/\/ski.inmontanis.info\/d\/286725-3\/DSC05029.jpg \/><\/a><br \/>\n^ Rechts 10, links 11-16<\/p>\n<p><a href='http:\/\/ski.inmontanis.info\/d\/286730-2\/DSC05030.jpg'><img src=http:\/\/ski.inmontanis.info\/d\/286729-3\/DSC05030.jpg \/><\/a><br \/>\n^ Rechts zweigt die Abfahrt 14 ab, links gehts weiter auf der 15<\/p>\n<p><a href='http:\/\/ski.inmontanis.info\/d\/286734-2\/DSC05031.jpg'><img src=http:\/\/ski.inmontanis.info\/d\/286733-3\/DSC05031.jpg \/><\/a><br \/>\n^ Abfahrt 15<\/p>\n<p><a href='http:\/\/ski.inmontanis.info\/d\/286738-2\/DSC05032.jpg'><img src=http:\/\/ski.inmontanis.info\/d\/286737-3\/DSC05032.jpg \/><\/a><br \/>\n^ Rechts Abfahrt 15, links die ehemalige Abfahrt 16<\/p>\n<p><a href='http:\/\/ski.inmontanis.info\/d\/286742-2\/DSC05033.jpg'><img src=http:\/\/ski.inmontanis.info\/d\/286741-3\/DSC05033.jpg \/><\/a><br \/>\n^ Ex-Abfahrt 16, nicht gespurt, daher nicht gefahren &#8211; wird wohl nur eine Schiebepartie ..<\/p>\n<p><a href='http:\/\/ski.inmontanis.info\/d\/286746-2\/DSC05035.jpg'><img src=http:\/\/ski.inmontanis.info\/d\/286745-3\/DSC05035.jpg \/><\/a><br \/>\n^ Abfahrt 15<\/p>\n<p><a href='http:\/\/ski.inmontanis.info\/d\/286750-2\/DSC05036.jpg'><img src=http:\/\/ski.inmontanis.info\/d\/286749-3\/DSC05036.jpg \/><\/a><br \/>\n^ Abfahrt 14<\/p>\n<p><a href='http:\/\/ski.inmontanis.info\/d\/286754-2\/DSC05038.jpg'><img src=http:\/\/ski.inmontanis.info\/d\/286753-3\/DSC05038.jpg \/><\/a><br \/>\n^ Abfahrt 14<\/p>\n<p><a href='http:\/\/ski.inmontanis.info\/d\/286758-2\/DSC05040.jpg'><img src=http:\/\/ski.inmontanis.info\/d\/286757-3\/DSC05040.jpg \/><\/a><br \/>\n^ Hier sind die Abfahrten 11-14 wieder vereint, links zweigt noch die 15 ein.<\/p>\n<p><a href='http:\/\/ski.inmontanis.info\/d\/286762-2\/DSC05041.jpg'><img src=http:\/\/ski.inmontanis.info\/d\/286761-3\/DSC05041.jpg \/><\/a><br \/>\n^ Links Abfahrt 14, rechts 13<\/p>\n<p><a href='http:\/\/ski.inmontanis.info\/d\/286766-2\/DSC05042.jpg'><img src=http:\/\/ski.inmontanis.info\/d\/286765-3\/DSC05042.jpg \/><\/a><br \/>\n^ Abfahrt 14, nochmals gefahren, weil<\/p>\n<p><a href='http:\/\/ski.inmontanis.info\/d\/286770-2\/DSC05043.jpg'><img src=http:\/\/ski.inmontanis.info\/d\/286769-3\/DSC05043.jpg \/><\/a><br \/>\n^ .. es hier links noch eine Abzweiung von der 14 zur 15 gibt. Naja.. Rechts die 14<\/p>\n<p><a href='http:\/\/ski.inmontanis.info\/d\/286774-2\/DSC05046.jpg'><img src=http:\/\/ski.inmontanis.info\/d\/286773-3\/DSC05046.jpg \/><\/a><br \/>\n^ Abfahrt 13<\/p>\n<p><a href='http:\/\/ski.inmontanis.info\/d\/286778-2\/DSC05048.jpg'><img src=http:\/\/ski.inmontanis.info\/d\/286777-3\/DSC05048.jpg \/><\/a><br \/>\n^ Abfahrt 13<\/p>\n<p><a href='http:\/\/ski.inmontanis.info\/d\/286782-2\/DSC05049.jpg'><img src=http:\/\/ski.inmontanis.info\/d\/286781-3\/DSC05049.jpg \/><\/a><br \/>\n^ Abfahrt 13<\/p>\n<p><a href='http:\/\/ski.inmontanis.info\/d\/286786-2\/DSC05050.jpg'><img src=http:\/\/ski.inmontanis.info\/d\/286785-3\/DSC05050.jpg \/><\/a><br \/>\n^ Abfahrt 12<\/p>\n<p><a href='http:\/\/ski.inmontanis.info\/d\/286790-2\/DSC05051.jpg'><img src=http:\/\/ski.inmontanis.info\/d\/286789-3\/DSC05051.jpg \/><\/a><br \/>\n^ Abfahrt 12<\/p>\n<p><a href='http:\/\/ski.inmontanis.info\/d\/286794-2\/DSC05053.jpg'><img src=http:\/\/ski.inmontanis.info\/d\/286793-3\/DSC05053.jpg \/><\/a><br \/>\n^ Abfahrt 11 links und rechts die 12<\/p>\n<p><a href='http:\/\/ski.inmontanis.info\/d\/286798-2\/DSC05054.jpg'><img src=http:\/\/ski.inmontanis.info\/d\/286797-3\/DSC05054.jpg \/><\/a><br \/>\n^ Abfahrten 9, 10, 11 und 12 und oberhalb des Snowboardfahrers zweigt die 13 ein<\/p>\n<p><a href='http:\/\/ski.inmontanis.info\/d\/286802-2\/DSC05058.jpg'><img src=http:\/\/ski.inmontanis.info\/d\/286801-3\/DSC05058.jpg \/><\/a><br \/>\n^ Abfahrt 11, war wohl mal eine Halfpipe samt Beleuchtung<\/p>\n<p><a href='http:\/\/ski.inmontanis.info\/d\/286806-2\/DSC05060.jpg'><img src=http:\/\/ski.inmontanis.info\/d\/286805-3\/DSC05060.jpg \/><\/a><br \/>\n^ Der SSL hat links und rechts jeweils eine Abfahrt (ok, rechts eigentlich 2), die nicht im Plan extra nummeriert sind<\/p>\n<p><a href='http:\/\/ski.inmontanis.info\/d\/286810-2\/DSC05061.jpg'><img src=http:\/\/ski.inmontanis.info\/d\/286809-3\/DSC05061.jpg \/><\/a><br \/>\n^ Abfahrt 8<\/p>\n<p><a href='http:\/\/ski.inmontanis.info\/d\/286814-2\/DSC05064.jpg'><img src=http:\/\/ski.inmontanis.info\/d\/286813-3\/DSC05064.jpg \/><\/a><br \/>\n^ Links Abfahrt 10, rechts die 9<\/p>\n<p><a href='http:\/\/ski.inmontanis.info\/d\/286818-2\/DSC05065.jpg'><img src=http:\/\/ski.inmontanis.info\/d\/286817-3\/DSC05065.jpg \/><\/a><br \/>\n^ Abfahrt 10 in etwa gleicher H\u00f6he wie das vorherige Bild bei der vorherigen Abfahrt<\/p>\n<p><a href='http:\/\/ski.inmontanis.info\/d\/286822-2\/DSC05066.jpg'><img src=http:\/\/ski.inmontanis.info\/d\/286821-3\/DSC05066.jpg \/><\/a><br \/>\n^ .. hier neben der Abfahrt 10 entdeckte ich eine Leiche. Seht ihr sie?<\/p>\n<p><a href='http:\/\/ski.inmontanis.info\/d\/286826-2\/DSC05070.jpg'><img src=http:\/\/ski.inmontanis.info\/d\/286825-3\/DSC05070.jpg \/><\/a><br \/>\n^ Abfahrt rechts vom SSL<\/p>\n<p><a href='http:\/\/ski.inmontanis.info\/d\/286830-2\/DSC05072.jpg'><img src=http:\/\/ski.inmontanis.info\/d\/286829-3\/DSC05072.jpg \/><\/a><br \/>\n^ Die Rinne zwischen Abfahrt 10 und 11 f\u00fchrt zur Leiche<\/p>\n<p><a href='http:\/\/ski.inmontanis.info\/d\/286834-2\/DSC05073.jpg'><img src=http:\/\/ski.inmontanis.info\/d\/286833-3\/DSC05073.jpg \/><\/a><br \/>\n^ Diese komische Halfpipe wurde fr\u00fcher also sogar mit einem Seillift oder Ponylift erschlossen. Die Umlenkscheibe ist ja ziemlich hoch?!<\/p>\n<p><a href='http:\/\/ski.inmontanis.info\/d\/286838-2\/DSC05074.jpg'><img src=http:\/\/ski.inmontanis.info\/d\/286837-3\/DSC05074.jpg \/><\/a><br \/>\n^ .. allerdings ist der Lift auch ganz sch\u00f6n lang gewesen. Nein, das Gestr\u00fcpp unten war noch nicht die Talstation!<\/p>\n<p><a href='http:\/\/ski.inmontanis.info\/d\/286842-2\/DSC05075.jpg'><img src=http:\/\/ski.inmontanis.info\/d\/286841-3\/DSC05075.jpg \/><\/a><br \/>\n^ Ex-Parklift-Trasse<\/p>\n<p><a href='http:\/\/ski.inmontanis.info\/d\/286846-2\/DSC05077.jpg'><img src=http:\/\/ski.inmontanis.info\/d\/286845-3\/DSC05077.jpg \/><\/a><br \/>\n^ Ex-Parklift-Trasse<\/p>\n<p><a href='http:\/\/ski.inmontanis.info\/d\/286850-2\/DSC05078.jpg'><img src=http:\/\/ski.inmontanis.info\/d\/286849-3\/DSC05078.jpg \/><\/a><br \/>\n^ .. ab hier ist die Lifttrasse komplett verwachsen, aber links davon gibts eine Rinne, zu der man nun wechseln kann. Eigenartig.<\/p>\n<p><a href='http:\/\/ski.inmontanis.info\/d\/286854-2\/DSC05079.jpg'><img src=http:\/\/ski.inmontanis.info\/d\/286853-3\/DSC05079.jpg \/><\/a><br \/>\n^ Rinne neben dem ehemaligen Parklift, der d\u00fcrfte auf dem Damm rechts gelaufen sein<\/p>\n<p><a href='http:\/\/ski.inmontanis.info\/d\/286858-2\/DSC05083.jpg'><img src=http:\/\/ski.inmontanis.info\/d\/286857-3\/DSC05083.jpg \/><\/a><br \/>\n^ Von der Talstation steht auch noch was rum<\/p>\n<p><a href='http:\/\/ski.inmontanis.info\/d\/286862-2\/DSC05086.jpg'><img src=http:\/\/ski.inmontanis.info\/d\/286861-3\/DSC05086.jpg \/><\/a><br \/>\n^ Ja, das war die heutige Keycard im Skigebiet<\/p>\n<p>Ca. 20 Minuten s\u00fcdlich war meine heutige Unterkunft, ein Hostel in einem mal wieder ehemaligen Schulgeb\u00e4ude um ca. 40 \u20ac pro Nacht, inkl. Bettw\u00e4sche, exkl. Handt\u00fccher. Haufenweise WLAN-Netze mit unterschiedlichen Namen und Passw\u00f6rtern, aber keines funktionierte wirklich sauber, jedenfalls nicht abends (evtl. zu viel Nachbarn eingeloggt? Weil die Studenten, die heute da waren (inkl. zumindest einer deutschen), reisten morgen wieder ab, es war aber am n\u00e4chsten Abend auch nicht besser, nur morgens gings besser. Ich loggte mich ein wenig in die Accesspoints und Range Extender ein (admin\/admin funktionierte auf Anhieb :) ), konnte die Sache aber nicht wirklich verbessern (bzw. wollte ich nat\u00fcrlich auch nicht die anderen sperren ;) )<\/p>\n<p>Da ich dieses Monat ja kaum meine 4G-Anbindung gebraucht hab, schaltete ich irgendwann auf meinen Handy-Hotspot um.<\/p>\n<p><a href='http:\/\/extra.inmontanis.info\/d\/61653-2\/DSC05085.jpg'><img src=http:\/\/extra.inmontanis.info\/d\/61652-3\/DSC05085.jpg \/><\/a><br \/>\n^ In schwedischen Supermarkt-Tiefk\u00fchltruhen findet man meist mehrere verschiedene derartige Kartoffel-Gr\u00f6stl-Pfannen, leider die meisten 1000g oder mehr, das war also die kleinste mit 720g. 2 Portionen \u00e0 700 kcal? Tja, ich musste heute alles essen ;)<\/p>\n<p><a href='http:\/\/extra.inmontanis.info\/d\/61657-2\/DSC05088.jpg'><img src=http:\/\/extra.inmontanis.info\/d\/61656-3\/DSC05088.jpg \/><\/a><br \/>\n^ Hostelzimmer f\u00fcr 2 N\u00e4chte \u00e0 ca. 40 \u20ac<\/p>\n<p>Besagte Studenten machten leider auch etwas L\u00e4rm bis sp\u00e4t in die Nacht. <\/p>\n<p><strong>28.2.2021<\/strong><\/p>\n<p>Der Duschraum f\u00fcr M\u00e4nner war im Keller, recht kalt und mit fix installiertem Duschkopf, b\u00e4h.<\/p>\n<p>Am Skilift angekommen, funktionierte die Keycard heute nicht. Der Liftler lie\u00df mich durch, ich fuhr zum ersten Ausstieg und zur Rezeption, war wohl nicht der erste heute, die \u00e4ltere Dame hatte einen Fehler gemacht und mir eine neue Tageskarte gegeben. <\/p>\n<p>Leider war es heute weder so sonnig wie gestern, noch schneem\u00e4\u00dfig so gut &#8211; es pappte. Teilweise stark. Daf\u00fcr weniger los, keine Wartezeiten.<\/p>\n<p>An der Talstation des Doppel-SL waren besonders geformte und designte Snowboards ausgestellt. Da ich kein Snowboarder bin, kann ich damit nix anfangen, aber wer Interesse an ungew\u00f6hnlichen, handgefertigten und ggf. personalisierten Boards hat (die man wohl teilweise ohne Bindung f\u00e4hrt?!), kann ja mal nach Sn\u00f6rnie Boards googeln, insb. auf Instragram gibt&#8217;s viele Bilder. Kleine, lokale Schmieden muss man doch unterst\u00fctzen ;)<\/p>\n<p><a href='http:\/\/ski.inmontanis.info\/d\/286866-2\/DSC05090.jpg'><img src=http:\/\/ski.inmontanis.info\/d\/286865-3\/DSC05090.jpg \/><\/a><br \/>\n^ Svanstein (Ort) hat auf dem kleinen Berg sogar einen Schriftzug<\/p>\n<p><a href='http:\/\/ski.inmontanis.info\/d\/286870-2\/DSC05091.jpg'><img src=http:\/\/ski.inmontanis.info\/d\/286869-3\/DSC05091.jpg \/><\/a><br \/>\n^ Wegweiser zum Skigebiet mit einem nobel klingenden Namen<\/p>\n<p><a href='http:\/\/ski.inmontanis.info\/d\/286874-2\/DSC05092.jpg'><img src=http:\/\/ski.inmontanis.info\/d\/286873-3\/DSC05092.jpg \/><\/a><br \/>\n^ Abfahrt 11<\/p>\n<p><a href='http:\/\/ski.inmontanis.info\/d\/286878-2\/DSC05093.jpg'><img src=http:\/\/ski.inmontanis.info\/d\/286877-3\/DSC05093.jpg \/><\/a><br \/>\n^ Abfahrt 11<\/p>\n<p><a href='http:\/\/ski.inmontanis.info\/d\/286882-2\/DSC05094.jpg'><img src=http:\/\/ski.inmontanis.info\/d\/286881-3\/DSC05094.jpg \/><\/a><br \/>\n^ Abfahrt 10, danach wurde die Sicht leider mindestens genauso bl\u00f6d wie gestern Nachmittag, was die Kontraste anbelangte, daher sparte ich mir das Fotografieren.<\/p>\n<p><a href='http:\/\/ski.inmontanis.info\/d\/286886-2\/DSC05097.jpg'><img src=http:\/\/ski.inmontanis.info\/d\/286885-3\/DSC05097.jpg \/><\/a><br \/>\n^ Zwischen Abfahrt 1 und 2 gabs wohl mal noch eine kurze Querverbindung und zwar auf H\u00f6he der Skiliftbr\u00fccke<\/p>\n<p><a href='http:\/\/ski.inmontanis.info\/d\/286890-2\/DSC05099.jpg'><img src=http:\/\/ski.inmontanis.info\/d\/286889-3\/DSC05099.jpg \/><\/a><br \/>\n^ Abfahrt 12<\/p>\n<p><a href='http:\/\/ski.inmontanis.info\/d\/286894-2\/DSC05102.jpg'><img src=http:\/\/ski.inmontanis.info\/d\/286893-3\/DSC05102.jpg \/><\/a><br \/>\n^ Zum Abschluss bin ich nochmals die Rinne an der Parkliftleiche gefahren<\/p>\n<p><a href='http:\/\/ski.inmontanis.info\/d\/286898-2\/ge2021022728a.jpg'><img src=http:\/\/ski.inmontanis.info\/d\/286897-3\/ge2021022728a.jpg \/><\/a><br \/>\n^ GPS-Track, 27.2.2021 in Gelb und 28.2.2021 in T\u00fcrkis; Orange die wohl ehemaligen Abfahrten (die rechts sieht man auf den \u00e4lteren Satbildern besser) und Rot der ehemalige Parklift<\/p>\n<p><a href='http:\/\/extra.inmontanis.info\/d\/61661-2\/DSC05110.jpg'><img src=http:\/\/extra.inmontanis.info\/d\/61660-3\/DSC05110.jpg \/><\/a><br \/>\n^ Jetzt beginnt die Zeit, wo man Spikereifen brauchen k\u00f6nnte &#8211; tags\u00fcber taut das Eis durch die Plusgrade auf und verliert dadurch die Pr\u00e4parierung und wird somit glatter<\/p>\n<p>Da ich am Morgen in den Duschr\u00e4umen jeweils eine Waschmaschine samt Trockner entdeckte, g\u00f6nnte ich einigen meiner Kleider heute Nachmittag mal eine richtige W\u00e4sche.<\/p>\n<p>Dabei ist mir aufgefalle, dass die USB-heizbaren Hausschuhe die letzten Wochen leider nicht \u00fcberlebt haben hinten im Kofferraum, besser gesagt die Kabel, da ist eines wohl durch Drehen oder Scheuern abgerissen. Schade. Allerdings h\u00e4tte ich ja glaub ich noch ein Paar extra USB-Heizeinlagen, die k\u00f6nnte man vmtl. einfach austauschen. Und die Schuhe selbst sind ja auch schon sehr warm.<\/p>\n<p>&#8211;<\/p>\n<p>Der Februar ist nun vorbei, Zeit wieder f\u00fcr ein kleines Fazit und eine aktuelle Routen-Karte.<\/p>\n<p><a href='http:\/\/extra.inmontanis.info\/d\/61665-2\/ge202103b.jpg'><img src=http:\/\/extra.inmontanis.info\/d\/61664-3\/ge202103b.jpg \/><\/a><br \/>\n^ T\u00fcrkis: Fahrstrecke im Februar 2021, ca. 2100-2200km<br \/>\nA) G\u00e4ddede<br \/>\nB) Borgafj\u00e4ll<br \/>\nC) Kittelfj\u00e4ll<br \/>\nD) Arvidsjaur (Pr\u00e4stberget &#038; Vittj\u00e4ck)<br \/>\nE) \u00c4lvsbyn Kanis<br \/>\nF) Lindb\u00e4cksstadion \/ Pite\u00e5<br \/>\nG) M\u00e5ttsund \/ Lule\u00e5<br \/>\nH) Pagla \/ Boden<br \/>\nI) Storklinten<br \/>\nJ) Kalix<br \/>\nK) Ruskola \/ \u00d6vertorne\u00e5<br \/>\nL) Svanstein<\/p>\n<p>Leider blieb der Februar doch stark hinter den Erwartungen, erst Blasj\u00f6n, die den Saisonstart verschoben, dann das Startproblem mit dem Auto, wo ich ein Wochenende auslassen musste und dann die Routen\u00e4nderung wegen der schlechten Wettervorhersage &#8230; So hatte ich nur 13 Skitage, immerhin 3 in Kittelfj\u00e4ll, das war ja schon genial. Und: Ich hatte den ganzen Februar nur Skigebiete rein mit Schleppliften. Keine Sessel, keine Gondeln, cool :)<\/p>\n<p>Trotzdem sollte ich jetzt im M\u00e4rz und April mal h\u00e4ufiger Ski fahren, denn wer wei\u00df, ob ich ab Mai heuer nochmal zum Skifahren kommen werde. Das mit den Coronarestriktionen scheint mir ja momentan nicht besser zu werden, eher immer weiter festgefahren. Sobald ich also mal wieder daheim in AT bin, werd ich den Rest des Jahres wohl eher nicht mehr reisen k\u00f6nnen und 24\/7 in der Wohnung bleiben.<\/p>\n<p>Dass diese Saison wesentlich schlechter, also k\u00fcrzer und mit weniger Skitage verlaufen wird als die letzte, steht mittlerweile fest. Und ich f\u00fcrchte, der Sommer und der n\u00e4chste Winter werden nicht besser werden, eher noch schlechter :( <\/p>\n<p>Masketragen, Ausgangssperren, Freitesten, Registrierungspflicht, Impfpflicht &#8211; ihr k\u00f6nnt mich alle mal kreuzweise mit eurer &#8220;neuen Normalit\u00e4t&#8221;. Nach 2 zumindest f\u00fcr mich recht normalen und freien Monaten in Schweden h\u00f6rt sich das alles an wie aus einer anderen Welt, wenn man die Nachrichten aus Deutschland\/\u00d6stereich\/Italien usw. h\u00f6rt, ich denk mir da nur noch: Seids es jetzt v\u00f6llig deppert? Wacht doch endlich mal auf!<\/p>\n<p>Der Oberschwachsinn ist ja, dass man zumindest momentan bei Einreise nach \u00d6sterreich einen negativen Test braucht, trotzdem aber in Quarant\u00e4ne muss. Hat man aber den Test bei der Einreise nicht, muss man ihn innerhalb 24h nachholen. Ja wozu denn? Wenn man doch eh die 10 Tage in Quarant\u00e4ne daheim bleiben muss\/will und schon daheim w\u00e4re, soll man also wieder rumfahren und sich irgendwo testen lassen!? Naja, vielleicht ist der Spuk bis Ende April \/ Anfang Mai ja doch endlich mal vorbei. Allein mir fehlt der Glaube, die Politik ist viel zu festgefahren. Und bis dahin gibts eh wieder neue Mutationen, ach h\u00f6r mir doch auf!<\/p>\n<p>Aktueller Plan w\u00e4re also, bis zum Ende der Skisaison Ende April \/ Anfang Mai durch Schweden zu fahren. Au\u00dfer man k\u00e4me bis dahin mal leichter nach Norwegen r\u00fcber.<\/p>\n","protected":false},"excerpt":{"rendered":"<p>27.2.2021<\/p>\n<p>Die K\u00e4lte im Auto war recht unproblematisch, ein paar Mal wachte ich aber leicht auf, wenn die Decke am R\u00fccken nicht mehr genug umwickelt war oder mir die Nasenspitze zu kalt wurde oder um die F\u00fc\u00dfe wieder auf die warme Heizmatte anzuwinkeln. <\/p>\n<p>-5\u00b0 waren es morgens, die Scheiben waren allesamt von innen angefroren.<\/p>\n<p> <a href=\"http:\/\/blog.inmontanis.info\/?p=6599\">[&#8230;]<\/a><\/p>\n","protected":false},"author":1,"featured_media":0,"comment_status":"closed","ping_status":"closed","sticky":false,"template":"","format":"standard","meta":{"footnotes":""},"categories":[184,19,27,629],"tags":[47],"class_list":["post-6599","post","type-post","status-publish","format-standard","hentry","category-2021-01-skandinavien","category-schwedensweden","category-skifahren-winterskiing-winter","category-svanstein","tag-sl","odd"],"_links":{"self":[{"href":"http:\/\/blog.inmontanis.info\/index.php?rest_route=\/wp\/v2\/posts\/6599","targetHints":{"allow":["GET"]}}],"collection":[{"href":"http:\/\/blog.inmontanis.info\/index.php?rest_route=\/wp\/v2\/posts"}],"about":[{"href":"http:\/\/blog.inmontanis.info\/index.php?rest_route=\/wp\/v2\/types\/post"}],"author":[{"embeddable":true,"href":"http:\/\/blog.inmontanis.info\/index.php?rest_route=\/wp\/v2\/users\/1"}],"replies":[{"embeddable":true,"href":"http:\/\/blog.inmontanis.info\/index.php?rest_route=%2Fwp%2Fv2%2Fcomments&post=6599"}],"version-history":[{"count":2,"href":"http:\/\/blog.inmontanis.info\/index.php?rest_route=\/wp\/v2\/posts\/6599\/revisions"}],"predecessor-version":[{"id":6601,"href":"http:\/\/blog.inmontanis.info\/index.php?rest_route=\/wp\/v2\/posts\/6599\/revisions\/6601"}],"wp:attachment":[{"href":"http:\/\/blog.inmontanis.info\/index.php?rest_route=%2Fwp%2Fv2%2Fmedia&parent=6599"}],"wp:term":[{"taxonomy":"category","embeddable":true,"href":"http:\/\/blog.inmontanis.info\/index.php?rest_route=%2Fwp%2Fv2%2Fcategories&post=6599"},{"taxonomy":"post_tag","embeddable":true,"href":"http:\/\/blog.inmontanis.info\/index.php?rest_route=%2Fwp%2Fv2%2Ftags&post=6599"}],"curies":[{"name":"wp","href":"https:\/\/api.w.org\/{rel}","templated":true}]}}