{"id":6595,"date":"2021-02-26T19:53:51","date_gmt":"2021-02-26T18:53:51","guid":{"rendered":"http:\/\/blog.inmontanis.info\/?p=6595"},"modified":"2021-02-27T20:07:42","modified_gmt":"2021-02-27T19:07:42","slug":"26-2-2021-am-ende-des-eismeeres","status":"publish","type":"post","link":"http:\/\/blog.inmontanis.info\/?p=6595","title":{"rendered":"26.2.2021 &#8211; Am Ende des Eismeeres"},"content":{"rendered":"<p><strong>26.2.2021<\/strong> &#8211; Am Ende des Eismeeres<\/p>\n<p>Statt 50,- \u20ac in einem Hostel zu zahlen, entschied ich mich, heute Nacht lieber mal im Auto zu bleiben, da man abends Skifahren k\u00f6nnte und morgens ja zeitig wieder weiter fahren k\u00f6nnte, w\u00e4re der Aufenthalt nicht sehr lang (d.h. also kein PC aufbauen usw.) und die Temperaturen mit nachts -4\u00b0 auch nicht zu kalt und zwei Rastpl\u00e4tze an der Stra\u00dfe mit WCs, das geht dann schon. Und vielleicht ergeben sich ein paar Nordlichter \u00fcber dem gefrorenen Meer, wenn man da irgendwie an die K\u00fcste kommen sollte? Naja, daf\u00fcr heute wohl leider nur eine geringe Vorhersage.<\/p>\n<p>Die Fahrt dorthin w\u00e4re auch nicht so weit, der kurze Lift mit seiner Abfahrt erst ab 15 Uhr offen, also sparte ich mir die Kosten f\u00fcr die Endreinigung im Hostel hier in Boden und reinigte selbst, nachdem ich mittags noch den gestrigen Bericht online stellte.<\/p>\n<p>In Kalix im Skigebiet angekommen, las ich mir nochmals die Website genauer durch &#8211; warum auch immer erst jetzt &#8211; und erfuhr, dass man hier coronabedingt keine Tageskarten mehr verkauft &#8211; nur Saisonkarten um ca. 20,- \u20ac, die aber nicht am Freitag und sowieso nur via Swish zu bezahlen. Ok, h\u00e4tt ich mir auch nicht gekauft. Sonne war auch schon wieder hinter den Wolken &#8230; und in Summe ja eh unspannend. Wenn, w\u00e4rs nur mit einem sch\u00f6nen Sonnenuntergang interessant gewesen. (Lift macht freitags um 15 uhr auf.)<\/p>\n<p>Also bin ich noch 3x eine Stra\u00dfe s\u00fcdw\u00e4rts zum Meer gefahren, so ging die Zeit auch vorbei. Hier oben ist das Meer, die Ostsee, ja zu Ende, daher muss man s\u00fcdw\u00e4rts fahren.<\/p>\n<p><a href='http:\/\/extra.inmontanis.info\/d\/61537-2\/DSC04873.jpg'><img src=http:\/\/extra.inmontanis.info\/d\/61536-3\/DSC04873.jpg \/><\/a><br \/>\n^ Bei Boden. Wie so h\u00e4ufig war der Autofahrtag der sonnigste der Woche<\/p>\n<p><a href='http:\/\/extra.inmontanis.info\/d\/61541-2\/DSC04874.jpg'><img src=http:\/\/extra.inmontanis.info\/d\/61540-3\/DSC04874.jpg \/><\/a><br \/>\n^ N\u00e4he Boden. On the road again<\/p>\n<p><a href='http:\/\/extra.inmontanis.info\/d\/61545-2\/DSC04878.jpg'><img src=http:\/\/extra.inmontanis.info\/d\/61544-3\/DSC04878.jpg \/><\/a><br \/>\n^ Kalix<\/p>\n<p><a href='http:\/\/extra.inmontanis.info\/d\/61549-2\/DSC04880.jpg'><img src=http:\/\/extra.inmontanis.info\/d\/61548-3\/DSC04880.jpg \/><\/a><br \/>\n^ Kalix Rudtr\u00e4skbacken<\/p>\n<p><a href='http:\/\/extra.inmontanis.info\/d\/61553-2\/DSC04881.jpg'><img src=http:\/\/extra.inmontanis.info\/d\/61552-3\/DSC04881.jpg \/><\/a><br \/>\n^ Endlich mal wieder ein hei\u00dfer, franz\u00f6sischer Hundepimmel ;)<\/p>\n<p><a href='http:\/\/extra.inmontanis.info\/d\/61557-2\/DSC04882.jpg'><img src=http:\/\/extra.inmontanis.info\/d\/61556-3\/DSC04882.jpg \/><\/a><br \/>\n^ Karlsborg bei Kalix<\/p>\n<p><a href='http:\/\/extra.inmontanis.info\/d\/61561-2\/DSC04885.jpg'><img src=http:\/\/extra.inmontanis.info\/d\/61560-3\/DSC04885.jpg \/><\/a><br \/>\n^ Bei Karlsborg<\/p>\n<p><a href='http:\/\/extra.inmontanis.info\/d\/61565-2\/DSC04887.jpg'><img src=http:\/\/extra.inmontanis.info\/d\/61564-3\/DSC04887.jpg \/><\/a><br \/>\n^ Bei Karlsborg<\/p>\n<p><a href='http:\/\/extra.inmontanis.info\/d\/61569-2\/DSC04891.jpg'><img src=http:\/\/extra.inmontanis.info\/d\/61568-3\/DSC04891.jpg \/><\/a><br \/>\n^ Karlsborg bei Kalix<\/p>\n<p><a href='http:\/\/extra.inmontanis.info\/d\/61573-2\/DSC04893.jpg'><img src=http:\/\/extra.inmontanis.info\/d\/61572-3\/DSC04893.jpg \/><\/a><br \/>\n^ Huch, wo kommt denn das Wasser her?<\/p>\n<p><a href='http:\/\/extra.inmontanis.info\/d\/61577-2\/DSC04894.jpg'><img src=http:\/\/extra.inmontanis.info\/d\/61576-3\/DSC04894.jpg \/><\/a><br \/>\n^ Stra\u00dfe nach Seskar\u00f6<\/p>\n<p><a href='http:\/\/extra.inmontanis.info\/d\/61581-2\/DSC04896.jpg'><img src=http:\/\/extra.inmontanis.info\/d\/61580-3\/DSC04896.jpg \/><\/a><br \/>\n^ Stra\u00dfe nach Seskar\u00f6<\/p>\n<p><a href='http:\/\/extra.inmontanis.info\/d\/61585-2\/DSC04900.jpg'><img src=http:\/\/extra.inmontanis.info\/d\/61584-3\/DSC04900.jpg \/><\/a><br \/>\n^ Die Stra\u00dfe nach Seskar\u00f6 geht \u00fcber mehrere Inseln<\/p>\n<p><a href='http:\/\/extra.inmontanis.info\/d\/61589-2\/DSC04903.jpg'><img src=http:\/\/extra.inmontanis.info\/d\/61588-3\/DSC04903.jpg \/><\/a><br \/>\n^ Stra\u00dfe nach Seskar\u00f6<\/p>\n<p><a href='http:\/\/extra.inmontanis.info\/d\/61593-2\/DSC04904.jpg'><img src=http:\/\/extra.inmontanis.info\/d\/61592-3\/DSC04904.jpg \/><\/a><br \/>\n^ Stra\u00dfe nach Seskar\u00f6, finale Br\u00fccke<\/p>\n<p><a href='http:\/\/extra.inmontanis.info\/d\/61597-2\/DSC04905.jpg'><img src=http:\/\/extra.inmontanis.info\/d\/61596-3\/DSC04905.jpg \/><\/a><br \/>\n^ .. und wieder retour. Rechts wo die Lichter sind ist mein n\u00e4chstes Ziel<\/p>\n<p><a href='http:\/\/extra.inmontanis.info\/d\/61601-2\/DSC04908.jpg'><img src=http:\/\/extra.inmontanis.info\/d\/61600-3\/DSC04908.jpg \/><\/a><br \/>\n^ Hier bin ich mal ausgestiegen..<\/p>\n<p><a href='http:\/\/extra.inmontanis.info\/d\/61605-2\/DSC04910.jpg'><img src=http:\/\/extra.inmontanis.info\/d\/61604-3\/DSC04910.jpg \/><\/a><br \/>\n^ .. und hab sogar mal mein Zoom-Objektiv verwendet<\/p>\n<p><a href='http:\/\/extra.inmontanis.info\/d\/61609-2\/DSC04912.jpg'><img src=http:\/\/extra.inmontanis.info\/d\/61608-3\/DSC04912.jpg \/><\/a><br \/>\n^ Hafen bei Nikkala, hier blieb ich ein paar Stunden<\/p>\n<p><a href='http:\/\/extra.inmontanis.info\/d\/61613-2\/DSC04914.jpg'><img src=http:\/\/extra.inmontanis.info\/d\/61612-3\/DSC04914.jpg \/><\/a><br \/>\n^ Hafen bei Nikkala<\/p>\n<p><a href='http:\/\/extra.inmontanis.info\/d\/61617-2\/DSC04918.jpg'><img src=http:\/\/extra.inmontanis.info\/d\/61616-3\/DSC04918.jpg \/><\/a><br \/>\n^ Hafen bei Nikkala<\/p>\n<p><a href='http:\/\/extra.inmontanis.info\/d\/61621-2\/DSC04920.jpg'><img src=http:\/\/extra.inmontanis.info\/d\/61620-3\/DSC04920.jpg \/><\/a><br \/>\n^ Hafen bei Nikkala<\/p>\n<p><a href='http:\/\/extra.inmontanis.info\/d\/61625-2\/DSC04922.jpg'><img src=http:\/\/extra.inmontanis.info\/d\/61624-3\/DSC04922.jpg \/><\/a><br \/>\n^ irgendwann klarte es noch auf<\/p>\n<p><a href='http:\/\/extra.inmontanis.info\/d\/61629-2\/DSC04931.jpg'><img src=http:\/\/extra.inmontanis.info\/d\/61628-3\/DSC04931.jpg \/><\/a><br \/>\n^ .. aber die Beleuchtung hier ist zu hell.<\/p>\n<p>Sp\u00e4ter am Parkplatz sah ich zwar Sterne, aber es gab heute wohl eine zu geringe Nordlichtaktivit\u00e4t. Ja, Parkplatz, wie gesagt, es gab 2 in der N\u00e4he, je nach Fahrtrichtung. Ich wollte dann den nehmen, wo ich zur Not mein Auto \u00fcber Gang-Einlegen starten k\u00f6nnte, falls der Starter wegen der Standheizung wieder spinnen sollte. Fuhr also beide Parkpl\u00e4tze an, blieb aber doch beim ersten, hier war es zwar weniger absch\u00fcssig, aber ich k\u00f6nnte mich evtl. so nachts hinstellen, dass ich nicht erst bergauf schieben m\u00fcsste.<\/p>\n<p>Ich fuhr ein paar Mal im Kreis, um den Schnee zu verfestigen und machte ein paar Tests, wie schnell ich ins Rollen kommen w\u00fcrde. Interessanterweise wurde ich r\u00fcckw\u00e4rts schneller als vorw\u00e4rts. Da zudem der R\u00fcckw\u00e4rtsgang ja zwischen 1. und 2. liegen sollte und man vorw\u00e4rts mit dem 2., nicht mit dem 1., beim Anschieben\/Runterrollen starten sollte, w\u00fcrde ich es also mit dem R\u00fcckw\u00e4rtsgang probieren, falls der Starter nicht gehen sollte.<\/p>\n<p>(Tags\u00fcber bei den jetzigen Plusgraden startete der Anlasser ja schon fast bef\u00fcrchtniserregend schnell, den Startknopf nicht mal ganz reingedr\u00fcckt und der Motor lief schon.)<\/p>\n<p>Da es mittlerweile schon recht sp\u00e4t war, musste ich abends die Standheizung nur 1x einschalten und ging dann ins Bett, und zwar vom Vordersitz aus, da ich die Ski nicht wegr\u00e4umen wollte und den Tisch ja nicht aufbauen wollte\/musste. Die Heizmatte im Fu\u00dfbereich heizte nicht, einer der Kableschuhe an den Schaltern ist abgerutscht &#8211; wundert mich nicht, so locker wie die da sitzen, war aber schnell behebbar.<\/p>\n<p>Ich stellte die Standheizung auf 6:15, meinen Wecker auf 6:20 (wobei ich eh wach werden w\u00fcrde, wenn die Standheizung einschaltet) und schlief bald ein.<\/p>\n","protected":false},"excerpt":{"rendered":"<p>26.2.2021 &#8211; Am Ende des Eismeeres<\/p>\n<p>Statt 50,- \u20ac in einem Hostel zu zahlen, entschied ich mich, heute Nacht lieber mal im Auto zu bleiben, da man abends Skifahren k\u00f6nnte und morgens ja zeitig wieder weiter fahren k\u00f6nnte, w\u00e4re der Aufenthalt nicht sehr lang (d.h. also kein PC aufbauen usw.) und die Temperaturen mit nachts <a href=\"http:\/\/blog.inmontanis.info\/?p=6595\">[&#8230;]<\/a><\/p>\n","protected":false},"author":1,"featured_media":0,"comment_status":"closed","ping_status":"closed","sticky":false,"template":"","format":"standard","meta":{"footnotes":""},"categories":[184,19],"tags":[37],"class_list":["post-6595","post","type-post","status-publish","format-standard","hentry","category-2021-01-skandinavien","category-schwedensweden","tag-meer","odd"],"_links":{"self":[{"href":"http:\/\/blog.inmontanis.info\/index.php?rest_route=\/wp\/v2\/posts\/6595","targetHints":{"allow":["GET"]}}],"collection":[{"href":"http:\/\/blog.inmontanis.info\/index.php?rest_route=\/wp\/v2\/posts"}],"about":[{"href":"http:\/\/blog.inmontanis.info\/index.php?rest_route=\/wp\/v2\/types\/post"}],"author":[{"embeddable":true,"href":"http:\/\/blog.inmontanis.info\/index.php?rest_route=\/wp\/v2\/users\/1"}],"replies":[{"embeddable":true,"href":"http:\/\/blog.inmontanis.info\/index.php?rest_route=%2Fwp%2Fv2%2Fcomments&post=6595"}],"version-history":[{"count":3,"href":"http:\/\/blog.inmontanis.info\/index.php?rest_route=\/wp\/v2\/posts\/6595\/revisions"}],"predecessor-version":[{"id":6598,"href":"http:\/\/blog.inmontanis.info\/index.php?rest_route=\/wp\/v2\/posts\/6595\/revisions\/6598"}],"wp:attachment":[{"href":"http:\/\/blog.inmontanis.info\/index.php?rest_route=%2Fwp%2Fv2%2Fmedia&parent=6595"}],"wp:term":[{"taxonomy":"category","embeddable":true,"href":"http:\/\/blog.inmontanis.info\/index.php?rest_route=%2Fwp%2Fv2%2Fcategories&post=6595"},{"taxonomy":"post_tag","embeddable":true,"href":"http:\/\/blog.inmontanis.info\/index.php?rest_route=%2Fwp%2Fv2%2Ftags&post=6595"}],"curies":[{"name":"wp","href":"https:\/\/api.w.org\/{rel}","templated":true}]}}