{"id":6590,"date":"2021-02-25T19:12:14","date_gmt":"2021-02-25T18:12:14","guid":{"rendered":"http:\/\/blog.inmontanis.info\/?p=6590"},"modified":"2023-08-05T12:07:38","modified_gmt":"2023-08-05T10:07:38","slug":"storklinten-25-2-2021","status":"publish","type":"post","link":"http:\/\/blog.inmontanis.info\/?p=6590","title":{"rendered":"Storklinten, 25.2.2021"},"content":{"rendered":"<p><strong>25.2.2021<\/strong> Storklinten<\/p>\n<p>Um 0:30 Uhr weckte mich der Schneer\u00e4umdienst &#8211; war heute aber schneller fertig. Sp\u00e4ter weckte mich noch jemand, der im Flur &#8220;i&#8217;m going home&#8221; rief &#8230; also so oft wie in dieser Herberge wurde ich auf dieser Reise noch nie gest\u00f6rt.<\/p>\n<p>Nachmittags ging es ins Skigebiet Storklinten, dort kaufte ich mir eine 3h-Karte um ca. 25,- \u20ac. <\/p>\n<p>Die Sonne wurde leider nachmittags weniger, aber wegen der Plusgrade war es leider pappiger als bef\u00fcrchtet, auch im Tiefschnee auf der schwarzen rechten Abfahrt sehr unsch\u00f6n. In Summe leider doch weniger interessant als erhofft. Als ich aufh\u00f6rte, hatte es +4\u00b0 am Auto.<\/p>\n<p><a href='http:\/\/extra.inmontanis.info\/d\/61529-3\/DSC04822.jpg'><img src=http:\/\/extra.inmontanis.info\/d\/61528-4\/DSC04822.jpg \/><\/a><br \/>\n^ Bemerkte ich gestern noch positiv den sauberen Schnee, wurden die Stra\u00dfen mittlerweile wegen der Plusgrade gesandet.<\/p>\n<p><a href='http:\/\/ski.inmontanis.info\/d\/286550-2\/ge20210225a.jpg'><img src=http:\/\/ski.inmontanis.info\/d\/286549-3\/ge20210225a.jpg \/><\/a><br \/>\n^ GPS-Track 25.2.2021<\/p>\n<p><a href='http:\/\/ski.inmontanis.info\/d\/286450-2\/DSC04826.jpg'><img src=http:\/\/ski.inmontanis.info\/d\/286449-3\/DSC04826.jpg \/><\/a><br \/>\n^ Start hinterm Skipasskauf und Blick zu den Haupth\u00e4ngen am Doppel-SL<\/p>\n<p><a href='http:\/\/ski.inmontanis.info\/d\/286454-2\/DSC04827.jpg'><img src=http:\/\/ski.inmontanis.info\/d\/286453-3\/DSC04827.jpg \/><\/a><br \/>\n^ Retourlift und F\u00f6rderband<\/p>\n<p><a href='http:\/\/ski.inmontanis.info\/d\/286458-2\/DSC04829.jpg'><img src=http:\/\/ski.inmontanis.info\/d\/286457-3\/DSC04829.jpg \/><\/a><br \/>\n^ Start der linken Abfahrten<\/p>\n<p><a href='http:\/\/ski.inmontanis.info\/d\/286462-2\/DSC04830.jpg'><img src=http:\/\/ski.inmontanis.info\/d\/286461-3\/DSC04830.jpg \/><\/a><br \/>\n^ Die im oberen Bereich linkeste der 3 linken Abfahrten verzweigt sich weiter unten noch in rot, blau und gr\u00fcn<\/p>\n<p><a href='http:\/\/ski.inmontanis.info\/d\/286466-2\/DSC04831.jpg'><img src=http:\/\/ski.inmontanis.info\/d\/286465-3\/DSC04831.jpg \/><\/a><br \/>\n^ .. die blaue=mittlere Variante der ganz linken Variante im unteren Bereich. Alles, was nicht frisch pr\u00e4pariert war, war heut leider sehr pappig<\/p>\n<p><a href='http:\/\/ski.inmontanis.info\/d\/286470-2\/DSC04832.jpg'><img src=http:\/\/ski.inmontanis.info\/d\/286469-3\/DSC04832.jpg \/><\/a><br \/>\n^ Mit dem SSL richtung Restaurant muss man von den linken Abfahrten am Doppel-SL weniger Schieben ..<\/p>\n<p><a href='http:\/\/ski.inmontanis.info\/d\/286474-2\/DSC04833.jpg'><img src=http:\/\/ski.inmontanis.info\/d\/286473-3\/DSC04833.jpg \/><\/a><br \/>\n^ Im Doppel-SL, der linke hat im folgenden Bereich eine St\u00fctze mehr als der rechte<\/p>\n<p><a href='http:\/\/ski.inmontanis.info\/d\/286478-2\/DSC04835.jpg'><img src=http:\/\/ski.inmontanis.info\/d\/286477-3\/DSC04835.jpg \/><\/a><br \/>\n^ .. und auch in diesem Bereich weiter oben hat der linke wieder genau eine mittige St\u00fctze mehr zwischen den ansonsten parallelen St\u00fctzen<\/p>\n<p><a href='http:\/\/ski.inmontanis.info\/d\/286482-2\/DSC04837.jpg'><img src=http:\/\/ski.inmontanis.info\/d\/286481-3\/DSC04837.jpg \/><\/a><br \/>\n^ Direkte Abfahrt am Doppel-SL<\/p>\n<p><a href='http:\/\/ski.inmontanis.info\/d\/286486-2\/DSC04838.jpg'><img src=http:\/\/ski.inmontanis.info\/d\/286485-3\/DSC04838.jpg \/><\/a><br \/>\n^ Direkte Abfahrt am Doppel-SL, gegen\u00fcber im oberen Bereich wurde vor einiger Zeit Lift- und zwei Abfahrtsschneisen gerodet, aber noch kein Lift gebaut<\/p>\n<p><a href='http:\/\/ski.inmontanis.info\/d\/286490-2\/DSC04839.jpg'><img src=http:\/\/ski.inmontanis.info\/d\/286489-3\/DSC04839.jpg \/><\/a><br \/>\n^ Talstationen der SL ist leider nicht exakt im Graben, man muss immer ein St\u00fcck raufschieben<\/p>\n<p><a href='http:\/\/ski.inmontanis.info\/d\/286494-2\/DSC04841.jpg'><img src=http:\/\/ski.inmontanis.info\/d\/286493-3\/DSC04841.jpg \/><\/a><br \/>\n^ Doppel-SL<\/p>\n<p><a href='http:\/\/ski.inmontanis.info\/d\/286498-2\/DSC04842.jpg'><img src=http:\/\/ski.inmontanis.info\/d\/286497-3\/DSC04842.jpg \/><\/a><br \/>\n^ Abfahrt rechts der Doppel-SL ist die gro\u00dfteils unpr\u00e4parierte schwarze Olles R\u00e4nnor<\/p>\n<p><a href='http:\/\/ski.inmontanis.info\/d\/286502-2\/DSC04844.jpg'><img src=http:\/\/ski.inmontanis.info\/d\/286501-3\/DSC04844.jpg \/><\/a><br \/>\n^ Olles R\u00e4nnor<\/p>\n<p><a href='http:\/\/ski.inmontanis.info\/d\/286506-2\/DSC04845.jpg'><img src=http:\/\/ski.inmontanis.info\/d\/286505-3\/DSC04845.jpg \/><\/a><br \/>\n^ Olles R\u00e4nnor<\/p>\n<p><a href='http:\/\/ski.inmontanis.info\/d\/286510-2\/DSC04848.jpg'><img src=http:\/\/ski.inmontanis.info\/d\/286509-3\/DSC04848.jpg \/><\/a><br \/>\n^ Talstation Doppel-SL<\/p>\n<p><a href='http:\/\/ski.inmontanis.info\/d\/286514-2\/DSC04852.jpg'><img src=http:\/\/ski.inmontanis.info\/d\/286513-3\/DSC04852.jpg \/><\/a><br \/>\n^ Die mittlere der oberen 3 Abfahrten links vom SL<\/p>\n<p><a href='http:\/\/ski.inmontanis.info\/d\/286518-2\/DSC04853.jpg'><img src=http:\/\/ski.inmontanis.info\/d\/286517-3\/DSC04853.jpg \/><\/a><br \/>\n^ Blick r\u00fcber zu SL und SSL, mit denen man retour zum Parkplatz (links) oder Restaurant (rechts) kommt<\/p>\n<p><a href='http:\/\/ski.inmontanis.info\/d\/286522-2\/DSC04856.jpg'><img src=http:\/\/ski.inmontanis.info\/d\/286521-3\/DSC04856.jpg \/><\/a><br \/>\n^ SL richtung Parkplatz<\/p>\n<p><a href='http:\/\/ski.inmontanis.info\/d\/286526-2\/DSC04857.jpg'><img src=http:\/\/ski.inmontanis.info\/d\/286525-3\/DSC04857.jpg \/><\/a><br \/>\n^ Von der Bergstation Doppel-SL zu den linken Abfahrten muss man leider etwas bergauf gehen<\/p>\n<p><a href='http:\/\/ski.inmontanis.info\/d\/286530-2\/DSC04858.jpg'><img src=http:\/\/ski.inmontanis.info\/d\/286529-3\/DSC04858.jpg \/><\/a><br \/>\n^ Die 3 ganz linken Abfahrten  gr\u00fcn-blau-rot lt. Plan, wobei die mittlere lt. Satbild neu ist<\/p>\n<p><a href='http:\/\/ski.inmontanis.info\/d\/286534-2\/DSC04859.jpg'><img src=http:\/\/ski.inmontanis.info\/d\/286533-3\/DSC04859.jpg \/><\/a><br \/>\n^ Starthaus mit 2 Ausfahrten<\/p>\n<p><a href='http:\/\/ski.inmontanis.info\/d\/286538-2\/DSC04860.jpg'><img src=http:\/\/ski.inmontanis.info\/d\/286537-3\/DSC04860.jpg \/><\/a><br \/>\n^ Bergstation Doppel-SL, sch\u00f6n blau.<\/p>\n<p><a href='http:\/\/ski.inmontanis.info\/d\/286542-2\/DSC04864.jpg'><img src=http:\/\/ski.inmontanis.info\/d\/286541-3\/DSC04864.jpg \/><\/a><br \/>\n^ Nach 15 Uhr kam am Horizont doch noch die Sonne durch die Wolken durch. H\u00e4tte ich meinen 3h-Skipass mal etwas sp\u00e4ter gekauft, so durfte ich nur bis 15:30<\/p>\n<p><a href='http:\/\/ski.inmontanis.info\/d\/286546-2\/DSC04865.jpg'><img src=http:\/\/ski.inmontanis.info\/d\/286545-3\/DSC04865.jpg \/><\/a><br \/>\n^ WC-backen am SL und der Doppel-SL nun in der Sonne. Der lichte Wald links k\u00f6nnte evtl. ganz nett sein, aber w\u00e4re es bei dem Pappschnee heute nicht gewesen. Die dortigen 2 Skiwegverbindungen durch den Wald bin ich nicht gefahren.<\/p>\n<p><a href='http:\/\/extra.inmontanis.info\/d\/61533-3\/DSC04871.jpg'><img src=http:\/\/extra.inmontanis.info\/d\/61532-4\/DSC04871.jpg \/><\/a><br \/>\n^ Retour nach Boden gings \u00fcber eine andere, leerere Stra\u00dfe<\/p>\n<p>Abends plante ich noch die n\u00e4chsten Tage und buchte zwei Unterk\u00fcnfte bis inkl. n\u00e4chsten Freitag.<\/p>\n","protected":false},"excerpt":{"rendered":"<p>25.2.2021 Storklinten<\/p>\n<p>Um 0:30 Uhr weckte mich der Schneer\u00e4umdienst &#8211; war heute aber schneller fertig. Sp\u00e4ter weckte mich noch jemand, der im Flur &#8220;i&#8217;m going home&#8221; rief &#8230; also so oft wie in dieser Herberge wurde ich auf dieser Reise noch nie gest\u00f6rt.<\/p>\n<p>Nachmittags ging es ins Skigebiet Storklinten, dort kaufte ich mir eine 3h-Karte <a href=\"http:\/\/blog.inmontanis.info\/?p=6590\">[&#8230;]<\/a><\/p>\n","protected":false},"author":1,"featured_media":0,"comment_status":"closed","ping_status":"closed","sticky":false,"template":"","format":"standard","meta":{"footnotes":""},"categories":[184,19,27,633],"tags":[47],"class_list":["post-6590","post","type-post","status-publish","format-standard","hentry","category-2021-01-skandinavien","category-schwedensweden","category-skifahren-winterskiing-winter","category-storklinten","tag-sl","odd"],"_links":{"self":[{"href":"http:\/\/blog.inmontanis.info\/index.php?rest_route=\/wp\/v2\/posts\/6590","targetHints":{"allow":["GET"]}}],"collection":[{"href":"http:\/\/blog.inmontanis.info\/index.php?rest_route=\/wp\/v2\/posts"}],"about":[{"href":"http:\/\/blog.inmontanis.info\/index.php?rest_route=\/wp\/v2\/types\/post"}],"author":[{"embeddable":true,"href":"http:\/\/blog.inmontanis.info\/index.php?rest_route=\/wp\/v2\/users\/1"}],"replies":[{"embeddable":true,"href":"http:\/\/blog.inmontanis.info\/index.php?rest_route=%2Fwp%2Fv2%2Fcomments&post=6590"}],"version-history":[{"count":4,"href":"http:\/\/blog.inmontanis.info\/index.php?rest_route=\/wp\/v2\/posts\/6590\/revisions"}],"predecessor-version":[{"id":6594,"href":"http:\/\/blog.inmontanis.info\/index.php?rest_route=\/wp\/v2\/posts\/6590\/revisions\/6594"}],"wp:attachment":[{"href":"http:\/\/blog.inmontanis.info\/index.php?rest_route=%2Fwp%2Fv2%2Fmedia&parent=6590"}],"wp:term":[{"taxonomy":"category","embeddable":true,"href":"http:\/\/blog.inmontanis.info\/index.php?rest_route=%2Fwp%2Fv2%2Fcategories&post=6590"},{"taxonomy":"post_tag","embeddable":true,"href":"http:\/\/blog.inmontanis.info\/index.php?rest_route=%2Fwp%2Fv2%2Ftags&post=6590"}],"curies":[{"name":"wp","href":"https:\/\/api.w.org\/{rel}","templated":true}]}}