{"id":6583,"date":"2021-02-24T20:43:56","date_gmt":"2021-02-24T19:43:56","guid":{"rendered":"http:\/\/blog.inmontanis.info\/?p=6583"},"modified":"2021-02-24T20:43:56","modified_gmt":"2021-02-24T19:43:56","slug":"22-2-24-2-2021","status":"publish","type":"post","link":"http:\/\/blog.inmontanis.info\/?p=6583","title":{"rendered":"22.2.-24.2.2021"},"content":{"rendered":"<p><strong>22.2.2021<\/strong><\/p>\n<p>Da das Wetter recht brauchbar war und zumindest nicht zu stark schneite (und die n\u00e4chsten Tage wieder h\u00e4ufiger oder st\u00e4rker schneien sollte), sollte ich gleich mal heute nach Storklinten fahren, oder? Heute -13\u00b0, morgen+\u00fcbermogen evtl. st\u00e4rkerer Schneefall und am Donnerstag knappe Plusgrade = w\u00e4re es am Donnerstag sch\u00f6ner oder eher pappiger?<\/p>\n<p>Ich fuhr nach Mittag los und im ersten Moment schien es noch etwas besser zu werden, die Sonne erkannte man hinter den Wolken. Je n\u00e4her ich dem Skigebiet kam, desto st\u00e4rker fing es aber wieder an zu schneien.<\/p>\n<p>13km vorm Skigebiet drehte ich um, ein weiteres Warten lohnte sich auch wegen der 3h-Karte nicht. Dann doch lieber eventuellen Pappschnee am Donnerstag oder Freitag bei Plustemperaturen und hoffentlich sonnigerem Wetter. Also diese m\u00fclligen Wettrberichte hier laufend, egal was man f\u00fcr eine Website ansieht..<\/p>\n<p>Auf dem R\u00fcckweg bin ich den Abstecher zum Skigebiet Pagla bei Boden gefahren, zwei Ern\u00fcchterungen dort:<br \/>\n1. der rechte Hang wird wohl nicht mehr(?) mit einem Lift erschlossen, obwohl er pr\u00e4pariert ist<br \/>\n2. der Hang beim Lift ist mir zu kurz, als dass ich da mir den Stress mit den Fellen heute antun m\u00f6chte. Morgen und \u00fcbermorgen k\u00f6nnte ich hier auch Nachtskifahren, falls ich unbedingt wollte. Kostet nur 5,- \u20ac, Tageskarte (am WE) kostet 7,-. <\/p>\n<p>Danach ging ich noch in den neuen Lidl hier. Auch wenn ich eigentlich kein sonderlicher Fan von Lidl und Aldi und Hofer bin, bekommt man doch mal ein paar andere Sachen, zB eine gek\u00fchlte Currywurst (ca. 2,-\u20ac), es g\u00e4be auch N\u00fcrnberger Rostbratw\u00fcrste und auch etwas andere Sorten Wurst und Schinken als zumeist in schwedischen Superm\u00e4rkten. Und: Im Backregal war noch eine einzige Laugenbreze \u00fcbrig (ca. 0,55 \u20ac, bisher noch nicht in Schweden gesehen), die musste ich auch mitnehmen, wohlwissend, dass ich ja auch noch Tiefk\u00fchlgerichte im Auto hab, denen es Ende der Woche bei den zu erwartenden Plusgraden vielleicht etwas zu warm werden k\u00f6nnte &#8230;<\/p>\n<p>Als ich nach 14 Uhr wieder am Hostel war, wurde der Schneefall wieder st\u00e4rker. <\/p>\n<p><a href='http:\/\/extra.inmontanis.info\/d\/61477-2\/DSC04795.jpg'><img src=http:\/\/extra.inmontanis.info\/d\/61476-3\/DSC04795.jpg \/><\/a><br \/>\n^ Zufahrt Pagla (Boden)<\/p>\n<p><a href='http:\/\/extra.inmontanis.info\/d\/61481-2\/DSC04798.jpg'><img src=http:\/\/extra.inmontanis.info\/d\/61480-3\/DSC04798.jpg \/><\/a><br \/>\n^ SSL am linken Hang<\/p>\n<p><a href='http:\/\/extra.inmontanis.info\/d\/61485-2\/DSC04799.jpg'><img src=http:\/\/extra.inmontanis.info\/d\/61484-3\/DSC04799.jpg \/><\/a><br \/>\n^ Zwischen den beiden H\u00e4ngen ist ein Wald<\/p>\n<p><a href='http:\/\/extra.inmontanis.info\/d\/61489-2\/DSC04800.jpg'><img src=http:\/\/extra.inmontanis.info\/d\/61488-3\/DSC04800.jpg \/><\/a><br \/>\n^ Rechter Hang, pr\u00e4pariert, aber ohne Lift<\/p>\n<p><a href='http:\/\/extra.inmontanis.info\/d\/61493-2\/DSC04801.jpg'><img src=http:\/\/extra.inmontanis.info\/d\/61492-3\/DSC04801.jpg \/><\/a><br \/>\n^ Gegen\u00fcber wird auch ein liftloser Hang pr\u00e4pariert<\/p>\n<p><a href='http:\/\/extra.inmontanis.info\/d\/61497-2\/DSC04804.jpg'><img src=http:\/\/extra.inmontanis.info\/d\/61496-3\/DSC04804.jpg \/><\/a><br \/>\n^ Die Currybratwurst vom Lidl ist geschmacklich zu vergessen, die Laugenbreze geht halbwegs (insb. mit Kakao)<\/p>\n<p><a href='http:\/\/extra.inmontanis.info\/d\/61501-2\/DSC04806.jpg'><img src=http:\/\/extra.inmontanis.info\/d\/61500-3\/DSC04806.jpg \/><\/a><br \/>\n^ Zimmerpano, heute war der Schneer\u00e4umer mal tags\u00fcber und nicht nachts hier.<\/p>\n<p><strong>23.2.2021<\/strong><\/p>\n<p>Zu Mittag hab ich mir ein paar Fressalien aus dem Auto geholt, eins der Fertiggerichte in die Mikrwolle &#8211; das war dann auch das einzige, warum ich heute aus dem Zimmer gehen wollte. Also mal wieder den Pullover gewaschen. Nachmittags kam erstaunlicherweise sogar ein bisschen die Sonne raus &#8211; he!?! Naja, Donnerstag solls jetzt doch auch vielleicht sonniger werden.<\/p>\n<p>Was sonst so anstand? Nun, der Verkaufserl\u00f6s meiner Innsbrucker Wohnung ist auf meinem Konto angekommen. Sch\u00f6n, so ein 6-stelliger Betrag. F\u00fchlt sich gar nicht so viel an, insb. nachdem ich momentan durch den Schwedenaufenthalt im Kopf s\u00e4mtliche Preise durch 10 dividiere &#8211; was in meinem Kopf bei so manchen Alpinforums-Berichten aus der Schweiz f\u00fcr falsche &#8220;g\u00fcnstige&#8221; Preise gesorgt hat :)<\/p>\n<p>Aber nun muss ich mir endlich Gedanken machen, wie ich das Geld anlegen m\u00f6chte, riskant genug, um zumindest die Inflation reinzubekommen, sicher genug, um m\u00f6glichst nichts davon zu verlieren. Dazu m\u00f6glichst wenig kompliziert, was das Verwalten und die Steuern anbelangt. Schlie\u00dflich soll mein Geld arbeiten, nicht ich ;-) Wobei man ja bei Verwendung mehrer verschiedener Aktienfonds und ETFs ja schon fast genug diversifiziert hat. Sichere Rentenfonds, die in den letzten 5 Jahren, wenn&#8217;s gut lief, 1-2% gemacht haben, da kann ich momentan auch gleich bei Festgeld bleiben und mal abwarten, wie es weitergeht. K\u00f6nnte m.E. nur dann Sinn machen, wenn man dabei in Fremdw\u00e4hrungs-Anleihen(fonds) investiert, falls man an eine Abwertung des Euro bef\u00fcrchten sollte. Im Prinzip w\u00e4re mir das zwar ganz recht, aber bei globalen Aktienfonds sollte man ja dann auch eine gewisse Absicherung in der Hinsicht haben?!<\/p>\n<p>Also m\u00f6glichst breit streuen in verschiedenen Fonds verschiedener L\u00e4nder und ein paar ETF und m\u00f6glichst bequem via meiner beiden Hausbanken (ing und easybank). Bei der ing hab ich schon ein kleines Fondsportfolio mit gutem Pluswert. Festgeldkonten scheinen beide nicht (sinnvoll) anzubieten, da werd ich wohl bei der Santander noch ein Konto \u00f6ffnen, die hat von den mir bekannten Bankennamen die interessantesten Konditionen, geht aber leider nicht rein online, werd ich also erst in den n\u00e4chsten Monaten machen k\u00f6nnen. <\/p>\n<p>Da man zudem nicht wei\u00df, ob die kurzfristige Entwicklung eher steil nach oben oder steil bergab geht, k\u00f6nnte es empfehlenswert sein, nicht sofort alles in Fonds zu investieren, sondern es zeitlich etwas zu strecken. Leider ist lt. vielen Charts\/Kurvendiagrammen der Corona-Crash von 2020 nicht nur eingeholt, sondern die Kurse sind stark weiter gestiegen, \u00e4rgerlich, dass ich das Geld nicht schon ein paar Monate fr\u00fcher zur Verf\u00fcgung hatte. Momentan schaut mir da vieles eher etwas &#8220;zu hoch&#8221; aus, insb. da ich durch die weiterhin beherrschenden Coronama\u00dfnahmen noch weiterhin wirtschaftliche Probleme bef\u00fcrchte &#8230; <\/p>\n<p>Um Mitternacht kam der Schneer\u00e4umdienst und produzierte f\u00fcr ca. 20 Minuten L\u00e4rm, weil der Schneehaufen ja genau vor meinem Zimmer ist, und hinderte mich so am Einschlafen. Anscheinend kommt der 24h irgendwann wie es gerade an der Reihe ist, hoffentlich morgen nicht wieder mitten in der Nacht&#8230;<\/p>\n<p><strong>24.2.2021<\/strong><\/p>\n<p>Von all den von mir bisher besuchten Unterk\u00fcnften ist die K\u00fcche hier die mit Abstand verdreckteste, selbst wenn man nur die Mikrowelle benutzen will, innen wie au\u00dfen dreckig. Aber mein Essen ist ja in der Verpackung und nur eine Ecke der Folie offen. Wenn&#8217;s mir nicht zu bl\u00f6d w\u00e4r (und es etwas mehr Platz hier im Zimmer h\u00e4tte), w\u00fcrd ich ja glatt mein Kochfeld und Topf aus dem Auto holen&#8230;<\/p>\n<p>Den Tag \u00fcber schneite es, aber die Wettervorhersagen melden nun weiterhin f\u00fcr morgen recht sonnig, also werd ich es morgen erneut mit Storklinten probieren. Heute fuhr ich nochmals zum Lidl zum Einkaufen, wollte das andere Skigebiet hier in der Gegend besuchen (aber die Stra\u00dfe war mir irgendwann zu steil, als dass ich da als erster die Spur machen wollte; hat ja eh nur einen Ponylift oder so \u00e4hnlich), machte mit dem Geldanlagethema weiter und nat\u00fcrlich muss ich mir nun langsam \u00fcberlegen, wo ich am WE hin will und wo ich ab Freitag dann \u00fcbernachten m\u00f6chte&#8230;<\/p>\n<p><a href='http:\/\/extra.inmontanis.info\/d\/61505-2\/DSC04807.jpg'><img src=http:\/\/extra.inmontanis.info\/d\/61504-3\/DSC04807.jpg \/><\/a><br \/>\n^ Schon wieder Neuschnee, so oft wie heuer hab ich mein Auto noch nie in so kurzer Zeit abkehren m\u00fcssen&#8230;<\/p>\n<p><a href='http:\/\/extra.inmontanis.info\/d\/61509-2\/DSC04808.jpg'><img src=http:\/\/extra.inmontanis.info\/d\/61508-3\/DSC04808.jpg \/><\/a><br \/>\n^ .. diesmal aber etwas mehr. Naja, so lang man noch aus dem Parkplatz rausfahren kann, ohne was freischaufeln zu m\u00fcssen ..<\/p>\n<p><a href='http:\/\/extra.inmontanis.info\/d\/61513-2\/DSC04811.jpg'><img src=http:\/\/extra.inmontanis.info\/d\/61512-3\/DSC04811.jpg \/><\/a><br \/>\n^ Schneeberge an den Stra\u00dfenr\u00e4ndern in Boden<\/p>\n<p><a href='http:\/\/extra.inmontanis.info\/d\/61517-2\/DSC04812.jpg'><img src=http:\/\/extra.inmontanis.info\/d\/61516-3\/DSC04812.jpg \/><\/a><br \/>\n^ Schneeberge an den Stra\u00dfenr\u00e4ndern in Boden<\/p>\n<p><a href='http:\/\/extra.inmontanis.info\/d\/61521-2\/DSC04813.jpg'><img src=http:\/\/extra.inmontanis.info\/d\/61520-3\/DSC04813.jpg \/><\/a><br \/>\n^ Zug<\/p>\n<p><a href='http:\/\/extra.inmontanis.info\/d\/61525-2\/DSC04820.jpg'><img src=http:\/\/extra.inmontanis.info\/d\/61524-3\/DSC04820.jpg \/><\/a><br \/>\n^ Schneeberge an den Stra\u00dfenr\u00e4ndern in Boden<\/p>\n<p>Verglichen mit Russland oder T\u00fcrkei sind die Schneemengen hier aber weit weniger stressig, da eben laufend, aber nicht schwarz, ger\u00e4umt wird. Und es ist hier auch so unglaublich sauber, kein dreckiger Schneematsch.<\/p>\n<p>Was die Coronama\u00dfnahmen in Schweden angeht, scheint es nun in Stockholm eine Maskenpflicht in den Superm\u00e4rkten zu geben (oder doch nur eine Empfehlung?) und ab 1.3. d\u00fcrfen Restaurants in Schweden nur noch bis 20:30 abends offen haben. Da die Zahlen auch in Schweden wieder steigen, bin ich mal gespannt, wie das mit den Ma\u00dfnahmen noch weiter gehen wird &#8230;<\/p>\n","protected":false},"excerpt":{"rendered":"<p>22.2.2021<\/p>\n<p>Da das Wetter recht brauchbar war und zumindest nicht zu stark schneite (und die n\u00e4chsten Tage wieder h\u00e4ufiger oder st\u00e4rker schneien sollte), sollte ich gleich mal heute nach Storklinten fahren, oder? Heute -13\u00b0, morgen+\u00fcbermogen evtl. st\u00e4rkerer Schneefall und am Donnerstag knappe Plusgrade = w\u00e4re es am Donnerstag sch\u00f6ner oder eher pappiger?<\/p>\n<p>Ich fuhr nach <a href=\"http:\/\/blog.inmontanis.info\/?p=6583\">[&#8230;]<\/a><\/p>\n","protected":false},"author":1,"featured_media":0,"comment_status":"closed","ping_status":"closed","sticky":false,"template":"","format":"standard","meta":{"footnotes":""},"categories":[184,19],"tags":[],"class_list":["post-6583","post","type-post","status-publish","format-standard","hentry","category-2021-01-skandinavien","category-schwedensweden","odd"],"_links":{"self":[{"href":"http:\/\/blog.inmontanis.info\/index.php?rest_route=\/wp\/v2\/posts\/6583","targetHints":{"allow":["GET"]}}],"collection":[{"href":"http:\/\/blog.inmontanis.info\/index.php?rest_route=\/wp\/v2\/posts"}],"about":[{"href":"http:\/\/blog.inmontanis.info\/index.php?rest_route=\/wp\/v2\/types\/post"}],"author":[{"embeddable":true,"href":"http:\/\/blog.inmontanis.info\/index.php?rest_route=\/wp\/v2\/users\/1"}],"replies":[{"embeddable":true,"href":"http:\/\/blog.inmontanis.info\/index.php?rest_route=%2Fwp%2Fv2%2Fcomments&post=6583"}],"version-history":[{"count":4,"href":"http:\/\/blog.inmontanis.info\/index.php?rest_route=\/wp\/v2\/posts\/6583\/revisions"}],"predecessor-version":[{"id":6587,"href":"http:\/\/blog.inmontanis.info\/index.php?rest_route=\/wp\/v2\/posts\/6583\/revisions\/6587"}],"wp:attachment":[{"href":"http:\/\/blog.inmontanis.info\/index.php?rest_route=%2Fwp%2Fv2%2Fmedia&parent=6583"}],"wp:term":[{"taxonomy":"category","embeddable":true,"href":"http:\/\/blog.inmontanis.info\/index.php?rest_route=%2Fwp%2Fv2%2Fcategories&post=6583"},{"taxonomy":"post_tag","embeddable":true,"href":"http:\/\/blog.inmontanis.info\/index.php?rest_route=%2Fwp%2Fv2%2Ftags&post=6583"}],"curies":[{"name":"wp","href":"https:\/\/api.w.org\/{rel}","templated":true}]}}