{"id":658,"date":"2008-08-21T23:59:01","date_gmt":"2008-08-21T21:59:01","guid":{"rendered":"http:\/\/blog.inmontanis.info\/?p=658"},"modified":"2023-08-04T19:09:47","modified_gmt":"2023-08-04T17:09:47","slug":"sswats-2008-tag-7-allerlei-stillgelegtes-21-8-2008","status":"publish","type":"post","link":"http:\/\/blog.inmontanis.info\/?p=658","title":{"rendered":"SSWATS 2008 &#8211; Tag 7: Allerlei Stillgelegtes, 21.8.2008"},"content":{"rendered":"<p><em>[_de]Bilder anklicken zum Vergr\u00f6\u00dfern[\/_de]\u2028[_en]Click photos to enlarge[\/_en]<\/em><\/p>\n<p>21.8.2008 (Fotos anklicken zum Vergr\u00f6\u00dfern)<\/p>\n<p><a href='http:\/\/ski.inmontanis.info\/d\/64143-1\/gps_20080821.jpg'><img src=http:\/\/ski.inmontanis.info\/d\/64145-3\/gps_20080821.jpg \/><\/a><br \/>\nQ: Bielmonte<br \/>\nR: Piano d. Tivano<br \/>\nS: San Primo<br \/>\n-: Passo San Marco<br \/>\nT: Piazzatorre<br \/>\nU: Alpe Arera<\/p>\n<p>Ausnahmsweise erst nach 7 Uhr aufgestanden, das Wette zu bew\u00f6lkt f\u00fcr Oropa.<\/p>\n<p><a href='http:\/\/ski.inmontanis.info\/d\/64147-1\/P1290060.JPG'><img src=http:\/\/ski.inmontanis.info\/d\/64149-3\/P1290060.JPG \/><\/a><br \/>\n^ Parkplatz und Lifte<\/p>\n<p><a href='http:\/\/ski.inmontanis.info\/d\/64151-1\/P1290064.JPG'><img src=http:\/\/ski.inmontanis.info\/d\/64153-3\/P1290064.JPG \/><\/a><br \/>\n^ Infrastruktur am Parkplatz<\/p>\n<p><a href='http:\/\/ski.inmontanis.info\/d\/64155-1\/P1290065.JPG'><img src=http:\/\/ski.inmontanis.info\/d\/64157-3\/P1290065.JPG \/><\/a><br \/>\n^ Der ESL steht noch &#8211; ob er im Winter auch noch f\u00e4hrt?<\/p>\n<p><a href='http:\/\/ski.inmontanis.info\/d\/64159-1\/P1290066.JPG'><img src=http:\/\/ski.inmontanis.info\/d\/64161-3\/P1290066.JPG \/><\/a><br \/>\n^ ESL im Zoom. Haben die neuerdings wei\u00dfe Polster an den Sitzen? Na, dann d\u00fcrfte er ja noch in Betrieb sein &#8230;<\/p>\n<p>Also eben weiter richtung Alpi Orobie &#8211; die Dinger zwischen Valtellina und Bergamo\/Brescia.<\/p>\n<p><a href='http:\/\/ski.inmontanis.info\/d\/64163-1\/P1290067.JPG'><img src=http:\/\/ski.inmontanis.info\/d\/64165-3\/P1290067.JPG \/><\/a><br \/>\n^ Die legend\u00e4re Ortschaft PRAY, \u00fcber die auch schon Hr. DJ Bobo ein Lied geschrieben hat &#8230;<br \/>\n:-)<\/p>\n<p>Quasi auf dem Weg hab ich zwei der Comer Skigebiete n\u00e4he Erba mitgenommen, die leider beide Ex sind: Piano del Tivano und gleich daneben San Primo. Beide haben 3 SL, die teilweise bis zum Gipfelkamm f\u00fchren, aber halt beschwerlich anfahrbar sind und nur so um die 1200-1500m hoch sind &#8211; was in dieser Ecke vermutlich das Todesurteil war? Wie gesagt, beides sehr sch\u00f6ne abwechslungsreiche Wiesenh\u00e4nge und von oben sicher ein nettes Pano, evtl. sogar zum Lago di Como &#8211; also ich w\u00e4re hier gerne skigefahren &#8230;<\/p>\n<p><a href='http:\/\/ski.inmontanis.info\/d\/64168-1\/P1290068.JPG'><img src=http:\/\/ski.inmontanis.info\/d\/64170-3\/P1290068.JPG \/><\/a><br \/>\n^ Talstationen der SL am Piano del Tivano<\/p>\n<p><a href='http:\/\/ski.inmontanis.info\/d\/64173-1\/P1290069.JPG'><img src=http:\/\/ski.inmontanis.info\/d\/64175-3\/P1290069.JPG \/><\/a><br \/>\n^ Der lange Hang, der mit zwei SL bedient wurde. Rechts der noch steht, keine Ahnung wie weit hinauf der geht, links daneben der Leitner-Portalst\u00fctzen-SL ging bis rauf, die Abfahrt im Mittelteil ist schon extrem aufgeforstet! Muss also schon l\u00e4nger au\u00dfer Betrieb sein&#8230;.<\/p>\n<p><a href='http:\/\/ski.inmontanis.info\/d\/64177-1\/P1290070.JPG'><img src=http:\/\/ski.inmontanis.info\/d\/64179-3\/P1290070.JPG \/><\/a><br \/>\n^ Hier sieht man die zwei langen (rechten) SL<\/p>\n<p><a href='http:\/\/ski.inmontanis.info\/d\/64181-1\/P1290073.JPG'><img src=http:\/\/ski.inmontanis.info\/d\/64183-3\/P1290073.JPG \/><\/a><br \/>\n^ Der ganz rechte SL verl\u00e4uft sich dann im Geb\u00fcsch, die Bergstation ist von hier unten nicht mehr zu erkennen.<\/p>\n<p><a href='http:\/\/ski.inmontanis.info\/d\/64185-1\/P1290075.JPG'><img src=http:\/\/ski.inmontanis.info\/d\/64187-3\/P1290075.JPG \/><\/a><br \/>\n^ Zoom richtung Bergstation des Leitner-SL<\/p>\n<p><a href='http:\/\/ski.inmontanis.info\/d\/64189-1\/P1290077.JPG'><img src=http:\/\/ski.inmontanis.info\/d\/64191-3\/P1290077.JPG \/><\/a><br \/>\n^ Schaut ja fast frisch gestrichen aus &#8230;<\/p>\n<p><a href='http:\/\/ski.inmontanis.info\/d\/64193-1\/P1290079.JPG'><img src=http:\/\/ski.inmontanis.info\/d\/64195-3\/P1290079.JPG \/><\/a><br \/>\n^ Talstation des linken SL<\/p>\n<p><a href='http:\/\/ski.inmontanis.info\/d\/64197-1\/P1290080.JPG'><img src=http:\/\/ski.inmontanis.info\/d\/64199-3\/P1290080.JPG \/><\/a><br \/>\n^ Unterer Streckenteil des linken SL<\/p>\n<p><a href='http:\/\/ski.inmontanis.info\/d\/64201-1\/P1290081.JPG'><img src=http:\/\/ski.inmontanis.info\/d\/64203-3\/P1290081.JPG \/><\/a><br \/>\n^ Linker SL<\/p>\n<p><a href='http:\/\/ski.inmontanis.info\/d\/64205-1\/P1290083.JPG'><img src=http:\/\/ski.inmontanis.info\/d\/64207-3\/P1290083.JPG \/><\/a><br \/>\n^ Talstation des mittleren Leitner-SL<\/p>\n<p><a href='http:\/\/ski.inmontanis.info\/d\/64209-1\/P1290084.JPG'><img src=http:\/\/ski.inmontanis.info\/d\/64211-3\/P1290084.JPG \/><\/a><br \/>\n^ BJ 1976? Und schon so verwachsen? Dann war er aber nicht lange in Betrieb &#8230;<\/p>\n<p><a href='http:\/\/ski.inmontanis.info\/d\/64213-1\/P1290085.JPG'><img src=http:\/\/ski.inmontanis.info\/d\/64215-3\/P1290085.JPG \/><\/a><br \/>\n^ Ja, das war die Lifttrasse des Leitner-SL&#8230;.<\/p>\n<p><a href='http:\/\/ski.inmontanis.info\/d\/64217-1\/P1290086.JPG'><img src=http:\/\/ski.inmontanis.info\/d\/64219-3\/P1290086.JPG \/><\/a><br \/>\n^ Talstation des ganz rechten SL<\/p>\n<p><a href='http:\/\/ski.inmontanis.info\/d\/64221-1\/P1290087.JPG'><img src=http:\/\/ski.inmontanis.info\/d\/64223-3\/P1290087.JPG \/><\/a><br \/>\n^ Einblicke ins Haus<\/p>\n<p><a href='http:\/\/ski.inmontanis.info\/d\/64225-1\/P1290088.JPG'><img src=http:\/\/ski.inmontanis.info\/d\/64227-3\/P1290088.JPG \/><\/a><br \/>\n^ .. paar alte Ski stehen auch rum ..<\/p>\n<p><a href='http:\/\/ski.inmontanis.info\/d\/64229-1\/P1290090.JPG'><img src=http:\/\/ski.inmontanis.info\/d\/64231-3\/P1290090.JPG \/><\/a><br \/>\n^ Und: Ein netter 3D-Pistenplan; der ganz rechte untere k\u00fcrzere SL neben dem Langen fehlt allerdings. Schaut jedenfalls nach einem recht interessanten Kleinskigebiet aus &#8211; leider, leider geschlossen :-(<\/p>\n<p><a href='http:\/\/ski.inmontanis.info\/d\/64233-1\/P1290092.JPG'><img src=http:\/\/ski.inmontanis.info\/d\/64235-3\/P1290092.JPG \/><\/a><br \/>\n^ Talstationen<\/p>\n<p><a href='http:\/\/ski.inmontanis.info\/d\/64237-1\/P1290096.JPG'><img src=http:\/\/ski.inmontanis.info\/d\/64239-3\/P1290096.JPG \/><\/a><br \/>\n^ Bergstation des Leitner-SL (man f\u00e4hrt auf der Stra\u00dfe etwas unterhalb vorbei ..)<\/p>\n<p>** San Primo **<\/p>\n<p><a href='http:\/\/ski.inmontanis.info\/d\/64241-1\/P1290097.JPG'><img src=http:\/\/ski.inmontanis.info\/d\/64243-3\/P1290097.JPG \/><\/a><br \/>\n^ Talstation des linken SL in San Primo<\/p>\n<p><a href='http:\/\/ski.inmontanis.info\/d\/64245-1\/P1290098.JPG'><img src=http:\/\/ski.inmontanis.info\/d\/64247-3\/P1290098.JPG \/><\/a><br \/>\n^ Strecke linker SL<\/p>\n<p><a href='http:\/\/ski.inmontanis.info\/d\/64249-1\/P1290099.JPG'><img src=http:\/\/ski.inmontanis.info\/d\/64251-3\/P1290099.JPG \/><\/a><br \/>\n^ linker SL. Hersteller ??<\/p>\n<p><a href='http:\/\/ski.inmontanis.info\/d\/64253-1\/P1290101.JPG'><img src=http:\/\/ski.inmontanis.info\/d\/64255-3\/P1290101.JPG \/><\/a><br \/>\n^ linker SL. Schaut irgendwie selbstgebastelt aus ?<\/p>\n<p><a href='http:\/\/ski.inmontanis.info\/d\/64257-1\/P1290105.JPG'><img src=http:\/\/ski.inmontanis.info\/d\/64259-3\/P1290105.JPG \/><\/a><br \/>\n^ Pistenplan, die schwarzen Striche hab ich eingezeichnet, da nichts mehr zu erkennen war&#8230;. schaut auch interessant aus, von der Bergstation des rechten m\u00fcsste man einen guten Blick zum Comer See haben &#8230;.<\/p>\n<p><a href='http:\/\/ski.inmontanis.info\/d\/64261-1\/P1290108.JPG'><img src=http:\/\/ski.inmontanis.info\/d\/64263-3\/P1290108.JPG \/><\/a><br \/>\n^ Linker SL<\/p>\n<p><a href='http:\/\/ski.inmontanis.info\/d\/64265-1\/P1290111.JPG'><img src=http:\/\/ski.inmontanis.info\/d\/64267-3\/P1290111.JPG \/><\/a><br \/>\n^ Zoom Bergstation des rechten SL. Warum hat der bitte 1. zwei H\u00e4uschen und 2. zwei verschiedene St\u00fctzen-Designs ???<\/p>\n<p><a href='http:\/\/ski.inmontanis.info\/d\/64269-1\/P1290113.JPG'><img src=http:\/\/ski.inmontanis.info\/d\/64271-3\/P1290113.JPG \/><\/a><br \/>\n^ Ui, da versteckt sich ja noch ein dritter, k\u00fcrzerer, mittiger SL &#8230; (der rechte geht \u00fcbrigens rechts den steilen Berg hinauf!)<\/p>\n<p><a href='http:\/\/ski.inmontanis.info\/d\/64273-1\/P1290117.JPG'><img src=http:\/\/ski.inmontanis.info\/d\/64275-3\/P1290117.JPG \/><\/a><br \/>\n^ rechter SL, unterer Teil<\/p>\n<p><a href='http:\/\/ski.inmontanis.info\/d\/64277-1\/P1290121.JPG'><img src=http:\/\/ski.inmontanis.info\/d\/64279-3\/P1290121.JPG \/><\/a><br \/>\n^ mittlerer und oberer Teil des rechten SL. Schaut ja interessant aus!! <\/p>\n<p><a href='http:\/\/ski.inmontanis.info\/d\/64281-1\/P1290123.JPG'><img src=http:\/\/ski.inmontanis.info\/d\/64283-3\/P1290123.JPG \/><\/a><br \/>\n^ Rechter SL. Hersteller?<\/p>\n<p><a href='http:\/\/ski.inmontanis.info\/d\/64285-1\/P1290125.JPG'><img src=http:\/\/ski.inmontanis.info\/d\/64287-3\/P1290125.JPG \/><\/a><br \/>\n^ Der Zugang zu den beiden rechten SL war dank Stacheldrahtzaun leider nicht m\u00f6glich &#8230;<\/p>\n<p><a href='http:\/\/ski.inmontanis.info\/d\/64289-1\/P1290127.JPG'><img src=http:\/\/ski.inmontanis.info\/d\/64291-3\/P1290127.JPG \/><\/a><br \/>\n^ Talstation des mittleren SL<\/p>\n<p><a href='http:\/\/ski.inmontanis.info\/d\/64293-1\/P1290128.JPG'><img src=http:\/\/ski.inmontanis.info\/d\/64295-3\/P1290128.JPG \/><\/a><br \/>\n^ Mittlerer und rechter SL<\/p>\n<p><a href='http:\/\/ski.inmontanis.info\/d\/64297-1\/P1290137.JPG'><img src=http:\/\/ski.inmontanis.info\/d\/64299-3\/P1290137.JPG \/><\/a><br \/>\n^ Linker SL, Parkplatz, Pano<\/p>\n<p><a href='http:\/\/ski.inmontanis.info\/d\/64301-1\/P1290141.JPG'><img src=http:\/\/ski.inmontanis.info\/d\/64303-3\/P1290141.JPG \/><\/a><br \/>\n^ Plan am Parkplatz<\/p>\n<p><a href='http:\/\/ski.inmontanis.info\/d\/64305-1\/P1290142.JPG'><img src=http:\/\/ski.inmontanis.info\/d\/64307-3\/P1290142.JPG \/><\/a><br \/>\n^ \u00dcbersichtskarte, das Skigebiet ist\/war am roten Punkt im unteren Teil..<\/p>\n<p>San Primo scheint zumindest 2006 zumindest einen SL in Betrieb gehabt zu haben, und anscheinend ist dieses Skigebiet noch nicht ganz abgeschrieben &#8211; vielleicht macht&#8217;s ja mal wieder auf, hoffentlich mit dem langen SL &#8211; dann komm ich sicher mal her!<\/p>\n<p>Bin auf diesen Blog gesto\u00dfen:<\/p>\n<p><a href='http:\/\/clausblog.wordpress.com\/2008\/02\/05\/san-primo\/'>http:\/\/clausblog.wordpress.com\/2008\/02\/05\/san-primo\/<\/a><br \/>\n^ da findet sich ein Winter-Pano-Foto vom Monte San Primo, evtl. oberhalb der SL-Bergstation &#8211; genialer Blick zum Comer See.<\/p>\n<p><a href='http:\/\/clausblog.wordpress.com\/2006\/03\/04\/sciare-al-san-primo-2\/'>http:\/\/clausblog.wordpress.com\/2006\/03\/04\/sciare-al-san-primo-2\/<\/a><br \/>\n^ .. und ein Skipass von M\u00e4rz 2006, wo er erw\u00e4hnt, dass nur ein SL in Betrieb war.<\/p>\n<p>Bei der Weiterfahrt hab ich kurz in Bellagio am Hafen vorbeigeschaut wg. der F\u00e4hre nach Varenna &#8211; leider alles soo voll, dass ich keine Lust hatte, da ewig mich um einen Parkplatz umzusehen um zu schauen, wann die F\u00e4hre f\u00e4hrt und wieviel es kostet. Also den Umweg \u00fcber Lecco gemacht und dort auf der Autobahn bis ins Valtellina gebraust. Die Seeufer-Stra\u00dfe am Anfang war recht anstrengend, einiger Verkehr und recht schmal &#8230;<\/p>\n<p><a href='http:\/\/ski.inmontanis.info\/d\/64309-1\/P1290143.JPG'><img src=http:\/\/ski.inmontanis.info\/d\/64311-3\/P1290143.JPG \/><\/a><br \/>\n^ Stra\u00dfe zum See<\/p>\n<p><a href='http:\/\/ski.inmontanis.info\/d\/64313-1\/P1290148.JPG'><img src=http:\/\/ski.inmontanis.info\/d\/64315-3\/P1290148.JPG \/><\/a><br \/>\n^ Stra\u00dfe am See richtung Lecco<\/p>\n<p><a href='http:\/\/ski.inmontanis.info\/d\/64317-1\/P1290152.JPG'><img src=http:\/\/ski.inmontanis.info\/d\/64319-3\/P1290152.JPG \/><\/a><br \/>\n^ Stra\u00dfe am See &#8211; wieder richtung Norden<\/p>\n<p>Hier in der Gegend am Comer See g\u00e4be es noch ein paar Kandidaten, die ich noch nicht abgegrast hab, noch ein paar LSAPs und ein paar Seilbahnen &#8211; irgendwann muss ich den Rest auch machen. <\/p>\n<p><strong>Fortsetzung<\/strong><\/p>\n<p>&#8230; aber ich wollte ja diesmal die Bergamasker bzw. Orobie-Alpen genauer unter die Lupe nehmen. Also von Morbegno \u00fcber den Passo San Marco mitten rein. Oben am Pass hat man einen tollen Ausblick auf das Skigebiet von Piazzatorre. Mmh, schaut lecker aus.<\/p>\n<p><a href='http:\/\/ski.inmontanis.info\/d\/64321-1\/P1290157.JPG'><img src=http:\/\/ski.inmontanis.info\/d\/64323-3\/P1290157.JPG \/><\/a><br \/>\n^ Auffahrt Passo di San Marco<\/p>\n<p><a href='http:\/\/ski.inmontanis.info\/d\/64325-1\/P1290158.JPG'><img src=http:\/\/ski.inmontanis.info\/d\/64327-3\/P1290158.JPG \/><\/a><br \/>\n^ Passo di San Marco Nord<\/p>\n<p><a href='http:\/\/ski.inmontanis.info\/d\/64329-1\/P1290159.JPG'><img src=http:\/\/ski.inmontanis.info\/d\/64331-3\/P1290159.JPG \/><\/a><br \/>\n^ Passo di San Marco Nord<\/p>\n<p><a href='http:\/\/ski.inmontanis.info\/d\/64333-1\/P1290164.JPG'><img src=http:\/\/ski.inmontanis.info\/d\/64335-3\/P1290164.JPG \/><\/a><br \/>\n^ Passo di San Marco S\u00fcd<\/p>\n<p><a href='http:\/\/ski.inmontanis.info\/d\/64337-1\/P1290166.JPG'><img src=http:\/\/ski.inmontanis.info\/d\/64339-3\/P1290166.JPG \/><\/a><br \/>\n^ Passo di San Marco S\u00fcd. Mittig im Hintergrund zu sehen das Skigebiet von Piazzatorre<\/p>\n<p>In Piazzatorre dann die wenig \u00fcberraschende Feststellung: Leider LSAP. 2er Gondellift als Zubringer, oben einen ESL und ca. 3 SL nach diesem Plan. Der Gondellift d\u00fcrfe fr\u00fcher ein Marchisio-ESL gewesen sein, zumindest hei\u00dft die Bar &#8220;Seggiovie&#8221; (also Mehrzahl) und die St\u00fctzen waren ziemlich sicher Marchisio, w\u00e4hrend ich diese Gondelkabinen noch nie an einem Marchisio-Lift gesehen hab &#8230; Ja, nette Kabinen, so in Blau &#8211; da bin ich direkt am \u00fcberlegen, ob ich mir nicht eine in den Garten stell &#8211; so lang es die Dinger noch gibt&#8230; 2005 wurde der Lift \u00fcbrigens stillgelegt.<\/p>\n<p><a href='http:\/\/ski.inmontanis.info\/d\/64346-1\/P1290178.JPG'><img src=http:\/\/ski.inmontanis.info\/d\/64348-3\/P1290178.JPG \/><\/a><br \/>\n^ Skigebiet Piazzatorre (bzw. beide) vom Passo di San Marco<\/p>\n<p><a href='http:\/\/ski.inmontanis.info\/d\/64351-1\/P1290180.JPG'><img src=http:\/\/ski.inmontanis.info\/d\/64353-3\/P1290180.JPG \/><\/a><br \/>\n^ Die beiden neueren SB; unten 4SB, oben auch?<\/p>\n<p><a href='http:\/\/ski.inmontanis.info\/d\/64355-1\/P1290182.JPG'><img src=http:\/\/ski.inmontanis.info\/d\/64357-3\/P1290182.JPG \/><\/a><br \/>\n^ Mittlere Seite, schr\u00e4g geht hier von links unten nach rechts oben der ESL rauf, die Schneise direkt vorne unten scheint leer zu sein &#8230;<\/p>\n<p><a href='http:\/\/ski.inmontanis.info\/d\/64359-1\/P1290183.JPG'><img src=http:\/\/ski.inmontanis.info\/d\/64361-3\/P1290183.JPG \/><\/a><br \/>\n^ mittlere \/ rechte Seite<\/p>\n<p><a href='http:\/\/ski.inmontanis.info\/d\/64363-1\/P1290194.JPG'><img src=http:\/\/ski.inmontanis.info\/d\/64365-3\/P1290194.JPG \/><\/a><br \/>\n^ Wow &#8211; h\u00fcbsches Tal! Blick von der SanMarco-Passstra\u00dfe; Piazzatorre w\u00e4re im zweiten Seitental links (dort hinter der Kirche rein)<\/p>\n<p><a href='http:\/\/ski.inmontanis.info\/d\/64367-1\/P1290196.JPG'><img src=http:\/\/ski.inmontanis.info\/d\/64369-3\/P1290196.JPG \/><\/a><br \/>\n^ Rechte Seite<\/p>\n<p><a href='http:\/\/ski.inmontanis.info\/d\/64371-1\/P1290198.JPG'><img src=http:\/\/ski.inmontanis.info\/d\/64373-3\/P1290198.JPG \/><\/a><br \/>\n^ Rechte Seite im Zoom, vorne sieht man den ESL &#8211; w\u00e4r ja cool, wenn der noch in Betrieb w\u00e4r&#8230; das andere d\u00fcrfte wohl eine DSB sein? Und wo ist der rechte SL?<\/p>\n<p><a href='http:\/\/ski.inmontanis.info\/d\/64375-1\/P1290202.JPG'><img src=http:\/\/ski.inmontanis.info\/d\/64377-3\/P1290202.JPG \/><\/a><br \/>\n^ Talstation Gondellift<\/p>\n<p><a href='http:\/\/ski.inmontanis.info\/d\/64379-1\/P1290203.JPG'><img src=http:\/\/ski.inmontanis.info\/d\/64381-3\/P1290203.JPG \/><\/a><br \/>\n^ Pistenplan. S\u00e4he ja leckerst aus &#8211; Gondellift, Sessellift und eine Hand voll Schlepper. Leider ist das Gebie SO nicht mehr in Betrieb :-(<\/p>\n<p><a href='http:\/\/ski.inmontanis.info\/d\/64383-1\/P1290205.JPG'><img src=http:\/\/ski.inmontanis.info\/d\/64385-3\/P1290205.JPG \/><\/a><br \/>\n^ Gondellift wurde also mit Ende der Skisaison im Fr\u00fchjahr 2005 eingestellt :-(<\/p>\n<p><a href='http:\/\/ski.inmontanis.info\/d\/64387-1\/P1290206.JPG'><img src=http:\/\/ski.inmontanis.info\/d\/64389-3\/P1290206.JPG \/><\/a><br \/>\n^ Kabinen und Talstation<\/p>\n<p><a href='http:\/\/ski.inmontanis.info\/d\/64391-1\/P1290207.JPG'><img src=http:\/\/ski.inmontanis.info\/d\/64393-3\/P1290207.JPG \/><\/a><br \/>\n^ Gondellift &#8211; St\u00fctze<\/p>\n<p><a href='http:\/\/ski.inmontanis.info\/d\/64395-1\/P1290210.JPG'><img src=http:\/\/ski.inmontanis.info\/d\/64397-3\/P1290210.JPG \/><\/a><br \/>\n^ Daf\u00fcr, dass der Lift gerade 3 Jahre steht, ist das Seil aber extrem rostig geworden &#8230;<\/p>\n<p><a href='http:\/\/ski.inmontanis.info\/d\/64399-1\/P1290212.JPG'><img src=http:\/\/ski.inmontanis.info\/d\/64401-3\/P1290212.JPG \/><\/a><br \/>\n^ Talstation<\/p>\n<p><a href='http:\/\/ski.inmontanis.info\/d\/64403-1\/P1290214.JPG'><img src=http:\/\/ski.inmontanis.info\/d\/64405-3\/P1290214.JPG \/><\/a><br \/>\n^ Bestimmungen<\/p>\n<p><a href='http:\/\/ski.inmontanis.info\/d\/64407-1\/P1290216.JPG'><img src=http:\/\/ski.inmontanis.info\/d\/64409-3\/P1290216.JPG \/><\/a><br \/>\n^ Strecke Gondellift<\/p>\n<p><a href='http:\/\/ski.inmontanis.info\/d\/64411-1\/P1290217.JPG'><img src=http:\/\/ski.inmontanis.info\/d\/64413-3\/P1290217.JPG \/><\/a><br \/>\n^ Gondeln<\/p>\n<p><a href='http:\/\/ski.inmontanis.info\/d\/64415-1\/P1290218.JPG'><img src=http:\/\/ski.inmontanis.info\/d\/64417-3\/P1290218.JPG \/><\/a><br \/>\n^ .. bescheidene Sitzpl\u00e4tze ..<\/p>\n<p><a href='http:\/\/ski.inmontanis.info\/d\/64419-1\/P1290219.JPG'><img src=http:\/\/ski.inmontanis.info\/d\/64421-3\/P1290219.JPG \/><\/a><br \/>\n^ Talstation. <\/p>\n<p>Allerdings hat Piazzatorre noch ein zweites Skigebiet, am anderen Ende des recht gro\u00dfen Ortes, der sogar einen sommerlichen Dorf-Bus-Verkehr hat!), da geht eine 4SB von DM rauf und unten h\u00e4ngt ein Plan, dass es f\u00fcr 2008\/09 eine Verbindung von diesem Skigebiet mit dem alten Skigebiet gibt. Auf dem neuen Plan waren somit an die 5 SBs eingezeichnet und leider nur noch 2 SL  &#8211; ob das heuer noch was wird? Bzw. was genau alles gemacht werden wird? Und ob der ESL noch l\u00e4uft?<\/p>\n<p><a href='http:\/\/ski.inmontanis.info\/d\/64423-1\/P1290220.JPG'><img src=http:\/\/ski.inmontanis.info\/d\/64425-3\/P1290220.JPG \/><\/a><br \/>\n^ Talstation der neueren 4SB<\/p>\n<p><a href='http:\/\/ski.inmontanis.info\/d\/64427-1\/P1290223.JPG'><img src=http:\/\/ski.inmontanis.info\/d\/64429-3\/P1290223.JPG \/><\/a><br \/>\n^ Schnee? Ist hier eine Kunsteisbahn im Sommer offen oder hat das Hotel nur eine riesige K\u00fchlkammer?<\/p>\n<p><a href='http:\/\/ski.inmontanis.info\/d\/64431-1\/P1290225.JPG'><img src=http:\/\/ski.inmontanis.info\/d\/64433-3\/P1290225.JPG \/><\/a><br \/>\n^ Neuer Plan, anscheinend soll im heurigen Winter die rechte Seite wieder reaktiviert werden &#8211; zwar nicht mit einem Ersatz f\u00fcr den Gondellift, aber mit neuen Verbindungsabfahrten oder -Liften &#8230; Lift 9 h\u00e4tte ich im Zoom nicht gesehen, 2 ist der ESL, der noch steht &#8211; und hoffentlich noch f\u00e4hrt!?<\/p>\n<p><a href='http:\/\/ski.inmontanis.info\/d\/64435-1\/P1290233.JPG'><img src=http:\/\/ski.inmontanis.info\/d\/64437-3\/P1290233.JPG \/><\/a><br \/>\n^ Neuere 4SB<\/p>\n<p><a href='http:\/\/ski.inmontanis.info\/d\/64439-1\/P1290230.JPG'><img src=http:\/\/ski.inmontanis.info\/d\/64441-3\/P1290230.JPG \/><\/a><br \/>\n^ .. wie sind die da eigentlich raufgekommen? Die SB ist doch gar nicht in Betrieb und das ist eigentlich ganz sch\u00f6n hoch oben &#8230;<\/p>\n<p><a href='http:\/\/ski.inmontanis.info\/d\/64443-1\/P1290234.JPG'><img src=http:\/\/ski.inmontanis.info\/d\/64445-3\/P1290234.JPG \/><\/a><br \/>\n^ Blick von der 4SB-Talstation in die Gegenrichtung ..<\/p>\n<p>Nebenbei h\u00e4tte der Campingplatz in Piazzatorre den Namen Campingwagenstellplatz verdient, da der ganze kleine Platz mit Campingwagen und Holzh\u00fcttchen voll war&#8230; in San Pellegrino hab ich ebenfalls nix von einem Campingplatz gesehen, also weiter nach Oltre il Colle.<\/p>\n<p><a href='http:\/\/ski.inmontanis.info\/d\/64341-1\/P1290235.JPG'><img src=http:\/\/ski.inmontanis.info\/d\/64343-3\/P1290235.JPG \/><\/a><br \/>\n^ Interessante Schluchtstra\u00dfe zwischen San Pellegrino und Oltre il Colle<\/p>\n<p>Dort war ich extremst \u00fcberrascht, wie das hier alles liegt, weil einem die Karte einen ganz anderen Eindruck vermittelt. Da ich die Abzweigung nach rechts zum Monte Alben nicht gefunden hab, ging&#8217;s erst mal zur Alpe Arera. Was ich mir auch komplett anders vorgestellt hatte Trinc&#8217;s Erz\u00e4hlungen nach &#8211; oder hab ich da was verwechselt!?<\/p>\n<p>Die alten Appartement\/Hotelbauten sind inzwischen wie fast \u00fcberall anderweitig vermietet bzw. verkauft, ungew\u00f6hnlich dagegen ist, dass der ehemalige Lift-Parkplatz anscheinend in einen Campingplatz umfunktioniert wurde. Vom Lift selbst steht leider nur noch die Talstation&#8230;<\/p>\n<p><a href='http:\/\/ski.inmontanis.info\/d\/64448-1\/P1290239.JPG'><img src=http:\/\/ski.inmontanis.info\/d\/64450-3\/P1290239.JPG \/><\/a><br \/>\n^ Alpe Arera im Zoom &#8211; von den Liften steht hier kaum noch etwas, die Baggern verbessern anscheinend die Stra\u00dfe &#8211; oder wurde die Stra\u00dfe erst nach der Lifteinstellung gebaut?<\/p>\n<p><a href='http:\/\/ski.inmontanis.info\/d\/64453-1\/P1290243.JPG'><img src=http:\/\/ski.inmontanis.info\/d\/64455-3\/P1290243.JPG \/><\/a><br \/>\n^ Pano<\/p>\n<p><a href='http:\/\/ski.inmontanis.info\/d\/64457-1\/P1290244.JPG'><img src=http:\/\/ski.inmontanis.info\/d\/64459-3\/P1290244.JPG \/><\/a><br \/>\n^ Blick von der Stra\u00dfe n\u00e4he Oltre il Colle zur Alpe Arera (mittig). Liegt also erst im n\u00e4chsten Tal! Dort wo die wei\u00dfen Flecken sind unten im Wald ist der Campingplatz bzw. die ehemalige Talstation.<\/p>\n<p><a href='http:\/\/ski.inmontanis.info\/d\/64461-1\/P1290260.JPG'><img src=http:\/\/ski.inmontanis.info\/d\/64463-3\/P1290260.JPG \/><\/a><br \/>\n^ Ehemalige Talstation (unten) &#8211; das einzige, was sonst noch steht ist die Stromleitung, vom Lift sonst nix mehr \u00fcbrig.<\/p>\n<p><a href='http:\/\/ski.inmontanis.info\/d\/64465-1\/P1290265.JPG'><img src=http:\/\/ski.inmontanis.info\/d\/64467-3\/P1290265.JPG \/><\/a><br \/>\n^ Appartment- und\/oder Hotels, inzwischen (wieder?) verkauft oder vermietet.<\/p>\n<p><a href='http:\/\/ski.inmontanis.info\/d\/64469-1\/P1290267.JPG'><img src=http:\/\/ski.inmontanis.info\/d\/64471-3\/P1290267.JPG \/><\/a><br \/>\n^ Nunja, wenigstens stehts nicht leer, das ganze Zeug hier &#8230; dass es hier einen Camping-Platz gibt, hat mich aber dann doch \u00fcberrascht &#8230;<\/p>\n<p><a href='http:\/\/ski.inmontanis.info\/d\/64473-1\/P1290272.JPG'><img src=http:\/\/ski.inmontanis.info\/d\/64475-3\/P1290272.JPG \/><\/a><br \/>\n^ Die ehemalige Talstation<\/p>\n<p><a href='http:\/\/ski.inmontanis.info\/d\/64477-1\/P1290273.JPG'><img src=http:\/\/ski.inmontanis.info\/d\/64479-3\/P1290273.JPG \/><\/a><br \/>\n^ Die ehemalige Talstation<\/p>\n<p><a href='http:\/\/ski.inmontanis.info\/d\/64481-1\/P1290284.JPG'><img src=http:\/\/ski.inmontanis.info\/d\/64483-3\/P1290284.JPG \/><\/a><br \/>\n^ Camping-Platz. Schaut einerseits so aus, als sei das fr\u00fcher der Parkplatz des Skigebiets gewesen zu sein, aber das Geb\u00e4ude mit den Duschen und WCs ist definitiv schon vor der Stilllegung der DSB gebaut worden &#8230;.<\/p>\n<p>Ja, und der Campingplatz ist nun ein gewisses Kuriosum in meiner Campingplatzgeschichte: Gerade mal 4,- Euro kostet mich die Nacht im Auto, Toiletten und Duschen inbegriffen. Wurde dann von einem anderen \u00e4lteren Mann eingewiesen zwischen zwei derzeit unbenutzten Campingwagen\/Holzh\u00fctte &#8211; w\u00e4re ansonsten der schmalste Platz, den ich je hatte. Bis ich da immer alles so einigerma\u00dfen verstanden hatte, was die zwei von mir wollen &#8211; jedenfalls hab ich mich \u00fcberreden lassen, was zu essen.<\/p>\n<p>Und schon sa\u00df ich an den typischen langen italienischen Tischen wie bei einer Familienfeier und a\u00df &#8216;ne Portion Spaghetti (im Plastikteller, damit keiner Absp\u00fclen muss, wie so oft in Italien \u00fcblich) &#8211; vom Speck und dem K\u00e4se konnte ich allerdings nichts mehr probieren (Satt), daf\u00fcr hatte ich noch zwei Kugeln Eis mit Sahne bestellt. Ebenfalls nicht ganz verstanden hatte ich, was er wann wie lang mit meinem Ausweis wollte und ob ich morgen um 8 Uhr leise sein soll, wenn ich rausfahr, weil alle noch schlafen, oder ob das nur gelte, wenn ich vor 8 geh und 8 Uhr schon gut sei &#8211; kein Plan&#8230;.<\/p>\n<p>Der Hammer aber war die Bezahlung: Das Essen und das Eis hat gerade mal 3,- Euro gekostet, so dass ich insgesamt mit dem Autostellplatz nur 7,- Euro gezahlt hab!!! Wollte es auf 10,- aufgehen lassen, aber das nahm der Wirt nicht an. Find ich ja echt mal krass, also im positiven gesehen. Wird wohl alles sehr famili\u00e4r hier gef\u00fchrt.<\/p>\n<p>Die Sanit\u00e4ranlagen sind ebenfalls zahlreich und sauber vorhanden &#8211; wobei ich das nicht ganz verstehe: Es schaut so aus, als ob das schon immer zur Bar in diesem Haus geh\u00f6rt und 30-50 Jahre alt ist &#8211; und demnach nicht erst nach der Stilllegung des Skigebiets umfunktioniert wurde? Evtl. war der Platz im Winter als Parkplatz und im Sommer als Campingplatz gedacht?<\/p>\n<p>Glaub, am Eingang zum Platz standen sogar 3 Sterne &#8211; also wer mal hier in der Gegend einen Campingplatz sucht: Passo Zambla und dann links nach Arera abzweigen!<\/p>\n<p><a href='http:\/\/ski.inmontanis.info\/d\/64485-1\/P1290285.JPG'><img src=http:\/\/ski.inmontanis.info\/d\/64487-3\/P1290285.JPG \/><\/a><br \/>\n^ Die ehemalige Talstation bzw. das Restaurant<\/p>\n<p><a href='http:\/\/ski.inmontanis.info\/d\/64489-1\/P1290286.JPG'><img src=http:\/\/ski.inmontanis.info\/d\/64491-3\/P1290286.JPG \/><\/a><br \/>\n^ Ex-Restaurant an der Talstation<\/p>\n<p><a href='http:\/\/ski.inmontanis.info\/d\/64493-1\/P1290287.JPG'><img src=http:\/\/ski.inmontanis.info\/d\/64495-3\/P1290287.JPG \/><\/a><br \/>\n^ Netterweise h\u00e4ngt ein altes Prospekt rum &#8230;<\/p>\n<p><a href='http:\/\/ski.inmontanis.info\/d\/64497-1\/P1290288.JPG'><img src=http:\/\/ski.inmontanis.info\/d\/64499-3\/P1290288.JPG \/><\/a><br \/>\n^ .. altes Foto .. Vorne links die Bergstation der DSB vom Tal aus, dahinter wohl die Bergstation eines SL ?<\/p>\n<p><a href='http:\/\/ski.inmontanis.info\/d\/64501-1\/P1290289.JPG'><img src=http:\/\/ski.inmontanis.info\/d\/64503-3\/P1290289.JPG \/><\/a><br \/>\n^ Altes Foto der DSB<\/p>\n<p><a href='http:\/\/ski.inmontanis.info\/d\/64505-1\/P1290290.JPG'><img src=http:\/\/ski.inmontanis.info\/d\/64507-3\/P1290290.JPG \/><\/a><br \/>\n^ Weitere alte Bilder: Die DSB war von MEB, schon mit viereckigen St\u00fctzen und \u00dcberkopfb\u00fcgel &#8211; also lang scheint die dann nicht in Betrieb gewesen zu sein?<\/p>\n<p><a href='http:\/\/ski.inmontanis.info\/d\/64509-1\/P1290291.JPG'><img src=http:\/\/ski.inmontanis.info\/d\/64511-3\/P1290291.JPG \/><\/a><br \/>\n^ Alte Richtlinien<\/p>\n<p><a href='http:\/\/ski.inmontanis.info\/d\/64513-1\/P1290292.JPG'><img src=http:\/\/ski.inmontanis.info\/d\/64515-3\/P1290292.JPG \/><\/a><br \/>\n^ Alte Talstation<\/p>\n<p><a href='http:\/\/ski.inmontanis.info\/d\/64517-1\/P1290293.JPG'><img src=http:\/\/ski.inmontanis.info\/d\/64519-3\/P1290293.JPG \/><\/a><br \/>\n^ Alte Talstation und Strecke der DSB<\/p>\n<p>(ich glaub, es waren zwei DSBs in Folge, hab aber grad keinen Plan im Kopf wieviel SL noch oben waren etc&#8230;)<\/p>\n<p>Hatte am \u00fcbern\u00e4chsten Tag einen alten Plan der Gegend gefunden, hier der entsprechende Ausschnitt:<\/p>\n<p><a href='http:\/\/ski.inmontanis.info\/d\/64696-1\/P1290807.JPG'><img src=http:\/\/ski.inmontanis.info\/d\/64698-4\/P1290807.JPG \/><\/a><br \/>\n^ Ehemaliger Plan Piazzatorre &#8211; damals gab&#8217;s nur ein Skigebiet!<\/p>\n<p><a href='http:\/\/ski.inmontanis.info\/d\/64700-1\/P1290826.JPG'><img src=http:\/\/ski.inmontanis.info\/d\/64702-3\/P1290826.JPG \/><\/a><br \/>\n^ Alter Plan Alpe Arera und Oltre il Colle&#8230;<\/p>\n<p>.. und ein Zoomfoto von gegen\u00fcber:<\/p>\n<p><a href='http:\/\/ski.inmontanis.info\/d\/64562-1\/P1290320.JPG'><img src=http:\/\/ski.inmontanis.info\/d\/64564-3\/P1290320.JPG \/><\/a><br \/>\n^ Zoom Talstation, Campingplatz und Siedlung an der Alpe Arera, vom Parkplatz am Monte Alben aus<\/p>\n","protected":false},"excerpt":{"rendered":"<p>Q: Bielmonte R: Piano d. Tivano S: San Primo -: Passo San Marco T: Piazzatorre U: Alpe Arera <a href=\"http:\/\/blog.inmontanis.info\/?p=658\">[&#8230;]<\/a><\/p>\n","protected":false},"author":1,"featured_media":0,"comment_status":"open","ping_status":"closed","sticky":false,"template":"","format":"standard","meta":{"footnotes":""},"categories":[67,524,15,26,542,423,405,32],"tags":[38,35,63,45,47],"class_list":["post-658","post","type-post","status-publish","format-standard","hentry","category-67","category-bielmonte","category-italienitaly","category-typeski","category-oltre-il-colle","category-piazzatorre","category-san-primo","category-lostplaces","tag-dsb","tag-esl","tag-korblift","tag-see","tag-sl","odd"],"_links":{"self":[{"href":"http:\/\/blog.inmontanis.info\/index.php?rest_route=\/wp\/v2\/posts\/658","targetHints":{"allow":["GET"]}}],"collection":[{"href":"http:\/\/blog.inmontanis.info\/index.php?rest_route=\/wp\/v2\/posts"}],"about":[{"href":"http:\/\/blog.inmontanis.info\/index.php?rest_route=\/wp\/v2\/types\/post"}],"author":[{"embeddable":true,"href":"http:\/\/blog.inmontanis.info\/index.php?rest_route=\/wp\/v2\/users\/1"}],"replies":[{"embeddable":true,"href":"http:\/\/blog.inmontanis.info\/index.php?rest_route=%2Fwp%2Fv2%2Fcomments&post=658"}],"version-history":[{"count":3,"href":"http:\/\/blog.inmontanis.info\/index.php?rest_route=\/wp\/v2\/posts\/658\/revisions"}],"predecessor-version":[{"id":3290,"href":"http:\/\/blog.inmontanis.info\/index.php?rest_route=\/wp\/v2\/posts\/658\/revisions\/3290"}],"wp:attachment":[{"href":"http:\/\/blog.inmontanis.info\/index.php?rest_route=%2Fwp%2Fv2%2Fmedia&parent=658"}],"wp:term":[{"taxonomy":"category","embeddable":true,"href":"http:\/\/blog.inmontanis.info\/index.php?rest_route=%2Fwp%2Fv2%2Fcategories&post=658"},{"taxonomy":"post_tag","embeddable":true,"href":"http:\/\/blog.inmontanis.info\/index.php?rest_route=%2Fwp%2Fv2%2Ftags&post=658"}],"curies":[{"name":"wp","href":"https:\/\/api.w.org\/{rel}","templated":true}]}}