{"id":6578,"date":"2021-02-21T16:58:04","date_gmt":"2021-02-21T15:58:04","guid":{"rendered":"http:\/\/blog.inmontanis.info\/?p=6578"},"modified":"2023-08-05T12:30:05","modified_gmt":"2023-08-05T10:30:05","slug":"mattsund-21-2-2021-armficka-in-da-forest","status":"publish","type":"post","link":"http:\/\/blog.inmontanis.info\/?p=6578","title":{"rendered":"M\u00e5ttsund, 21.2.2021 \/ Armficka in da forest"},"content":{"rendered":"<p><strong>21.2.2021<\/strong> &#8211; M\u00e5ttsund \/ Armficka in da forest<\/p>\n<p><em>(Inspiriert vom derzeit mal wieder geh\u00f6rten &#8220;Clockwork Orange&#8221; hab ich mal ein paar fremdsprachliche W\u00f6rter, aber nicht nur aus dem Russischen, in die folgenden Zeilen einflie\u00dfen lassen und gemerkt, dass das gar nicht so easy ist, wie man sich das dumatten mag, meine bratties :) )<\/em><\/p>\n<p>Heutiges Skigebietsziel? M\u00e5ttsund.  Malenki, aber billig, Tageskarte um 15 Eurodengis und ich kann mal wieder meine Armficka usen.<\/p>\n<p>Der Vinkellift und der sinistre der Doppellifte haben rabottet, in dem Bereich gibt es 3 Pistis, die man aber auch als 5 kaunten kann, da die mellanige durch den Parkypark divisiert ist und die ganz v\u00e4nstere unterschiedlich ist, je nachdem, ob man sie str\u00e4it am Lift oder in bolschigem Bogen runterf\u00e4hrt.<\/p>\n<p>Adroat vom Doppel-SL viddet es auf dem Sat-Bild so aus, als h\u00e4tte es hier mal noch twa gammlige Abfahrten gegeben. Die B\u00e4ume dort sind aber schon hoch gerastet, d\u00fcrfte also schon azeitl her sein, dass die abondoniert wurden. Schade, dass sie mittlerweile so stark verwachsen sind, man kommt zwar noch senza problemi durch, aber es w\u00e4re fanniger, wenn&#8217;s etwas \u00e4riger statt arbiger w\u00e4re. Aber wenigstens keine Buschis. Auch daneben im Les kann man  fahren, so dass man rechts von den Schleppis einige Zeit okupiert ist&#8230;<\/p>\n<p>So blieb ich trotz dauernden Nehschens ca. 4 Timmer, wobei es ja erst am Wetscher st\u00e4rker zu schneen anfing, als ich im ICA Maxi Supermarkt in Lule\u00e5 noch ein malenki was kupitete.<\/p>\n<p>(Wer jetzt nur Bahnhof verstanden hat, wird sich das anhand der Bilder sicherlich zusammenreimen k\u00f6nnen ;) )<\/p>\n<p><a href='http:\/\/ski.inmontanis.info\/d\/2301-2\/P1090186.jpg'><img src=http:\/\/ski.inmontanis.info\/d\/2301-2\/P1090186.jpg \/><\/a><br \/>\n^ Bild vom 24.6.2006, damals d\u00fcrften die rechten Abfahrten noch angenehmer zu fahren gewesen sein (Talstation ca. 20m, Bergstation ca. 150m \u00fcdM.)<\/p>\n<p><a href='http:\/\/ski.inmontanis.info\/d\/2320-2\/P1090196.jpg'><img src=http:\/\/ski.inmontanis.info\/d\/2320-2\/P1090196.jpg \/><\/a><br \/>\n^ Bild vom 24.6.2006<\/p>\n<p><a href='http:\/\/ski.inmontanis.info\/d\/2338-2\/P1090205.jpg'><img src=http:\/\/ski.inmontanis.info\/d\/2338-2\/P1090205.jpg \/><\/a><br \/>\n^ Bild vom 24.6.2006, S\u00fcd-Ost-Panorama mit Ostsee bzw. Bottenviken. Netterweise steht am Gipfel ein Starth\u00e4uschen, auf das man gehen konnte &#8211; sonst h\u00e4tte man keinen so sch\u00f6nen Ausblick gehabt &#8230;<\/p>\n<p>&#8211;<\/p>\n<p><a href='http:\/\/ski.inmontanis.info\/d\/286346-2\/DSC04755.jpg'><img src=http:\/\/ski.inmontanis.info\/d\/286345-3\/DSC04755.jpg \/><\/a><br \/>\n^ Zufahrt<\/p>\n<p><a href='http:\/\/ski.inmontanis.info\/d\/286350-2\/DSC04757.jpg'><img src=http:\/\/ski.inmontanis.info\/d\/286349-3\/DSC04757.jpg \/><\/a><br \/>\n^ Die beiden rechten SL<\/p>\n<p><a href='http:\/\/ski.inmontanis.info\/d\/286354-2\/DSC04758.jpg'><img src=http:\/\/ski.inmontanis.info\/d\/286353-3\/DSC04758.jpg \/><\/a><br \/>\n^ Die beiden rechten SL<\/p>\n<p><a href='http:\/\/ski.inmontanis.info\/d\/286358-2\/DSC04759.jpg'><img src=http:\/\/ski.inmontanis.info\/d\/286357-3\/DSC04759.jpg \/><\/a><br \/>\n^ Die beiden rechten SL<\/p>\n<p><a href='http:\/\/ski.inmontanis.info\/d\/286362-2\/DSC04760.jpg'><img src=http:\/\/ski.inmontanis.info\/d\/286361-3\/DSC04760.jpg \/><\/a><br \/>\n^ Bergstation \/ Gipfel<\/p>\n<p><a href='http:\/\/ski.inmontanis.info\/d\/286366-2\/DSC04762.jpg'><img src=http:\/\/ski.inmontanis.info\/d\/286365-3\/DSC04762.jpg \/><\/a><br \/>\n^ Die beiden rechten SL<\/p>\n<p><a href='http:\/\/ski.inmontanis.info\/d\/286370-2\/DSC04763.jpg'><img src=http:\/\/ski.inmontanis.info\/d\/286369-3\/DSC04763.jpg \/><\/a><br \/>\n^ Die rechte Abfahrt, zwischen Doppel-SL und Kurven-SL<\/p>\n<p><a href='http:\/\/ski.inmontanis.info\/d\/286374-2\/DSC04764.jpg'><img src=http:\/\/ski.inmontanis.info\/d\/286373-3\/DSC04764.jpg \/><\/a><br \/>\n^ Die mittlere Abfahrt, zwischen dem Kurvenlift, also innerhalb des Dreiecks, das durch den Kurvenlift gebildet wird<\/p>\n<p><a href='http:\/\/ski.inmontanis.info\/d\/286378-2\/DSC04765.jpg'><img src=http:\/\/ski.inmontanis.info\/d\/286377-3\/DSC04765.jpg \/><\/a><br \/>\n^ Kurvenlift mit linker und (geteilter) mittlerer Abfahrt<\/p>\n<p><a href='http:\/\/ski.inmontanis.info\/d\/286382-2\/DSC04766.jpg'><img src=http:\/\/ski.inmontanis.info\/d\/286381-3\/DSC04766.jpg \/><\/a><br \/>\n^ ganz links vom Kurvenlift<\/p>\n<p><a href='http:\/\/ski.inmontanis.info\/d\/286386-2\/DSC04767.jpg'><img src=http:\/\/ski.inmontanis.info\/d\/286385-3\/DSC04767.jpg \/><\/a><br \/>\n^ Linke Abfahrt<\/p>\n<p><a href='http:\/\/ski.inmontanis.info\/d\/286390-2\/DSC04768.jpg'><img src=http:\/\/ski.inmontanis.info\/d\/286389-3\/DSC04768.jpg \/><\/a><br \/>\n^ Rechte Abfahrt. Wieder so ein riesiger Parkplatz, die Wartezeiten m\u00f6cht ich nicht erleben, wenn da mal alles voll sein sollte.<\/p>\n<p><a href='http:\/\/ski.inmontanis.info\/d\/286394-2\/DSC04769.jpg'><img src=http:\/\/ski.inmontanis.info\/d\/286393-3\/DSC04769.jpg \/><\/a><br \/>\n^ Rechts vom Doppel-SL in den vielleicht ehemaligen Abfahrten<\/p>\n<p><a href='http:\/\/ski.inmontanis.info\/d\/286398-2\/DSC04770.jpg'><img src=http:\/\/ski.inmontanis.info\/d\/286397-3\/DSC04770.jpg \/><\/a><br \/>\n^ Offpiste rechts, evtl. ehemalige Abfahrten<\/p>\n<p><a href='http:\/\/ski.inmontanis.info\/d\/286402-2\/DSC04771.jpg'><img src=http:\/\/ski.inmontanis.info\/d\/286401-3\/DSC04771.jpg \/><\/a><br \/>\n^ Manchmal hat man abschnittsweise eine schmale Schneise zu fahren, was angenehmer ist, als durch die engen B\u00e4ume<\/p>\n<p><a href='http:\/\/ski.inmontanis.info\/d\/286406-2\/DSC04772.jpg'><img src=http:\/\/ski.inmontanis.info\/d\/286405-3\/DSC04772.jpg \/><\/a><br \/>\n^ Offpiste<\/p>\n<p><a href='http:\/\/ski.inmontanis.info\/d\/286410-2\/DSC04773.jpg'><img src=http:\/\/ski.inmontanis.info\/d\/286409-3\/DSC04773.jpg \/><\/a><br \/>\n^ Der Retourweg erinnert mich an den Retourweg am Monte Piselli<\/p>\n<p><a href='http:\/\/ski.inmontanis.info\/d\/286414-2\/DSC04774.jpg'><img src=http:\/\/ski.inmontanis.info\/d\/286413-3\/DSC04774.jpg \/><\/a><br \/>\n^ Andere Variante rechts von den SL<\/p>\n<p><a href='http:\/\/ski.inmontanis.info\/d\/286418-2\/DSC04775.jpg'><img src=http:\/\/ski.inmontanis.info\/d\/286417-3\/DSC04775.jpg \/><\/a><br \/>\n^ Manchmal ist der Wald etwas breiter, manchmal aber auch schm\u00e4ler.<\/p>\n<p><a href='http:\/\/ski.inmontanis.info\/d\/286422-2\/DSC04777.jpg'><img src=http:\/\/ski.inmontanis.info\/d\/286421-3\/DSC04777.jpg \/><\/a><br \/>\n^ So w\u00e4rs nett im Wald, wenn&#8217;s \u00fcberall so luftig w\u00e4re<\/p>\n<p><a href='http:\/\/ski.inmontanis.info\/d\/286426-2\/DSC04778.jpg'><img src=http:\/\/ski.inmontanis.info\/d\/286425-3\/DSC04778.jpg \/><\/a><br \/>\n^ Noch weiter rechts drau\u00dfen<\/p>\n<p><a href='http:\/\/ski.inmontanis.info\/d\/286430-2\/DSC04779.jpg'><img src=http:\/\/ski.inmontanis.info\/d\/286429-3\/DSC04779.jpg \/><\/a><br \/>\n^ Auch hier mal mehr mal weniger eng, nach dem sch\u00f6nen Luftigen kommt bald wieder unsch\u00f6ne Enge.<\/p>\n<p><a href='http:\/\/ski.inmontanis.info\/d\/286434-2\/DSC04780.jpg'><img src=http:\/\/ski.inmontanis.info\/d\/286433-3\/DSC04780.jpg \/><\/a><br \/>\n^ Die bucklige SL-Trasse fuhr ich auch mal<\/p>\n<p><a href='http:\/\/ski.inmontanis.info\/d\/286438-2\/DSC04782.jpg'><img src=http:\/\/ski.inmontanis.info\/d\/286437-3\/DSC04782.jpg \/><\/a><br \/>\n^ Kurvenlift mit linker, mittlerer und rechten Abfahrt; die Doppel-SL sind noch weiter rechts.<\/p>\n<p><a href='http:\/\/ski.inmontanis.info\/d\/286442-2\/ge20210221a.jpg'><img src=http:\/\/ski.inmontanis.info\/d\/286441-3\/ge20210221a.jpg \/><\/a><br \/>\n^ GPS-Track 21.2.2021, da hab ich rechts wohl einen Bereich auslassen, der zumindest hier noch recht luftig ausgesehen h\u00e4tte :-(<\/p>\n<p><a href='http:\/\/ski.inmontanis.info\/d\/286446-2\/DSC04791.jpg'><img src=http:\/\/ski.inmontanis.info\/d\/286445-3\/DSC04791.jpg \/><\/a><br \/>\n^ Skipass und Armficka &#8211; so hei\u00dft im Schwedischen die Armbinde mit der Tasche f\u00fcr den Skipass<\/p>\n<p>Nach dem Skifahren ging es zum ICA Supermarkt, dem gegen\u00fcber eine Sibylla, wo ich mir zur Abwechslung mal ein Kebap-Teller-Men\u00fc kaufte. Danach bei recht starkem Schneefall und schlechter Sicht nach Boden ins dortige Vandrarhem, wo ich trotz der zuletzt ja eher negativen Erfahrungen von Langzeitbuchungen bis Freitag gebucht hab, da es zwei Skigebietchen in der Umgebung gibt, wo man nachmittags mal raufgehen oder abends zum Nachski vorbeifahren k\u00f6nnte, und es nicht all zu weit entfernt ein weiteres Skigebiet gibt, das auch unter der Woche tags\u00fcber offen haben sollte, zudem das Wetter diese Woche ja eh nicht besonders werden sollte. Allerdings soll es bis Ende der Woche sogar leichte Plusgrade geben!<\/p>\n<p><a href='http:\/\/extra.inmontanis.info\/d\/61449-3\/DSC04752.jpg'><img src=http:\/\/extra.inmontanis.info\/d\/61448-3\/DSC04752.jpg \/><\/a><br \/>\n^ Ein kurzes St\u00fcck Autobahn vor Lulea<\/p>\n<p><a href='http:\/\/extra.inmontanis.info\/d\/61453-3\/IMG_20210221_145756.jpg'><img src=http:\/\/extra.inmontanis.info\/d\/61452-3\/IMG_20210221_145756.jpg \/><\/a><br \/>\n^ Kebap-Teller (Sibylla); Kebap schaut in Skandinavien immer etwas ungewohnt aus und schmeckt auch anders (und zwar nicht so gut wie bei uns oder in der T\u00fcrkei oder Russland oder usw.)<\/p>\n<p>Die Zimmer im Hostel haben WC und Dusche inkludiert, aber auch einen K\u00fchlschrank. Den finde ich l\u00e4rmm\u00e4\u00df\u00edg nat\u00fcrlich nervig und muss ihn \u00fcber Nacht ausschalten, der ganze Schreibtisch vibriert, wenn er l\u00e4uft. <\/p>\n<p>Das Zimmer kostet ca. 38,- \u20ac pro Tag, Bettw\u00e4sche\/Handt\u00fccher nicht inkludiert, Reinigung ebenfalls nicht. Die w\u00fcrde 15,- oder 20,- \u20ac extra kosten &#8211; da K\u00fchlschrank, Dusche und WC inkludiert ist, k\u00f6nnte ich mir das durchaus \u00fcberlegen, insb. falls es am Freitag Nachmittag erstmals wieder sonnig sein sollte und ich demnach z\u00fcgig zum Skifahren m\u00f6chte. Check-Out hier w\u00e4re andererseits sch\u00f6n sp\u00e4t: bis 14 Uhr.<\/p>\n<p>Die Zimmer, das zeigten auch die Bilder im WWW, sind recht trostlos, weil keinerlei Wandbehang, aber immerhin mit Schreibtisch (und einem unbequemen Stuhl, wieso produziert die Menschheit unbequeme St\u00fchle?). Mein Zimmer ist zwar quasi direkt am Eingang, aber daf\u00fcr ohne ein anderes (vermietetes) Zimmer nebendran. <\/p>\n<p><a href='http:\/\/extra.inmontanis.info\/d\/61457-3\/DSC04792.jpg'><img src=http:\/\/extra.inmontanis.info\/d\/61456-3\/DSC04792.jpg \/><\/a><br \/>\n^ Hostel-Zimmer, bereits eingerichtet<\/p>\n<p><a href='http:\/\/extra.inmontanis.info\/d\/61461-3\/DSC04786.jpg'><img src=http:\/\/extra.inmontanis.info\/d\/61460-3\/DSC04786.jpg \/><\/a><br \/>\n^ Hostel-Zimmer mit WC<\/p>\n<p><a href='http:\/\/extra.inmontanis.info\/d\/61465-3\/DSC04787.jpg'><img src=http:\/\/extra.inmontanis.info\/d\/61464-4\/DSC04787.jpg \/><\/a><br \/>\n^ .. und Dusche<\/p>\n<p><a href='http:\/\/extra.inmontanis.info\/d\/61469-3\/DSC04788.jpg'><img src=http:\/\/extra.inmontanis.info\/d\/61468-4\/DSC04788.jpg \/><\/a><br \/>\n^ Zwischen WC und Dusche gibts noch diesen Raum, hier war wohl mal ein Waschbecken. Stattdessen h\u00e4tte man die T\u00fcr drin lassen und den K\u00fchlschrank dort reinstellen sollen = w\u00fcrde nachts weniger st\u00f6ren<\/p>\n<p><a href='http:\/\/extra.inmontanis.info\/d\/61473-3\/DSC04789.jpg'><img src=http:\/\/extra.inmontanis.info\/d\/61472-4\/DSC04789.jpg \/><\/a><br \/>\n^ Info betreffend Zimmerreinigung, lt. Website kostet die Endreinigung aber 200,-, wenn man sie nicht selbst machen will.<\/p>\n<p>Die Nacht verlief leider extrem gest\u00f6rt. Ein nerviges Weib quatschte die ganze Zeit, zum Gl\u00fcck halbwegs leise von mir aus wohl im Aufenthalts- oder Fernsehbereich und kaum zu h\u00f6ren, aber um 1:30 Uhr ging sie auf das WC vor meinem Zimmer und laberte erst mal eine Zeit lang vor dem WC und dann im WC weiter, so dass ich wach wurde. Um 2 Uhr oder danach h\u00f6rte ich die Au\u00dfent\u00fcr und es war Ruhe. Wie kann man nur stundenlang ununterbrochen quatschen? Liebe Labertaschen, einfach mal \u00f6fters den Mund halten au\u00dferhalb der eigenen 4 W\u00e4nde und a) eure Mitmenschen w\u00fcrden euch dankbar sein und b) Corona w\u00fcrde sich wohl sp\u00fcrbar weniger verbreiten.<\/p>\n<p>Einige Zeit sp\u00e4ter wachte ich erneut auf, als jemand versuchte, meine T\u00fcr zu \u00f6ffnen, die aber ja zum Gl\u00fcck abgeschlossen war, bevor derjenige die richtige T\u00fcr zum WC fand. Hallo? Es gibt doch WCs in jedem Zimmer!?!<\/p>\n<p>Nein, das war noch nicht genug diese Nacht, um gef\u00fchlt 4-5 Uhr (nicht nachgesehen) l\u00e4rmte dann auch noch der Schneer\u00e4umdienst einige Zeit lang, weil das Schneelager vorm Fenster meines Zimmers ist.<\/p>\n","protected":false},"excerpt":{"rendered":"<p>21.2.2021 &#8211; M\u00e5ttsund \/ Armficka in da forest<\/p>\n<p>(Inspiriert vom derzeit mal wieder geh\u00f6rten &#8220;Clockwork Orange&#8221; hab ich mal ein paar fremdsprachliche W\u00f6rter, aber nicht nur aus dem Russischen, in die folgenden Zeilen einflie\u00dfen lassen und gemerkt, dass das gar nicht so easy ist, wie man sich das dumatten mag, meine bratties :) )<\/p>\n<p>Heutiges <a href=\"http:\/\/blog.inmontanis.info\/?p=6578\">[&#8230;]<\/a><\/p>\n","protected":false},"author":1,"featured_media":0,"comment_status":"closed","ping_status":"closed","sticky":false,"template":"","format":"standard","meta":{"footnotes":""},"categories":[184,644,19,27],"tags":[47],"class_list":["post-6578","post","type-post","status-publish","format-standard","hentry","category-2021-01-skandinavien","category-mattsund","category-schwedensweden","category-skifahren-winterskiing-winter","tag-sl","odd"],"_links":{"self":[{"href":"http:\/\/blog.inmontanis.info\/index.php?rest_route=\/wp\/v2\/posts\/6578","targetHints":{"allow":["GET"]}}],"collection":[{"href":"http:\/\/blog.inmontanis.info\/index.php?rest_route=\/wp\/v2\/posts"}],"about":[{"href":"http:\/\/blog.inmontanis.info\/index.php?rest_route=\/wp\/v2\/types\/post"}],"author":[{"embeddable":true,"href":"http:\/\/blog.inmontanis.info\/index.php?rest_route=\/wp\/v2\/users\/1"}],"replies":[{"embeddable":true,"href":"http:\/\/blog.inmontanis.info\/index.php?rest_route=%2Fwp%2Fv2%2Fcomments&post=6578"}],"version-history":[{"count":4,"href":"http:\/\/blog.inmontanis.info\/index.php?rest_route=\/wp\/v2\/posts\/6578\/revisions"}],"predecessor-version":[{"id":6582,"href":"http:\/\/blog.inmontanis.info\/index.php?rest_route=\/wp\/v2\/posts\/6578\/revisions\/6582"}],"wp:attachment":[{"href":"http:\/\/blog.inmontanis.info\/index.php?rest_route=%2Fwp%2Fv2%2Fmedia&parent=6578"}],"wp:term":[{"taxonomy":"category","embeddable":true,"href":"http:\/\/blog.inmontanis.info\/index.php?rest_route=%2Fwp%2Fv2%2Fcategories&post=6578"},{"taxonomy":"post_tag","embeddable":true,"href":"http:\/\/blog.inmontanis.info\/index.php?rest_route=%2Fwp%2Fv2%2Ftags&post=6578"}],"curies":[{"name":"wp","href":"https:\/\/api.w.org\/{rel}","templated":true}]}}