{"id":6575,"date":"2021-02-20T18:34:16","date_gmt":"2021-02-20T17:34:16","guid":{"rendered":"http:\/\/blog.inmontanis.info\/?p=6575"},"modified":"2023-08-05T12:49:40","modified_gmt":"2023-08-05T10:49:40","slug":"alvsbyn-kanis-20-2-2021","status":"publish","type":"post","link":"http:\/\/blog.inmontanis.info\/?p=6575","title":{"rendered":"\u00c4lvsbyn Kanis, 20.2.2021"},"content":{"rendered":"<p><strong>19.2.2021<\/strong><\/p>\n<p>Leider sind die Wettervorhersagen f\u00fcr&#8217;s WE weiterhin mies, starker Schneefall in allen Gebieten, die hier in der N\u00e4he oder auf einem zuk\u00fcnftigen Weg sind. Fiel letztes WE aus wegen des nicht startenden Autos, f\u00e4llt dieses WE wegen des Wetters &#8220;quasi&#8221; aus. Auch n\u00e4chste Woche geht&#8217;s ungef\u00e4hr so weiter, so dass es wohl auch nicht viel Sinn macht, ein Skigebiet anzufahren, das (bereits) t\u00e4glich ge\u00f6ffnet ist&#8230; <\/p>\n<p>Was heute neben der Suche nach den n\u00e4chsten Zielen und einer neuen Unterkunft ab morgen noch auf dem Plan stand:<\/p>\n<p>1. Frasses. Nahm ich den heutigen Mittags-Angebots-Burger, Chicken-Bacon, aber hielt sich geschmacklich in Grenzen. H\u00e4tt ich mal lieber das Shawarma oder Kebap probiert. Auch die Zwiebelringe sind hier nicht so gut wie im BurgerKing. (Einen Teil f\u00fcr abends aufgehoben.)<\/p>\n<p><a href='http:\/\/extra.inmontanis.info\/d\/61417-2\/IMG_20210219_114707.jpg'><img src=http:\/\/extra.inmontanis.info\/d\/61416-3\/IMG_20210219_114707.jpg \/><\/a><br \/>\n^ Chicken-Bacon-Burger, geschmacklich etwas lahm; Pommes diesmal mit K\u00e4se- und Sourcream&#038;Onion-Pulver best\u00e4ubt<\/p>\n<p>2. Mal wieder einen Dollarstore besuchen, hab ein paar Sachen ben\u00f6tigt und ein paar weitere mit eingekauft. Sonnenbrille hab ich leider keine gefunden (bei meiner zum Autofahren ist der B\u00fcgel abgebrochen, die sitzt aber so fest, dass sie trotzdem h\u00e4lt &#8211; hab ja auch noch die Gletscherbrille). Eine CR2025-Batterie f\u00fcr die Fernbedienung der Cam brauchte ich auch, da gab&#8217;s nur den etwas teureren 5er Pack um ca. 3,- \u20ac, daf\u00fcr von einer bekannten Marke (Maxell); um 2,- \u20ac h\u00e4tte es ca. 6-8 St\u00fcck Noname CR2032 gegeben. Eh egal, 5 reichen und 3,- ist auch g\u00fcnstig.<\/p>\n<p>Was ich noch mitgenommen hab?<\/p>\n<p><a href='http:\/\/extra.inmontanis.info\/d\/61421-2\/DSC04708.jpg'><img src=http:\/\/extra.inmontanis.info\/d\/61420-3\/DSC04708.jpg \/><\/a><\/p>\n<p>Die halbwegs leckeren Maple-Bacon-Linsen-Chips aus Litauen um 1,- \u20ac,<br \/>\neine Tafel Reisschokolade um 1,- \u20ac,<br \/>\n3 Anton Berg Cognac-Marzipan-Riegel um zusammen 2,- \u20ac;<br \/>\ndie 2 Sportlunch-Riegel um zusammen 1,- \u20ac,<br \/>\nder 3er Pack Snickers um 1,- \u20ac,<br \/>\nder Crackers-Mix um 1,- \u20ac (schmeckt aber leider so billig wie es war, nach altem Geb\u00e4ck, aber ich hatte mal wieder Lust auf Laugengeschmack, Laugengeb\u00e4ck gibts hier in Schweden wohl eher nicht bis selten),<br \/>\ndie Wrigleys Kaugummi um 1,- \u20ac,<br \/>\ndas Zitronen-Mineralwasser um 1,- \u20ac,<br \/>\ndie Schoko-Schildkr\u00f6ten um 1,- \u20ac,<br \/>\nein 1m-USB-C-Ladekabel um 2,- \u20ac (nachdem mein zweites und viel sch\u00f6neres Kabel ja durch einen Sturz besch\u00e4digt wurde),<br \/>\neine Haarb\u00fcrste um 1,- \u20ac,<br \/>\ndie Finger-Wollhandschuhe im 50%-Schlussverkauf um 0,33 \u20ac (weil halt gar so g\u00fcnstig, auch wenn ich momentan keine brauch)<br \/>\n.. und halt doch noch ein Eisfrei-Spray f\u00fcr die Windschutzscheibe um 5,- \u20ac (weil bei -10\u00b0 und k\u00e4lter mit meinen Eiskratzer nichts zum kratzen geht, aber wie schon die Markensprays der letzten Jahre, taugt auch das hier wohl nur bei bestimmten Vereisungen).<\/p>\n<p>Achja, erstaunlich viel Leute mit MNS heute beim Einkaufen gewesen. So viel w\u00e4ren mir in Superm\u00e4rkten bisher noch nicht begegnet.<\/p>\n<p>Nachdem es zudem langsam in die Hochsaisonszeit geht, die Skigebiete Abisko und Riksgr\u00e4nsen \u00fcberhaupt jetzt erst aufsperren, es aber ja nach wie vor etwas zu kalt hier im Norden sein k\u00f6nnte, um im Auto zu schlafen, hab ich f\u00fcr Mitte M\u00e4rz gleich mal zwei Zimmer in Abisko \/ Bj\u00f6rdkliden gebucht, bevor da alles preislich g\u00fcnstige weg ist. Auch wenn ich ja egtl. Mitte M\u00e4rz schon wieder richtung S\u00fcden wollte (jetzt wird&#8217;s mir dann doch etwas eng, alle gewollten Skigebiete noch anzufahren ;) ), aber aktuell ist z.B. in Bj\u00f6rkliden eh noch nix sinnvolles offen, das wird sich bis Mitte M\u00e4rz hoffentlich noch \u00e4ndern. Da jetzt zudem die Skigebiete oftmals t\u00e4glich offen haben, werd ich im M\u00e4rz und April auch h\u00e4ufiger zum Skifahren kommen.<\/p>\n<p>Um etwaigen Wetterkapriolen zu entgehen und wenigstens den einen oder anderen Sonnentag zu haben, sollte ich zudem mehr als nur 1 Woche dort oben bleiben &#8230; Sofern brauchbar genug offen hat, hat man mit den 3 Skigebieten Riksgr\u00e4nsen, Bj\u00f6rkliden und Abisko ja eh genug Abwechslung.<\/p>\n<p>Da die g\u00fcnstigere Unterkunft erst ab 10.3. offen hat, ich aber gern schon das WE vorher da w\u00e4re, da aber fr\u00fchestens ab 7.3. die zweitg\u00fcnstigste Alternative ginge (von einem fensterlosen, noch g\u00fcnstigeren Zimmer in einer anderen Unterkunft mal abgesehen), hab ich also vom 7.-10.3. in Abisko und vom 10.3.-17.3. in Bj\u00f6rkliden gebucht. Hoffe, dass bis dahin in Bj\u00f6rkliden und Riksgr\u00e4nsen einiges offen sein wird und das Wetter nicht zu schlecht werden wird..<\/p>\n<p>Das hei\u00dft, die n\u00e4chsten Wochen (und somit zuvor) werd ich noch Dundret und Svanstein als lohnenswertere Ziele anfahren.<\/p>\n<p><strong>20.2.2021<\/strong><\/p>\n<p>Jaja, der Februar d\u00fcmpelt so vor sich hin, hoffentlich wird der M\u00e4rz\/April besser. Weil die Wettervorhersagen Schnee meldeten, verzichtete ich also auf die interessanteren und teureren Gebiete hier in der Gegend und fuhr stattdessen richtung Meer, wo es kleinere und g\u00fcnstigere Gebiete gibt.<\/p>\n<p>Besucht hab ich heute Kanis bei \u00c4lvsbyn, wo ich letzten Mai schon eine Skitour machte. Bei Restschnee und Firn sind solche kleinen Gebiete aber interessanter. Schnee fiel heute zwar nicht, aber es gab gefrierenden Nebel bei ca. -7 bis -11\u00b0, und ich hab mich heut fr\u00fch noch gewundert, wieso der eine Wetterbericht -9\u00b0 und Regen meldete. Das erschwerte die Sicht, weil die Skibrille laufend mit einer Eiskruste versehen wurde. Auch die Kleidung wurde entsprechend wei\u00df und erst sp\u00e4ter im Auto etwas nass durchs Abtauen&#8230;<\/p>\n<p>Die Tageskarte kostete g\u00fcnstge 15,- \u20ac und man bekommt einen 4-Eck-SL mit 3 zumeist recht leichten Abfahrten daf\u00fcr, also nicht ganz sooo uninteressant, aber 2 Stunden waren mir genug.<\/p>\n<p><a href='http:\/\/ski.inmontanis.info\/d\/286286-2\/DSC04711.jpg'><img src=http:\/\/ski.inmontanis.info\/d\/286285-3\/DSC04711.jpg \/><\/a><br \/>\n^ Warteschlange an der Skipasskasse<\/p>\n<p><a href='http:\/\/ski.inmontanis.info\/d\/286290-2\/DSC04715.jpg'><img src=http:\/\/ski.inmontanis.info\/d\/286289-3\/DSC04715.jpg \/><\/a><br \/>\n^ Der LST-Tellerlift rechts f\u00e4hrt langsamer als der linke Kurvenlift, erste Kurve voraus<\/p>\n<p><a href='http:\/\/ski.inmontanis.info\/d\/286294-2\/DSC04716.jpg'><img src=http:\/\/ski.inmontanis.info\/d\/286293-3\/DSC04716.jpg \/><\/a><br \/>\n^ Zwischen erster und zweiter Kurve<\/p>\n<p><a href='http:\/\/ski.inmontanis.info\/d\/286298-2\/DSC04718.jpg'><img src=http:\/\/ski.inmontanis.info\/d\/286297-3\/DSC04718.jpg \/><\/a><br \/>\n^ Zweite Kurve<\/p>\n<p><a href='http:\/\/ski.inmontanis.info\/d\/286302-2\/DSC04720.jpg'><img src=http:\/\/ski.inmontanis.info\/d\/286301-3\/DSC04720.jpg \/><\/a><br \/>\n^ Linke Abfahrt, hat ein paar steilere Stellen<\/p>\n<p><a href='http:\/\/ski.inmontanis.info\/d\/286306-2\/DSC04721.jpg'><img src=http:\/\/ski.inmontanis.info\/d\/286305-3\/DSC04721.jpg \/><\/a><br \/>\n^ Linke Abfahrt<\/p>\n<p><a href='http:\/\/ski.inmontanis.info\/d\/286310-2\/DSC04722.jpg'><img src=http:\/\/ski.inmontanis.info\/d\/286309-3\/DSC04722.jpg \/><\/a><br \/>\n^ Pano<\/p>\n<p><a href='http:\/\/ski.inmontanis.info\/d\/286314-2\/DSC04724.jpg'><img src=http:\/\/ski.inmontanis.info\/d\/286313-3\/DSC04724.jpg \/><\/a><br \/>\n^ Rechte Abfahrt, ich fuhr gleich mal die Variante links im Bild<\/p>\n<p><a href='http:\/\/ski.inmontanis.info\/d\/286318-2\/DSC04725.jpg'><img src=http:\/\/ski.inmontanis.info\/d\/286317-3\/DSC04725.jpg \/><\/a><br \/>\n^ Rechte Abfahrt mit Funpark<\/p>\n<p><a href='http:\/\/ski.inmontanis.info\/d\/286322-2\/DSC04727.jpg'><img src=http:\/\/ski.inmontanis.info\/d\/286321-3\/DSC04727.jpg \/><\/a><br \/>\n^ Oberer Teil des Kurvenlifts<\/p>\n<p><a href='http:\/\/ski.inmontanis.info\/d\/286326-2\/DSC04728.jpg'><img src=http:\/\/ski.inmontanis.info\/d\/286325-3\/DSC04728.jpg \/><\/a><br \/>\n^ Mittlere Abfahrt<\/p>\n<p><a href='http:\/\/ski.inmontanis.info\/d\/286330-2\/DSC04729.jpg'><img src=http:\/\/ski.inmontanis.info\/d\/286329-3\/DSC04729.jpg \/><\/a><br \/>\n^ Mittlere Variante<\/p>\n<p><a href='http:\/\/ski.inmontanis.info\/d\/286334-2\/DSC04730.jpg'><img src=http:\/\/ski.inmontanis.info\/d\/286333-3\/DSC04730.jpg \/><\/a><br \/>\n^ Talblick, auf der Seite geht der Berg ganz sch\u00f6n steil runter. Einige Skispuren sah man zwar, bin aber lieber nicht gefahren<\/p>\n<p><a href='http:\/\/ski.inmontanis.info\/d\/286338-2\/DSC04732.jpg'><img src=http:\/\/ski.inmontanis.info\/d\/286337-3\/DSC04732.jpg \/><\/a><br \/>\n^ Offpiste rechts der rechten Abfahrt; auch hier k\u00f6nnte man wohl weiter links im Bild runter, hat dann aber vmtl. einen l\u00e4ngeren, flachen Weg vor bis zum Lift.<\/p>\n<p><a href='http:\/\/ski.inmontanis.info\/d\/286342-2\/ge20210220.jpg'><img src=http:\/\/ski.inmontanis.info\/d\/286341-3\/ge20210220.jpg \/><\/a><br \/>\n^ GPS-Track 20.2.2021 in Gelb und Skitour 12.5.2020 in Rot<\/p>\n<p>Ja, ich werd auf dem R\u00fcckweg richtung S\u00fcden doch eher im Westen in den Bergen bleiben und die kleinen kurzen H\u00fcgelgebiete im Osten auslassen, hab langsam doch etwas Nachholbedarf an zumindest etwas gr\u00f6\u00dferen und steileren Gebieten. Und ja, auch Bl\u00e5sj\u00f6n werd ich begnadigen und trotz des Reinfalls vor 2 Wochen besuchen.<\/p>\n<p>Auf der Fahrt nach Pite\u00e5 fror laufend meine Windschutzscheibe von au\u00dfen durch den gefrierenden Nebel an, trotz laufendem Scheibenwischer, trotz voll aufgedrehter Heizung auf die Frontscheibe, so dass ich ein paar mal f\u00fcr ein paar Minuten halten musste, wodurch die Scheibe wieder auftaute.<\/p>\n<p><a href='http:\/\/extra.inmontanis.info\/d\/61425-2\/DSC04741.jpg'><img src=http:\/\/extra.inmontanis.info\/d\/61424-3\/DSC04741.jpg \/><\/a><br \/>\n^ Skigebiet Lindb\u00e4cksstadion in Pite\u00e5<\/p>\n<p>Bevor ich ins Hotel fuhr, wollte ich noch ans Meer, was in Schweden aber oft recht schwierig sein kann &#8211; entweder B\u00e4ume oder zuviel Inseln davor oder bebaute Grundst\u00fccke. Habs dann doch mehr oder weniger geschafft.<\/p>\n<p><a href='http:\/\/extra.inmontanis.info\/d\/61429-2\/DSC04743.jpg'><img src=http:\/\/extra.inmontanis.info\/d\/61428-3\/DSC04743.jpg \/><\/a><br \/>\n^ Meer s\u00fcdlich von Pite\u00e5<\/p>\n<p><a href='http:\/\/extra.inmontanis.info\/d\/61433-2\/DSC04745.jpg'><img src=http:\/\/extra.inmontanis.info\/d\/61432-3\/DSC04745.jpg \/><\/a><br \/>\n^ Meer s\u00fcdlich von Pite\u00e5, der Schnee wurde mir von hier aus etwas zu tief zum Gehen<\/p>\n<p><a href='http:\/\/extra.inmontanis.info\/d\/61437-2\/DSC04747.jpg'><img src=http:\/\/extra.inmontanis.info\/d\/61436-3\/DSC04747.jpg \/><\/a><br \/>\n^ Hier ist im Sommer vermutlich ein Sandstrand &#8211; jetzt im Winter ist alles Wei\u00df, selbst das Meer. Im Winter hat man hier also die M\u00f6glichkeit, \u00fcber das Meer zu einer der Inseln zu gehen ;-)<\/p>\n<p>\u00dcbernachtet wird bei Pite\u00e5 um knapp 40,- \u20ac inkl. Fr\u00fchst\u00fcck in einem Sport-Hotel, das aber schon eher an ein Hostel erinnert, mit Etagen-Dusche\/WC und gro\u00dfer Selbstversorger-K\u00fcche. Grund f\u00fcr die eine Nacht heute hier, weil ich f\u00fcr das Zimmer in der N\u00e4he von Lule\u00e5, wo ich letztes Jahr schon \u00fcbernachtete, ein paar Minuten zu sp\u00e4t auf Buchen ging und es f\u00fcr heute und morgen schon weg war, und zwar auf allen Buchungsplattformen. Erst ab Montag w\u00e4r zu einem g\u00fcnstigeren Preis wieder ein Zimmer frei gewesen. Die Alternative war ein Vandrarhem in Boden, das aber erst ab morgen ein Zimmer hat. Daher der heutige, s\u00fcdliche (kurze) Umweg \u00fcber Pite\u00e5 und ab morgen bis Freitag dann in besagtem Vandrarhem in Boden.<\/p>\n<p><a href='http:\/\/extra.inmontanis.info\/d\/61441-2\/DSC04750.jpg'><img src=http:\/\/extra.inmontanis.info\/d\/61440-3\/DSC04750.jpg \/><\/a><br \/>\n^ Heutiges, g\u00fcnstige Hotelzimmer in Pite\u00e5 (wobei man es wohl auch als Hostel bezeichnen k\u00f6nnte)<\/p>\n<p><a href='http:\/\/extra.inmontanis.info\/d\/61445-2\/DSC04751.jpg'><img src=http:\/\/extra.inmontanis.info\/d\/61444-3\/DSC04751.jpg \/><\/a><br \/>\n^ Endlich mal ein Hotelzimmer mit genug Wandhaken :-)<\/p>\n","protected":false},"excerpt":{"rendered":"<p>19.2.2021<\/p>\n<p>Leider sind die Wettervorhersagen f\u00fcr&#8217;s WE weiterhin mies, starker Schneefall in allen Gebieten, die hier in der N\u00e4he oder auf einem zuk\u00fcnftigen Weg sind. Fiel letztes WE aus wegen des nicht startenden Autos, f\u00e4llt dieses WE wegen des Wetters &#8220;quasi&#8221; aus. Auch n\u00e4chste Woche geht&#8217;s ungef\u00e4hr so weiter, so dass es wohl auch nicht <a href=\"http:\/\/blog.inmontanis.info\/?p=6575\">[&#8230;]<\/a><\/p>\n","protected":false},"author":1,"featured_media":0,"comment_status":"closed","ping_status":"closed","sticky":false,"template":"","format":"standard","meta":{"footnotes":""},"categories":[184,658,19,27],"tags":[37,47],"class_list":["post-6575","post","type-post","status-publish","format-standard","hentry","category-2021-01-skandinavien","category-kanis","category-schwedensweden","category-skifahren-winterskiing-winter","tag-meer","tag-sl","odd"],"_links":{"self":[{"href":"http:\/\/blog.inmontanis.info\/index.php?rest_route=\/wp\/v2\/posts\/6575","targetHints":{"allow":["GET"]}}],"collection":[{"href":"http:\/\/blog.inmontanis.info\/index.php?rest_route=\/wp\/v2\/posts"}],"about":[{"href":"http:\/\/blog.inmontanis.info\/index.php?rest_route=\/wp\/v2\/types\/post"}],"author":[{"embeddable":true,"href":"http:\/\/blog.inmontanis.info\/index.php?rest_route=\/wp\/v2\/users\/1"}],"replies":[{"embeddable":true,"href":"http:\/\/blog.inmontanis.info\/index.php?rest_route=%2Fwp%2Fv2%2Fcomments&post=6575"}],"version-history":[{"count":2,"href":"http:\/\/blog.inmontanis.info\/index.php?rest_route=\/wp\/v2\/posts\/6575\/revisions"}],"predecessor-version":[{"id":6577,"href":"http:\/\/blog.inmontanis.info\/index.php?rest_route=\/wp\/v2\/posts\/6575\/revisions\/6577"}],"wp:attachment":[{"href":"http:\/\/blog.inmontanis.info\/index.php?rest_route=%2Fwp%2Fv2%2Fmedia&parent=6575"}],"wp:term":[{"taxonomy":"category","embeddable":true,"href":"http:\/\/blog.inmontanis.info\/index.php?rest_route=%2Fwp%2Fv2%2Fcategories&post=6575"},{"taxonomy":"post_tag","embeddable":true,"href":"http:\/\/blog.inmontanis.info\/index.php?rest_route=%2Fwp%2Fv2%2Ftags&post=6575"}],"curies":[{"name":"wp","href":"https:\/\/api.w.org\/{rel}","templated":true}]}}