{"id":6572,"date":"2021-02-18T18:12:18","date_gmt":"2021-02-18T17:12:18","guid":{"rendered":"http:\/\/blog.inmontanis.info\/?p=6572"},"modified":"2023-08-05T13:32:33","modified_gmt":"2023-08-05T11:32:33","slug":"arvidsjaur-vittjakk-skitour-17-2-2021","status":"publish","type":"post","link":"http:\/\/blog.inmontanis.info\/?p=6572","title":{"rendered":"Arvidsjaur &#8211; Vittj\u00e5kk \/ Skitour, 17.2.2021"},"content":{"rendered":"<p><strong>17.2.2021<\/strong><\/p>\n<p>Nach Mittag fuhr ich ins Skigebiet Vittj\u00e5kk in der N\u00e4he von Arvidsjaur, wo ich 2017 im Mai schon mal eine Skitour gemacht hab &#8211; damals am Doppel-SL, heute wollte ich zum Kurven-SL aufsteigen.<\/p>\n<p>Wie schon bei den letzten Touren, nahm ich wieder nur das Handy mit &#8211; h\u00e4tte bei dem tollen Anblick aber doch besser die richtige Cam mitschleppen sollen. So viel Aufstieg w\u00e4r&#8217;s ja nicht gewesen. <\/p>\n<p>Das Skigebiet Vittj\u00e5kk ist leider nach wie vor geschlossen, vor ein paar Jahren hat man nach einem K\u00e4ufer gesucht, die Website mit einem auch in Deutsch runterladbaren Verkaufsprospekt ist nach wie vor online, man d\u00fcrfte rechts vom Kurven-SL am Gipfel sogar noch einen kurzen, steilen Lift bauen:<\/p>\n<p><a href='https:\/\/arvidsjaur.se\/sv\/boende\/Hyra-eller-kopa-bostad\/Kommunen-saljer\/vittjakk-skidanlaggning-saljs\/'>https:\/\/arvidsjaur.se\/sv\/boende\/Hyra-eller-kopa-bostad\/Kommunen-saljer\/vittjakk-skidanlaggning-saljs\/<\/a><\/p>\n<p>Hier noch ein Pistenplan:<\/p>\n<p><a href='https:\/\/www.freeride.se\/img\/resort\/skimap\/large\/169.jpg'>https:\/\/www.freeride.se\/img\/resort\/skimap\/large\/169.jpg<\/a><\/p>\n<p>Ja, der Skiclub hat aufgrund der steileren H\u00e4nge am Pr\u00e4stberget mehr, auch liegt das direkt am Stadtrand und nicht ein paar km entfernt, aber landschaftlich ist Vittj\u00e5kk schon wesentlich sch\u00f6ner.<\/p>\n<p><a href='http:\/\/extra.inmontanis.info\/d\/61413-2\/DSC04682.jpg'><img src=http:\/\/extra.inmontanis.info\/d\/61412-3\/DSC04682.jpg \/><\/a><br \/>\n^ Nein, -22\u00b0 mittags am Auto schocken mich nicht mehr ;-)<\/p>\n<p><a href='http:\/\/ski.inmontanis.info\/d\/286086-2\/DSC04684.jpg'><img src=http:\/\/ski.inmontanis.info\/d\/286085-3\/DSC04684.jpg \/><\/a><br \/>\n^ Zufahrt ins Skigebiet Vittj\u00e5kk<\/p>\n<p><a href='http:\/\/ski.inmontanis.info\/d\/286090-2\/DSC04687.jpg'><img src=http:\/\/ski.inmontanis.info\/d\/286089-3\/DSC04687.jpg \/><\/a><br \/>\n^ Talstation Kurvenlift, leider sind hier keine Parkpl\u00e4tze bzw. kein f\u00fcr Autos ger\u00e4umter Platz, sind lauter Schneemobilspuren, auch die Wegweiser sind f\u00fcr Schneemobile (60km, 90km, da legen wohl einige ganz sch\u00f6n weite Strecken zur\u00fcck)<\/p>\n<p><a href='http:\/\/ski.inmontanis.info\/d\/286094-2\/DSC04690.jpg'><img src=http:\/\/ski.inmontanis.info\/d\/286093-3\/DSC04690.jpg \/><\/a><br \/>\n^ Kurvenlift<\/p>\n<p><a href='http:\/\/ski.inmontanis.info\/d\/286098-2\/DSC04694.jpg'><img src=http:\/\/ski.inmontanis.info\/d\/286097-3\/DSC04694.jpg \/><\/a><br \/>\n^ Kurvenlift mit Autostra\u00dfe darunter<\/p>\n<p><a href='http:\/\/ski.inmontanis.info\/d\/286102-2\/DSC04697.jpg'><img src=http:\/\/ski.inmontanis.info\/d\/286101-3\/DSC04697.jpg \/><\/a><br \/>\n^ Kurvenlift unterer Teil<\/p>\n<p><a href='http:\/\/ski.inmontanis.info\/d\/286106-2\/DSC04700.jpg'><img src=http:\/\/ski.inmontanis.info\/d\/286105-3\/DSC04700.jpg \/><\/a><br \/>\n^ Doppel-SL<\/p>\n<p><a href='http:\/\/ski.inmontanis.info\/d\/286110-2\/DSC04701.jpg'><img src=http:\/\/ski.inmontanis.info\/d\/286109-3\/DSC04701.jpg \/><\/a><br \/>\n^ Abfahrten vom Doppel-SL runter zum Kurven-SL<\/p>\n<p><a href='http:\/\/ski.inmontanis.info\/d\/286114-2\/DSC04702.jpg'><img src=http:\/\/ski.inmontanis.info\/d\/286113-3\/DSC04702.jpg \/><\/a><br \/>\n^ Parkplatz<\/p>\n<p><a href='http:\/\/ski.inmontanis.info\/d\/286118-2\/ge20210217a.jpg'><img src=http:\/\/ski.inmontanis.info\/d\/286117-3\/ge20210217a.jpg \/><\/a><br \/>\n^ T\u00fcrkis meine vorherige Skitour am Doppel-SL am 22.5.2017, Gelb die heutige Skitour 17.2.2021 am Kurven-SL<\/p>\n<p><a href='http:\/\/ski.inmontanis.info\/d\/286122-2\/IMG_20210217_130707.jpg'><img src=http:\/\/ski.inmontanis.info\/d\/286121-3\/IMG_20210217_130707.jpg \/><\/a><br \/>\n^ Vom Parkplatz ging ich gleich mal querfeldein zum Kurvenlift, m\u00f6glichst ohne unter einem Baum zu versinken<\/p>\n<p><a href='http:\/\/ski.inmontanis.info\/d\/286126-2\/IMG_20210217_130852.jpg'><img src=http:\/\/ski.inmontanis.info\/d\/286125-3\/IMG_20210217_130852.jpg \/><\/a><br \/>\n^ Kurvenlift<\/p>\n<p><a href='http:\/\/ski.inmontanis.info\/d\/286130-2\/IMG_20210217_131155.jpg'><img src=http:\/\/ski.inmontanis.info\/d\/286129-3\/IMG_20210217_131155.jpg \/><\/a><br \/>\n^ Neben Kurvenlift- Abfahrt<\/p>\n<p><a href='http:\/\/ski.inmontanis.info\/d\/286134-2\/IMG_20210217_131323.jpg'><img src=http:\/\/ski.inmontanis.info\/d\/286133-3\/IMG_20210217_131323.jpg \/><\/a><br \/>\n^ Kurvenlift-Abfahrt<\/p>\n<p><a href='http:\/\/ski.inmontanis.info\/d\/286138-2\/IMG_20210217_131326.jpg'><img src=http:\/\/ski.inmontanis.info\/d\/286137-3\/IMG_20210217_131326.jpg \/><\/a><br \/>\n^ Kurvenlift-Abfahrt<\/p>\n<p><a href='http:\/\/ski.inmontanis.info\/d\/286142-2\/IMG_20210217_131817.jpg'><img src=http:\/\/ski.inmontanis.info\/d\/286141-3\/IMG_20210217_131817.jpg \/><\/a><br \/>\n^ In der Lifttrasse<\/p>\n<p><a href='http:\/\/ski.inmontanis.info\/d\/286146-2\/IMG_20210217_131820.jpg'><img src=http:\/\/ski.inmontanis.info\/d\/286145-3\/IMG_20210217_131820.jpg \/><\/a><br \/>\n^ Kurvenlifttrasse<\/p>\n<p><a href='http:\/\/ski.inmontanis.info\/d\/286150-2\/IMG_20210217_132227.jpg'><img src=http:\/\/ski.inmontanis.info\/d\/286149-3\/IMG_20210217_132227.jpg \/><\/a><br \/>\n^ Die Kurve ist fast erreicht<\/p>\n<p><a href='http:\/\/ski.inmontanis.info\/d\/286154-2\/IMG_20210217_132412.jpg'><img src=http:\/\/ski.inmontanis.info\/d\/286153-3\/IMG_20210217_132412.jpg \/><\/a><br \/>\n^ Kurvenliftkurve<\/p>\n<p><a href='http:\/\/ski.inmontanis.info\/d\/286158-2\/IMG_20210217_132547.jpg'><img src=http:\/\/ski.inmontanis.info\/d\/286157-3\/IMG_20210217_132547.jpg \/><\/a><br \/>\n^ Kurvenliftpano<\/p>\n<p><a href='http:\/\/ski.inmontanis.info\/d\/286162-2\/IMG_20210217_132549.jpg'><img src=http:\/\/ski.inmontanis.info\/d\/286161-3\/IMG_20210217_132549.jpg \/><\/a><br \/>\n^ Kurvenliftkurvenst\u00fctze :)<\/p>\n<p><a href='http:\/\/ski.inmontanis.info\/d\/286166-2\/IMG_20210217_132635.jpg'><img src=http:\/\/ski.inmontanis.info\/d\/286165-3\/IMG_20210217_132635.jpg \/><\/a><br \/>\n^ Sch\u00f6n verkrustet alles<\/p>\n<p><a href='http:\/\/ski.inmontanis.info\/d\/286170-2\/IMG_20210217_132810.jpg'><img src=http:\/\/ski.inmontanis.info\/d\/286169-3\/IMG_20210217_132810.jpg \/><\/a><br \/>\n^ Im unteren Bereich sind die St\u00fctzen noch nicht von allen Seiten verkrustet, weiter oben dann schon<\/p>\n<p><a href='http:\/\/ski.inmontanis.info\/d\/286174-2\/IMG_20210217_133028.jpg'><img src=http:\/\/ski.inmontanis.info\/d\/286173-3\/IMG_20210217_133028.jpg \/><\/a><br \/>\n^ Kurvenlift, es folgt ein Flachst\u00fcck und dann ein mir mit den Tourenski etwas zu steiles St\u00fcck, um es direkt zu gehen.<\/p>\n<p><a href='http:\/\/ski.inmontanis.info\/d\/286178-2\/IMG_20210217_133729.jpg'><img src=http:\/\/ski.inmontanis.info\/d\/286177-3\/IMG_20210217_133729.jpg \/><\/a><br \/>\n^ Hier im Flachst\u00fcck gibts ein paar interessante, verschneite B\u00e4ume<\/p>\n<p><a href='http:\/\/ski.inmontanis.info\/d\/286182-2\/IMG_20210217_133734.jpg'><img src=http:\/\/ski.inmontanis.info\/d\/286181-3\/IMG_20210217_133734.jpg \/><\/a><br \/>\n^ Verkrustet-verschneite B\u00e4ume<\/p>\n<p><a href='http:\/\/ski.inmontanis.info\/d\/286186-2\/IMG_20210217_134001.jpg'><img src=http:\/\/ski.inmontanis.info\/d\/286185-3\/IMG_20210217_134001.jpg \/><\/a><br \/>\n^ Kurvenlift-Steilhang<\/p>\n<p><a href='http:\/\/ski.inmontanis.info\/d\/286190-2\/IMG_20210217_134241.jpg'><img src=http:\/\/ski.inmontanis.info\/d\/286189-3\/IMG_20210217_134241.jpg \/><\/a><br \/>\n^ Kurvenlift-Talblick<\/p>\n<p><a href='http:\/\/ski.inmontanis.info\/d\/286194-2\/IMG_20210217_135145.jpg'><img src=http:\/\/ski.inmontanis.info\/d\/286193-3\/IMG_20210217_135145.jpg \/><\/a><br \/>\n^ Hier weiter oben dann die St\u00fctzen komplett verkrustet<\/p>\n<p><a href='http:\/\/ski.inmontanis.info\/d\/286198-2\/IMG_20210217_135147.jpg'><img src=http:\/\/ski.inmontanis.info\/d\/286197-3\/IMG_20210217_135147.jpg \/><\/a><br \/>\n^ Abfahrt<\/p>\n<p><a href='http:\/\/ski.inmontanis.info\/d\/286202-2\/IMG_20210217_135204.jpg'><img src=http:\/\/ski.inmontanis.info\/d\/286201-3\/IMG_20210217_135204.jpg \/><\/a><br \/>\n^ Verkrustete Kurvenliftst\u00fctze<\/p>\n<p><a href='http:\/\/ski.inmontanis.info\/d\/286206-2\/IMG_20210217_135239.jpg'><img src=http:\/\/ski.inmontanis.info\/d\/286205-3\/IMG_20210217_135239.jpg \/><\/a><br \/>\n^ Verkrustete Kurvenliftst\u00fctze mit weitem Pano<\/p>\n<p><a href='http:\/\/ski.inmontanis.info\/d\/286210-2\/IMG_20210217_135333.jpg'><img src=http:\/\/ski.inmontanis.info\/d\/286209-3\/IMG_20210217_135333.jpg \/><\/a><br \/>\n^ Verkrustete Kurvenliftst\u00fctzen<\/p>\n<p><a href='http:\/\/ski.inmontanis.info\/d\/286214-2\/IMG_20210217_135401.jpg'><img src=http:\/\/ski.inmontanis.info\/d\/286213-3\/IMG_20210217_135401.jpg \/><\/a><br \/>\n^ Bergstation Kurvenlift mit Weitblick<\/p>\n<p><a href='http:\/\/ski.inmontanis.info\/d\/286218-2\/IMG_20210217_135505.jpg'><img src=http:\/\/ski.inmontanis.info\/d\/286217-3\/IMG_20210217_135505.jpg \/><\/a><br \/>\n^ Verkrustete Kurvenliftst\u00fctzen mit Weitblick<\/p>\n<p><a href='http:\/\/ski.inmontanis.info\/d\/286222-2\/IMG_20210217_135521.jpg'><img src=http:\/\/ski.inmontanis.info\/d\/286221-3\/IMG_20210217_135521.jpg \/><\/a><br \/>\n^ 150hm Aufstieg, 750hm Endh\u00f6he und trotzdem Top-of-the-world-feeling, so mag ich das ;-) <\/p>\n<p><a href='http:\/\/ski.inmontanis.info\/d\/286226-2\/IMG_20210217_135534.jpg'><img src=http:\/\/ski.inmontanis.info\/d\/286225-3\/IMG_20210217_135534.jpg \/><\/a><br \/>\n^ Gipfelpano<\/p>\n<p><a href='http:\/\/ski.inmontanis.info\/d\/286230-2\/IMG_20210217_135556.jpg'><img src=http:\/\/ski.inmontanis.info\/d\/286229-3\/IMG_20210217_135556.jpg \/><\/a><br \/>\n^ SL-Bergstation<\/p>\n<p><a href='http:\/\/ski.inmontanis.info\/d\/286234-2\/IMG_20210217_135654.jpg'><img src=http:\/\/ski.inmontanis.info\/d\/286233-3\/IMG_20210217_135654.jpg \/><\/a><br \/>\n^ Gipfelpano<\/p>\n<p><a href='http:\/\/ski.inmontanis.info\/d\/286238-2\/IMG_20210217_135706.jpg'><img src=http:\/\/ski.inmontanis.info\/d\/286237-3\/IMG_20210217_135706.jpg \/><\/a><br \/>\n^ Kurvenlift<\/p>\n<p><a href='http:\/\/ski.inmontanis.info\/d\/286242-2\/IMG_20210217_135723.jpg'><img src=http:\/\/ski.inmontanis.info\/d\/286241-3\/IMG_20210217_135723.jpg \/><\/a><br \/>\n^ Verkrustete Bergstation<\/p>\n<p><a href='http:\/\/ski.inmontanis.info\/d\/286246-2\/IMG_20210217_135806.jpg'><img src=http:\/\/ski.inmontanis.info\/d\/286245-3\/IMG_20210217_135806.jpg \/><\/a><br \/>\n^ Verkrustete Bergstation<\/p>\n<p><a href='http:\/\/ski.inmontanis.info\/d\/286250-2\/IMG_20210217_135843.jpg'><img src=http:\/\/ski.inmontanis.info\/d\/286249-3\/IMG_20210217_135843.jpg \/><\/a><br \/>\n^ Verkrustete Bergstation<\/p>\n<p><a href='http:\/\/ski.inmontanis.info\/d\/286254-2\/IMG_20210217_140542.jpg'><img src=http:\/\/ski.inmontanis.info\/d\/286253-3\/IMG_20210217_140542.jpg \/><\/a><br \/>\n^ Verkrustete Bergstation, jetzt aber genug Bilder davon. Doch schade, dass ich die richtige Cam nicht dabei hatte, nur das Handy&#8230;<\/p>\n<p><a href='http:\/\/ski.inmontanis.info\/d\/286258-2\/IMG_20210217_141355.jpg'><img src=http:\/\/ski.inmontanis.info\/d\/286257-3\/IMG_20210217_141355.jpg \/><\/a><br \/>\n^ Blick r\u00fcber zum Doppel-SL. Dass die SL hier zwei Gipfel erschlie\u00dfen, w\u00fcrde das Skigebiet nat\u00fcrlich interessanter machen, wenn es denn wieder ge\u00f6ffnet w\u00e4re.<\/p>\n<p><a href='http:\/\/ski.inmontanis.info\/d\/286262-2\/IMG_20210217_141449.jpg'><img src=http:\/\/ski.inmontanis.info\/d\/286261-3\/IMG_20210217_141449.jpg \/><\/a><br \/>\n^ Abfahrten Kurvenlift. Dann doch eher flach, insb. im Vgl. zum anderen Skigebiet in Arvidsjaur<\/p>\n<p><a href='http:\/\/ski.inmontanis.info\/d\/286266-2\/IMG_20210217_141610.jpg'><img src=http:\/\/ski.inmontanis.info\/d\/286265-3\/IMG_20210217_141610.jpg \/><\/a><br \/>\n^ .. aber die Landschaft ist hier wesentlich sch\u00f6ner<\/p>\n<p><a href='http:\/\/ski.inmontanis.info\/d\/286270-2\/IMG_20210217_141722.jpg'><img src=http:\/\/ski.inmontanis.info\/d\/286269-3\/IMG_20210217_141722.jpg \/><\/a><br \/>\n^ Kurvenlift<\/p>\n<p><a href='http:\/\/ski.inmontanis.info\/d\/286274-2\/IMG_20210217_141911.jpg'><img src=http:\/\/ski.inmontanis.info\/d\/286273-3\/IMG_20210217_141911.jpg \/><\/a><br \/>\n^ Kurvenlift<\/p>\n<p><a href='http:\/\/ski.inmontanis.info\/d\/286278-2\/IMG_20210217_142456.jpg'><img src=http:\/\/ski.inmontanis.info\/d\/286277-3\/IMG_20210217_142456.jpg \/><\/a><br \/>\n^ Doppel-SL<\/p>\n<p><a href='http:\/\/ski.inmontanis.info\/d\/286282-2\/IMG_20210217_142502.jpg'><img src=http:\/\/ski.inmontanis.info\/d\/286281-3\/IMG_20210217_142502.jpg \/><\/a><br \/>\n^ Doppel-SL<\/p>\n<p>Noch erg\u00e4nzend ein paar der Fotos aus dem 2017er Bericht:<\/p>\n<p><a href='http:\/\/ski.inmontanis.info\/d\/233443-3\/DSC07114.jpg'><img src=http:\/\/ski.inmontanis.info\/d\/233442-4\/DSC07114.jpg \/><\/a><br \/>\n^ 22.5.2017<\/p>\n<p><a href='http:\/\/ski.inmontanis.info\/d\/233483-3\/DSC07135.jpg'><img src=http:\/\/ski.inmontanis.info\/d\/233482-4\/DSC07135.jpg \/><\/a><br \/>\n^ 22.5.2017<\/p>\n<p><a href='http:\/\/ski.inmontanis.info\/d\/233459-3\/DSC07119.jpg'><img src=http:\/\/ski.inmontanis.info\/d\/233458-4\/DSC07119.jpg \/><\/a><br \/>\n^ 22.5.2017<\/p>\n<p><a href='http:\/\/ski.inmontanis.info\/d\/233491-3\/DSC07140.jpg'><img src=http:\/\/ski.inmontanis.info\/d\/233490-4\/DSC07140.jpg \/><\/a><br \/>\n^ 22.5.2017<\/p>\n<p>Danach noch zum Einkaufen in den ICA-Supermarkt. Nachdem ich vor ein paar Tage in Sorsele im Coop verarscht wurde, wurde ich heute in Arvidsjaur von ICA verarscht: Es geht um die ausgeh\u00e4ngten Angebote an den Regalen. ICA heute gleich 2x, wo es lt. Aushang-Angebot h\u00e4tte g\u00fcnstiger sein sollen. So viel kann man ja eigentlich nicht falsch verstehen, wenn man mehrmals auf den Namen schaut?!<\/p>\n<p><strong>18.2.2021<\/strong><\/p>\n<p>Heute h\u00e4tte ich die beim Nachtskifahren nicht gefahrene ehemalige ganz rechte Abfahrt am Pr\u00e4stberget per Skitour fahren wollen, aber auch um 14.15 schneite es nach wie vor leicht, ohne dass ein etwas sch\u00f6neres Wetter in Sicht gewesen w\u00e4re. Noch entscheidener war, dass die Abfahrt nicht mehr wirklich angenehm fahrbar aussah, steil und stark verwachsen. Ne, das lohnte sich nicht wirklich, daf\u00fcr die Anstrengungen des Aufstiegs in Kauf zu nehmen, nur um den Tag als Skitag verbuchen zu k\u00f6nnen?! Gestern, ja, gestern war das was anderes..<\/p>\n","protected":false},"excerpt":{"rendered":"<p>17.2.2021<\/p>\n<p>Nach Mittag fuhr ich ins Skigebiet Vittj\u00e5kk in der N\u00e4he von Arvidsjaur, wo ich 2017 im Mai schon mal eine Skitour gemacht hab &#8211; damals am Doppel-SL, heute wollte ich zum Kurven-SL aufsteigen.<\/p>\n<p>Wie schon bei den letzten Touren, nahm ich wieder nur das Handy mit &#8211; h\u00e4tte bei dem tollen Anblick aber doch <a href=\"http:\/\/blog.inmontanis.info\/?p=6572\">[&#8230;]<\/a><\/p>\n","protected":false},"author":1,"featured_media":0,"comment_status":"closed","ping_status":"closed","sticky":false,"template":"","format":"standard","meta":{"footnotes":""},"categories":[184,693,19,27,29],"tags":[47],"class_list":["post-6572","post","type-post","status-publish","format-standard","hentry","category-2021-01-skandinavien","category-arvidsjaur","category-schwedensweden","category-skifahren-winterskiing-winter","category-skitourenwalk-ski","tag-sl","odd"],"_links":{"self":[{"href":"http:\/\/blog.inmontanis.info\/index.php?rest_route=\/wp\/v2\/posts\/6572","targetHints":{"allow":["GET"]}}],"collection":[{"href":"http:\/\/blog.inmontanis.info\/index.php?rest_route=\/wp\/v2\/posts"}],"about":[{"href":"http:\/\/blog.inmontanis.info\/index.php?rest_route=\/wp\/v2\/types\/post"}],"author":[{"embeddable":true,"href":"http:\/\/blog.inmontanis.info\/index.php?rest_route=\/wp\/v2\/users\/1"}],"replies":[{"embeddable":true,"href":"http:\/\/blog.inmontanis.info\/index.php?rest_route=%2Fwp%2Fv2%2Fcomments&post=6572"}],"version-history":[{"count":2,"href":"http:\/\/blog.inmontanis.info\/index.php?rest_route=\/wp\/v2\/posts\/6572\/revisions"}],"predecessor-version":[{"id":6574,"href":"http:\/\/blog.inmontanis.info\/index.php?rest_route=\/wp\/v2\/posts\/6572\/revisions\/6574"}],"wp:attachment":[{"href":"http:\/\/blog.inmontanis.info\/index.php?rest_route=%2Fwp%2Fv2%2Fmedia&parent=6572"}],"wp:term":[{"taxonomy":"category","embeddable":true,"href":"http:\/\/blog.inmontanis.info\/index.php?rest_route=%2Fwp%2Fv2%2Fcategories&post=6572"},{"taxonomy":"post_tag","embeddable":true,"href":"http:\/\/blog.inmontanis.info\/index.php?rest_route=%2Fwp%2Fv2%2Ftags&post=6572"}],"curies":[{"name":"wp","href":"https:\/\/api.w.org\/{rel}","templated":true}]}}