{"id":6565,"date":"2021-02-16T17:23:14","date_gmt":"2021-02-16T16:23:14","guid":{"rendered":"http:\/\/blog.inmontanis.info\/?p=6565"},"modified":"2023-08-05T13:32:37","modified_gmt":"2023-08-05T11:32:37","slug":"arvidsjauer-prastberget-nachtski-16-2-2021","status":"publish","type":"post","link":"http:\/\/blog.inmontanis.info\/?p=6565","title":{"rendered":"Arvidsjaur \/ Pr\u00e4stberget (Nachtski), 16.2.2021"},"content":{"rendered":"<p><strong>15.2.2021<\/strong><\/p>\n<p>Eh klar, das WE h\u00e4tte sonnig sein sollen, war es nicht, also wird der Montag &#8211; wie letzte Woche wieder &#8211; f\u00fcr mich diesmal noch sinnloserweise &#8211; sehr sonnig &#8230; <\/p>\n<p><a href='http:\/\/extra.inmontanis.info\/d\/61393-2\/DSC04579.jpg'><img src=http:\/\/extra.inmontanis.info\/d\/61392-3\/DSC04579.jpg \/><\/a><br \/>\n^ Es h\u00e4tte zwar etwas Nordlichtaktivit\u00e4t gegeben, aber die Stra\u00dfenbeleuchtung war sehr hell und so spiegelte alles in den Fenstern (4sek.)<\/p>\n<p><a href='http:\/\/extra.inmontanis.info\/d\/61397-2\/DSC04584.jpg'><img src=http:\/\/extra.inmontanis.info\/d\/61396-3\/DSC04584.jpg \/><\/a><br \/>\n^ Fensteraussicht in die andere Himmelsrichtung<\/p>\n<p><strong>16.2.2021<\/strong><\/p>\n<p>Auch heute wieder sehr sonnig, ohne es wirklich brauchen zu k\u00f6nnen :( <\/p>\n<p>Gegen Mittag versuchte ich mal in der Werkstatt anzurufen, nahm aber mehrmals keiner ab zwischen 11:20 und 13:05 Uhr, dann folgte ein R\u00fcckruf, wo der mir sagte, er h\u00e4tte mir eine Nummer per SMS gesendet. Ja, es war dann die andere, die ich auch im Internet gesehen h\u00e4tte, aber der Abschlepper letzten Samstag gab mir eben seine ..<\/p>\n<p>Als ich dann vor Ort war (ca. halbe Stunde Fu\u00dfweg, gut, dass es nicht so kalt war), hat mir derjenige 2 Sachen erz\u00e4hlt, einmal dass das Auto am Platz nicht gestartet sei, einmal dass es anscheinend \u00fcber Nacht in der Werkstatt innen stand und er nach dem Hochheben nur mit den Schraubenzieher an den Starter oder zwischen Starter und Motor oder so hielt und das Auto danach stets gestartet sei ..<\/p>\n<p>.. hei\u00dft also, es wurde nichts repariert. Der Starter selbst sei aber nicht wieder locker gewesen. K\u00f6nnte mich also weiterhin auf der restlichen Reise besch\u00e4ftigen, das Thema :(<\/p>\n<p>Ich musste 1h = ca. 60,- \u20ac inkl. Mwst zahlen (g\u00fcnstig, wenn wirklich der Stundentarif), zahlte danach das B&#038;B hier in Sorsele und fuhr nach Arvidsjaur.<\/p>\n<p><a href='http:\/\/extra.inmontanis.info\/d\/61401-2\/DSC04596.jpg'><img src=http:\/\/extra.inmontanis.info\/d\/61400-3\/DSC04596.jpg \/><\/a><br \/>\n^ Sorsele-Arvidsjaur<\/p>\n<p>Im Hostel in Arvidsjaur angekommen bekam ich ein recht eigenartiges Zimmer um ca. 40,- \/ Nacht und ja bis Samstag gebucht; evtl. waren das mal 2 Zimmer, evtl. aber auch anderweitig in Verwendung gewesen, da zwischen den beiden Zimmerteilen ein Gang ist, an dessen Ende jeweils eine T\u00fcr ist, die zu anderen G\u00e4ngen f\u00fchren, die mittlerweile auch von zwei anderen Zimmern in Verwendung sind &#8230;<\/p>\n<p><a href='http:\/\/extra.inmontanis.info\/d\/61405-2\/DSC04598.jpg'><img src=http:\/\/extra.inmontanis.info\/d\/61404-3\/DSC04598.jpg \/><\/a><br \/>\n^ Hostelzimmer in Arvidsjaur, leider fensterlos im Untergeschoss<\/p>\n<p><a href='http:\/\/extra.inmontanis.info\/d\/61409-2\/DSC04599.jpg'><img src=http:\/\/extra.inmontanis.info\/d\/61408-3\/DSC04599.jpg \/><\/a><br \/>\n^ Hostelzimmer in Arvidsjaur, leider fensterlos im Untergeschoss<\/p>\n<p>Leider ist das Zimmer im Untergeschoss ohne auch nur ein Fenster. Na dann bin ich ja fast froh, dass ich die letzten 2 N\u00e4chte nicht schon hier war. Immerhin musste ich auch die letzten beiden nicht bezahlen, was ja nicht so selbstverst\u00e4ndlich ist, wenn man wo reserviert und zu sp\u00e4t kommt.<\/p>\n<p>Noch nerviger aber die Wettervorhersagen f\u00fcr n\u00e4chstes WE f\u00fcr die Skigebiete, die ich hier gerne fahren wollte &#8211; Galtis und dann zur\u00fcck Nalovardo, dass ich letztes WE auslassen musste: Derzeit jeweils starker Schneefall f\u00fcr SA und SO gemeldet :(<\/p>\n<p>Dann also wenigstens heute mal noch Nachtskifahren bei klarem Himmel, mit -18\u00b0 gerade noch \u00fcber\/unter* der K\u00e4ltegrenze von -21\u00b0 hier. <\/p>\n<p><em>*) Sprachlich ist diese Aussage im Deutschen ein bisschen problematisch, weil mathematisch -18 gr\u00f6\u00dfer (=\u00fcber) -21 ist, vielfach aber eine mathematisch niedrigere Minustemperatur als h\u00f6her angesehen wird, zudem die Zahl ja absolut betrachtet unterhalb des Grenzwertes ist&#8230;<\/em><\/p>\n<p>Die Abendkarte kostete ca. 10,- \u20ac und es war ziemlich voll, aber au\u00dfer mir nur Kids, denn die Eltern warteten zumeist in ihren laufenden Autos mit eingeschaltetem Scheinwerfer.<\/p>\n<p>Da es keinerlei Ansteh-Kanalisierung gab, war es manchmal recht chaotisch samt vordr\u00e4ngelnder Kids und anderen, wartetenden direkt am Einstieg. Um 19 Uhr bin ich daher zum Gipfel aufgestiegen und freute mich auf die ruhige Skitour morgen im derzeit stillgelegten, zweiten Skigebiet hier in der N\u00e4he. Oben am Berg war&#8217;s heute Nacht wie h\u00e4ufig etwas w\u00e4rmer als unten im Tal. Leider um die Uhrzeit ohne Nordlichtaktivit\u00e4t.<\/p>\n<p>Um 20:10 stand der Lift f\u00fcr ca. 10 Minuten und der Liftler musste zur Bergstation fahren. Danach durften wir alle aber nur noch 1x rauffahren, ich fuhr n\u00e4mlich schnell runter, um nochmals rauf zu k\u00f6nnen, aber um 20:25 war bereits abgesperrt (obwohl der Lift ja bis 20:30 h\u00e4tte fahren sollen). Als ich im Auto war, sah ich, dass es mittlerweile -21\u00b0 hatte, aber f\u00fcr 2h ist das ertr\u00e4glich. <\/p>\n<p><a href='http:\/\/ski.inmontanis.info\/d\/278655-3\/DSC08291.jpg'><img src=http:\/\/ski.inmontanis.info\/d\/278654-4\/DSC08291.jpg \/><\/a><br \/>\n^ Bild von Mai 2020<\/p>\n<p><a href='http:\/\/ski.inmontanis.info\/d\/285962-2\/DSC04604.jpg'><img src=http:\/\/ski.inmontanis.info\/d\/285961-3\/DSC04604.jpg \/><\/a><br \/>\n^ Blick ins Skibgebiet von Arvidsjaur mit seinen 3 beleuchtete Abfahrten. Man beachte auch die Mondsichel oben<\/p>\n<p><a href='http:\/\/ski.inmontanis.info\/d\/285966-2\/DSC04606.jpg'><img src=http:\/\/ski.inmontanis.info\/d\/285965-3\/DSC04606.jpg \/><\/a><br \/>\n^ Die rechten beiden Abfahrten links des SL und die unbeleuchtete SL-Trasse<\/p>\n<p><a href='http:\/\/ski.inmontanis.info\/d\/285970-2\/DSC04609.jpg'><img src=http:\/\/ski.inmontanis.info\/d\/285969-3\/DSC04609.jpg \/><\/a><br \/>\n^ Die SL-Trasse im mittleren\/oberen Bereich, war komplett unbeleuchtet und unten zu dunkel f\u00fcr Fotos<\/p>\n<p><a href='http:\/\/ski.inmontanis.info\/d\/285974-2\/DSC04612.jpg'><img src=http:\/\/ski.inmontanis.info\/d\/285973-3\/DSC04612.jpg \/><\/a><br \/>\n^ Bergstation \/ Ausstieg<\/p>\n<p><a href='http:\/\/ski.inmontanis.info\/d\/285978-2\/DSC04614.jpg'><img src=http:\/\/ski.inmontanis.info\/d\/285977-3\/DSC04614.jpg \/><\/a><br \/>\n^ Bergstation \/ Ausstieg<\/p>\n<p><a href='http:\/\/ski.inmontanis.info\/d\/285982-2\/DSC04616.jpg'><img src=http:\/\/ski.inmontanis.info\/d\/285981-3\/DSC04616.jpg \/><\/a><br \/>\n^ Start der rechten beiden Abfahrten und Blick auf das beleuchtete Arvidsjaur<\/p>\n<p><a href='http:\/\/ski.inmontanis.info\/d\/285986-2\/DSC04619.jpg'><img src=http:\/\/ski.inmontanis.info\/d\/285985-3\/DSC04619.jpg \/><\/a><br \/>\n^ Rechte Abfahrt<\/p>\n<p><a href='http:\/\/ski.inmontanis.info\/d\/285990-2\/DSC04622.jpg'><img src=http:\/\/ski.inmontanis.info\/d\/285989-3\/DSC04622.jpg \/><\/a><br \/>\n^ Bergstation \/ Ausstieg mit Mondsichel<\/p>\n<p><a href='http:\/\/ski.inmontanis.info\/d\/285994-2\/DSC04624.jpg'><img src=http:\/\/ski.inmontanis.info\/d\/285993-3\/DSC04624.jpg \/><\/a><br \/>\n^ Linke Abfahrt<\/p>\n<p><a href='http:\/\/ski.inmontanis.info\/d\/285998-2\/DSC04627.jpg'><img src=http:\/\/ski.inmontanis.info\/d\/285997-3\/DSC04627.jpg \/><\/a><br \/>\n^ Linke Abfahrt<\/p>\n<p><a href='http:\/\/ski.inmontanis.info\/d\/286002-2\/DSC04628.jpg'><img src=http:\/\/ski.inmontanis.info\/d\/286001-3\/DSC04628.jpg \/><\/a><br \/>\n^ Im Tal gefror die Luft und erzeugte nette Glitzereffekte durch die Beleuchtung<\/p>\n<p><a href='http:\/\/ski.inmontanis.info\/d\/286006-2\/DSC04630.jpg'><img src=http:\/\/ski.inmontanis.info\/d\/286005-3\/DSC04630.jpg \/><\/a><br \/>\n^ Mittlere Abfahrt<\/p>\n<p><a href='http:\/\/ski.inmontanis.info\/d\/286010-2\/DSC04634.jpg'><img src=http:\/\/ski.inmontanis.info\/d\/286009-3\/DSC04634.jpg \/><\/a><br \/>\n^ Im Tal gefror die Luft und erzeugte nette Glitzereffekte durch die Beleuchtung<\/p>\n<p><a href='http:\/\/ski.inmontanis.info\/d\/286014-2\/DSC04635.jpg'><img src=http:\/\/ski.inmontanis.info\/d\/286013-3\/DSC04635.jpg \/><\/a><br \/>\n^ Teils etwas chaotischer Anstehbereich<\/p>\n<p><a href='http:\/\/ski.inmontanis.info\/d\/286018-2\/DSC04637.jpg'><img src=http:\/\/ski.inmontanis.info\/d\/286017-3\/DSC04637.jpg \/><\/a><br \/>\n^ In dem Offpistebereich k\u00f6nnte man tags\u00fcber wohl Spa\u00df haben, aber in der Nacht doch etwas zu dunkel<\/p>\n<p><a href='http:\/\/ski.inmontanis.info\/d\/286022-2\/DSC04640.jpg'><img src=http:\/\/ski.inmontanis.info\/d\/286021-3\/DSC04640.jpg \/><\/a><br \/>\n^ Start der rechten Abfahrt(en)<\/p>\n<p><a href='http:\/\/ski.inmontanis.info\/d\/286026-2\/DSC04641.jpg'><img src=http:\/\/ski.inmontanis.info\/d\/286025-3\/DSC04641.jpg \/><\/a><br \/>\n^ Rechte Abfahrt unterer Teil \/ Talbereich<\/p>\n<p><a href='http:\/\/ski.inmontanis.info\/d\/286030-2\/DSC04642.jpg'><img src=http:\/\/ski.inmontanis.info\/d\/286029-3\/DSC04642.jpg \/><\/a><br \/>\n^ Aufstieg zum Gipfel<\/p>\n<p><a href='http:\/\/ski.inmontanis.info\/d\/286034-2\/DSC04643.jpg'><img src=http:\/\/ski.inmontanis.info\/d\/286033-3\/DSC04643.jpg \/><\/a><br \/>\n^ SL-Ausstieg und Aufstieg<\/p>\n<p><a href='http:\/\/ski.inmontanis.info\/d\/286038-2\/DSC04646.jpg'><img src=http:\/\/ski.inmontanis.info\/d\/286037-3\/DSC04646.jpg \/><\/a><br \/>\n^ Sendemasten<\/p>\n<p><a href='http:\/\/ski.inmontanis.info\/d\/286042-2\/DSC04650.jpg'><img src=http:\/\/ski.inmontanis.info\/d\/286041-3\/DSC04650.jpg \/><\/a><br \/>\n^ Sendemasten<\/p>\n<p><a href='http:\/\/ski.inmontanis.info\/d\/286046-2\/DSC04654.jpg'><img src=http:\/\/ski.inmontanis.info\/d\/286045-3\/DSC04654.jpg \/><\/a><br \/>\n^ Sendemasten mit Sicherungsseilen<\/p>\n<p><a href='http:\/\/ski.inmontanis.info\/d\/286050-2\/DSC04661.jpg'><img src=http:\/\/ski.inmontanis.info\/d\/286049-3\/DSC04661.jpg \/><\/a><br \/>\n^ Ein ganz leichter Schleiher Gr\u00fcn ist hier sogar sichtbar, aber halt leider zu schwach f\u00fcr brauchbare Nordlichtfotos.<\/p>\n<p><a href='http:\/\/ski.inmontanis.info\/d\/286054-2\/DSC04666.jpg'><img src=http:\/\/ski.inmontanis.info\/d\/286053-3\/DSC04666.jpg \/><\/a><br \/>\n^ Gipfel erreicht<\/p>\n<p><a href='http:\/\/ski.inmontanis.info\/d\/286058-2\/DSC04669.jpg'><img src=http:\/\/ski.inmontanis.info\/d\/286057-3\/DSC04669.jpg \/><\/a><br \/>\n^ Blick ins Tal, da bildet sich Nebel<\/p>\n<p><a href='http:\/\/ski.inmontanis.info\/d\/286062-2\/DSC04672.jpg'><img src=http:\/\/ski.inmontanis.info\/d\/286061-3\/DSC04672.jpg \/><\/a><br \/>\n^ Blick ins Tal, da bildet sich Nebel<\/p>\n<p><a href='http:\/\/ski.inmontanis.info\/d\/286066-2\/DSC04674.jpg'><img src=http:\/\/ski.inmontanis.info\/d\/286065-3\/DSC04674.jpg \/><\/a><br \/>\n^ N\u00e4chtliches Arvidsjaur<\/p>\n<p><a href='http:\/\/ski.inmontanis.info\/d\/286070-2\/DSC04677.jpg'><img src=http:\/\/ski.inmontanis.info\/d\/286069-3\/DSC04677.jpg \/><\/a><br \/>\n^ Talstation<\/p>\n<p><a href='http:\/\/ski.inmontanis.info\/d\/286074-2\/DSC04678.jpg'><img src=http:\/\/ski.inmontanis.info\/d\/286073-3\/DSC04678.jpg \/><\/a><br \/>\n^ Talstation und unbeleuchtete SL-Trasse mit einseitiger Portalst\u00fctze<\/p>\n<p><a href='http:\/\/ski.inmontanis.info\/d\/286078-2\/DSC04681.jpg'><img src=http:\/\/ski.inmontanis.info\/d\/286077-3\/DSC04681.jpg \/><\/a><br \/>\n^ Skipass, konnte heute endlich mal wieder meine Armbinde brauchen ;)<\/p>\n<p><a href='http:\/\/ski.inmontanis.info\/d\/286082-2\/ge20210216a.jpg'><img src=http:\/\/ski.inmontanis.info\/d\/286081-3\/ge20210216a.jpg \/><\/a><br \/>\n^ GPS-Track 16.2.2021, die Abfahrt rechts vom SL ist aufgelassen und nur noch offpistem\u00e4\u00dfig zu fahren und w\u00e4re mit den ganzen Str\u00e4uchern in der Nacht ohne Stirnlampe nicht gut gegangen &#8211; evtl. mach ich die n\u00e4chsten Tage noch eine Skitour<\/p>\n","protected":false},"excerpt":{"rendered":"<p>15.2.2021<\/p>\n<p>Eh klar, das WE h\u00e4tte sonnig sein sollen, war es nicht, also wird der Montag &#8211; wie letzte Woche wieder &#8211; f\u00fcr mich diesmal noch sinnloserweise &#8211; sehr sonnig &#8230; <\/p>\n<p> ^ Es h\u00e4tte zwar etwas Nordlichtaktivit\u00e4t gegeben, aber die Stra\u00dfenbeleuchtung war sehr hell und so spiegelte alles in den Fenstern (4sek.)<\/p>\n<p> <a href=\"http:\/\/blog.inmontanis.info\/?p=6565\">[&#8230;]<\/a><\/p>\n","protected":false},"author":1,"featured_media":0,"comment_status":"closed","ping_status":"closed","sticky":false,"template":"","format":"standard","meta":{"footnotes":""},"categories":[184,693,19,27],"tags":[100,65,96,47],"class_list":["post-6565","post","type-post","status-publish","format-standard","hentry","category-2021-01-skandinavien","category-arvidsjaur","category-schwedensweden","category-skifahren-winterskiing-winter","tag-langzeitbelichtung","tag-nachtski","tag-polarlicht","tag-sl","odd"],"_links":{"self":[{"href":"http:\/\/blog.inmontanis.info\/index.php?rest_route=\/wp\/v2\/posts\/6565","targetHints":{"allow":["GET"]}}],"collection":[{"href":"http:\/\/blog.inmontanis.info\/index.php?rest_route=\/wp\/v2\/posts"}],"about":[{"href":"http:\/\/blog.inmontanis.info\/index.php?rest_route=\/wp\/v2\/types\/post"}],"author":[{"embeddable":true,"href":"http:\/\/blog.inmontanis.info\/index.php?rest_route=\/wp\/v2\/users\/1"}],"replies":[{"embeddable":true,"href":"http:\/\/blog.inmontanis.info\/index.php?rest_route=%2Fwp%2Fv2%2Fcomments&post=6565"}],"version-history":[{"count":6,"href":"http:\/\/blog.inmontanis.info\/index.php?rest_route=\/wp\/v2\/posts\/6565\/revisions"}],"predecessor-version":[{"id":6571,"href":"http:\/\/blog.inmontanis.info\/index.php?rest_route=\/wp\/v2\/posts\/6565\/revisions\/6571"}],"wp:attachment":[{"href":"http:\/\/blog.inmontanis.info\/index.php?rest_route=%2Fwp%2Fv2%2Fmedia&parent=6565"}],"wp:term":[{"taxonomy":"category","embeddable":true,"href":"http:\/\/blog.inmontanis.info\/index.php?rest_route=%2Fwp%2Fv2%2Fcategories&post=6565"},{"taxonomy":"post_tag","embeddable":true,"href":"http:\/\/blog.inmontanis.info\/index.php?rest_route=%2Fwp%2Fv2%2Ftags&post=6565"}],"curies":[{"name":"wp","href":"https:\/\/api.w.org\/{rel}","templated":true}]}}