{"id":6561,"date":"2021-02-14T22:56:35","date_gmt":"2021-02-14T21:56:35","guid":{"rendered":"http:\/\/blog.inmontanis.info\/?p=6561"},"modified":"2023-07-30T21:44:36","modified_gmt":"2023-07-30T19:44:36","slug":"13-14-2-2021","status":"publish","type":"post","link":"http:\/\/blog.inmontanis.info\/?p=6561","title":{"rendered":"13.+14.2.2021"},"content":{"rendered":"<p><strong>13.2.2021<\/strong><\/p>\n<p>Zus\u00e4tzlich zu den zwei franz\u00f6sisch sprechenden M\u00e4nnern war die letzte Nacht noch ein schwedisches Paar da, wie ich zum Fr\u00fchst\u00fcck merkte. Wie so h\u00e4ufig am WE aber nur f\u00fcr 1 Nacht auf der Durchreise. Das galt auch f\u00fcr die Familie mit Kleinkind, die heute Abend ankam. Wie schon zuletzt in meiner Wohnung in Innsbruck mit der Angewohnheit, alle Zeit lang die T\u00fcr zu \u00f6ffnen und das Kind mal kurz auf dem Gang rumlaufen, ruml\u00e4rmen und rumhusten zu lassen.<\/p>\n<p>Heute wollte ich Ammarn\u00e4s fahren und morgen dann Nalovardo. Tja, was war? Mein Ignis sprang wieder nicht an, gleiches Starter-Verhalten wie vor >2 Wochen: Kein Mucks. Die letzten Tage gab es aber absolut kein Problem, wobei, vielleicht gestern f\u00fcr ein kurzes Sek\u00fcndchen, k\u00f6nnte es sich einmal so angeh\u00f6rt haben, als ob sich wieder langsam was verschlechtert&#8230;<\/p>\n<p>Um 9:35 Anruf bei der Suzuki Mobilit\u00e4tsgarantie in \u00d6sterreich, um 10.35 R\u00fcckruf des Abschleppdienstes, dass er in ein paar Minuten kommen w\u00fcrde &#8211; dauerte aber noch bis nach 11 Uhr.<\/p>\n<p>Um 11:28 hat er das Fahrzeug abgeschleppt zu einer Werkstatt hier in Sorsele, wo vielleicht am Montag jemand Zeit haben k\u00f6nnte. Somit also heute und morgen kein Skitag :( Ski w\u00e4ren jetzt auch im Auto, d.h. ich k\u00f6nnte, sofern ich ein Leihauto irgendwie bek\u00e4me, auch morgen nicht Skifahren, weil ich ja morgen nicht zu meinen Skien und Schuhen k\u00e4me &#8230; Und ab morgen Abend h\u00e4tte ich ja wieder ein Zimmer in der n\u00e4chsten Stadt&#8230;<\/p>\n<p>Anruf und Nachfragen um kurz vor 12 Uhr meinerseits bei der Mobilit\u00e4tsgarantie: Den Mietwagen f\u00fcr max. 3 Tage gibt&#8217;s eigentlich erst, wenn der Suzuki in einer Suzuki-Werkstatt st\u00fcnde, aber da die n\u00e4chste ja so weit entfernt ist, muss er das jetzt mal mit den Kollegen abkl\u00e4ren &#8230;<\/p>\n<p>Das h\u00e4tte er mir dann best\u00e4tigt, also meine n\u00e4chste Frage, wie ich zu dem Leihwagen kommen sollte: Das w\u00e4re dann mein Problem, d.h. ich m\u00fcsste dann selbst irgendwie dorthin kommen, wo der Mietwagen ist, das w\u00e4re also vmtl. im g\u00fcnstigsten Fall in Arvidsjaur, der n\u00e4chsten etwas gr\u00f6\u00dferen Stadt in der Gegend, der Bus dorthin f\u00e4hrt nur einmal Mittags und einmal sp\u00e4t abends und kostet 12,- \u20ac und wirklichen Nutzen hab ich f\u00fcr 3 Tage Mietwagen dann auch nicht, wenn ich keinen Zugriff auf Ski und Schuhe hab -> also sinnvoller, ich lass mir die zus\u00e4tzlichen N\u00e4chte hier im B&#038;B vom Mobilit\u00e4tsservice zahlen &#8230; Denn wenn ich mit dem Leihwagen dann zu meiner morgigen Unterkunft in Arvidsjaur fahren w\u00fcrde und den Ignis irgendwann die n\u00e4chsten Tage wieder in Arvidsjaur abholen m\u00fcsste, k\u00f6nnte ich den Leihwagen ja auch nicht einfach hier stehen lassen.<\/p>\n<p>Und was h\u00e4tte ich mit Ski und Schuhe hier anfangen sollen, wenn ich evtl. doch noch mit dem Bus nach Arvidsjaur m\u00fcsste, weil kein Leihwagen da und ich hier kein Zimmer bekommen w\u00fcrde? Ne, dann lieber die Ski im Auto lassen und kein Leihauto und hier bleiben.<\/p>\n<p>Nachfrage hier im B&#038;B, eine Verl\u00e4ngerung ist kein Problem.<\/p>\n<p>Die ca. 18min zur Pizzeria\/SB-Restaurant bin ich heute zu Fu\u00df gegangen, so kalt war es heute nicht. Die Pizza kostete ca. 9,50 \u20ac und das Getr\u00e4nk ca. 2,- \u20ac. War auch gar nicht mal so viel, da der Teig sch\u00f6n d\u00fcnn war &#8211; ein St\u00fcck nahm ich mir aber doch noch f\u00fcr sp\u00e4ter mit.<\/p>\n<p><a href='http:\/\/extra.inmontanis.info\/d\/61361-2\/DSC04565.jpg'><img src=http:\/\/extra.inmontanis.info\/d\/61360-3\/DSC04565.jpg \/><\/a><br \/>\n^ Der offizielle Fluchtweg aus dem Fenster &#8211; \u00e4hja, das ist nicht zu \u00f6ffnen, weil eingefroren, und drau\u00dfen ist der Fluchtweg samt Treppe wg. Schnee erschwert :)<\/p>\n<p><a href='http:\/\/extra.inmontanis.info\/d\/61365-2\/DSC04566.jpg'><img src=http:\/\/extra.inmontanis.info\/d\/61364-3\/DSC04566.jpg \/><\/a><br \/>\n^ Zimmerpano<\/p>\n<p><a href='http:\/\/extra.inmontanis.info\/d\/61369-2\/DSC04567.jpg'><img src=http:\/\/extra.inmontanis.info\/d\/61368-3\/DSC04567.jpg \/><\/a><br \/>\n^ Zimmerpano<\/p>\n<p><a href='http:\/\/extra.inmontanis.info\/d\/61373-2\/DSC04568.jpg'><img src=http:\/\/extra.inmontanis.info\/d\/61372-3\/DSC04568.jpg \/><\/a><br \/>\n^ Sch\u00f6n eingerichtet<\/p>\n<p><a href='http:\/\/extra.inmontanis.info\/d\/61377-2\/IMG_20210213_144514.jpg'><img src=http:\/\/extra.inmontanis.info\/d\/61376-3\/IMG_20210213_144514.jpg \/><\/a><br \/>\n^ Fluss, die Siedlung samt B&#038;B befindet sich wohl auf einer Insel in einem Fluss&#8230;<\/p>\n<p><a href='http:\/\/extra.inmontanis.info\/d\/61381-2\/IMG_20210213_150050.jpg'><img src=http:\/\/extra.inmontanis.info\/d\/61380-3\/IMG_20210213_150050.jpg \/><\/a><br \/>\n^ Pizza mit Schweinefleisch, Zwiebel, Champignons, Paprika und Tzatziki.<\/p>\n<p><strong>14.2.2021<\/strong><\/p>\n<p>Nunja, einziger Trost heute? Es war mal wieder nicht so sonnig wie gemeldet, also nicht &#8220;wolkenlos von morgens bis abends&#8221;, sondern: bedeckt bis zum sp\u00e4ten Nachmittag.<\/p>\n<p>Nach gef\u00fchlt ewigem Dr\u00fccken und Dehnen gelang es mir nach Mittag auch endlich, eines der Fenster in meinem Zimmer zu \u00f6ffnen! Sch\u00f6n, dann kann ich mal wieder meinen Pullover waschen und auf die Heizung zum Trocknen legen.<\/p>\n<p>Nachmittags ging ich noch zum Supermarkt, was zum Essen kaufen, da der n\u00e4her ist als das Restaurant, nahm mir auch gleich was f\u00fcr morgen mit, da ich ungern 2x gehen m\u00f6chte, falls sich die Werkstatt am sp\u00e4teren Nachmittag meldet, ich aber schon fr\u00fcher Hunger haben sollte.<\/p>\n<p><a href='http:\/\/extra.inmontanis.info\/d\/61385-2\/IMG_20210214_175458.jpg'><img src=http:\/\/extra.inmontanis.info\/d\/61384-3\/IMG_20210214_175458.jpg \/><\/a><br \/>\n^ Tunnbr\u00f6d mit R\u00e4ksallad<\/p>\n<p><a href='http:\/\/extra.inmontanis.info\/d\/61389-2\/IMG_20210214_180354.jpg'><img src=http:\/\/extra.inmontanis.info\/d\/61388-3\/IMG_20210214_180354.jpg \/><\/a><br \/>\n^ .. und noch eine R\u00e4ksoppa, also eine Garnelen-Suppe, mittels Wasserkocher<\/p>\n<p>An die Vergangenheit zu denken, zieht mich zwar wie gew\u00f6hnlich runter &#8211; die ehemaligen Lifte, Skigebiete und die Tatsache, dass man momentan nicht so ungest\u00f6rt, wie noch vor einem Jahr, nach Frankreich oder Italien zum Skifahren reisen kann &#8230;<\/p>\n<p>.. aber da ich autoausfallbedingt Zeit hatte, um mal wieder meine Ski-Datenbank aktuell zu halten und etwas aufzuarbeiten, hab ich mal alte Wander-Eintr\u00e4ge gel\u00f6scht (die hatte ich eh schon lange nicht mehr eingetragen) und diverse Skigebietseinteilungen ge\u00e4ndert, die Tirol-Einteilung entfernt .. ein paar Fehleintr\u00e4ge korrigiert .. mich gewundert, dass ich in manchen Gebieten nicht \u00f6fters war, obwohl es mir so vorkam .. getrauert, dass ich einige noch nicht \u00f6fters besucht hab .. gewundert, wie lang ich andere leider schon wieder nicht mehr besucht hab oder wie wenig Skigebiete ich doch z.B. in Rum\u00e4nien bisher besucht hab &#8230;<\/p>\n<p>.. aber das wird sich ja hoffentlich die n\u00e4chsten Jahre \u00e4ndern und wieder alles m\u00f6glich sein, aufgrund meiner neuen Arbeitsweise kann ich ja dann wochen- und monatelang in Italien oder Frankreich oder dem Balkan unterwegs sein, so wie heuer in Schweden..<\/p>\n<p>Etwas eigenartig bleibt der Eintrag vom 7.4.2000, wo ich hinschrieb &#8220;Skigebiet unsicher&#8221;, zeitgleich aber einen Tageskartenpreis und einen Benzinkostenpreis eingab (letzteres trag ich schon lang nicht mehr ein), d.h. etvl. stand da mal was drin und ich hatte es versehentlich gel\u00f6scht. Die eingetragenen Benzinkosten waren wesentlich geringer als ins Zillertal, m\u00fcsste also am ehesten im Umkreis von Innsbruck gewesen sein &#8230; Vielleicht irgendwann mal daheim die ganzen alten Skip\u00e4sse durchgehen, ob sich da was findet ..<\/p>\n","protected":false},"excerpt":{"rendered":"<p>13.2.2021<\/p>\n<p>Zus\u00e4tzlich zu den zwei franz\u00f6sisch sprechenden M\u00e4nnern war die letzte Nacht noch ein schwedisches Paar da, wie ich zum Fr\u00fchst\u00fcck merkte. Wie so h\u00e4ufig am WE aber nur f\u00fcr 1 Nacht auf der Durchreise. Das galt auch f\u00fcr die Familie mit Kleinkind, die heute Abend ankam. Wie schon zuletzt in meiner Wohnung in Innsbruck <a href=\"http:\/\/blog.inmontanis.info\/?p=6561\">[&#8230;]<\/a><\/p>\n","protected":false},"author":1,"featured_media":0,"comment_status":"closed","ping_status":"closed","sticky":false,"template":"","format":"standard","meta":{"footnotes":""},"categories":[184,19],"tags":[],"class_list":["post-6561","post","type-post","status-publish","format-standard","hentry","category-2021-01-skandinavien","category-schwedensweden","odd"],"_links":{"self":[{"href":"http:\/\/blog.inmontanis.info\/index.php?rest_route=\/wp\/v2\/posts\/6561","targetHints":{"allow":["GET"]}}],"collection":[{"href":"http:\/\/blog.inmontanis.info\/index.php?rest_route=\/wp\/v2\/posts"}],"about":[{"href":"http:\/\/blog.inmontanis.info\/index.php?rest_route=\/wp\/v2\/types\/post"}],"author":[{"embeddable":true,"href":"http:\/\/blog.inmontanis.info\/index.php?rest_route=\/wp\/v2\/users\/1"}],"replies":[{"embeddable":true,"href":"http:\/\/blog.inmontanis.info\/index.php?rest_route=%2Fwp%2Fv2%2Fcomments&post=6561"}],"version-history":[{"count":4,"href":"http:\/\/blog.inmontanis.info\/index.php?rest_route=\/wp\/v2\/posts\/6561\/revisions"}],"predecessor-version":[{"id":8920,"href":"http:\/\/blog.inmontanis.info\/index.php?rest_route=\/wp\/v2\/posts\/6561\/revisions\/8920"}],"wp:attachment":[{"href":"http:\/\/blog.inmontanis.info\/index.php?rest_route=%2Fwp%2Fv2%2Fmedia&parent=6561"}],"wp:term":[{"taxonomy":"category","embeddable":true,"href":"http:\/\/blog.inmontanis.info\/index.php?rest_route=%2Fwp%2Fv2%2Fcategories&post=6561"},{"taxonomy":"post_tag","embeddable":true,"href":"http:\/\/blog.inmontanis.info\/index.php?rest_route=%2Fwp%2Fv2%2Ftags&post=6561"}],"curies":[{"name":"wp","href":"https:\/\/api.w.org\/{rel}","templated":true}]}}