{"id":6550,"date":"2021-02-09T21:11:11","date_gmt":"2021-02-09T20:11:11","guid":{"rendered":"http:\/\/blog.inmontanis.info\/?p=6550"},"modified":"2023-08-05T12:47:00","modified_gmt":"2023-08-05T10:47:00","slug":"kittelfjall-9-2-2021","status":"publish","type":"post","link":"http:\/\/blog.inmontanis.info\/?p=6550","title":{"rendered":"Kittelfj\u00e4ll, 9.2.2021"},"content":{"rendered":"<p><strong>9.2.2021<\/strong><\/p>\n<p>Etwas nach 11 Uhr kaufte ich mir einen 3-Tages-Skipass, die n\u00e4chsten beiden Tage hab ich mir frei genommen. Kann mich nicht erinnern, wann ich mir zuletzt einen 3-Tages-Skipass gekauft hab.<\/p>\n<p>Das kurioseste an der Geschichte? Hier hat es im Prinzip nur 2 parallele SL. Und man braucht schon 2 Tage, um alle Abfahrten zu fahren!<\/p>\n<p>Vor 2 Jahren war ich schon mal im Fr\u00fchjahr hier und konnte nicht alles fahren, es war damals aber auch nicht mehr genug Schnee f\u00fcr alle Abfahrten. Seit einiger Zeit schon sind lt. Schneebericht alle Varianten offen und die Lifte sind ebenfalls t\u00e4glich ge\u00f6ffnet.<\/p>\n<p>Kittelfj\u00e4ll wurde irgendwo mal als das &#8220;La Grave des Nordens&#8221; bezeichnet. Allerdings wird der Vergleich auch bei Absiko hergenommen &#8211; das m\u00f6chte ich nat\u00fcrlich auch endlich mal besuchen. Im Vergleich zu den von mir zuletzt besuchten Gebieten ist die Landschaft hier schon deutlich alpiner, aber Gletscher gibt es keine und auch keine so langen Abfahrten. Den Heli h\u00f6rt man auch mehrmals am Tag fliegen.<\/p>\n<p>Die beiden SL erschlie\u00dfen um die 30 Abfahrten und Varianten lt. Pistenplan, es gibt aber noch mehr zu fahren. Nachdem ich am rechten SL Jan Express mit einer Bergfahrt gestartet bin, blieb ich den Rest des heutigen Tages am linken SL Hotelliften und schaffte es nicht, alle dortigen Abfahrten zu fahren. Eigentlich hab ich fast nur die Varianten links vom linken SL geschafft, nur 3x inkl. der Retourfahrt stieg ich an der Bergstation rechts aus&#8230;<\/p>\n<p>Der Schnee in den Routen war zwar so gut wie nirgends mehr pulvrig, aber er war \u00fcberall kompakt und tragend, kein Bruchharsch oder \u00e4hnliches. Nur die ganz oberen, baumfreien Bereiche, sind manchmal windverblasen nervig zu fahren. Somit konnte man halbwegs z\u00fcgig fahren, was in den engen Rinnen aber nicht immer so einfach ist &#8211; ich fahr da meist lieber etwas langsamer.<\/p>\n<p>Die Routen sind mal mehr, mal weniger steil, mal sehr eng durch den Wald und mal breitere Rinnen, manchmal tut man sich schwer zu erkennen, wo die Route lt. Plan denn genau hingehen soll. Aber das hatte ich bei meinem Besuch vor 2 Jahren auch schon festgestellt. <\/p>\n<p>So, wie die GUB in La Grave zum Kult dazu geh\u00f6rt, macht hier nat\u00fcrlich auch die minimalistische Erschlie\u00dfung mit lediglich 2 SL f\u00fcr mich einen gro\u00dfen Teil des Flairs aus. Nat\u00fcrlich ist es etwas schade, dass man nicht zum Gipfel kommt, es nicht noch irgendwie versteckte, verwinkelte Lifte gibt. Aber irgendwie ist es auch gut so wie es ist: 2 SL mit 30 Abfahrten, auf die man sich konzentrieren kann, will man alles abfahren. Und es nicht noch zig weitere Lifte gibt, die man fahren muss. Und das Suchen und Finden der ganzen Abfahrten hat ja auch seinen Reiz.<\/p>\n<p>Der sonnigste dieser 3 Tage soll der morgige werden, aber so schlecht war&#8217;s heute auch nicht.<\/p>\n<p><a href='http:\/\/ski.inmontanis.info\/d\/285318-2\/DSC04245.jpg'><img src=http:\/\/ski.inmontanis.info\/d\/285317-3\/DSC04245.jpg \/><\/a><br \/>\n^ Abfahrten am rechten SL Jan Express, noch mit der alten Nummerierung; im aktuellen Plan gibts ja neue Pistennummern, ich schreib die alten Nummern jeweils in Klammern<\/p>\n<p>Aktueller Pistenplan:<br \/>\n<a href='https:\/\/images.squarespace-cdn.com\/content\/v1\/55fbfaf4e4b01623dc98d61a\/1598247189743-VGKER0OWS73Y7RDYK9SA\/ke17ZwdGBToddI8pDm48kFrPwftsEnVJnMrFLVbMqtJ7gQa3H78H3Y0txjaiv_0fDoOvxcdMmMKkDsyUqMSsMWxHk725yiiHCCLfrh8O1z4YTzHvnKhyp6Da-NYroOW3ZGjoBKy3azqku80C789l0gycmlYrUNOm5FlGNDjMZJivtP_8QmpAdw116-3ob1oTjc7unw2RKrjuCiMWmcwGEQ\/Kittelfjall_Pistkarta_2500px.jpg?format=1500w'>https:\/\/images.squarespace-cdn.com\/content\/v1\/55fbfaf4e4b01623dc98d61a\/1598247189743-VGKER0OWS73Y7RDYK9SA\/ke17ZwdGBToddI8pDm48kFrPwftsEnVJnMrFLVbMqtJ7gQa3H78H3Y0txjaiv_0fDoOvxcdMmMKkDsyUqMSsMWxHk725yiiHCCLfrh8O1z4YTzHvnKhyp6Da-NYroOW3ZGjoBKy3azqku80C789l0gycmlYrUNOm5FlGNDjMZJivtP_8QmpAdw116-3ob1oTjc7unw2RKrjuCiMWmcwGEQ\/Kittelfjall_Pistkarta_2500px.jpg?format=1500w<\/a><\/p>\n<p><a href='http:\/\/ski.inmontanis.info\/d\/285322-2\/DSC04248.jpg'><img src=http:\/\/ski.inmontanis.info\/d\/285321-3\/DSC04248.jpg \/><\/a><br \/>\n^ 20 (15) K\u00e5l\u00e5rado<\/p>\n<p><a href='http:\/\/ski.inmontanis.info\/d\/285326-2\/DSC04251.jpg'><img src=http:\/\/ski.inmontanis.info\/d\/285325-3\/DSC04251.jpg \/><\/a><br \/>\n^ 20 (15) K\u00e5l\u00e5rado, eine der breiteren Rinnen<\/p>\n<p><a href='http:\/\/ski.inmontanis.info\/d\/285330-2\/DSC04254.jpg'><img src=http:\/\/ski.inmontanis.info\/d\/285329-3\/DSC04254.jpg \/><\/a><br \/>\n^ SL Hotelliften<\/p>\n<p><a href='http:\/\/ski.inmontanis.info\/d\/285334-2\/DSC04258.jpg'><img src=http:\/\/ski.inmontanis.info\/d\/285333-3\/DSC04258.jpg \/><\/a><br \/>\n^ 10 (7) Efter Dig<\/p>\n<p><a href='http:\/\/ski.inmontanis.info\/d\/285338-2\/DSC04259.jpg'><img src=http:\/\/ski.inmontanis.info\/d\/285337-3\/DSC04259.jpg \/><\/a><br \/>\n^ 7 Asen \/ 10 (7) Efter Dig<\/p>\n<p><a href='http:\/\/ski.inmontanis.info\/d\/285342-2\/DSC04264.jpg'><img src=http:\/\/ski.inmontanis.info\/d\/285341-3\/DSC04264.jpg \/><\/a><br \/>\n^ SL Hotelliften<\/p>\n<p><a href='http:\/\/ski.inmontanis.info\/d\/285346-2\/DSC04268.jpg'><img src=http:\/\/ski.inmontanis.info\/d\/285345-3\/DSC04268.jpg \/><\/a><br \/>\n^ Im Offpiste-Areal ganz links<\/p>\n<p><a href='http:\/\/ski.inmontanis.info\/d\/285350-2\/DSC04270.jpg'><img src=http:\/\/ski.inmontanis.info\/d\/285349-3\/DSC04270.jpg \/><\/a><br \/>\n^ Im Offpiste-Areal ganz links<\/p>\n<p><a href='http:\/\/ski.inmontanis.info\/d\/285354-2\/DSC04275.jpg'><img src=http:\/\/ski.inmontanis.info\/d\/285353-3\/DSC04275.jpg \/><\/a><br \/>\n^ Im Offpiste-Areal ganz links<\/p>\n<p><a href='http:\/\/ski.inmontanis.info\/d\/285358-2\/DSC04278.jpg'><img src=http:\/\/ski.inmontanis.info\/d\/285357-3\/DSC04278.jpg \/><\/a><br \/>\n^ Ein pr\u00e4parierter Weg sammelt alle Varianten auf, hier und da muss man aber ein bisschen schieben<\/p>\n<p><a href='http:\/\/ski.inmontanis.info\/d\/285362-2\/DSC04280.jpg'><img src=http:\/\/ski.inmontanis.info\/d\/285361-3\/DSC04280.jpg \/><\/a><br \/>\n^ 1 B-E&#8217;s L\u00f6pa<\/p>\n<p><a href='http:\/\/ski.inmontanis.info\/d\/285366-2\/DSC04281.jpg'><img src=http:\/\/ski.inmontanis.info\/d\/285365-3\/DSC04281.jpg \/><\/a><br \/>\n^ Abfahrt 4 Granbacken<\/p>\n<p><a href='http:\/\/ski.inmontanis.info\/d\/285370-2\/DSC04282.jpg'><img src=http:\/\/ski.inmontanis.info\/d\/285369-3\/DSC04282.jpg \/><\/a><br \/>\n^ 1 B-E&#8217;s L\u00f6pa<\/p>\n<p><a href='http:\/\/ski.inmontanis.info\/d\/285374-2\/DSC04284.jpg'><img src=http:\/\/ski.inmontanis.info\/d\/285373-3\/DSC04284.jpg \/><\/a><br \/>\n^ 1 B-E&#8217;s L\u00f6pa, kann man entweder geradeaus fahren (am n\u00e4chsten Tag dann), aber der sch\u00f6nere Hang ist rechts..<\/p>\n<p><a href='http:\/\/ski.inmontanis.info\/d\/285378-2\/DSC04285.jpg'><img src=http:\/\/ski.inmontanis.info\/d\/285377-3\/DSC04285.jpg \/><\/a><br \/>\n^ 1 B-E&#8217;s L\u00f6pa<\/p>\n<p><a href='http:\/\/ski.inmontanis.info\/d\/285382-2\/DSC04287.jpg'><img src=http:\/\/ski.inmontanis.info\/d\/285381-3\/DSC04287.jpg \/><\/a><br \/>\n^ 1 B-E&#8217;s L\u00f6pa<\/p>\n<p><a href='http:\/\/ski.inmontanis.info\/d\/285386-2\/DSC04288.jpg'><img src=http:\/\/ski.inmontanis.info\/d\/285385-3\/DSC04288.jpg \/><\/a><br \/>\n^ 1 B-E&#8217;s L\u00f6pa, gef\u00e4llt mir<\/p>\n<p><a href='http:\/\/ski.inmontanis.info\/d\/285390-2\/DSC04290.jpg'><img src=http:\/\/ski.inmontanis.info\/d\/285389-3\/DSC04290.jpg \/><\/a><br \/>\n^ Infotafel, Temperaturen heute unten -6\u00b0, oben -8\u00b0<\/p>\n<p><a href='http:\/\/ski.inmontanis.info\/d\/285394-2\/DSC04291.jpg'><img src=http:\/\/ski.inmontanis.info\/d\/285393-3\/DSC04291.jpg \/><\/a><br \/>\n^ 2 P\u00f6lsas und 3 Doc Isak<\/p>\n<p><a href='http:\/\/ski.inmontanis.info\/d\/285398-2\/DSC04293.jpg'><img src=http:\/\/ski.inmontanis.info\/d\/285397-3\/DSC04293.jpg \/><\/a><\/p>\n<p><a href='http:\/\/ski.inmontanis.info\/d\/285402-2\/DSC04294.jpg'><img src=http:\/\/ski.inmontanis.info\/d\/285401-3\/DSC04294.jpg \/><\/a><br \/>\n^ 2 P\u00f6lsas, weiter unten sehr eng, sofern richtig abgebogen<\/p>\n<p><a href='http:\/\/ski.inmontanis.info\/d\/285406-2\/DSC04304.jpg'><img src=http:\/\/ski.inmontanis.info\/d\/285405-3\/DSC04304.jpg \/><\/a><br \/>\n^ Abfahrten links vom SL Hotelliften<\/p>\n<p><a href='http:\/\/ski.inmontanis.info\/d\/285410-2\/DSC04306.jpg'><img src=http:\/\/ski.inmontanis.info\/d\/285409-3\/DSC04306.jpg \/><\/a><br \/>\n^ 3 Doc Isak<\/p>\n<p><a href='http:\/\/ski.inmontanis.info\/d\/285414-2\/DSC04307.jpg'><img src=http:\/\/ski.inmontanis.info\/d\/285413-3\/DSC04307.jpg \/><\/a><br \/>\n^ 3 Doc Isak<\/p>\n<p><a href='http:\/\/ski.inmontanis.info\/d\/285418-2\/DSC04310.jpg'><img src=http:\/\/ski.inmontanis.info\/d\/285417-3\/DSC04310.jpg \/><\/a><br \/>\n^ 3 Doc Isak<\/p>\n<p><a href='http:\/\/ski.inmontanis.info\/d\/285422-2\/DSC04313.jpg'><img src=http:\/\/ski.inmontanis.info\/d\/285421-3\/DSC04313.jpg \/><\/a><br \/>\n^ 5 (4) Sn\u00e4ckorna<\/p>\n<p><a href='http:\/\/ski.inmontanis.info\/d\/285426-2\/DSC04314.jpg'><img src=http:\/\/ski.inmontanis.info\/d\/285425-3\/DSC04314.jpg \/><\/a><br \/>\n^ Beide SL im Bild<\/p>\n<p><a href='http:\/\/ski.inmontanis.info\/d\/285430-2\/DSC04315.jpg'><img src=http:\/\/ski.inmontanis.info\/d\/285429-3\/DSC04315.jpg \/><\/a><br \/>\n^ 5 (4) Sn\u00e4ckorna<\/p>\n<p><a href='http:\/\/ski.inmontanis.info\/d\/285434-2\/DSC04317.jpg'><img src=http:\/\/ski.inmontanis.info\/d\/285433-3\/DSC04317.jpg \/><\/a><br \/>\n^ 5 (4) Sn\u00e4ckorna<\/p>\n<p><a href='http:\/\/ski.inmontanis.info\/d\/285438-2\/DSC04320.jpg'><img src=http:\/\/ski.inmontanis.info\/d\/285437-3\/DSC04320.jpg \/><\/a><br \/>\n^ 5 (4) Sn\u00e4ckorna<\/p>\n<p><a href='http:\/\/ski.inmontanis.info\/d\/285442-2\/DSC04324.jpg'><img src=http:\/\/ski.inmontanis.info\/d\/285441-3\/DSC04324.jpg \/><\/a><br \/>\n^ 5 (4) Sn\u00e4ckorna, weiter unten etwas m\u00fchsamer<\/p>\n<p><a href='http:\/\/ski.inmontanis.info\/d\/285446-2\/DSC04329.jpg'><img src=http:\/\/ski.inmontanis.info\/d\/285445-3\/DSC04329.jpg \/><\/a><br \/>\n^ 3 Doc Isak oder zwischen 3 und 4<\/p>\n<p><a href='http:\/\/ski.inmontanis.info\/d\/285450-2\/DSC04333.jpg'><img src=http:\/\/ski.inmontanis.info\/d\/285449-3\/DSC04333.jpg \/><\/a><\/p>\n<p><a href='http:\/\/ski.inmontanis.info\/d\/285454-2\/DSC04334.jpg'><img src=http:\/\/ski.inmontanis.info\/d\/285453-3\/DSC04334.jpg \/><\/a><br \/>\n^ Abfahrt 7 Asen<\/p>\n<p><a href='http:\/\/ski.inmontanis.info\/d\/285458-2\/DSC04336.jpg'><img src=http:\/\/ski.inmontanis.info\/d\/285457-3\/DSC04336.jpg \/><\/a><br \/>\n^ Variante nicht im Plan als Verl\u00e4ngerung der Mittemellan\/Efter Dig<\/p>\n<p><a href='http:\/\/ski.inmontanis.info\/d\/285462-2\/DSC04341.jpg'><img src=http:\/\/ski.inmontanis.info\/d\/285461-3\/DSC04341.jpg \/><\/a><br \/>\n^ Variante nicht im Plan als Verl\u00e4ngerung der Mittemellan\/Efter Dig<\/p>\n<p><a href='http:\/\/ski.inmontanis.info\/d\/285466-2\/DSC04343.jpg'><img src=http:\/\/ski.inmontanis.info\/d\/285465-3\/DSC04343.jpg \/><\/a><br \/>\n^ 8 (6) Mittimellan (im neuen Plan &#8220;Mittemellan&#8221;)<\/p>\n<p><a href='http:\/\/ski.inmontanis.info\/d\/285470-2\/DSC04344.jpg'><img src=http:\/\/ski.inmontanis.info\/d\/285469-3\/DSC04344.jpg \/><\/a><br \/>\n^ 8 (6) Mittimellan<\/p>\n<p><a href='http:\/\/ski.inmontanis.info\/d\/285474-2\/DSC04348.jpg'><img src=http:\/\/ski.inmontanis.info\/d\/285473-3\/DSC04348.jpg \/><\/a><br \/>\n^ SL Hotelliften<\/p>\n<p><a href='http:\/\/ski.inmontanis.info\/d\/285478-2\/DSC04351.jpg'><img src=http:\/\/ski.inmontanis.info\/d\/285477-3\/DSC04351.jpg \/><\/a><br \/>\n^ 16 (11) Min V\u00e4g<\/p>\n<p><a href='http:\/\/ski.inmontanis.info\/d\/285482-2\/DSC04352.jpg'><img src=http:\/\/ski.inmontanis.info\/d\/285481-3\/DSC04352.jpg \/><\/a><br \/>\n^ 16 (11) Min V\u00e4g<\/p>\n<p><a href='http:\/\/ski.inmontanis.info\/d\/285486-2\/DSC04353.jpg'><img src=http:\/\/ski.inmontanis.info\/d\/285485-3\/DSC04353.jpg \/><\/a><br \/>\n^ 16 (11) Min V\u00e4g<\/p>\n<p><a href='http:\/\/ski.inmontanis.info\/d\/285490-2\/DSC04358.jpg'><img src=http:\/\/ski.inmontanis.info\/d\/285489-3\/DSC04358.jpg \/><\/a><br \/>\n^ 6 Harry Potter-Skogen, zwar nicht ausgezeichnet, lt. Plan und Satbild kanns aber nur hier sein ..<\/p>\n<p><a href='http:\/\/ski.inmontanis.info\/d\/285494-2\/DSC04364.jpg'><img src=http:\/\/ski.inmontanis.info\/d\/285493-3\/DSC04364.jpg \/><\/a><br \/>\n^ 6 Harry Potter-Skogen, ziemlich m\u00fchsam und teuflisch<\/p>\n<p><a href='http:\/\/ski.inmontanis.info\/d\/285498-2\/DSC04367.jpg'><img src=http:\/\/ski.inmontanis.info\/d\/285497-3\/DSC04367.jpg \/><\/a><br \/>\n^ Variante nicht im Plan, die den Hotelliften kreuzt<\/p>\n<p><a href='http:\/\/ski.inmontanis.info\/d\/285502-2\/DSC04368.jpg'><img src=http:\/\/ski.inmontanis.info\/d\/285501-3\/DSC04368.jpg \/><\/a><br \/>\n^ Variante nicht im Plan, die den Hotelliften kreuzt<\/p>\n<p><a href='http:\/\/ski.inmontanis.info\/d\/285506-2\/DSC04369.jpg'><img src=http:\/\/ski.inmontanis.info\/d\/285505-3\/DSC04369.jpg \/><\/a><br \/>\n^ .. auch die Schneise in Verl\u00e4ngerung (rechts im Bild parallel zum SL) ist komischerweise nicht im Plan<\/p>\n<p><a href='http:\/\/ski.inmontanis.info\/d\/285510-2\/DSC04371.jpg'><img src=http:\/\/ski.inmontanis.info\/d\/285509-3\/DSC04371.jpg \/><\/a><br \/>\n^ Abfahrt 18 Nationella<\/p>\n<p><a href='http:\/\/ski.inmontanis.info\/d\/285514-2\/DSC04373.jpg'><img src=http:\/\/ski.inmontanis.info\/d\/285513-3\/DSC04373.jpg \/><\/a><br \/>\n^ Abfahrt 18 Nationella<\/p>\n<p><a href='http:\/\/ski.inmontanis.info\/d\/285518-2\/DSC04374.jpg'><img src=http:\/\/ski.inmontanis.info\/d\/285517-3\/DSC04374.jpg \/><\/a><br \/>\n^ Abfahrt 15 Piders R\u00e4nna<\/p>\n<p>GPS-Track der 3 Tage, sowie fast alle anderen Abfahrten\/Varianten gibts dann im n\u00e4chsten Bericht vom n\u00e4chsten Tag.<\/p>\n<p>(Fortsetzung folgt.)<\/p>\n","protected":false},"excerpt":{"rendered":"<p>9.2.2021<\/p>\n<p>Etwas nach 11 Uhr kaufte ich mir einen 3-Tages-Skipass, die n\u00e4chsten beiden Tage hab ich mir frei genommen. Kann mich nicht erinnern, wann ich mir zuletzt einen 3-Tages-Skipass gekauft hab.<\/p>\n<p>Das kurioseste an der Geschichte? Hier hat es im Prinzip nur 2 parallele SL. Und man braucht schon 2 Tage, um alle Abfahrten zu <a href=\"http:\/\/blog.inmontanis.info\/?p=6550\">[&#8230;]<\/a><\/p>\n","protected":false},"author":1,"featured_media":0,"comment_status":"closed","ping_status":"closed","sticky":false,"template":"","format":"standard","meta":{"footnotes":""},"categories":[184,655,19,27],"tags":[47],"class_list":["post-6550","post","type-post","status-publish","format-standard","hentry","category-2021-01-skandinavien","category-kittelfjall","category-schwedensweden","category-skifahren-winterskiing-winter","tag-sl","odd"],"_links":{"self":[{"href":"http:\/\/blog.inmontanis.info\/index.php?rest_route=\/wp\/v2\/posts\/6550","targetHints":{"allow":["GET"]}}],"collection":[{"href":"http:\/\/blog.inmontanis.info\/index.php?rest_route=\/wp\/v2\/posts"}],"about":[{"href":"http:\/\/blog.inmontanis.info\/index.php?rest_route=\/wp\/v2\/types\/post"}],"author":[{"embeddable":true,"href":"http:\/\/blog.inmontanis.info\/index.php?rest_route=\/wp\/v2\/users\/1"}],"replies":[{"embeddable":true,"href":"http:\/\/blog.inmontanis.info\/index.php?rest_route=%2Fwp%2Fv2%2Fcomments&post=6550"}],"version-history":[{"count":3,"href":"http:\/\/blog.inmontanis.info\/index.php?rest_route=\/wp\/v2\/posts\/6550\/revisions"}],"predecessor-version":[{"id":6553,"href":"http:\/\/blog.inmontanis.info\/index.php?rest_route=\/wp\/v2\/posts\/6550\/revisions\/6553"}],"wp:attachment":[{"href":"http:\/\/blog.inmontanis.info\/index.php?rest_route=%2Fwp%2Fv2%2Fmedia&parent=6550"}],"wp:term":[{"taxonomy":"category","embeddable":true,"href":"http:\/\/blog.inmontanis.info\/index.php?rest_route=%2Fwp%2Fv2%2Fcategories&post=6550"},{"taxonomy":"post_tag","embeddable":true,"href":"http:\/\/blog.inmontanis.info\/index.php?rest_route=%2Fwp%2Fv2%2Ftags&post=6550"}],"curies":[{"name":"wp","href":"https:\/\/api.w.org\/{rel}","templated":true}]}}