{"id":6546,"date":"2021-02-08T21:58:19","date_gmt":"2021-02-08T20:58:19","guid":{"rendered":"http:\/\/blog.inmontanis.info\/?p=6546"},"modified":"2021-02-09T22:11:30","modified_gmt":"2021-02-09T21:11:30","slug":"8-2-2021","status":"publish","type":"post","link":"http:\/\/blog.inmontanis.info\/?p=6546","title":{"rendered":"8.2.2021"},"content":{"rendered":"<p><strong>8.2.2021<\/strong><\/p>\n<p>Zu Mittag machte ich mich auf den Weg, die Unterkunft zu wechseln, ca. 4 Stunden Fahrzeit bis nach Kittelfj\u00e4ll auf zumeist schmalen Nebenstra\u00dfen ohne gro\u00dfe Ortschaften, die Stra\u00dfen teilweise ungeteert &#8211; das merkt man durch die Schneefahrbahn aber nicht. Dazu 2 St\u00fccke, die man jeweils als Pass bezeichnen k\u00f6nnte.<\/p>\n<p><a href='http:\/\/extra.inmontanis.info\/d\/61265-2\/DSC04172.jpg'><img src=http:\/\/extra.inmontanis.info\/d\/61264-3\/DSC04172.jpg \/><\/a><br \/>\n^ Blick aus dem Fenster, klar, heute ist sonnig&#8230;<\/p>\n<p><a href='http:\/\/extra.inmontanis.info\/d\/61269-2\/DSC04174.jpg'><img src=http:\/\/extra.inmontanis.info\/d\/61268-3\/DSC04174.jpg \/><\/a><br \/>\n^ Wieder auf dem Weg zwischen G\u00e4ddede und Borgafj\u00e4ll\/Risb\u00e4ck<\/p>\n<p><a href='http:\/\/extra.inmontanis.info\/d\/61273-2\/DSC04180.jpg'><img src=http:\/\/extra.inmontanis.info\/d\/61272-3\/DSC04180.jpg \/><\/a><br \/>\n^ G\u00e4ddede-Risb\u00e4ck<\/p>\n<p><a href='http:\/\/extra.inmontanis.info\/d\/61277-2\/DSC04182.jpg'><img src=http:\/\/extra.inmontanis.info\/d\/61276-3\/DSC04182.jpg \/><\/a><br \/>\n^ G\u00e4ddede-Risb\u00e4ck<\/p>\n<p><a href='http:\/\/extra.inmontanis.info\/d\/61281-2\/DSC04185.jpg'><img src=http:\/\/extra.inmontanis.info\/d\/61280-3\/DSC04185.jpg \/><\/a><br \/>\n^ G\u00e4ddede-Risb\u00e4ck<\/p>\n<p><a href='http:\/\/extra.inmontanis.info\/d\/61285-2\/DSC04192.jpg'><img src=http:\/\/extra.inmontanis.info\/d\/61284-3\/DSC04192.jpg \/><\/a><br \/>\n^ G\u00e4ddede-Risb\u00e4ck<\/p>\n<p><a href='http:\/\/extra.inmontanis.info\/d\/61289-2\/DSC04194.jpg'><img src=http:\/\/extra.inmontanis.info\/d\/61288-3\/DSC04194.jpg \/><\/a><br \/>\n^ .. noch ist nicht alles gefroren ..<\/p>\n<p><a href='http:\/\/extra.inmontanis.info\/d\/61293-2\/DSC04199.jpg'><img src=http:\/\/extra.inmontanis.info\/d\/61292-3\/DSC04199.jpg \/><\/a><\/p>\n<p><a href='http:\/\/extra.inmontanis.info\/d\/61297-2\/DSC04201.jpg'><img src=http:\/\/extra.inmontanis.info\/d\/61296-3\/DSC04201.jpg \/><\/a><br \/>\n^ Risb\u00e4ck-Saxn\u00e4s<\/p>\n<p><a href='http:\/\/extra.inmontanis.info\/d\/61301-2\/DSC04203.jpg'><img src=http:\/\/extra.inmontanis.info\/d\/61300-3\/DSC04203.jpg \/><\/a><br \/>\n^ Der Pass hier ist hoch genug, um anscheinend knapp an oder ein bisschen \u00fcber der Baumgrenze zu sein &#8211; etwas, was bei Stra\u00dfen in Schweden leider viel zu selten vorkommt<\/p>\n<p><a href='http:\/\/extra.inmontanis.info\/d\/61305-2\/DSC04205.jpg'><img src=http:\/\/extra.inmontanis.info\/d\/61304-3\/DSC04205.jpg \/><\/a><br \/>\n^ Und schon wieder ein St\u00fcck noch nicht vereister Fluss<\/p>\n<p><a href='http:\/\/extra.inmontanis.info\/d\/61309-2\/DSC04209.jpg'><img src=http:\/\/extra.inmontanis.info\/d\/61308-3\/DSC04209.jpg \/><\/a><br \/>\n^ Berge am Horizont<\/p>\n<p><a href='http:\/\/extra.inmontanis.info\/d\/61313-2\/DSC04211.jpg'><img src=http:\/\/extra.inmontanis.info\/d\/61312-3\/DSC04211.jpg \/><\/a><br \/>\n^ <\/p>\n<p><a href='http:\/\/extra.inmontanis.info\/d\/61317-2\/DSC04219.jpg'><img src=http:\/\/extra.inmontanis.info\/d\/61316-3\/DSC04219.jpg \/><\/a><br \/>\n^ Dikan\u00e4s-Kittelfj\u00e4ll<\/p>\n<p><a href='http:\/\/extra.inmontanis.info\/d\/61321-2\/DSC04227.jpg'><img src=http:\/\/extra.inmontanis.info\/d\/61320-3\/DSC04227.jpg \/><\/a><br \/>\n^ Kittelfj\u00e4ll. Auch wenn es nicht so aussieht, geht die Stra\u00dfe doch zwischen den Bergen (ohne Pass) hindurch noch weiter bis nach Norwegen<\/p>\n<p>Heute hatte ich erstmals meine Dashcam eingeschaltet, hier ein kleiner Zusammenschnitt:<br \/>\n<object style=\"height: 500px; width: 900px\"><param name=\"movie\" value=\"http:\/\/www.youtube.com\/v\/iWCRNJm1ZMo\"><\/param><param name=\"wmode\" value=\"transparent\"><\/param><embed src=\"http:\/\/www.youtube.com\/v\/iWCRNJm1ZMo\" type=\"application\/x-shockwave-flash\" wmode=\"transparent\"  width=\"900\" height=\"480\"><\/embed><\/object><\/p>\n<p>Einquartiert hab ich mich im V\u00e4rdshus direkt an der Talstation des rechten SL, bzw. haben die einen Hostel-Bereich auf der anderen Seite des Parkplatzes, das V\u00e4rdshus selbst ist MO\/DI geschlossen, zum Gl\u00fcck sa\u00dfen welche drin und ich bekam so die Info, wie ich einzuchecken hab &#8211; Code f\u00fcr die Eingangst\u00fcr und Schl\u00fcssel steckt am Zimmer.<\/p>\n<p>Von Sonntag bis Donnerstag kosten momentan die \u00dcbernachtungen hier ca. 50,- \u20ac, danach fast doppelt so viel, weshalb ich nur bis Donnerstag gebucht hab und mir MI und DO Urlaub nehmen werde &#8211; so mit der fehlende Tisch diesmal nicht so stark fehlen w\u00fcrde.<\/p>\n<p>Leider hab ich ein etwas suboptimal gelagertes Zimmer insofern, dass ich zu den WC-R\u00e4umen immer durch Gemeinschaftsraum und K\u00fcche muss. Und ein paar der Mitbewohner benehmen sich doch etwas .. naja! Und auch kein Panorama aus meinem Zimmerfenster, da w\u00e4ren wohl alle 3 anderen Himmelsrichtungen, die es in diesem Hostel gibt, besser. Daf\u00fcr aber Ski-in\/out, da ja direkt am Liftparkplatz &#8211; so etwas hab ich doch seeeehr selten auf meinen Reisen.<\/p>\n<p><a href='http:\/\/extra.inmontanis.info\/d\/61325-2\/DSC04229.jpg'><img src=http:\/\/extra.inmontanis.info\/d\/61324-3\/DSC04229.jpg \/><\/a><br \/>\n^ Zimmer f\u00fcr die n\u00e4chsten 3 Tage, etwas kleiner<\/p>\n<p><a href='http:\/\/extra.inmontanis.info\/d\/61329-2\/DSC04230.jpg'><img src=http:\/\/extra.inmontanis.info\/d\/61328-3\/DSC04230.jpg \/><\/a><br \/>\n^ Schmaler Gang<\/p>\n<p><a href='http:\/\/extra.inmontanis.info\/d\/61333-2\/DSC04231.jpg'><img src=http:\/\/extra.inmontanis.info\/d\/61332-3\/DSC04231.jpg \/><\/a><br \/>\n^ Essbereich \/ Fernsehzimmer<\/p>\n<p><a href='http:\/\/extra.inmontanis.info\/d\/61337-2\/DSC04232.jpg'><img src=http:\/\/extra.inmontanis.info\/d\/61336-3\/DSC04232.jpg \/><\/a><br \/>\n^ In jeglicher Hinsicht die bisher unsch\u00f6nsten Duschen der Reise. Es gibt zwar noch ein Behinderten-WC mit privater Dusche, aber auch dort ein fix installierter Duschkopf.<\/p>\n<p><a href='http:\/\/extra.inmontanis.info\/d\/61341-2\/DSC04235.jpg'><img src=http:\/\/extra.inmontanis.info\/d\/61340-3\/DSC04235.jpg \/><\/a><br \/>\n^ Rentier zu Besuch :)<\/p>\n<p><a href='http:\/\/extra.inmontanis.info\/d\/61345-2\/DSC04236.jpg'><img src=http:\/\/extra.inmontanis.info\/d\/61344-3\/DSC04236.jpg \/><\/a><br \/>\n^ Abendrot<\/p>\n<p><a href='http:\/\/extra.inmontanis.info\/d\/61349-2\/DSC04237.jpg'><img src=http:\/\/extra.inmontanis.info\/d\/61348-3\/DSC04237.jpg \/><\/a><br \/>\n^ .. von meinem Zimmer aus hab ich leider nicht viel Ausblick<\/p>\n<p><a href='http:\/\/extra.inmontanis.info\/d\/61353-2\/DSC04239.jpg'><img src=http:\/\/extra.inmontanis.info\/d\/61352-3\/DSC04239.jpg \/><\/a><br \/>\n^ Stuhl geholt, dann geht das schon, wenn auch unbequem.<\/p>\n","protected":false},"excerpt":{"rendered":"<p>8.2.2021<\/p>\n<p>Zu Mittag machte ich mich auf den Weg, die Unterkunft zu wechseln, ca. 4 Stunden Fahrzeit bis nach Kittelfj\u00e4ll auf zumeist schmalen Nebenstra\u00dfen ohne gro\u00dfe Ortschaften, die Stra\u00dfen teilweise ungeteert &#8211; das merkt man durch die Schneefahrbahn aber nicht. Dazu 2 St\u00fccke, die man jeweils als Pass bezeichnen k\u00f6nnte.<\/p>\n<p> ^ Blick aus dem <a href=\"http:\/\/blog.inmontanis.info\/?p=6546\">[&#8230;]<\/a><\/p>\n","protected":false},"author":1,"featured_media":0,"comment_status":"closed","ping_status":"closed","sticky":false,"template":"","format":"standard","meta":{"footnotes":""},"categories":[184,19],"tags":[45],"class_list":["post-6546","post","type-post","status-publish","format-standard","hentry","category-2021-01-skandinavien","category-schwedensweden","tag-see","odd"],"_links":{"self":[{"href":"http:\/\/blog.inmontanis.info\/index.php?rest_route=\/wp\/v2\/posts\/6546","targetHints":{"allow":["GET"]}}],"collection":[{"href":"http:\/\/blog.inmontanis.info\/index.php?rest_route=\/wp\/v2\/posts"}],"about":[{"href":"http:\/\/blog.inmontanis.info\/index.php?rest_route=\/wp\/v2\/types\/post"}],"author":[{"embeddable":true,"href":"http:\/\/blog.inmontanis.info\/index.php?rest_route=\/wp\/v2\/users\/1"}],"replies":[{"embeddable":true,"href":"http:\/\/blog.inmontanis.info\/index.php?rest_route=%2Fwp%2Fv2%2Fcomments&post=6546"}],"version-history":[{"count":3,"href":"http:\/\/blog.inmontanis.info\/index.php?rest_route=\/wp\/v2\/posts\/6546\/revisions"}],"predecessor-version":[{"id":6549,"href":"http:\/\/blog.inmontanis.info\/index.php?rest_route=\/wp\/v2\/posts\/6546\/revisions\/6549"}],"wp:attachment":[{"href":"http:\/\/blog.inmontanis.info\/index.php?rest_route=%2Fwp%2Fv2%2Fmedia&parent=6546"}],"wp:term":[{"taxonomy":"category","embeddable":true,"href":"http:\/\/blog.inmontanis.info\/index.php?rest_route=%2Fwp%2Fv2%2Fcategories&post=6546"},{"taxonomy":"post_tag","embeddable":true,"href":"http:\/\/blog.inmontanis.info\/index.php?rest_route=%2Fwp%2Fv2%2Ftags&post=6546"}],"curies":[{"name":"wp","href":"https:\/\/api.w.org\/{rel}","templated":true}]}}