{"id":6538,"date":"2021-02-06T18:55:44","date_gmt":"2021-02-06T17:55:44","guid":{"rendered":"http:\/\/blog.inmontanis.info\/?p=6538"},"modified":"2023-08-05T13:11:43","modified_gmt":"2023-08-05T11:11:43","slug":"gaddede-6-2-2021-skitour","status":"publish","type":"post","link":"http:\/\/blog.inmontanis.info\/?p=6538","title":{"rendered":"G\u00e4ddede, 6.2.2021 (Skitour)"},"content":{"rendered":"<p><strong>6.2.2021<\/strong><\/p>\n<p>Dieses WE h\u00e4tte eigentlich das Skigebiet Bl\u00e5sj\u00f6n \u00f6ffnen sollen, der Grund, warum ich hier in der Gegend bin.<\/p>\n<p>Leider wurde das kurzfristig abgesagt:<\/p>\n<blockquote><p>\nThe opening of the hill will be delayed until week 6 on Saturday 13 February due to repairs on several lifts.\n<\/p><\/blockquote>\n<p>Das ist extremst nervig. Sonnigste Wettervorhersagen f\u00fcr Samstag und Sonntag mit Temperaturen um die -10\u00b0, tolles Skigebiet, tolle Lifte (alte Graffer St\u00fctzen auf Sektion 2 und KSSL auf Sektion 3 mit einigen Offpistevarianten).<\/p>\n<p>Das h\u00e4tte man nicht ein bisschen fr\u00fcher checken k\u00f6nnen, ob die Lifte laufen oder repariert werden m\u00fcssen, oder?! Nein, das muss man am Mittwoch auf Facebook reinschreiben, wo ich nat\u00fcrlich schon hier war und nicht mehr nachgeschaut hab. Mein ehemaliges schwedisches Lieblingsskigebiet will wohl unbedingt auf meine Boykottliste :-(<\/p>\n<p>Und ich bl\u00f6derweise noch bis Montag einquartiert hier. Einmal, wenn man gleich mehr Tage reserviert und die Nacht von SO auf MO noch bleiben m\u00f6chte. H\u00e4tt ich wenigstens blo\u00df bis Sonntag reserviert gehabt, dann h\u00e4tt ich nach dem alternativen Skigebiet am Sonntag noch nach Kittelfj\u00e4ll weiterfahren und dort am Montag Nachmittag Skifahren k\u00f6nnen. <\/p>\n<p>N\u00e4heste Alternative, nachdem man ja nicht nach Norwegen und zur\u00fcck darf, w\u00e4re dann das wohl wesentlich langweiligere Borgafj\u00e4ll, das auch nur am WE offen hat und ca. 160km Autofahrt entfernt ist, und davon auch noch 120km in die Richtung meines n\u00e4chsten Zielgebiets f\u00fcr n\u00e4chste Woche. 320km Autofahrt werd ich mir keinesfalls am Samstag und Sonntag antun, maximal an einem Tag.<\/p>\n<p>Am Vormittag checkte ich nochmals eventuelle, alternative Unterk\u00fcnfte f\u00fcr Sonntag Abend, um nicht wieder in dieses Hotel zur\u00fcckfahren zu m\u00fcssen. Aber preislich wirklich lohnenswert war dann auch nichts dabei, zumal ich ja nicht w\u00fcsste, ob ich hier die nicht gebliebene Nacht dann zur\u00fcckerstattet bekommen k\u00f6nnte. <\/p>\n<p>Ich entschied mich f\u00fcr heute dann f\u00fcr eine Skitour, und zwar wollte ich mal die Waldschneise gegen\u00fcber, die ich gestern vom Skigebiet aus sah, aufsteigen. W\u00e4re zwar wesentlich l\u00e4nger und h\u00f6henmeterintensiver als das gestrige Skigebiet, aber man kanns ja mal probieren. Recht flach w\u00fcrde es sein, somit sich die Anstrengung vielleicht in Grenzen halten k\u00f6nnte.<\/p>\n<p>Gl\u00fccklicherweise gab es Schneemobilspuren, so dass ich nicht spuren musste, so war der Aufstieg doch bequemer. Am Ende meiner Kr\u00e4fte war ich zwar nicht, aber ich wollte hier oben nicht komplett die Orientierung verlieren.<\/p>\n<p><a href='http:\/\/extra.inmontanis.info\/d\/61233-2\/DSC03924.jpg'><img src=http:\/\/extra.inmontanis.info\/d\/61232-3\/DSC03924.jpg \/><\/a><br \/>\n^ Ein bisschen gr\u00fcner Himmel am Abend; einmal w\u00e4r fast \u00fcber mir was gewesen, wie man auf dem See im Schnee spiegelnd sah.<\/p>\n<p><a href='http:\/\/extra.inmontanis.info\/d\/61237-2\/DSC03929.jpg'><img src=http:\/\/extra.inmontanis.info\/d\/61236-3\/DSC03929.jpg \/><\/a><br \/>\n^ Zimmerpano, so woklenlos blieb es aber heute nicht.<\/p>\n<p><a href='http:\/\/ski.inmontanis.info\/d\/285046-2\/DSC03930.jpg'><img src=http:\/\/ski.inmontanis.info\/d\/285045-3\/DSC03930.jpg \/><\/a><br \/>\n^ Start zu einer Skitour s\u00fcdlich von G\u00e4ddede. Mir fiel ja gestern vom Skigebiet gegen\u00fcber eine Schneise im Wald auf:<\/p>\n<p><a href='http:\/\/ski.inmontanis.info\/d\/285014-3\/IMG_20210205_143417.jpg'><img src=http:\/\/ski.inmontanis.info\/d\/285013-4\/IMG_20210205_143417.jpg \/><\/a><br \/>\n^ Bild von gestern, Schneise ist rechts vom runterh\u00e4ngenden SL-B\u00fcgel<\/p>\n<p><a href='http:\/\/ski.inmontanis.info\/d\/285050-2\/IMG_20210206_120339.jpg'><img src=http:\/\/ski.inmontanis.info\/d\/285049-3\/IMG_20210206_120339.jpg \/><\/a><br \/>\n^ Parkplatz<\/p>\n<p><a href='http:\/\/ski.inmontanis.info\/d\/285054-2\/IMG_20210206_121015.jpg'><img src=http:\/\/ski.inmontanis.info\/d\/285053-3\/IMG_20210206_121015.jpg \/><\/a><br \/>\n^ Diverse Tierspuren im Schnee st\u00f6rten den Aufstieg etwas, auch einige Pfoten\/Tatzen schienen dabei zu sein (nicht nur Hufe) &#8211; den Tieren will ich dann lieber nicht begegnen.<\/p>\n<p><a href='http:\/\/ski.inmontanis.info\/d\/285058-2\/IMG_20210206_122014.jpg'><img src=http:\/\/ski.inmontanis.info\/d\/285057-3\/IMG_20210206_122014.jpg \/><\/a><br \/>\n^ Der Weg ging sch\u00f6n bequem nach oben<\/p>\n<p><a href='http:\/\/ski.inmontanis.info\/d\/285062-2\/IMG_20210206_123750.jpg'><img src=http:\/\/ski.inmontanis.info\/d\/285061-3\/IMG_20210206_123750.jpg \/><\/a><br \/>\n^ Abgefahren bin ich sp\u00e4ter rechts im Feld, aber Schw\u00fcnge konnte man aufgrund der geringen Steilheit nat\u00fcrlich kaum machen<\/p>\n<p><a href='http:\/\/ski.inmontanis.info\/d\/285066-2\/IMG_20210206_124912.jpg'><img src=http:\/\/ski.inmontanis.info\/d\/285065-3\/IMG_20210206_124912.jpg \/><\/a><br \/>\n^ Nach ca. 150hm ist das Ende der in den Karten eingezeichneten Stra\u00dfe\/Feldweg erreicht, die meisten Scooterspuren gingen nach rechts ab<\/p>\n<p><a href='http:\/\/ski.inmontanis.info\/d\/285070-2\/IMG_20210206_125536.jpg'><img src=http:\/\/ski.inmontanis.info\/d\/285069-3\/IMG_20210206_125536.jpg \/><\/a><br \/>\n^ Talblick<\/p>\n<p><a href='http:\/\/ski.inmontanis.info\/d\/285074-2\/IMG_20210206_130426.jpg'><img src=http:\/\/ski.inmontanis.info\/d\/285073-3\/IMG_20210206_130426.jpg \/><\/a><br \/>\n^ Die von gegen\u00fcber gestern entdeckte Waldschneise ist nun erreicht, schaut recht nett aus, aber f\u00fcr die Abfahrt genauso flach<\/p>\n<p><a href='http:\/\/ski.inmontanis.info\/d\/285078-2\/IMG_20210206_130744.jpg'><img src=http:\/\/ski.inmontanis.info\/d\/285077-3\/IMG_20210206_130744.jpg \/><\/a><br \/>\n^ In der Waldschneise<\/p>\n<p><a href='http:\/\/ski.inmontanis.info\/d\/285082-2\/IMG_20210206_132956.jpg'><img src=http:\/\/ski.inmontanis.info\/d\/285081-3\/IMG_20210206_132956.jpg \/><\/a><br \/>\n^ Der dichte Wald endet nun bald<\/p>\n<p><a href='http:\/\/ski.inmontanis.info\/d\/285086-2\/IMG_20210206_133705.jpg'><img src=http:\/\/ski.inmontanis.info\/d\/285085-3\/IMG_20210206_133705.jpg \/><\/a><br \/>\n^ Waldschneise und gegen\u00fcber das stillgelegte Skigebiet von gestern<\/p>\n<p><a href='http:\/\/ski.inmontanis.info\/d\/285090-2\/IMG_20210206_133803.jpg'><img src=http:\/\/ski.inmontanis.info\/d\/285089-3\/IMG_20210206_133803.jpg \/><\/a><br \/>\n^ Die Schneemobilspuren gingen noch weiter, in die L\u00fccke schr\u00e4g links, also folgte ich der Spur<\/p>\n<p><a href='http:\/\/ski.inmontanis.info\/d\/285094-2\/IMG_20210206_135806.jpg'><img src=http:\/\/ski.inmontanis.info\/d\/285093-3\/IMG_20210206_135806.jpg \/><\/a><br \/>\n^ Nach der L\u00fccke; irgendwann ging die Spur weiter richtung links und ich zog nach rechts zu einem kleinen Kamm<\/p>\n<p><a href='http:\/\/ski.inmontanis.info\/d\/285098-2\/IMG_20210206_140007.jpg'><img src=http:\/\/ski.inmontanis.info\/d\/285097-3\/IMG_20210206_140007.jpg \/><\/a><br \/>\n^ man k\u00f6nnte noch l\u00e4nger weiter gehen, bis man zum Gipfel k\u00e4me<\/p>\n<p><a href='http:\/\/ski.inmontanis.info\/d\/285102-2\/IMG_20210206_140627.jpg'><img src=http:\/\/ski.inmontanis.info\/d\/285101-3\/IMG_20210206_140627.jpg \/><\/a><br \/>\n^ Nach ca. 330hm, ca. 3,2 km L\u00e4nge und ca. 2h beendete ich hier den Aufstieg und fuhr wieder ab. Wenigstens w\u00e4re es wohl heute auch in Blasj\u00f6n nicht sehr sonnig geblieben, so weit ist es ja dann doch nicht weg.<\/p>\n<p><a href='http:\/\/ski.inmontanis.info\/d\/285106-2\/IMG_20210206_140630.jpg'><img src=http:\/\/ski.inmontanis.info\/d\/285105-3\/IMG_20210206_140630.jpg \/><\/a><br \/>\n^ Pano<\/p>\n<p><a href='http:\/\/ski.inmontanis.info\/d\/285110-2\/IMG_20210206_143159.jpg'><img src=http:\/\/ski.inmontanis.info\/d\/285109-3\/IMG_20210206_143159.jpg \/><\/a><br \/>\n^ Die Waldschneise bin ich in den Aufstiegs- oder Schneemobilspuren abgefahren, hier konnte ich etwas abseits fahren<\/p>\n<p><a href='http:\/\/ski.inmontanis.info\/d\/285114-2\/ge20210206a.jpg'><img src=http:\/\/ski.inmontanis.info\/d\/285113-3\/ge20210206a.jpg \/><\/a><br \/>\n^ GPS-Track 6.2.2021<\/p>\n<p><a href='http:\/\/extra.inmontanis.info\/d\/61241-2\/IMG_20210206_144227.jpg'><img src=http:\/\/extra.inmontanis.info\/d\/61240-3\/IMG_20210206_144227.jpg \/><\/a><br \/>\n^ Der Griff von der Heckklappe ist mit dem ganzen Schnee nur noch schwer zu bedienen<\/p>\n<p><a href='http:\/\/extra.inmontanis.info\/d\/61245-2\/IMG_20210206_144232.jpg'><img src=http:\/\/extra.inmontanis.info\/d\/61244-3\/IMG_20210206_144232.jpg \/><\/a><br \/>\n^ .. auch das \u00d6ffnen ist mit dem Schnee nicht so einfach ..<\/p>\n<p><a href='http:\/\/extra.inmontanis.info\/d\/61249-2\/DSC03931.jpg'><img src=http:\/\/extra.inmontanis.info\/d\/61248-3\/DSC03931.jpg \/><\/a><br \/>\n^ Entgegen der Ank\u00fcndigung vor ein paar Tagen, ich m\u00fcsse mir am WE das Essen aus der TK holen, gab es doch ein Abendessen im K\u00fchlschrank, zwei dicke Hackfleischst\u00fccke, Kartoffelspalten und Zwiebelsauce.<\/p>\n","protected":false},"excerpt":{"rendered":"<p>6.2.2021<\/p>\n<p>Dieses WE h\u00e4tte eigentlich das Skigebiet Bl\u00e5sj\u00f6n \u00f6ffnen sollen, der Grund, warum ich hier in der Gegend bin.<\/p>\n<p>Leider wurde das kurzfristig abgesagt:<\/p>\n<p> The opening of the hill will be delayed until week 6 on Saturday 13 February due to repairs on several lifts. <\/p>\n<p>Das ist extremst nervig. Sonnigste Wettervorhersagen f\u00fcr Samstag <a href=\"http:\/\/blog.inmontanis.info\/?p=6538\">[&#8230;]<\/a><\/p>\n","protected":false},"author":1,"featured_media":0,"comment_status":"closed","ping_status":"closed","sticky":false,"template":"","format":"standard","meta":{"footnotes":""},"categories":[184,676,19,29],"tags":[96,45],"class_list":["post-6538","post","type-post","status-publish","format-standard","hentry","category-2021-01-skandinavien","category-gaddede","category-schwedensweden","category-skitourenwalk-ski","tag-polarlicht","tag-see","odd"],"_links":{"self":[{"href":"http:\/\/blog.inmontanis.info\/index.php?rest_route=\/wp\/v2\/posts\/6538","targetHints":{"allow":["GET"]}}],"collection":[{"href":"http:\/\/blog.inmontanis.info\/index.php?rest_route=\/wp\/v2\/posts"}],"about":[{"href":"http:\/\/blog.inmontanis.info\/index.php?rest_route=\/wp\/v2\/types\/post"}],"author":[{"embeddable":true,"href":"http:\/\/blog.inmontanis.info\/index.php?rest_route=\/wp\/v2\/users\/1"}],"replies":[{"embeddable":true,"href":"http:\/\/blog.inmontanis.info\/index.php?rest_route=%2Fwp%2Fv2%2Fcomments&post=6538"}],"version-history":[{"count":3,"href":"http:\/\/blog.inmontanis.info\/index.php?rest_route=\/wp\/v2\/posts\/6538\/revisions"}],"predecessor-version":[{"id":6541,"href":"http:\/\/blog.inmontanis.info\/index.php?rest_route=\/wp\/v2\/posts\/6538\/revisions\/6541"}],"wp:attachment":[{"href":"http:\/\/blog.inmontanis.info\/index.php?rest_route=%2Fwp%2Fv2%2Fmedia&parent=6538"}],"wp:term":[{"taxonomy":"category","embeddable":true,"href":"http:\/\/blog.inmontanis.info\/index.php?rest_route=%2Fwp%2Fv2%2Fcategories&post=6538"},{"taxonomy":"post_tag","embeddable":true,"href":"http:\/\/blog.inmontanis.info\/index.php?rest_route=%2Fwp%2Fv2%2Ftags&post=6538"}],"curies":[{"name":"wp","href":"https:\/\/api.w.org\/{rel}","templated":true}]}}