{"id":6535,"date":"2021-02-05T20:38:41","date_gmt":"2021-02-05T19:38:41","guid":{"rendered":"http:\/\/blog.inmontanis.info\/?p=6535"},"modified":"2023-08-05T13:11:35","modified_gmt":"2023-08-05T11:11:35","slug":"gaddede-4-5-2-2021-nordlicht-skitour","status":"publish","type":"post","link":"http:\/\/blog.inmontanis.info\/?p=6535","title":{"rendered":"G\u00e4ddede, 4.+5.2.2021 \/ Nordlicht \/ Skitour"},"content":{"rendered":"<p><strong>4.2.2021<\/strong><\/p>\n<p>Am vorhergehenden Abend wollt ich ja noch nach Nordlichtern Ausschau halten, weil ich vom Fenster aus \u00fcber den See einen recht weiten Blick in ca. n\u00f6rdlicher Richtung habe. Gleich beim ersten Foto war der Himmel sehr gr\u00fcn, also stand bzw. sa\u00df ich einige Zeit vor&#8217;m Fenster, irgendwann sah man dann auch mit blo\u00dfem Auge ein paar (nicht so starke) Nordlichter.<\/p>\n<p><a href='http:\/\/extra.inmontanis.info\/d\/61185-2\/DSC03855.jpg'><img src=http:\/\/extra.inmontanis.info\/d\/61184-3\/DSC03855.jpg \/><\/a><br \/>\n^ Aus dem Fenster geblickt, nichts von wegen Nordlichtern gesehen, Foto gemacht, oha, doch so gr\u00fcn.<\/p>\n<p><a href='http:\/\/extra.inmontanis.info\/d\/61189-2\/DSC03871.jpg'><img src=http:\/\/extra.inmontanis.info\/d\/61188-3\/DSC03871.jpg \/><\/a><br \/>\n^ Nordlichter um 21:34 (8sec\/ISO3200)<\/p>\n<p><a href='http:\/\/extra.inmontanis.info\/d\/61193-2\/DSC03873.jpg'><img src=http:\/\/extra.inmontanis.info\/d\/61192-3\/DSC03873.jpg \/><\/a><br \/>\n^ Ein Auto mit Fernlicht<\/p>\n<p><a href='http:\/\/extra.inmontanis.info\/d\/61197-2\/DSC03879.jpg'><img src=http:\/\/extra.inmontanis.info\/d\/61196-3\/DSC03879.jpg \/><\/a><br \/>\n^ 1-2 Str\u00f6me sieht man ja h\u00e4ufig (22:26) (8sec ISO 2000)<\/p>\n<p><a href='http:\/\/extra.inmontanis.info\/d\/61201-2\/DSC03881.jpg'><img src=http:\/\/extra.inmontanis.info\/d\/61200-3\/DSC03881.jpg \/><\/a><br \/>\n^ Leider hab ich durch das Vordach vor dem Fenster einen eingeschr\u00e4nkten Blickwinkel (8sec ISO 1000)<\/p>\n<p><a href='http:\/\/extra.inmontanis.info\/d\/61205-2\/DSC03885.jpg'><img src=http:\/\/extra.inmontanis.info\/d\/61204-3\/DSC03885.jpg \/><\/a><br \/>\n^ 22:34 Uhr (2,5sec ISO 2000), danach wurde es wieder ruhiger in der Blickrichtung, die ich sehen konnte<\/p>\n<p>Die Fr\u00fchst\u00fcckst\u00fcte war auch sehr gro\u00df, 4 belegte Brote, 2 Eier, 1 Mandarine (oder kleine Orange oder was auch immer), 1 Wasser\/Limo (somit auch f\u00fcr Mittag ausreichend, also schon quasi Vollpension), dazu zur freien Entnahme Milch, Joghurt, Kaffee\/Tee\/Kakao, Saft und Cornflakes.<\/p>\n<p><a href='http:\/\/extra.inmontanis.info\/d\/61209-2\/DSC03890.jpg'><img src=http:\/\/extra.inmontanis.info\/d\/61208-3\/DSC03890.jpg \/><\/a><br \/>\n^ Fr\u00fchst\u00fccks\/Lunchpaket, ein Schwarz-Toastbrot bereits gegessen<\/p>\n<p>H\u00e4tte ja lieber heute die eventuelle Skitour im Skigebiet G\u00e4ddede gemacht als morgen, aber es war komplett bedeckt und die Vorhersagen f\u00fcr morgen w\u00e4ren sonniger, also fuhr ich heute nur ein bisschen durch die Gegend, mal schauen, ob man jetzt im Winter zu dem einen Wasserfall kommt oder ob die Stra\u00dfe dorthin &#8211; wie so h\u00e4ufig im Winter &#8211; nicht ger\u00e4umt wird.<\/p>\n<p>Was dann auch der Fall war, sind also keine bewohnten H\u00e4user dort. Also bin ich noch zum ehemaligen Skigebiet in G\u00e4ddede gefahren, schauen, ob die Stra\u00dfe offen w\u00e4re &#8211; ja, war sie. Die Abfahrten sahen aber schon ziemlich verwachsen aus&#8230;<\/p>\n<p><a href='http:\/\/extra.inmontanis.info\/d\/61213-2\/DSC03894.jpg'><img src=http:\/\/extra.inmontanis.info\/d\/61212-3\/DSC03894.jpg \/><\/a><br \/>\n^ Schneestra\u00dfe<\/p>\n<p><a href='http:\/\/extra.inmontanis.info\/d\/61217-2\/DSC03902.jpg'><img src=http:\/\/extra.inmontanis.info\/d\/61216-3\/DSC03902.jpg \/><\/a><\/p>\n<p>(Start EDV-Thema, bei Desinteresse einfach \u00fcberspringen)<\/p>\n<p>Danach mich weiter mit iTunes besch\u00e4ftigt. Bisher hab ich meine iPods (diverse Nano) ja via iMac verwaltet. Den ich aber schlecht mitnehmen kann; und mich mit Virtualisierung unter anderen OS zu besch\u00e4ftigen, hat mir bisher daheim die Zeit gefehlt. Da ich aber gern auch unterwegs die iPods verwalten m\u00f6chte, wollte ich mir das irgendwann mal irgendwie installieren.<\/p>\n<p>Installiert hab ich am iMac nicht nur eine alte MacOS-Version (10.6.8, weil mir die neueren nicht mehr gefallen haben), sondern auch eine recht alte Version von iTunes, 10.7, die ich nicht mehr updaten wollte, weil es danach immer schlimmer und nerviger wurde, die Schriften und Abst\u00e4nde wurden sinnlos gr\u00f6\u00dfer und naja, die aktuellen Versionen sind ja immer noch bescheuerter zu bedienen. Um die Library ggf. sp\u00e4ter vom PC wieder auf den iMac zu transferien, wollte ich also auch am PC bei Version 10.7 bleiben.<\/p>\n<p>F\u00fcr mein iPhone 5S brauchts aber eine neuere iTunes-Version, daher ist auf meinem virtualisierten Win7 eben eine neuere iTunes-Version installiert (zum Backuppen des iPhones), die ich aber nicht f\u00fcr meine Musikverwaltung verwenden m\u00f6chte. Auf Linux mit Wine kann man iTunes zwar evtl. installieren, aber die Synchronisation mit iPods\/iPhones soll nicht funktionieren. Also hatte ich 2 M\u00f6glichkeiten zur Installation der Version 10.7: entweder im gesch\u00e4ftlichen Windows 10 oder in meiner alten virtualisierten Windows XP &#8211; Umgebung. Letzteres k\u00f6nnte ich unter Linux mit vmware parallel laufen lassen, also war das meine erste Wahl. \u00dcber einen Link zum Download alter Versionen fand ich den Download-Link der 32bit-Version interessanterweise direkt von den Apple-Servern (die haben also die alten Versionen noch irgendwo versteckt!), installierte diese im virtuellen XP und lud mit iTunes \u00fcber shift-start die noch daheim r\u00fcberkopierte iTunes-Library (70-80 GB oder so, davon knapp 30 GB Musik, ca. 6.600 Lieder). <\/p>\n<p>Soweit so gut, aber: die einst im iTunes-Store gekauften Musikst\u00fccke lassen sich nat\u00fcrlich nicht abspielen, daf\u00fcr muss der PC ja am Apple-Server aktiviert werden. Das Anmelden in iTunes am Store quitierte es mit einem kryptischen Fehler, lt. Internet das Problem, dass es in XP kein TLS 1.2 gibt. Das l\u00e4sst sich mit einem Trick (PosReady) installieren und aktivieren. Danach kam der n\u00e4chste Fehler. Zuf\u00e4llig war mein iPhone im WLAN und ich entdeckte den Grund: Die bescheuerte 2-Faktor-Authentifizierung, wonach man beim Anmelden einen Code eingeben m\u00fcsste. Die Eingabe so eines Codes gibt&#8217;s im alten iTunes nat\u00fcrlich nicht.<\/p>\n<p>Aber wiederum einen Trick im Internet gefunden: Man muss sich einfach im iTtunes nochmal anmelden und den Code, der am iPhone angezeigt wird, einfach am Passwort hinten anh\u00e4ngen. Damit hab ich&#8217;s tats\u00e4chlich gschafft, das alte iTunes im virtuellen XP zu aktivieren. Cool! <\/p>\n<p>Dass das alles noch funktioniert, geht nat\u00fcrlich nur, weil es Apple noch gibt, weil es Microsoft noch gibt, weil die noch ihre gewissen Server laufen haben und man bei Microsoft so z.B. auch noch alte Windows- und Officeversionen aktivieren kann. Wenn das Unternehmen nicht mehr existiert oder irgendwann keine Lust mehr hat, hast nat\u00fcrlich Pech gehabt. Und deshalb find ich diesen ganzen Authentifizierungsschei\u00df einfach bescheuert, weil da auch aus geschichtlicher Hinsicht viel von unserer Zeit verloren gehen wird. <\/p>\n<p>Daher hab ich das auch irgendwann wieder gelassen mit den Musikk\u00e4ufen von Apple und lieber wieder CDs gekauft oder MP3s von Amazon. Oder von Internetradiosendern mitgeschnitten. Die MP3s, die ich daheim gespeichert hab, kann mir keiner nehmen, die werd ich bis an mein Lebensende anh\u00f6ren k\u00f6nnen. Daher mittlerweile auch die Audible-H\u00f6rb\u00fccher nicht nur alle runtergeladen, sondern zu MP3 konvertiert.<\/p>\n<p>So, das Abspielen der gesch\u00fctzten Lieder funktionierte, einen von den beiden iPods, die ich dabei hab &#8211; einer im Auto, einer zum Skifahren &#8211; musste ich  noch vom Mac- aufs Windows-Format umformatieren, der andere war wohl schon auf Windows-Format (und konnte bisher trotzdem vom iMac synchronisiert werden).<\/p>\n<p>(Ende EDV-Thema)<\/p>\n<p>Heute Abend schien ich alleine im Haus zu sein, es wurde aber trotzdem noch ein Abendessen f\u00fcr mich gemacht. Im K\u00fchlschrank fand ich einen Teller mit 2 Fischfilets und Ei-Sahne-Sauce und Kartoffel, dazu ein Salat &#8211; pappsatt. Da es in der Lobby etwas arg kalt war und auch recht dunkel (und ich keinen Lichtschalter finden konnte), nahm ich das Essen auf&#8217;s Zimmer. <\/p>\n<p><a href='http:\/\/extra.inmontanis.info\/d\/61221-2\/DSC03910.jpg'><img src=http:\/\/extra.inmontanis.info\/d\/61220-3\/DSC03910.jpg \/><\/a><br \/>\n^ Abendessen, 2 Fischfilets mit Ei-Sauce, Kartoffeln und Salat. So langsam hab ich aber genug Tomaten, Fr\u00fch, Mittag, Abend ..<\/p>\n<p>Die Nordlichtaktivit\u00e4t blieb den Abend \u00fcber schwach, so dass ich nicht weiter aus dem Fenster geschaut hab. 2 Testfotos zu unterschiedlichen Zeiten zeigten aber durchaus leichte Aktivit\u00e4ten im Norden.<\/p>\n<p><strong>5.2.2021<\/strong><\/p>\n<p><a href='http:\/\/extra.inmontanis.info\/d\/61225-2\/DSC03914.jpg'><img src=http:\/\/extra.inmontanis.info\/d\/61224-3\/DSC03914.jpg \/><\/a><br \/>\n^ Zimmer-Pano<\/p>\n<p>Im Fr\u00fchst\u00fccksbeutel war heut nicht nur eine Mandarine o.\u00e4., sondern auch ein Apfel. Da mir beides doch etwas zu viel ist, behielt ich diesmal den Apfel und legte die orangene Frucht zur\u00fcck in den K\u00fchlschrank. <\/p>\n<p>Nach Mittag fuhr ich also ins ehemalige Skigebiet oberhalb von G\u00e4ddede, bugsierte meine Tourenski aus dem Auto und nahm die linke, \u00e4u\u00dfere, flachere Piste f\u00fcr den Aufstieg. Generell sind die Abfahrten sehr verwachsen, aber einige Wege scheinen doch in Stand gehalten zu werden.<\/p>\n<p>150 H\u00f6henmeter sind in den Alpen nix, ein Tallift, der sich nicht lohnt, aufzusteigen. In Schweden sind 150 hm ein ganzes Skigebiet, man erreicht einen Gipfel und hat ein 360\u00b0 Pano. Nat\u00fcrlich lie\u00df ich mir Zeit beim Aufstieg, wollte ja meine Kleidung nicht zu sehr vollschwitzen. Die ich \u00fcbrigens momentan ca. 1x pro Woche per Handw\u00e4sche reinige (Unterw\u00e4sche evtl. etwas h\u00e4ufiger, Pullover evtl. etwas seltener), zus\u00e4tzlich zu ein paar t\u00e4glichen, gezielten Textilerfrischerspray-Spritzern (und alle paar Tage einen Tropfen Lavendel\u00f6l in die Schuhe). Auf einem Handtuchw\u00e4rmer oder \u00fcber der Heizung (wenn nicht gerade Elektro) wird das dann in ein paar Stunden oder \u00fcber Nacht trocken. Ich frag mich, warum ich bei meinen bisherigen Urlauben sonst immer f\u00fcr jeden Tag frische W\u00e4sche mitgenommen hab :)<\/p>\n<p>Jedenfalls machte das Skigebiet einen recht netten Eindruck &#8211; da bin ich auf dieser Reise schon langweiligeres gefahren (und hab langweiligeres ausgelassen). Relativ steil, etliche Abfahrten, wenn auch kurz. Den SL h\u00e4tte ich gern in Betrieb erlebt.<\/p>\n<p>Wie bei Skitouren meist \u00fcblich, hab ich auf den schweren Rucksack und die gro\u00dfe Cam verzichtet und nur mit dem Handy fotografiert.<\/p>\n<p>Und die aktuellen Bilder:<\/p>\n<p><a href='http:\/\/ski.inmontanis.info\/d\/284906-2\/DSC03916.jpg'><img src=http:\/\/ski.inmontanis.info\/d\/284905-3\/DSC03916.jpg \/><\/a><br \/>\n^ Ankunft im seit einigen Jahren geschlossenen Skigebiet oberhalb von G\u00e4ddede<\/p>\n<p><a href='http:\/\/ski.inmontanis.info\/d\/284910-2\/DSC03917.jpg'><img src=http:\/\/ski.inmontanis.info\/d\/284909-3\/DSC03917.jpg \/><\/a><br \/>\n^ Talstation SL. Hab ich ja letztes Jahr im Mai ja schon fotografiert<\/p>\n<p><a href='http:\/\/ski.inmontanis.info\/d\/280734-3\/DSC09831.jpg'><img src=http:\/\/ski.inmontanis.info\/d\/280733-4\/DSC09831.jpg \/><\/a><br \/>\n^ Mai 2020<\/p>\n<p><a href='http:\/\/ski.inmontanis.info\/d\/280722-3\/DSC09828.jpg'><img src=http:\/\/ski.inmontanis.info\/d\/280721-4\/DSC09828.jpg \/><\/a><br \/>\n^ Mai 2020<\/p>\n<p><a href='http:\/\/ski.inmontanis.info\/d\/280726-3\/DSC09829.jpg'><img src=http:\/\/ski.inmontanis.info\/d\/280725-4\/DSC09829.jpg \/><\/a><br \/>\n^ Mai 2020<\/p>\n<p><a href='http:\/\/ski.inmontanis.info\/d\/280730-3\/DSC09830.jpg'><img src=http:\/\/ski.inmontanis.info\/d\/280729-4\/DSC09830.jpg \/><\/a><br \/>\n^ Mai 2020<\/p>\n<p><a href='http:\/\/ski.inmontanis.info\/d\/284914-2\/IMG_20210205_130609.jpg'><img src=http:\/\/ski.inmontanis.info\/d\/284913-3\/IMG_20210205_130609.jpg \/><\/a><br \/>\n^ SL-Trasse<\/p>\n<p><a href='http:\/\/ski.inmontanis.info\/d\/284918-2\/IMG_20210205_131600.jpg'><img src=http:\/\/ski.inmontanis.info\/d\/284917-3\/IMG_20210205_131600.jpg \/><\/a><br \/>\n^ Aufstieg auf der linken, flacheren Piste. Die SL-Trasse schien mir zu steil und zu verwachsen<\/p>\n<p><a href='http:\/\/ski.inmontanis.info\/d\/284922-2\/IMG_20210205_132339.jpg'><img src=http:\/\/ski.inmontanis.info\/d\/284921-3\/IMG_20210205_132339.jpg \/><\/a><br \/>\n^ .. hier ging ein Weg durch<\/p>\n<p><a href='http:\/\/ski.inmontanis.info\/d\/284926-2\/IMG_20210205_133247.jpg'><img src=http:\/\/ski.inmontanis.info\/d\/284925-3\/IMG_20210205_133247.jpg \/><\/a><br \/>\n^ Auf den Stockeinsatz konnte man sich beim Aufstieg nicht verlassen, manchmal sank man tief ein.<\/p>\n<p><a href='http:\/\/ski.inmontanis.info\/d\/284930-2\/IMG_20210205_133536.jpg'><img src=http:\/\/ski.inmontanis.info\/d\/284929-3\/IMG_20210205_133536.jpg \/><\/a><br \/>\n^ <\/p>\n<p><a href='http:\/\/ski.inmontanis.info\/d\/284934-2\/IMG_20210205_134243.jpg'><img src=http:\/\/ski.inmontanis.info\/d\/284933-3\/IMG_20210205_134243.jpg \/><\/a><br \/>\n^ Aufstieg auf der linken, \u00e4u\u00dferen Piste<\/p>\n<p><a href='http:\/\/ski.inmontanis.info\/d\/284938-2\/IMG_20210205_134450.jpg'><img src=http:\/\/ski.inmontanis.info\/d\/284937-3\/IMG_20210205_134450.jpg \/><\/a><br \/>\n^ Aufstieg auf der linken, \u00e4u\u00dferen Piste<\/p>\n<p><a href='http:\/\/ski.inmontanis.info\/d\/284942-2\/IMG_20210205_135147.jpg'><img src=http:\/\/ski.inmontanis.info\/d\/284941-3\/IMG_20210205_135147.jpg \/><\/a><br \/>\n^ Aufstieg auf der linken, \u00e4u\u00dferen Piste. S\u00e4he ganz nett aus<\/p>\n<p><a href='http:\/\/ski.inmontanis.info\/d\/284946-2\/IMG_20210205_135404.jpg'><img src=http:\/\/ski.inmontanis.info\/d\/284945-3\/IMG_20210205_135404.jpg \/><\/a><br \/>\n^ Wie die Stecken sanken auch die Ski mal mehr, mal weniger tief ein<\/p>\n<p><a href='http:\/\/ski.inmontanis.info\/d\/284950-2\/IMG_20210205_135558.jpg'><img src=http:\/\/ski.inmontanis.info\/d\/284949-3\/IMG_20210205_135558.jpg \/><\/a><br \/>\n^ Zur Erinnerung, ich hab ja letztes Fr\u00fchjahr auf meinen Carpani-Nostalgie-Foto-Ski eine Tourenbindung montieren lassen<\/p>\n<p><a href='http:\/\/ski.inmontanis.info\/d\/284954-2\/IMG_20210205_140402.jpg'><img src=http:\/\/ski.inmontanis.info\/d\/284953-3\/IMG_20210205_140402.jpg \/><\/a><br \/>\n^ Keine Ahnung, k\u00f6nnte vielleicht eine der linken steileren Pisten gewesen sein<\/p>\n<p><a href='http:\/\/ski.inmontanis.info\/d\/284958-2\/IMG_20210205_140406.jpg'><img src=http:\/\/ski.inmontanis.info\/d\/284957-3\/IMG_20210205_140406.jpg \/><\/a><br \/>\n^ Aufstieg auf der linken, \u00e4u\u00dferen Piste.<\/p>\n<p><a href='http:\/\/ski.inmontanis.info\/d\/284962-2\/IMG_20210205_140409.jpg'><img src=http:\/\/ski.inmontanis.info\/d\/284961-3\/IMG_20210205_140409.jpg \/><\/a><br \/>\n^ Aufstieg auf der linken, \u00e4u\u00dferen Piste, SL in Reichweite<\/p>\n<p><a href='http:\/\/ski.inmontanis.info\/d\/284966-2\/IMG_20210205_141041.jpg'><img src=http:\/\/ski.inmontanis.info\/d\/284965-3\/IMG_20210205_141041.jpg \/><\/a><br \/>\n^ SL Bergstation<\/p>\n<p><a href='http:\/\/ski.inmontanis.info\/d\/284970-2\/IMG_20210205_141207.jpg'><img src=http:\/\/ski.inmontanis.info\/d\/284969-3\/IMG_20210205_141207.jpg \/><\/a><br \/>\n^ SL Bergstation; links gings noch ein St\u00fcck einen Gipfel rauf<\/p>\n<p><a href='http:\/\/ski.inmontanis.info\/d\/284974-2\/IMG_20210205_141530.jpg'><img src=http:\/\/ski.inmontanis.info\/d\/284973-3\/IMG_20210205_141530.jpg \/><\/a><br \/>\n^ Gipfelpano<\/p>\n<p><a href='http:\/\/ski.inmontanis.info\/d\/284978-2\/IMG_20210205_141534.jpg'><img src=http:\/\/ski.inmontanis.info\/d\/284977-3\/IMG_20210205_141534.jpg \/><\/a><br \/>\n^ Gipfelpano richtung Norwegen<\/p>\n<p><a href='http:\/\/ski.inmontanis.info\/d\/284982-2\/IMG_20210205_141539.jpg'><img src=http:\/\/ski.inmontanis.info\/d\/284981-3\/IMG_20210205_141539.jpg \/><\/a><br \/>\n^ Gipfelpano, da hinten sind ein paar etwas h\u00f6here Berge<\/p>\n<p><a href='http:\/\/ski.inmontanis.info\/d\/284986-2\/IMG_20210205_141543.jpg'><img src=http:\/\/ski.inmontanis.info\/d\/284985-3\/IMG_20210205_141543.jpg \/><\/a><br \/>\n^ Gipfelpano<\/p>\n<p><a href='http:\/\/ski.inmontanis.info\/d\/284990-2\/IMG_20210205_142740.jpg'><img src=http:\/\/ski.inmontanis.info\/d\/284989-3\/IMG_20210205_142740.jpg \/><\/a><br \/>\n^ Pano mit SL<\/p>\n<p><a href='http:\/\/ski.inmontanis.info\/d\/284994-2\/IMG_20210205_142904.jpg'><img src=http:\/\/ski.inmontanis.info\/d\/284993-3\/IMG_20210205_142904.jpg \/><\/a><br \/>\n^ SL Bergstation<\/p>\n<p><a href='http:\/\/ski.inmontanis.info\/d\/284998-2\/IMG_20210205_143141.jpg'><img src=http:\/\/ski.inmontanis.info\/d\/284997-3\/IMG_20210205_143141.jpg \/><\/a><br \/>\n^ Start der rechten Abfahrten<\/p>\n<p><a href='http:\/\/ski.inmontanis.info\/d\/285002-2\/IMG_20210205_143143.jpg'><img src=http:\/\/ski.inmontanis.info\/d\/285001-3\/IMG_20210205_143143.jpg \/><\/a><br \/>\n^ SL \/ Ausstieg<\/p>\n<p><a href='http:\/\/ski.inmontanis.info\/d\/285006-2\/IMG_20210205_143304.jpg'><img src=http:\/\/ski.inmontanis.info\/d\/285005-3\/IMG_20210205_143304.jpg \/><\/a><br \/>\n^ SL St\u00fctze 8<\/p>\n<p><a href='http:\/\/ski.inmontanis.info\/d\/285010-2\/IMG_20210205_143411.jpg'><img src=http:\/\/ski.inmontanis.info\/d\/285009-3\/IMG_20210205_143411.jpg \/><\/a><br \/>\n^ SL St\u00fctze 8<\/p>\n<p><a href='http:\/\/ski.inmontanis.info\/d\/285014-2\/IMG_20210205_143417.jpg'><img src=http:\/\/ski.inmontanis.info\/d\/285013-3\/IMG_20210205_143417.jpg \/><\/a><br \/>\n^ SL-Trasse<\/p>\n<p><a href='http:\/\/ski.inmontanis.info\/d\/285018-2\/IMG_20210205_144054.jpg'><img src=http:\/\/ski.inmontanis.info\/d\/285017-3\/IMG_20210205_144054.jpg \/><\/a><br \/>\n^ Da die Abfahrt weiter au\u00dfen sehr verwachsen aussah, nahm ich den Haupthang &#8211; durch die Schneemobilspuren aber auch nicht so optimal gewesen<\/p>\n<p><a href='http:\/\/ski.inmontanis.info\/d\/285022-2\/IMG_20210205_144137.jpg'><img src=http:\/\/ski.inmontanis.info\/d\/285021-3\/IMG_20210205_144137.jpg \/><\/a><br \/>\n^ leider von oben nicht gesehen, dass da rechts mehr Platz gewesen w\u00e4re, aber ging auch so<\/p>\n<p><a href='http:\/\/ski.inmontanis.info\/d\/285026-2\/IMG_20210205_144437.jpg'><img src=http:\/\/ski.inmontanis.info\/d\/285025-3\/IMG_20210205_144437.jpg \/><\/a><br \/>\n^ Abfahrt war recht kurz<\/p>\n<p><a href='http:\/\/ski.inmontanis.info\/d\/285030-2\/IMG_20210205_144537.jpg'><img src=http:\/\/ski.inmontanis.info\/d\/285029-3\/IMG_20210205_144537.jpg \/><\/a><br \/>\n^ Den Hang sah ich und wechselte r\u00fcber<\/p>\n<p><a href='http:\/\/ski.inmontanis.info\/d\/285034-2\/IMG_20210205_144704.jpg'><img src=http:\/\/ski.inmontanis.info\/d\/285033-3\/IMG_20210205_144704.jpg \/><\/a><br \/>\n^ SL-Trasse<\/p>\n<p><a href='http:\/\/ski.inmontanis.info\/d\/285038-2\/IMG_20210205_145026.jpg'><img src=http:\/\/ski.inmontanis.info\/d\/285037-3\/IMG_20210205_145026.jpg \/><\/a><br \/>\n^ SL Talstation<\/p>\n<p><a href='http:\/\/ski.inmontanis.info\/d\/285042-2\/ge20210205.jpg'><img src=http:\/\/ski.inmontanis.info\/d\/285041-3\/ge20210205.jpg \/><\/a><br \/>\n^ GPS-Track 5.2.2021, links zwischen meinem gelben Aufstieg und dem SL sieht man 2 verwachsene Abfahrtsschneisen, links evtl. noch eine, rechts mindestens eine, vielleicht noch mehr.<\/p>\n<p>Danach noch zum Einkaufen (haupts\u00e4chlich Getr\u00e4nke).<\/p>\n<p><a href='http:\/\/extra.inmontanis.info\/d\/61229-2\/DSC03919.jpg'><img src=http:\/\/extra.inmontanis.info\/d\/61228-3\/DSC03919.jpg \/><\/a><br \/>\n^ Heutiges Abendessen<\/p>\n<p>Um 18:55 gab&#8217;s einen Stromausfall. Ganz toll, wenn man alleine im Haus ist und nicht wei\u00df, ob es die Stra\u00dfe, den Ort oder nur das Hotel betrifft und man evtl. gleich \u00fcberfallen wird&#8230; und die Heizung nur mit Strom heizt..<\/p>\n<p>Nach 2 Minuten war der Strom f\u00fcr 1-2 Sekunden wieder da, dann wieder weg, das spricht wohl eher nach einem Stromausfall au\u00dferhalb des Hotels?! Auch die Stra\u00dfenbeleuchtung, die man vom Fenster aus sieht, war aus.<\/p>\n<p>Der Himmel war aber bedeckt, also nix mit Nordlichter. Aber dank Handys hat man heutzutage ja nicht nur genug Licht, sondern auch Besch\u00e4ftigung. <\/p>\n<p>Erst um 19:36 war der zweite gro\u00dfe Stromausfall auf dieser Reise wieder vorbei und ich konnte den Bericht fertig schreiben. <\/p>\n","protected":false},"excerpt":{"rendered":"<p>4.2.2021<\/p>\n<p>Am vorhergehenden Abend wollt ich ja noch nach Nordlichtern Ausschau halten, weil ich vom Fenster aus \u00fcber den See einen recht weiten Blick in ca. n\u00f6rdlicher Richtung habe. Gleich beim ersten Foto war der Himmel sehr gr\u00fcn, also stand bzw. sa\u00df ich einige Zeit vor&#8217;m Fenster, irgendwann sah man dann auch mit blo\u00dfem Auge <a href=\"http:\/\/blog.inmontanis.info\/?p=6535\">[&#8230;]<\/a><\/p>\n","protected":false},"author":1,"featured_media":0,"comment_status":"closed","ping_status":"closed","sticky":false,"template":"","format":"standard","meta":{"footnotes":""},"categories":[184,676,19,29],"tags":[96,45,47],"class_list":["post-6535","post","type-post","status-publish","format-standard","hentry","category-2021-01-skandinavien","category-gaddede","category-schwedensweden","category-skitourenwalk-ski","tag-polarlicht","tag-see","tag-sl","odd"],"_links":{"self":[{"href":"http:\/\/blog.inmontanis.info\/index.php?rest_route=\/wp\/v2\/posts\/6535","targetHints":{"allow":["GET"]}}],"collection":[{"href":"http:\/\/blog.inmontanis.info\/index.php?rest_route=\/wp\/v2\/posts"}],"about":[{"href":"http:\/\/blog.inmontanis.info\/index.php?rest_route=\/wp\/v2\/types\/post"}],"author":[{"embeddable":true,"href":"http:\/\/blog.inmontanis.info\/index.php?rest_route=\/wp\/v2\/users\/1"}],"replies":[{"embeddable":true,"href":"http:\/\/blog.inmontanis.info\/index.php?rest_route=%2Fwp%2Fv2%2Fcomments&post=6535"}],"version-history":[{"count":2,"href":"http:\/\/blog.inmontanis.info\/index.php?rest_route=\/wp\/v2\/posts\/6535\/revisions"}],"predecessor-version":[{"id":6537,"href":"http:\/\/blog.inmontanis.info\/index.php?rest_route=\/wp\/v2\/posts\/6535\/revisions\/6537"}],"wp:attachment":[{"href":"http:\/\/blog.inmontanis.info\/index.php?rest_route=%2Fwp%2Fv2%2Fmedia&parent=6535"}],"wp:term":[{"taxonomy":"category","embeddable":true,"href":"http:\/\/blog.inmontanis.info\/index.php?rest_route=%2Fwp%2Fv2%2Fcategories&post=6535"},{"taxonomy":"post_tag","embeddable":true,"href":"http:\/\/blog.inmontanis.info\/index.php?rest_route=%2Fwp%2Fv2%2Ftags&post=6535"}],"curies":[{"name":"wp","href":"https:\/\/api.w.org\/{rel}","templated":true}]}}