{"id":6530,"date":"2021-02-03T19:43:10","date_gmt":"2021-02-03T18:43:10","guid":{"rendered":"http:\/\/blog.inmontanis.info\/?p=6530"},"modified":"2023-08-05T16:04:04","modified_gmt":"2023-08-05T14:04:04","slug":"1-3-2-2021","status":"publish","type":"post","link":"http:\/\/blog.inmontanis.info\/?p=6530","title":{"rendered":"1.-3.2.2021"},"content":{"rendered":"<p><strong>1.2.2021<\/strong><\/p>\n<p>Gut, dass ich gestern Abend geduscht hatte, heut fr\u00fch gab&#8217;s n\u00e4mlich kein Wasser. Vermutlich irgendetwas eingefroren. Lt. Inhaber hatte es heute Nacht -30\u00b0 und die letzten Tage waren ja auch schon -20\u00b0 usw. Der Hausherr meinte sp\u00e4ter noch, dass so eine (starke und\/oder langanhaltende) K\u00e4lte schon recht ungew\u00f6hnlich sei f\u00fcr die Gegend hier.    <\/p>\n<p>Laut  Vorhersagen h\u00e4tte es ja gar nicht so kalt sein sollen, allerdings sollte es demnach auch vormittags bedeckt sein und tats\u00e4chlich war strahlendblauer Himmel &#8230;<\/p>\n<p>Zu Mittag am Auto hatte es -24\u00b0 und w\u00e4rmer als -21\u00b0 wurde es auf meiner Fahrt auch nicht. Ich besuchte zwei andere Skigebiete in der Gegend, um den sonnigen Tag nicht ganz nutzlos verstreichen zu lassen, ging noch kurz einkaufen und holte mir von der Pizzeria eine Pizza aus der g\u00fcnstigsten Kategorie um ca. 8,50 \u20ac mit Hackfleisch, Champignons, Paprika und Zwiebel. F\u00fcr unsereins ist das ein durchaus g\u00fcnstiger Preis f\u00fcr eine Pizza; etwas eigenartig f\u00fcr unser Preisempfinden ist nur, dass auch ein Kebap\/D\u00f6ner gleich viel kostet.<\/p>\n<p><a href='http:\/\/extra.inmontanis.info\/d\/61085-2\/DSC03734.jpg'><img src=http:\/\/extra.inmontanis.info\/d\/61084-3\/DSC03734.jpg \/><\/a><br \/>\n^ Mittags in Schweden, -24\u00b0, das Radio f\u00e4hrt langsamer raus, die Displays sind tr\u00e4ger, die hinteren T\u00fcren gehen schwerer auf ..<\/p>\n<p><a href='http:\/\/extra.inmontanis.info\/d\/61089-2\/DSC03747.jpg'><img src=http:\/\/extra.inmontanis.info\/d\/61088-3\/DSC03747.jpg \/><\/a><br \/>\n^ Pano kurz vorm Skigebiet Svedjebacken bei K\u00e4larne<\/p>\n<p><a href='http:\/\/ski.inmontanis.info\/d\/284872-2\/DSC03751.jpg'><img src=http:\/\/ski.inmontanis.info\/d\/284870-3\/DSC03751.jpg \/><\/a><br \/>\n^ Skigebiet Svedjebacken bei K\u00e4larne, ein SSL mit Portalst\u00fctzen, in Schweden ist alles m\u00f6glich.<\/p>\n<p><a href='http:\/\/ski.inmontanis.info\/d\/284876-2\/DSC03752.jpg'><img src=http:\/\/ski.inmontanis.info\/d\/284875-3\/DSC03752.jpg \/><\/a><br \/>\n^ Skigebiet Svedjebacken bei K\u00e4larne<\/p>\n<p><a href='http:\/\/extra.inmontanis.info\/d\/61093-2\/DSC03754.jpg'><img src=http:\/\/extra.inmontanis.info\/d\/61092-3\/DSC03754.jpg \/><\/a><br \/>\n^ Zufahrt zurm Skigebiet Svedjebacken bei K\u00e4larne<\/p>\n<p><a href='http:\/\/extra.inmontanis.info\/d\/61097-2\/DSC03758.jpg'><img src=http:\/\/extra.inmontanis.info\/d\/61096-3\/DSC03758.jpg \/><\/a><br \/>\n^ Die Stra\u00dfen in Schweden sind sch\u00f6ner pr\u00e4pariert als manche Skiabfahrt ;-)<\/p>\n<p><a href='http:\/\/extra.inmontanis.info\/d\/61101-2\/DSC03761.jpg'><img src=http:\/\/extra.inmontanis.info\/d\/61100-3\/DSC03761.jpg \/><\/a><br \/>\n^ .. die alte Tankstelle links hab ich leider beim Vorbeifahren nicht bemerkt, als ich den Stra\u00dfenbelag fotografieren wollte..<\/p>\n<p><a href='http:\/\/ski.inmontanis.info\/d\/284882-2\/DSC03764.jpg'><img src=http:\/\/ski.inmontanis.info\/d\/284880-3\/DSC03764.jpg \/><\/a><br \/>\n^ Skigebiet Forsbacken<\/p>\n<p><a href='http:\/\/ski.inmontanis.info\/d\/284886-2\/DSC03765.jpg'><img src=http:\/\/ski.inmontanis.info\/d\/284885-3\/DSC03765.jpg \/><\/a><br \/>\n^ Talstation<\/p>\n<p><a href='http:\/\/ski.inmontanis.info\/d\/284890-2\/DSC03766.jpg'><img src=http:\/\/ski.inmontanis.info\/d\/284889-3\/DSC03766.jpg \/><\/a><br \/>\n^ SL-Einstieg<\/p>\n<p><a href='http:\/\/ski.inmontanis.info\/d\/284894-2\/DSC03767.jpg'><img src=http:\/\/ski.inmontanis.info\/d\/284893-3\/DSC03767.jpg \/><\/a><br \/>\n^ SL-Trasse<\/p>\n<p><a href='http:\/\/ski.inmontanis.info\/d\/284898-2\/DSC03768.jpg'><img src=http:\/\/ski.inmontanis.info\/d\/284897-3\/DSC03768.jpg \/><\/a><br \/>\n^ SL-Talstation<\/p>\n<p><a href='http:\/\/ski.inmontanis.info\/d\/284902-2\/DSC03770.jpg'><img src=http:\/\/ski.inmontanis.info\/d\/284901-3\/DSC03770.jpg \/><\/a><br \/>\n^ SL-Talstation<\/p>\n<p><a href='http:\/\/extra.inmontanis.info\/d\/61105-2\/DSC03777.jpg'><img src=http:\/\/extra.inmontanis.info\/d\/61104-3\/DSC03777.jpg \/><\/a><br \/>\n^ Richtung Hammarstrand<\/p>\n<p><a href='http:\/\/extra.inmontanis.info\/d\/61109-2\/DSC03780.jpg'><img src=http:\/\/extra.inmontanis.info\/d\/61108-3\/DSC03780.jpg \/><\/a><br \/>\n^ V\u00e4gen, kurz vor Hammarstrand  nahm ich eine alternative Stra\u00dfe um einen Berg herum<\/p>\n<p><a href='http:\/\/extra.inmontanis.info\/d\/61113-2\/DSC03781.jpg'><img src=http:\/\/extra.inmontanis.info\/d\/61112-3\/DSC03781.jpg \/><\/a><br \/>\n^ Br\u00fccke (oder so) bei V\u00e4gen<\/p>\n<p><a href='http:\/\/extra.inmontanis.info\/d\/61117-2\/DSC03789.jpg'><img src=http:\/\/extra.inmontanis.info\/d\/61116-3\/DSC03789.jpg \/><\/a><br \/>\n^ Links das Skigebiet Kullstabacken, rechts daneben der Grund f\u00fcr den Namen Elefantberget, weil die Bergformation wie ein Elefant aussieht<\/p>\n<p><a href='http:\/\/extra.inmontanis.info\/d\/61121-2\/DSC03793.jpg'><img src=http:\/\/extra.inmontanis.info\/d\/61120-3\/DSC03793.jpg \/><\/a><br \/>\n^ Pizza mit Hackfleisch, Champignons, Paprika und Zwiebel<\/p>\n<p>Obwohl ich Wurst+K\u00e4se auch in den K\u00fchlschrank in der K\u00fcche einen Stock tiefer legen k\u00f6nnte, belie\u00df ich sie auf dem Fensterbrett &#8211; innen im Zimmer, war kalt genug. Das Eis, das sich innen an der Scheibe durch das Kondenswasser bildete, war selbst nachmittags noch nicht aufgetaut&#8230;<\/p>\n<p><strong>2.2.2021<\/strong><\/p>\n<p>Nichts zu berichten, ich blieb in der Unterkunft. Ich holte mir im Laufe des Nachmittags mein Abendessen aus dem Auto und konnte endlich mal die Scheibenwischer von der Scheibe frei bekommen und das Eis vom Gummi l\u00f6sen.<\/p>\n<p>Die Maus lie\u00df sich auch heute nicht blicken und zerst\u00f6rte auch mein Essen am Fenster nicht. (Die anderen Sachen tat ich nachts aber vorsichtshalber in die Tasche und machte den Rei\u00dfverschluss zu.)<\/p>\n<p><strong>3.2.2021<\/strong><\/p>\n<p>Zu Mittag fuhr ich von meiner Unterkunft los nach G\u00e4ddede, waren ein paar Stunden Fahrt, Zwischenhalt in Str\u00f6msund bei einem ICA-Supermarkt und einem Frasses-Fastfoodladen. Den Laxburger haben sie ja mittlerweile etwas ge\u00e4ndert, die s\u00e4uerlich eingelegten roten Zwiebel oben drauf war aber nicht so ganz meins.<\/p>\n<p><a href='http:\/\/extra.inmontanis.info\/d\/61125-2\/DSC03794.jpg'><img src=http:\/\/extra.inmontanis.info\/d\/61124-3\/DSC03794.jpg \/><\/a><br \/>\n^ Handseife mit Karamell-Geruch .. gibt schon eigenartige Sachen auf der Welt :-)<\/p>\n<p><a href='http:\/\/extra.inmontanis.info\/d\/61129-2\/DSC03797.jpg'><img src=http:\/\/extra.inmontanis.info\/d\/61128-3\/DSC03797.jpg \/><\/a><br \/>\n^ Zwischen Hammarstrand und Str\u00f6msund<\/p>\n<p><a href='http:\/\/extra.inmontanis.info\/d\/61133-2\/DSC03798.jpg'><img src=http:\/\/extra.inmontanis.info\/d\/61132-3\/DSC03798.jpg \/><\/a><br \/>\n^ Zwischen Hammarstrand und Str\u00f6msund<\/p>\n<p><a href='http:\/\/extra.inmontanis.info\/d\/61137-2\/DSC03811.jpg'><img src=http:\/\/extra.inmontanis.info\/d\/61136-3\/DSC03811.jpg \/><\/a><br \/>\n^ Zwischen Hammarstrand und Str\u00f6msund<\/p>\n<p><a href='http:\/\/extra.inmontanis.info\/d\/61141-2\/IMG_20210203_134256.jpg'><img src=http:\/\/extra.inmontanis.info\/d\/61140-3\/IMG_20210203_134256.jpg \/><\/a><br \/>\n^ Lax skagenmeny; etwas anders als bisher der Lachsburger beim Frasses. F\u00fcr die Pommes entschied ich mich wie \u00fcblich f\u00fcr das Sourcream-and-Onion-Pulver, von dem mir wieder zu viel raus gegangen ist. (Mit Pommes und Getr\u00e4nk ca. 8,90 \u20ac)<\/p>\n<p>Ebenfalls im Frasses war ein deutsches Rentnerpaar, wobei sie etwas schwedisch sprach. W\u00e4hrend sie innen a\u00dfen (sie: Pizza, er: Kassler Hawaii mit Pommes), lie\u00dfen sie das Auto drau\u00dfen laufen und den Kofferraum offen (samt Huskys drin).<\/p>\n<p>Von Str\u00f6msund nach G\u00e4ddede nahm ich eine andere, kleinere Stra\u00dfe, ca. 5km k\u00fcrzer oder so, aber die kleinen Nebenstra\u00dfen sind ja oft recht nett.<\/p>\n<p><a href='http:\/\/extra.inmontanis.info\/d\/61145-2\/DSC03816.jpg'><img src=http:\/\/extra.inmontanis.info\/d\/61144-3\/DSC03816.jpg \/><\/a><br \/>\n^ Zwischen Str\u00f6msund und G\u00e4ddede, auf der s\u00fcdlichen Stra\u00dfenvariante<\/p>\n<p><a href='http:\/\/extra.inmontanis.info\/d\/61149-2\/DSC03824.jpg'><img src=http:\/\/extra.inmontanis.info\/d\/61148-3\/DSC03824.jpg \/><\/a><br \/>\n^ Auf und ab, die Stra\u00dfe ist abwechslungsreich<\/p>\n<p><a href='http:\/\/extra.inmontanis.info\/d\/61153-2\/DSC03825.jpg'><img src=http:\/\/extra.inmontanis.info\/d\/61152-3\/DSC03825.jpg \/><\/a><br \/>\n^ Stra\u00dfe und Stra\u00dfenrand komplett in Wei\u00df ist allerdings etwas anstrengender zu fahren, da muss man hochkonzentriert sein und nicht laufend mit dem Navi spielen und nur aus dem Augenwinkel lenken, sonst landet man recht schnell am Stra\u00dfenrand.<\/p>\n<p><a href='http:\/\/extra.inmontanis.info\/d\/61157-2\/DSC03827.jpg'><img src=http:\/\/extra.inmontanis.info\/d\/61156-3\/DSC03827.jpg \/><\/a><br \/>\n^ Mal ein steilerer, felsiger Berg<\/p>\n<p><a href='http:\/\/extra.inmontanis.info\/d\/61161-2\/DSC03830.jpg'><img src=http:\/\/extra.inmontanis.info\/d\/61160-3\/DSC03830.jpg \/><\/a><br \/>\n^ .. und ein See ..<\/p>\n<p><a href='http:\/\/extra.inmontanis.info\/d\/61165-2\/DSC03833.jpg'><img src=http:\/\/extra.inmontanis.info\/d\/61164-3\/DSC03833.jpg \/><\/a><br \/>\n^ .. sch\u00f6ne Stra\u00dfe! <\/p>\n<p><a href='http:\/\/extra.inmontanis.info\/d\/61169-2\/DSC03835.jpg'><img src=http:\/\/extra.inmontanis.info\/d\/61168-3\/DSC03835.jpg \/><\/a><br \/>\n^ R\u00fcckblick<\/p>\n<p><a href='http:\/\/extra.inmontanis.info\/d\/61173-2\/DSC03848.jpg'><img src=http:\/\/extra.inmontanis.info\/d\/61172-3\/DSC03848.jpg \/><\/a><br \/>\n^ Auch auf der Hauptstra\u00dfe richtung G\u00e4ddede hat man ein sch\u00f6nes Pano<\/p>\n<p>Um 16.30 kam ich am Hotel an. Auf der Website des Hotels kam ich beim Buchen vorgestern zu zwei verschiedenen Buchungsseiten, einmal auf die teuren Preise \u00fcber booking.com (anscheinend wenn man die englischsprachige Website aufruft) und zu der anderen Plattform mit den wesentlich g\u00fcnstigeren Preisen (weniger als die H\u00e4lfte!), wo ich ja um ca. 50,-\u20ac pro Nacht buchen konnte, \u00fcber die schwedische Sprachauswahl, wobei die Buchungsseiten selbst automatisch in Englisch waren. <\/p>\n<p>Der Mann an der Rezeption erkl\u00e4rte mir, dass das Fr\u00fchst\u00fcck inkludiert sei und man es als Lunchbox aus dem K\u00fchlschrank nehmen k\u00f6nnte.  Dann erkl\u00e4rte er mich noch, das auch das Abendessen inkludiert sei, was mich ob des g\u00fcnstigen Preises nat\u00fcrlich komplett \u00fcberraschte. Es w\u00fcrde gerade zubereitet und (wegen dem ganzen Coronazeug) dann ebenfalls aus dem K\u00fchlschrank entnehmbar sein, ich  k\u00f6nnte es dann in der Mikrowelle erw\u00e4rmen. Am WE k\u00f6nnte es aber sein, dass ich der einzige Gast sei und anscheinend w\u00fcrden sie dann kein Abendessen machen, weil er meinte, ich k\u00f6nnte mir ohne Kosten ein Fertiggericht aus der Tiefk\u00fchltruhe nehmen. Halbpension f\u00fcr lediglich ca. 50,- \u20ac, da lohnt sich aber kein Hostel um 30,- \u20ac momentan :)<\/p>\n<p>Heute bin ich mal nicht der einzige Gast, es gibt 2 junge M\u00e4nner, die die beiden Zimmer vor (neben) mir haben. Ein kleiner Schreibtisch ist auch im Zimmer Seeblick hat es auch. Vielleicht gehen sich da ja ein paar Nordlichtfotos die n\u00e4chsten Tage aus.<\/p>\n<p><a href='http:\/\/extra.inmontanis.info\/d\/61177-2\/DSC03850.jpg'><img src=http:\/\/extra.inmontanis.info\/d\/61176-3\/DSC03850.jpg \/><\/a><br \/>\n^ Hotelzimmer<\/p>\n<p><a href='http:\/\/extra.inmontanis.info\/d\/61181-2\/IMG_20210203_182721.jpg'><img src=http:\/\/extra.inmontanis.info\/d\/61180-3\/IMG_20210203_182721.jpg \/><\/a><br \/>\n^ Abendessen, ein gro\u00dfes St\u00fcck Rindfleisch mit ged\u00fcnsteten Zwiebeln, gebackenen Kartoffelspalten, Kr\u00e4uterbutter (links oben) und irgendeiner s\u00fc\u00dflichen Sauce. War lecker. Sogar das Getr\u00e4nk ist gratis, solang man nicht zum Alkohol greift!<\/p>\n<p>Ich hab das Zimmer hier ja mal bis Montag gebucht, morgen oder \u00fcbermorgen w\u00fcrde ich gerne das ehemalige Skigebiet hier in G\u00e4ddede mittels Skitour besuchen (am Parkplatz war ich ja schon letztes Jahr), am Samstag+Sonntag m\u00f6chte ich dann in Bl\u00e5sj\u00f6n Skifahren &#8211; hoffentlich sind der Graffer-SL (Sektion 2) und der KSSL (Sektion 3) in Betrieb.<\/p>\n","protected":false},"excerpt":{"rendered":"<p>1.2.2021<\/p>\n<p>Gut, dass ich gestern Abend geduscht hatte, heut fr\u00fch gab&#8217;s n\u00e4mlich kein Wasser. Vermutlich irgendetwas eingefroren. Lt. Inhaber hatte es heute Nacht -30\u00b0 und die letzten Tage waren ja auch schon -20\u00b0 usw. Der Hausherr meinte sp\u00e4ter noch, dass so eine (starke und\/oder langanhaltende) K\u00e4lte schon recht ungew\u00f6hnlich sei f\u00fcr die Gegend hier. <\/p>\n<p> <a href=\"http:\/\/blog.inmontanis.info\/?p=6530\">[&#8230;]<\/a><\/p>\n","protected":false},"author":1,"featured_media":0,"comment_status":"closed","ping_status":"closed","sticky":false,"template":"","format":"standard","meta":{"footnotes":""},"categories":[184,769,778,19],"tags":[47],"class_list":["post-6530","post","type-post","status-publish","format-standard","hentry","category-2021-01-skandinavien","category-forsbacken","category-kalarne","category-schwedensweden","tag-sl","odd"],"_links":{"self":[{"href":"http:\/\/blog.inmontanis.info\/index.php?rest_route=\/wp\/v2\/posts\/6530","targetHints":{"allow":["GET"]}}],"collection":[{"href":"http:\/\/blog.inmontanis.info\/index.php?rest_route=\/wp\/v2\/posts"}],"about":[{"href":"http:\/\/blog.inmontanis.info\/index.php?rest_route=\/wp\/v2\/types\/post"}],"author":[{"embeddable":true,"href":"http:\/\/blog.inmontanis.info\/index.php?rest_route=\/wp\/v2\/users\/1"}],"replies":[{"embeddable":true,"href":"http:\/\/blog.inmontanis.info\/index.php?rest_route=%2Fwp%2Fv2%2Fcomments&post=6530"}],"version-history":[{"count":4,"href":"http:\/\/blog.inmontanis.info\/index.php?rest_route=\/wp\/v2\/posts\/6530\/revisions"}],"predecessor-version":[{"id":6534,"href":"http:\/\/blog.inmontanis.info\/index.php?rest_route=\/wp\/v2\/posts\/6530\/revisions\/6534"}],"wp:attachment":[{"href":"http:\/\/blog.inmontanis.info\/index.php?rest_route=%2Fwp%2Fv2%2Fmedia&parent=6530"}],"wp:term":[{"taxonomy":"category","embeddable":true,"href":"http:\/\/blog.inmontanis.info\/index.php?rest_route=%2Fwp%2Fv2%2Fcategories&post=6530"},{"taxonomy":"post_tag","embeddable":true,"href":"http:\/\/blog.inmontanis.info\/index.php?rest_route=%2Fwp%2Fv2%2Ftags&post=6530"}],"curies":[{"name":"wp","href":"https:\/\/api.w.org\/{rel}","templated":true}]}}