{"id":6527,"date":"2021-01-31T16:02:36","date_gmt":"2021-01-31T15:02:36","guid":{"rendered":"http:\/\/blog.inmontanis.info\/?p=6527"},"modified":"2023-08-05T16:01:54","modified_gmt":"2023-08-05T14:01:54","slug":"kullstabacken-elefantberget-31-1-2021","status":"publish","type":"post","link":"http:\/\/blog.inmontanis.info\/?p=6527","title":{"rendered":"Kullstabacken Elefantberget, 31.1.2021"},"content":{"rendered":"<p><strong>31.1.2021 &#8211; Kullstabacken Elefantberget<\/strong> (Tag 31)<\/p>\n<p>Da das Wetter samt Temperaturen heute nicht viel anders als gestern werden soll, hatte ich es wieder einmal nicht eilig, weg zu fahren, zumal das heutige Skigebiet eh recht klein sein w\u00fcrde.<\/p>\n<p>Abfahrtsm\u00e4\u00dfig hatte ich heute null Erwartung an das Skigebiet, der Besuchsgrund war der Lift, bzw. die Liftst\u00fctzen. 1960 wurde hier eine M\u00fcller-Sesselbahn gebaut (hab leider via Google keine alten Fotos finden k\u00f6nnen) und die St\u00fctzen einfach f\u00fcr den SL wiederverwendet (versetzt!), was bei diesen &#8220;Pentagramm&#8221;-St\u00fctzen ja doch recht ungew\u00f6hnlich sein d\u00fcrfte, dass da jetzt ein SL dranh\u00e4ngt. Erinnert mich an die Marchisio-ESL-Fachwerkst\u00fctzen am Pian del Frais, der mittlerweile ja auch zum SL umfunktioniert wurde.<\/p>\n<p>Eine K\u00e4ltegrenze gibt das Skigebiet nicht an &#8211; im Gegensatz zu Ramsele und Solleft\u00e5, wo ich vieleicht morgen und \u00fcbermorgen Abend vorbei fahren k\u00f6nnte &#8211; und gestern war auch offen. Auf dem Weg lag noch ein anderes kleines Skigebiet auf dem Weg, das ich besuchte:<\/p>\n<p><a href='http:\/\/extra.inmontanis.info\/d\/61021-2\/DSC03663.jpg'><img src=http:\/\/extra.inmontanis.info\/d\/61020-3\/DSC03663.jpg \/><\/a><br \/>\n^ Gibt doch tats\u00e4chlich noch Abschnitte einiger Fl\u00fcsse\/Seen, die noch nicht gefroren sind.<\/p>\n<p><a href='http:\/\/ski.inmontanis.info\/d\/284764-2\/DSC03664.jpg'><img src=http:\/\/ski.inmontanis.info\/d\/284762-3\/DSC03664.jpg \/><\/a><br \/>\n^ Auffahrt ins Skigebiet Jannebacken<\/p>\n<p><a href='http:\/\/ski.inmontanis.info\/d\/284768-2\/DSC03666.jpg'><img src=http:\/\/ski.inmontanis.info\/d\/284767-3\/DSC03666.jpg \/><\/a><br \/>\n^ Skigebiet Jannebacken<\/p>\n<p><a href='http:\/\/ski.inmontanis.info\/d\/284772-2\/DSC03667.jpg'><img src=http:\/\/ski.inmontanis.info\/d\/284771-3\/DSC03667.jpg \/><\/a><br \/>\n^ SSL Talstation<\/p>\n<p><a href='http:\/\/ski.inmontanis.info\/d\/284776-2\/DSC03668.jpg'><img src=http:\/\/ski.inmontanis.info\/d\/284775-3\/DSC03668.jpg \/><\/a><br \/>\n^ SSL Strecke<\/p>\n<p><a href='http:\/\/extra.inmontanis.info\/d\/61025-2\/DSC03674.jpg'><img src=http:\/\/extra.inmontanis.info\/d\/61024-3\/DSC03674.jpg \/><\/a><br \/>\n^ Fahrt richtung Hammarstrand<\/p>\n<p><a href='http:\/\/extra.inmontanis.info\/d\/61029-2\/DSC03678.jpg'><img src=http:\/\/extra.inmontanis.info\/d\/61028-3\/DSC03678.jpg \/><\/a><br \/>\n^ Fahrt richtung Hammarstrand<\/p>\n<p><a href='http:\/\/extra.inmontanis.info\/d\/61033-2\/DSC03679.jpg'><img src=http:\/\/extra.inmontanis.info\/d\/61032-3\/DSC03679.jpg \/><\/a><br \/>\n^ Huch, ein Tunnel! Das ist auf schwedischen Landstra\u00dfen sehr, sehr, sehr, sehr, SEHR selten. Mir f\u00e4llt mal gerade keiner ein&#8230;<\/p>\n<p><a href='http:\/\/ski.inmontanis.info\/d\/284782-2\/DSC03685.jpg'><img src=http:\/\/ski.inmontanis.info\/d\/284780-3\/DSC03685.jpg \/><\/a><br \/>\n^ Blick ins Skigebiet Kullstabacken von der Hauptstra\u00dfe aus<\/p>\n<p><a href='http:\/\/ski.inmontanis.info\/d\/284786-2\/DSC03691.jpg'><img src=http:\/\/ski.inmontanis.info\/d\/284785-3\/DSC03691.jpg \/><\/a><br \/>\n^ Die zwei Schneisen, der Sessellift ging fr\u00fcher wohl links, aber da ist ein Felsen, also hat man den SL versetzt.<\/p>\n<p>Nachdem im Verleih beim Liftkartenverkauf ein Mann bediente, der \u00e4lter als ich war, fragte ich ihm nach dem Sessellift. Letztes Jahr gab es ein bisschen Feier wegen des 60-j\u00e4hrigen Jubil\u00e4ums. Der Umbau auf SL erfolgte 1988, zeitweise gab es sogar zwei Lifte, k\u00f6nnte evtl. ein Kurven-KSSL gewesen sein. Ich fragte ihn, ob es Bilder vom Sessel g\u00e4be, was er zwar bejahte, aber keines hier w\u00e4re. Als ich meinte, ich h\u00e4tte auf Google nichts gefunden, antwortete er, ich solle mal nach Hammarstrand auf Youtube suchen &#8211; dort wurde ich tats\u00e4chlich gleich f\u00fcndig, es handelte sich also um einen ESL, hier ist er ein paar Mal zu sehen:<\/p>\n<p><object style=\"height: 500px; width: 900px\"><param name=\"movie\" value=\"http:\/\/www.youtube.com\/v\/0-LV9T7m4vc\"><\/param><param name=\"wmode\" value=\"transparent\"><\/param><embed src=\"http:\/\/www.youtube.com\/v\/0-LV9T7m4vc\" type=\"application\/x-shockwave-flash\" wmode=\"transparent\"  width=\"900\" height=\"480\"><\/embed><\/object><\/p>\n<p>Der SL fuhr sehr langsam, was bei der K\u00e4lte und dem geringen Pistenangebot aber nicht st\u00f6rend war. Die knapp -20\u00b0 wurden jedoch bald sehr kalt, die neuen Handschuhe halfen, wie erwartet, nicht wirklich. Trotz Skischuhheizung auf voller 3. Stufe wurden mir auch die F\u00fc\u00dfe nach eineinhalb Stunden kalt. Falls ich jemals auf die Idee kommen sollte, in einem der n\u00e4chsten Jahre mal so eine Hochwinterreise durch Norwegen zu machen, werd ich das wohl nicht nur mit beheizten Handschuhen, sondern auch zus\u00e4tzlich zur beheizten Skischuhsohle mit heizbaren Skistr\u00fcmpfen machen.<\/p>\n<p><a href='http:\/\/ski.inmontanis.info\/d\/284790-2\/DSC03693.jpg'><img src=http:\/\/ski.inmontanis.info\/d\/284789-3\/DSC03693.jpg \/><\/a><br \/>\n^ .. die St\u00fctzen hat man aber vom M\u00fcller-ESL BJ 1960 \u00fcbernommen :)<\/p>\n<p><a href='http:\/\/ski.inmontanis.info\/d\/284794-2\/DSC03694.jpg'><img src=http:\/\/ski.inmontanis.info\/d\/284793-3\/DSC03694.jpg \/><\/a><br \/>\n^ Bergstationsbereich<\/p>\n<p><a href='http:\/\/ski.inmontanis.info\/d\/284798-2\/DSC03695.jpg'><img src=http:\/\/ski.inmontanis.info\/d\/284797-3\/DSC03695.jpg \/><\/a><br \/>\n^ Die oberen zwei St\u00fctzen sind neuer, der ESL hat wohl weniger gehabt<\/p>\n<p><a href='http:\/\/ski.inmontanis.info\/d\/284802-2\/DSC03697.jpg'><img src=http:\/\/ski.inmontanis.info\/d\/284801-3\/DSC03697.jpg \/><\/a><br \/>\n^ Abfahrt<\/p>\n<p><a href='http:\/\/ski.inmontanis.info\/d\/284806-2\/DSC03700.jpg'><img src=http:\/\/ski.inmontanis.info\/d\/284805-3\/DSC03700.jpg \/><\/a><br \/>\n^ Abfahrt, Talstation, Parkplatz<\/p>\n<p><a href='http:\/\/ski.inmontanis.info\/d\/284810-2\/DSC03701.jpg'><img src=http:\/\/ski.inmontanis.info\/d\/284809-3\/DSC03701.jpg \/><\/a><br \/>\n^ Diese M\u00fcller-St\u00fctzen wurden vermutlich eher bei Sessel- und Gondelbahnen verwendet?<\/p>\n<p><a href='http:\/\/ski.inmontanis.info\/d\/284814-2\/DSC03702.jpg'><img src=http:\/\/ski.inmontanis.info\/d\/284813-3\/DSC03702.jpg \/><\/a><br \/>\n^ St\u00fctze<\/p>\n<p><a href='http:\/\/ski.inmontanis.info\/d\/284818-2\/DSC03704.jpg'><img src=http:\/\/ski.inmontanis.info\/d\/284817-3\/DSC03704.jpg \/><\/a><br \/>\n^ Der Lift macht auch noch eine Kurve! Hier die Kurvenst\u00fctze talseitig mit schr\u00e4gen Rollen<\/p>\n<p><a href='http:\/\/ski.inmontanis.info\/d\/284822-2\/DSC03706.jpg'><img src=http:\/\/ski.inmontanis.info\/d\/284821-3\/DSC03706.jpg \/><\/a><br \/>\n^ Kurvenst\u00fctze mit schr\u00e4gen Rollen bergseitig<\/p>\n<p><a href='http:\/\/ski.inmontanis.info\/d\/284826-2\/DSC03708.jpg'><img src=http:\/\/ski.inmontanis.info\/d\/284825-3\/DSC03708.jpg \/><\/a><br \/>\n^ Frankenstein l\u00e4sst Gr\u00fc\u00dfen :)<\/p>\n<p><a href='http:\/\/ski.inmontanis.info\/d\/284830-2\/DSC03710.jpg'><img src=http:\/\/ski.inmontanis.info\/d\/284829-3\/DSC03710.jpg \/><\/a><br \/>\n^ Obere SL-Strecke<\/p>\n<p><a href='http:\/\/ski.inmontanis.info\/d\/284834-2\/DSC03715.jpg'><img src=http:\/\/ski.inmontanis.info\/d\/284833-3\/DSC03715.jpg \/><\/a><br \/>\n^ Abfahrt am SL<\/p>\n<p><a href='http:\/\/ski.inmontanis.info\/d\/284838-2\/DSC03716.jpg'><img src=http:\/\/ski.inmontanis.info\/d\/284837-3\/DSC03716.jpg \/><\/a><br \/>\n^ Abfahrt am SL<\/p>\n<p><a href='http:\/\/ski.inmontanis.info\/d\/284842-2\/DSC03718.jpg'><img src=http:\/\/ski.inmontanis.info\/d\/284841-3\/DSC03718.jpg \/><\/a><br \/>\n^ Viel Pano hat man im Skigebiet leider nicht, den interessanten Blick kann man wegen der B\u00e4ume weiter oben nicht sehen.<\/p>\n<p><a href='http:\/\/ski.inmontanis.info\/d\/284846-2\/DSC03719.jpg'><img src=http:\/\/ski.inmontanis.info\/d\/284845-3\/DSC03719.jpg \/><\/a><br \/>\n^ Gipfelweg<\/p>\n<p><a href='http:\/\/ski.inmontanis.info\/d\/284850-2\/DSC03720.jpg'><img src=http:\/\/ski.inmontanis.info\/d\/284849-3\/DSC03720.jpg \/><\/a><br \/>\n^ Ausstieg Bergstation<\/p>\n<p><a href='http:\/\/ski.inmontanis.info\/d\/284854-2\/DSC03721.jpg'><img src=http:\/\/ski.inmontanis.info\/d\/284853-3\/DSC03721.jpg \/><\/a><br \/>\n^ Abfahrt rechts; weiter rechts ist dann eine Stra\u00dfe (die auch im Winter von Autos verwendet wird)<\/p>\n<p><a href='http:\/\/ski.inmontanis.info\/d\/284858-2\/DSC03723.jpg'><img src=http:\/\/ski.inmontanis.info\/d\/284857-3\/DSC03723.jpg \/><\/a><br \/>\n^ In der ESL-Trasse steht die V\u00e4rmestuga, evtl. stand hier auch fr\u00fcher die ESL-Talstation, evtl. aber auch weiter unten.<\/p>\n<p><a href='http:\/\/ski.inmontanis.info\/d\/284862-2\/DSC03724.jpg'><img src=http:\/\/ski.inmontanis.info\/d\/284861-3\/DSC03724.jpg \/><\/a><br \/>\n^ Im Wald kann man etwas fahren, aber Schnee war nicht sehr pulvrig<\/p>\n<p><a href='http:\/\/ski.inmontanis.info\/d\/284866-2\/ge20210131a.jpg'><img src=http:\/\/ski.inmontanis.info\/d\/284865-3\/ge20210131a.jpg \/><\/a><br \/>\n^ GPS-Track 31.1.2021. Direkt links vom SL ist eine Felswand, man k\u00f6nnte maximal in einem gr\u00f6\u00dferen Bogen rumfahren. Hab ich aber keinen fahren sehen.<\/p>\n<p>Die Abfahrten sind hier zwar teilweise etwas steiler, aber viel Abwechslung hat man leider nicht. Der Schnee war auch recht hart, so dass ich nach weniger als zwei Stunden wieder aufh\u00f6rte.<\/p>\n<p>Anscheinend war die Fahrt heute fr\u00fch f\u00fcr die Innenbatterie warm genug, denn sie gab am Parkplatz erstaunlicherweise bei ca. -5\u00b0 lt. App (drau\u00dfen hatte es lt. Autothermometer -16\u00b0, nach dem Losfahren sp\u00e4ter -18\u00b0) wieder Strom von sich, somit ich die Standheizung einschalten konnte. <\/p>\n<p>Viel Fahrt hatte ich nicht mehr bis zu meinem B&#038;B, ist es doch im selben Ort. Nunja, das Zimmer hier ist war zwar gro\u00df und mit Du\/WC, aber ohne Tisch (k\u00f6nnt ich aber evtl. bekommen) in einem recht alten Landhaus und auf und unter der Kommode schien eine Maus unterwegs gewesen zu sein, da muss ich meine Lebensmittel wohl gut verr\u00e4umen nachts.. In der Arbeit hatte mir ja mal eine Maus meinen Kaugummivorrat in der Schreibtischschublade angeknabbert. Und eine dort ebenfalls liegende Schokolade. Einmal hatte ich eine tote Maus (im vorherigen B\u00fcro) und einmal lief mir eine im Kundienstbereich \u00fcber den Schuh, als ich einen Kasten an der Wand aus EDV-Gr\u00fcnden verr\u00e4umte. Und einmal gab&#8217;s ein von einer Maus zerbissenes Telefonkabel. Schon komisch, warum unser Autohaus bei M\u00e4usen so beliebt war ;)<\/p>\n<p>Dusche\/WC waren vorher wohl von au\u00dfen zug\u00e4nglich (hat aktuell 2 T\u00fcren), auch andere Zimmer scheinen von den beiden Niederl\u00e4ndern hier gerade etwas im Umbau zu sein. Im Nebengeb\u00e4ude hat&#8217;s noch ein Hostel. Mein Zimmer ist im OG, im EG gibt&#8217;s eine gro\u00dfe K\u00fcche samt Mikrowelle, einem Elektroherd und einem alten Holzofen-Herd. Auch schon lange nicht mehr gesehen, so etwas.<\/p>\n<p>Wenig verwunderlich, bin ich momentan der einzige Gast hier. Die Hauptlampe ist etwas dunkel, im Bad ist es wesentlich heller. Das ist auch recht klein und hat einen eigenen Heizk\u00f6rper, so dass man es sch\u00f6n warm machen kann. Und wie bisher noch jedes Badezimmer auf dieser Reise, ist auch dieses ohne Steckdose f\u00fcr den F\u00f6hn&#8230;<\/p>\n<p><a href='http:\/\/extra.inmontanis.info\/d\/61037-2\/DSC03727.jpg'><img src=http:\/\/extra.inmontanis.info\/d\/61036-3\/DSC03727.jpg \/><\/a><br \/>\n^ Heutiges Zimmer<\/p>\n<p><a href='http:\/\/extra.inmontanis.info\/d\/61041-2\/DSC03729.jpg'><img src=http:\/\/extra.inmontanis.info\/d\/61040-3\/DSC03729.jpg \/><\/a><\/p>\n<p><a href='http:\/\/extra.inmontanis.info\/d\/61045-2\/DSC03731.jpg'><img src=http:\/\/extra.inmontanis.info\/d\/61044-3\/DSC03731.jpg \/><\/a><br \/>\n^ Wenn kein Tisch da ist, tuts auch eine Kommode, wenn auch weniger kommod :)<\/p>\n<p><a href='http:\/\/extra.inmontanis.info\/d\/61049-2\/DSC03732.jpg'><img src=http:\/\/extra.inmontanis.info\/d\/61048-3\/DSC03732.jpg \/><\/a><br \/>\n^ Heut mal ein Cordon Bleu gegessen. Wie bisher fast alle Dagens\/Findus-Tiefk\u00fchlgerichte, die ich probiert hab, recht lecker, trotz des g\u00fcnstigen Preises, und auch s\u00e4ttigend.<\/p>\n<p><a href='http:\/\/extra.inmontanis.info\/d\/61053-2\/IMG_20210131_155552.jpg'><img src=http:\/\/extra.inmontanis.info\/d\/61052-3\/IMG_20210131_155552.jpg \/><\/a><br \/>\n^ Blick zum Parkplatz, nicht ganz am Haus<\/p>\n<p><a href='http:\/\/extra.inmontanis.info\/d\/61057-2\/IMG_20210131_155851.jpg'><img src=http:\/\/extra.inmontanis.info\/d\/61056-3\/IMG_20210131_155851.jpg \/><\/a><br \/>\n^ K\u00fcche<\/p>\n<p><a href='http:\/\/extra.inmontanis.info\/d\/61061-2\/IMG_20210131_155905.jpg'><img src=http:\/\/extra.inmontanis.info\/d\/61060-3\/IMG_20210131_155905.jpg \/><\/a><br \/>\n^ Alter Holzofen\/herd mit Temperaturanzeige, der Zeiger steht zwischen 250\u00b0 und 300\u00b0<\/p>\n<p><a href='http:\/\/extra.inmontanis.info\/d\/61065-2\/IMG_20210131_160251.jpg'><img src=http:\/\/extra.inmontanis.info\/d\/61064-3\/IMG_20210131_160251.jpg \/><\/a><br \/>\n^ Alte und teilweise recht unpassende Steckdosen<\/p>\n<p><a href='http:\/\/extra.inmontanis.info\/d\/61069-2\/IMG_20210131_160330.jpg'><img src=http:\/\/extra.inmontanis.info\/d\/61068-3\/IMG_20210131_160330.jpg \/><\/a><br \/>\n^ Fensterthermometer + interessanter Fensterschlie\u00dfer<\/p>\n<p>Ich hab mir nochmals die Skigebiete mit Nachtskim\u00e4glichkeit in den n\u00e4chsten Tagen hier in der Gegend angesehen (Ramsele und Sollefte\u00e5), die sind leider doch weiter weg als gedacht, 75km und mind. 1 Stunde Fahrzeit jeweils, hin und retour also das doppelte. Bei den momentanen Temperaturen hab ich da wohl keine Lust dazu. Ne, ne, zu hektisch und zu wenig lohnenswert. <\/p>\n<p>&#8212;<\/p>\n<p>Nachdem der erste Monat vorbei ist, k\u00f6nnte man ja auch mal eine kleine Statistik machen bzw. die bisherige Route Revue passieren lassen:<\/p>\n<p><a href='http:\/\/extra.inmontanis.info\/d\/61073-2\/ge202101-route1b.jpg'><img src=http:\/\/extra.inmontanis.info\/d\/61072-3\/ge202101-route1b.jpg \/><\/a><br \/>\n^ Route Jan\/2021<\/p>\n<p>&#8211; ca. 3.500 km lt. GPS-Track, in der ersten Woche mehr als die H\u00e4lfte davon.<br \/>\n&#8211; 15 Skitage<br \/>\n&#8211; Wenn ich mich recht erinnere, bisher lediglich 2x in einem Restaurant (Hotel) gewesen, noch in keinem Fastfood-Laden und erst einmal ein Hotdog an der Tankstelle gekauft? Ich denke, ich bin momentan etwas zu sparsam unterwegs in der Hinsicht  ;-)<\/p>\n<p>Interessant: Normalerweise bzw. in den bisherigen Urlauben w\u00e4re ich die 3.500km ja eher in einer Woche gefahren als in einem Monat. In nur einer Woche hatte ich in meinen bisherigen Urlauben so viel erlebt, dass es sich stets nach einer wesentlich l\u00e4ngeren Zeitspanne angef\u00fchlt hat &#8211; das Empfinden ist jetzt tats\u00e4chlich umgekehrt: kaum zu glauben, dass ich schon ein ganzes Monat unterwegs bin!<\/p>\n<p><a href='http:\/\/extra.inmontanis.info\/d\/61077-2\/ge202101-route2.jpg'><img src=http:\/\/extra.inmontanis.info\/d\/61076-3\/ge202101-route2.jpg \/><\/a><br \/>\n^ Route Jan\/2021 und Skigebiete, in Schweden k\u00f6nnte es mittlerweile ziemlich vollst\u00e4ndig sein, auch sind einige dabei, wo nix ist oder wo nix mehr ist..<\/p>\n<p><a href='http:\/\/extra.inmontanis.info\/d\/61081-2\/ge202101-route2b.jpg'><img src=http:\/\/extra.inmontanis.info\/d\/61080-3\/ge202101-route2b.jpg \/><\/a><br \/>\n^ POI-Liste Jan\/2021, die im S\u00fcden angefahrenen\/vorbeigefahrenen Skigebiete hab ich mal auslassen<\/p>\n<p>A) Orsa-Gr\u00f6nklitt, 10.1.2021<br \/>\nB) Idre Himmelfj\u00e4ll, 13.1.2021<br \/>\nC) Idre Fj\u00e4ll, 14.1.2021<br \/>\nD) Fj\u00e4terv\u00e5len, 15.1.2021<br \/>\nE) &#8212;<br \/>\nF) Lofsdalen, 16.1.2021<br \/>\nG) Kl\u00f6vsj\u00f6, 17.1.2021<br \/>\nH) Vemdalsskalet, 17.1.2021<br \/>\nI) Pers\u00e5sbacken, 20.1.2021<br \/>\nJ) Litsbacken, 21.1.2021<br \/>\nK) \u00d6stersund Gustavsbergsbacken, 22.1.2021<br \/>\nL) Bydalen, 23.1.2021<br \/>\nM) Gr\u00e4ft\u00e5vallen, 23.1.2021<br \/>\nN) Eds\u00e5sdalen, 24.1.2021<br \/>\nO) Trillevallen, 25.1.2021<br \/>\nP) Storlien, 26.1.2021<br \/>\nQ) Alm\u00e5sa, 30.1.2021<br \/>\nR) (Jannebacken)<br \/>\nS) Kullstabacken Elefantberget, 31.1.2021<\/p>\n","protected":false},"excerpt":{"rendered":"<p>31.1.2021 &#8211; Kullstabacken Elefantberget (Tag 31)<\/p>\n<p>Da das Wetter samt Temperaturen heute nicht viel anders als gestern werden soll, hatte ich es wieder einmal nicht eilig, weg zu fahren, zumal das heutige Skigebiet eh recht klein sein w\u00fcrde.<\/p>\n<p>Abfahrtsm\u00e4\u00dfig hatte ich heute null Erwartung an das Skigebiet, der Besuchsgrund war der Lift, bzw. die Liftst\u00fctzen. <a href=\"http:\/\/blog.inmontanis.info\/?p=6527\">[&#8230;]<\/a><\/p>\n","protected":false},"author":1,"featured_media":0,"comment_status":"closed","ping_status":"closed","sticky":false,"template":"","format":"standard","meta":{"footnotes":""},"categories":[184,775,652,59,19,27],"tags":[47],"class_list":["post-6527","post","type-post","status-publish","format-standard","hentry","category-2021-01-skandinavien","category-jannebacken","category-kullstabacken","category-nostalgie","category-schwedensweden","category-skifahren-winterskiing-winter","tag-sl","odd"],"_links":{"self":[{"href":"http:\/\/blog.inmontanis.info\/index.php?rest_route=\/wp\/v2\/posts\/6527","targetHints":{"allow":["GET"]}}],"collection":[{"href":"http:\/\/blog.inmontanis.info\/index.php?rest_route=\/wp\/v2\/posts"}],"about":[{"href":"http:\/\/blog.inmontanis.info\/index.php?rest_route=\/wp\/v2\/types\/post"}],"author":[{"embeddable":true,"href":"http:\/\/blog.inmontanis.info\/index.php?rest_route=\/wp\/v2\/users\/1"}],"replies":[{"embeddable":true,"href":"http:\/\/blog.inmontanis.info\/index.php?rest_route=%2Fwp%2Fv2%2Fcomments&post=6527"}],"version-history":[{"count":2,"href":"http:\/\/blog.inmontanis.info\/index.php?rest_route=\/wp\/v2\/posts\/6527\/revisions"}],"predecessor-version":[{"id":6529,"href":"http:\/\/blog.inmontanis.info\/index.php?rest_route=\/wp\/v2\/posts\/6527\/revisions\/6529"}],"wp:attachment":[{"href":"http:\/\/blog.inmontanis.info\/index.php?rest_route=%2Fwp%2Fv2%2Fmedia&parent=6527"}],"wp:term":[{"taxonomy":"category","embeddable":true,"href":"http:\/\/blog.inmontanis.info\/index.php?rest_route=%2Fwp%2Fv2%2Fcategories&post=6527"},{"taxonomy":"post_tag","embeddable":true,"href":"http:\/\/blog.inmontanis.info\/index.php?rest_route=%2Fwp%2Fv2%2Ftags&post=6527"}],"curies":[{"name":"wp","href":"https:\/\/api.w.org\/{rel}","templated":true}]}}