{"id":6523,"date":"2021-01-30T18:02:59","date_gmt":"2021-01-30T17:02:59","guid":{"rendered":"http:\/\/blog.inmontanis.info\/?p=6523"},"modified":"2023-08-05T13:33:46","modified_gmt":"2023-08-05T11:33:46","slug":"almasa-30-1-2021","status":"publish","type":"post","link":"http:\/\/blog.inmontanis.info\/?p=6523","title":{"rendered":"Alm\u00e5sa, 30.1.2021"},"content":{"rendered":"<p><strong>30.1.2021 &#8211; Alm\u00e5sa<\/strong><\/p>\n<p>Leider war es heute nicht so sonnig wie gestern. Stattdessen wieder bedeckt \/ Hochnebel \/ leichter Schneefall, Temperaturen um die -16 bis -20\u00b0 in der Gegend um \u00d6stersund. 2 Skigebiete im sinnvollen Radius hatte ich noch nicht besucht, alternativ k\u00f6nnte man auch bereits ein besuchtes nochmals besuchen, aber .. nat\u00fcrlich interessiert es mich mehr, ein neues Skigebiet kennenzulernen. Schade nur, wenn es sich um ein S\u00fcdhang-Gebiet handelt und keine Sonne scheint ..<\/p>\n<p>Grundlegend angedacht war heute somit Alm\u00e5sa, nordwestlich von \u00d6stersund in knapp 60 km entfernt. Aufgrund des Wetters hatte ich es nicht so eilig und wollte auch erst noch abwarten, ob die evtl. was von wegen &#8220;Geschlossen wegen K\u00e4lte&#8221; schreiben. Eine K\u00e4ltegrenze hab ich auf deren Homepage n\u00e4mlich nicht entdeckt. Offen ist von 10-15 Uhr, aber gegen 11-12 Uhr reicht wohl auch, wenn man ankommt bei der K\u00e4lte und keiner Sonne, auch weil es am Nachmittag vielleicht etwas besser wird. Kurz vor 10 hab ich mich auf den Weg gemacht.<\/p>\n<p>Ausgerechnet am Abend und \u00fcber Nacht soll es aufklaren und morgen wieder etwas bedeckt werden. W\u00e4re weiter im Norden f\u00fcr Nordlichtfotos toll, hier weiter unten w\u00e4re es mir umgekehrt lieber ;-) Wobei es am 1.+2.2. st\u00e4rkere Nordlichtaktivit\u00e4ten geben k\u00f6nnte und ich mich auch hier auf die Jagd machen k\u00f6nnte.<\/p>\n<p>Am Auto waren es morgens -20\u00b0, die LiFePo4-Batterie zeigte -15 bis -17\u00b0 an und wie schon vor 2 Wochen schaltete sie den Strom ab, sobald ich die Standheizung einschalten wollte und geht jetzt wieder nicht mehr &#8211; vmtl. bis ich mal wieder alles abklemme und aufs Zimmer bring. So &#8216;was bescheuertes :(<\/p>\n<p>Das Auto sprang aber jedenfalls problemlos an.<\/p>\n<p>Kurz nach 11 Uhr war ich am Skigebietsparkplatz, die beiden SL fuhren, es gab leichten Schneefall. Tageskarte kostete ca. 25,- \u20ac.<\/p>\n<p>\u00dcbrigens hab ich mir im Laufe der Reise angw\u00f6hnt, die Skischuhe am Fahrersitz anzuziehen, bei geschlossener T\u00fcre. Zwar nicht ganz so einfach, weil auch das Lenkrad etwas st\u00f6rt, aber w\u00e4rmer :) Beifahrersitz und -fu\u00dfraum ist leider mit anderem &#8220;Zeug&#8221; belegt, z.B. liegen die Schneeketten auch im Beifahrersitz, neben den Skischuhen, zudem aufgrund der Batterie dahinter ja eh kaum Platz vorne. Nachmittags fahr ich, wie schon erw\u00e4hnt, auch ein St\u00fcck mit den angezogen Skischuhen, damit sie zum Ausziehen und auch die Stra\u00dfenschuhe zum Anziehen w\u00e4rmer werden. Man will bei -15\u00b0 kalten Strolz-Skischuhen weder rein noch raus.<\/p>\n<p>Im oberen Bereich des Skigebiets war es leider etwas windig und da war die K\u00e4lte dann wieder einmal seeeehr unsch\u00f6n. Bin jede Abfahrt quasi nur 1x gefahren, um kurz vor 14 Uhr hab ich aufgeh\u00f6rt, war mir wieder zu kalt in den H\u00e4nden. Obwohl man auf der rechten Abfahrt durch&#8217;s Schieben ja etwas weniger kalt wurde. Der Schock im Auto: Dort war nur -12\u00b0 angezeigt? Kann doch nicht sein. <\/p>\n<p>Der SL war zwar steiler und hatte mehr H\u00f6henmeter, aber interessanter fand ich es dadurch nicht. Da bot der eine offene SL in Storlien doch mehr. Aber man kann halt nicht immer Gl\u00fcck haben und viel hatte ich von Alm\u00e5sa ja eh nicht erwartet.<\/p>\n<p><a href='http:\/\/ski.inmontanis.info\/d\/284690-2\/DSC03622.jpg'><img src=http:\/\/ski.inmontanis.info\/d\/284688-3\/DSC03622.jpg \/><\/a><br \/>\n^ Blick ins Skigebiet<\/p>\n<p><a href='http:\/\/ski.inmontanis.info\/d\/284694-2\/DSC03624.jpg'><img src=http:\/\/ski.inmontanis.info\/d\/284693-3\/DSC03624.jpg \/><\/a><br \/>\n^ Kurz vorm Parkplatz, da hat man wohl links und rechts vom SL etwas gerodet im Vergleich zum Satbild \/ Pistenplan<\/p>\n<p><a href='http:\/\/ski.inmontanis.info\/d\/284698-2\/DSC03626.jpg'><img src=http:\/\/ski.inmontanis.info\/d\/284697-3\/DSC03626.jpg \/><\/a><br \/>\n^ Die beiden SL<\/p>\n<p><a href='http:\/\/ski.inmontanis.info\/d\/284702-2\/DSC03629.jpg'><img src=http:\/\/ski.inmontanis.info\/d\/284701-3\/DSC03629.jpg \/><\/a><br \/>\n^ Linke Abfahrt<\/p>\n<p><a href='http:\/\/ski.inmontanis.info\/d\/284706-2\/DSC03630.jpg'><img src=http:\/\/ski.inmontanis.info\/d\/284705-3\/DSC03630.jpg \/><\/a><br \/>\n^ Linke Abfahrt<\/p>\n<p><a href='http:\/\/ski.inmontanis.info\/d\/284710-2\/DSC03633.jpg'><img src=http:\/\/ski.inmontanis.info\/d\/284709-3\/DSC03633.jpg \/><\/a><br \/>\n^ Zur ganz linken Abfahrt muss man etwas aufsteigen<\/p>\n<p><a href='http:\/\/ski.inmontanis.info\/d\/284714-2\/DSC03634.jpg'><img src=http:\/\/ski.inmontanis.info\/d\/284713-3\/DSC03634.jpg \/><\/a><br \/>\n^ Ganz linke Abfahrt<\/p>\n<p><a href='http:\/\/ski.inmontanis.info\/d\/284718-2\/DSC03636.jpg'><img src=http:\/\/ski.inmontanis.info\/d\/284717-3\/DSC03636.jpg \/><\/a><br \/>\n^ Ganz linke Abfahrt<\/p>\n<p><a href='http:\/\/ski.inmontanis.info\/d\/284722-2\/DSC03637.jpg'><img src=http:\/\/ski.inmontanis.info\/d\/284721-3\/DSC03637.jpg \/><\/a><br \/>\n^ Hauptabfahrt am SL<\/p>\n<p><a href='http:\/\/ski.inmontanis.info\/d\/284726-2\/DSC03638.jpg'><img src=http:\/\/ski.inmontanis.info\/d\/284725-3\/DSC03638.jpg \/><\/a><br \/>\n^ Talstationen<\/p>\n<p><a href='http:\/\/ski.inmontanis.info\/d\/284730-2\/DSC03639.jpg'><img src=http:\/\/ski.inmontanis.info\/d\/284729-3\/DSC03639.jpg \/><\/a><br \/>\n^ Auch zur rechten Abfahrt muss man etwas aufsteigen<\/p>\n<p><a href='http:\/\/ski.inmontanis.info\/d\/284734-2\/DSC03640.jpg'><img src=http:\/\/ski.inmontanis.info\/d\/284733-3\/DSC03640.jpg \/><\/a><br \/>\n^ Rechte (gr\u00fcne) Abfahrt<\/p>\n<p><a href='http:\/\/ski.inmontanis.info\/d\/284738-2\/DSC03641.jpg'><img src=http:\/\/ski.inmontanis.info\/d\/284737-3\/DSC03641.jpg \/><\/a><br \/>\n^ Rechte (gr\u00fcne) Abfahrt, schaut hier noch recht spassig aus, wurde dann aber recht flach mit Schiebest\u00fccken<\/p>\n<p><a href='http:\/\/ski.inmontanis.info\/d\/284742-2\/DSC03644.jpg'><img src=http:\/\/ski.inmontanis.info\/d\/284741-3\/DSC03644.jpg \/><\/a><br \/>\n^ Abk\u00fcrzen kann man dann mit diesem kurzen Steilhang<\/p>\n<p><a href='http:\/\/ski.inmontanis.info\/d\/284746-2\/DSC03645.jpg'><img src=http:\/\/ski.inmontanis.info\/d\/284745-3\/DSC03645.jpg \/><\/a><br \/>\n^ Rechte (gr\u00fcne) Abfahrt, unten retour ist sie etwas steiler<\/p>\n<p><a href='http:\/\/ski.inmontanis.info\/d\/284750-2\/DSC03646.jpg'><img src=http:\/\/ski.inmontanis.info\/d\/284749-3\/DSC03646.jpg \/><\/a><br \/>\n^ Teilweise sind die St\u00fctzen etwas rostig. Die SL-Spur war ziemlich unruhig ausgefahren.<\/p>\n<p><a href='http:\/\/ski.inmontanis.info\/d\/284754-2\/DSC03650.jpg'><img src=http:\/\/ski.inmontanis.info\/d\/284753-3\/DSC03650.jpg \/><\/a><br \/>\n^ Im Plan sind an der rechten Abfahrt neben dem offensichtlichen Steilhang noch zwei weitere schwarze Abfahrten eingezeichnet, bei denen man im Sat-Bild keine Schneise sieht. Geht also durch den Wald. Ich hielt mich links von der Schneise an ein paar Spuren der locals &#8211; aber sehr eng und steil, Nadelwald und verwachsen, kaum ein Schwung m\u00f6glich, wenig spa\u00dfig.<\/p>\n<p><a href='http:\/\/ski.inmontanis.info\/d\/284758-2\/ge20210130b.jpg'><img src=http:\/\/ski.inmontanis.info\/d\/284757-3\/ge20210130b.jpg \/><\/a><br \/>\n^ GPS-Track 30.1.2021. W\u00e4re vmtl. vor der Rodung am SL netter gewesen &#8211; und weniger windig.<\/p>\n<p>In \u00d6stersund besuchte ich noch 3 Sportgesch\u00e4fte im Einkaufszentrumsbereich, Intersport, XXL und Stadium Outlet. Heizbare Handschuhe hatten sie leider alle nicht. Aber Stadium Outlet hat recht g\u00fcnstige Preise, Goretex-Handschuhe um ca. 30,- \u20ac, sahen aber auch g\u00fcnstig verarbeitet aus. Hab dann aber andere mitgenommen, von au\u00dfen betrachtet 3-Finger-Handschuhe, also Daumen+Zeigefinger+Bereich f\u00fcr die \u00e4u\u00dferen 3 Finger. Keine Ahnung, ob die um ca. 30,- \u20ac viel taugen werden oder w\u00e4rmer sein werden als meine aktuellen (hab da eh wenig Hoffnung, wenn ohne Heizung). Was mir beim Anprobieren gar nicht auffiel, erst nachmittags im Hostel: Der Bereich der \u00e4u\u00dferen 3 Finger ist zwar von au\u00dfen her zusammen 1 Teil, aber innendrin sind es doch 3 einzelne Finger. Das wird mir dann w\u00e4rmetechnisch wohl nicht viel helfen. Dachte, das w\u00e4re dann wie ein F\u00e4ustling.<\/p>\n<p>Im Intersport gab es welche, die waren mit -30\u00b0 angeschrieben, aber auf dem Kartonhalter dar\u00fcber war eine vermutlich K\u00e4lteskala von 1-5 aufgezeichnet und da waren alle Handschuhe mit &#8220;3&#8221; ausgezeichnet, daher hatte ich da auch nicht genug Vertrauen, dass mir die viel w\u00e4rmer w\u00e4ren &#8230;<\/p>\n<p>Au\u00dferdem nahm ich noch eine helle Skibrille um ca. 20,- \u20ac mit, und zwar f\u00fcr&#8217;s Nachtskifahren. Die, die ich dabei hab, hat &#8211; abgesehen von einem kleinen Sprung in der Mitte &#8211; neuerdings noch ein Problem: Der Schaumstoff hat sich mittlerweile gro\u00dffl\u00e4chig gel\u00f6st. Und das Ankleben hat nicht lange gehalten&#8230; Klar, h\u00e4tte ich daheim noch andere gehabt, keine Ahnung, warum ich ausgerechnet die mitgenommen hab, ich meine, ich h\u00e4tte schon daheim den Schaumstoff angeklebt ..<\/p>\n<p>\u00c4hnlich wie bei Ikea hatten die meisten Sportgesch\u00e4fte (wie \u00fcbrigens auch der Dollarstore) einen festgelegten Weg durch das Gesch\u00e4ft, d.h. man geht einen Rundkurs gegen den Uhrzeigersinn (warum eigentlich? Auch Superm\u00e4rkte sind meist gegen den Uhrzeigersinn) durch die verschiedenen Themenbereiche, wobei man hier und da abk\u00fcrzen k\u00f6nnte. Ist ja durchaus praktisch, da man so an allen Bereichen vorbei kommen kann. Bei einem Supermarkt verpasst man da schon mal was. <\/p>\n<p>\u00dcbrigens ist der Scheibenwischer an der Frontscheibe auch schon seit ca. 1 Woche angefroren, das Heizen von Innen auf die Scheibe kann den momentan nicht freibekommen. Die Scheibe ist trotzdem komplett sauber: Gut, dass man die Frontwischer hier in Schweden bei den Temperaturen nicht wirklich braucht, selbst wenn es schneit nicht, denn der Fahrtwind weht den Schnee einfach weg, bevor er an der Scheibe taut. Hin und wieder w\u00e4re es aber vielleicht doch praktisch, z.B. wenn man etwas l\u00e4nger bei leichtem Schneefall steht &#8230; <\/p>\n<p>Um 16 Uhr war ich am Frasses, schien aber leider geschlossen zu sein, nur die Speisentafeln beleuchtet, sonst unbeleuchtet + vom Auto aus keinen drin gesehen. Tja, dann halt ein anderes mal Laxburger essen. <\/p>\n<p>Schlussendlich noch in einen Willy:s -Supermarkt, schauen, was der so hat. Hat mich aber nicht sooo ganz \u00fcberzeugt, werde wohl ICA-Fan bleiben.<\/p>\n<p>Teilweise war es schon recht voll in all den Gesch\u00e4ften, Abstand wurde und kann da nicht immer eingehalten werden. Teilweise auch recht bescheuert, wenn irgendwelche Familienmitglieder wo warten und den Bereich blockieren, wo man gerade hinwill. In einem oder zwei der Sportgesch\u00e4fte haben die Angestellten \u00fcbrigens MNS getragen.<\/p>\n<p><a href='http:\/\/extra.inmontanis.info\/d\/61017-2\/DSC03653.jpg'><img src=http:\/\/extra.inmontanis.info\/d\/61016-3\/DSC03653.jpg \/><\/a><br \/>\n^ Nachdem ich lang gebraucht hab, um mich f\u00fcr ein Abendessen zu entscheiden, entdeckte ich Garnelen-Cr\u00eapes. Die musste ich mal probieren (dazu noch ein Pizza-Salat). Rechts die g\u00fcnstige Skibrille, dar\u00fcber die g\u00fcnstigen Handschuhe.<\/p>\n<p>Gestern bin ich nochmals die ganzen kleinen Skigebiete im Flachland richtung Meer durchgegangen, allzuviel interessantes hab ich in diesem Bereich im mittleren Schweden ja nicht gefunden, eher dann weiter n\u00f6rdlich wieder oder weiter s\u00fcdlich. Nolbybacken mit Meerpano w\u00e4r ich ja sehr gern gefahren, aber die sind tags\u00fcber momentan auch nur am WE offen und dieses WE haben sie irgendwelche FIS-Skirennen und daher f\u00fcr die Allgemeinheit geschlossen. Und ich m\u00f6chte doch endlich mal weiter richtung Norden kommen, als noch eine Woche hier zu bleiben. Und vielleicht komm ich ja runterw\u00e4rts vorbei, denn so viel gibt&#8217;s weiter im Norden ja auch nicht mehr, als dass ich da 2 Monate verbringen m\u00fcsste, denk ich. Tendenziell werd ich also im M\u00e4rz wieder weiter im S\u00fcden sein, sch\u00e4tze ich. Aber wo dann hin? Heim? Na vielleicht macht ja Norwegen die Grenzen wieder auf bis dahin.<\/p>\n<p>Richtung Norden und leider nur mit gro\u00dfem Umweg erreichbar ist dann das schon bekannte Bl\u00e5sj\u00f6n, das ab n\u00e4chstem WE \u00f6ffnet, aber derzeit nur an den WE offen hat. Noche ein St\u00fcck weiter dann Borgafj\u00e4ll, wo ich noch nicht war, Klimpfj\u00e4ll, das ich letzten Mai ja 3x besuchte und wirklich alles abgefahren bin und Kittelfj\u00e4ll, wo ich vor 2 oder 3 Jahren alle Abfahrten an den 2 Liften innerhalb eines Tages ja gar nicht abfahren konnte, weil es zu viele sind, da w\u00fcrd ich also gern ein paar Tage bleiben, auch wenn der Skipass etwas teurer ist. Das w\u00e4r dann so der Plan f\u00fcr die n\u00e4chsten 2 Wochen. <\/p>\n<p>Abends dann Zimmersuche &#8211; so wirklich hat mich ja preislich nichts auf booking.com \u00fcberzeugt. Eines nahe des morgigen Skigebiets hab ich auf deren Website angeschaut, war wesentlich g\u00fcnstiger, hab ich dann angemailt, w\u00fcrde ich dann 2-3 Tage bleiben. In Richtung Blasj\u00f6n hat Booking.com fast gar nix, au\u00dfer einem Hotel in G\u00e4ddede. Da bekommt man auf der Buchungsseite des Hotels das EZ um weniger als den halben Preis?! Ein STF-Hostel w\u00e4re aber auch in der etwas entfernteren N\u00e4he, also zwei M\u00f6glichkeiten f\u00fcr eine wesentlich g\u00fcnstigere \u00dcbernachtung als via booking.com &#8211; werd ich die n\u00e4chsten Tagen entscheiden. <\/p>\n<p>F\u00fcr die n\u00e4chsten Tage also direkt in der B&#038;B\/Hostel-Unterkunft nachgefragt, bekomm ich jetzt f\u00fcr 40,- \u20ac ein EZ mit DU\/WC ohne Fr\u00fchst\u00fcck (mit Fr\u00fchst\u00fcck 45,- \u20ac) &#8212; statt \u00fcber 60,- \u20ac auf booking.com mit Fr\u00fchst\u00fcck .. werde also 3 Tage bleiben, dann k\u00f6nnte ich ggf. noch die beiden anderen Skigebiete in der N\u00e4he jeweils abends besuchen, falls es nicht zu kalt ist und diese deshalb zu haben.<\/p>\n","protected":false},"excerpt":{"rendered":"<p>30.1.2021 &#8211; Alm\u00e5sa<\/p>\n<p>Leider war es heute nicht so sonnig wie gestern. Stattdessen wieder bedeckt \/ Hochnebel \/ leichter Schneefall, Temperaturen um die -16 bis -20\u00b0 in der Gegend um \u00d6stersund. 2 Skigebiete im sinnvollen Radius hatte ich noch nicht besucht, alternativ k\u00f6nnte man auch bereits ein besuchtes nochmals besuchen, aber .. nat\u00fcrlich interessiert es <a href=\"http:\/\/blog.inmontanis.info\/?p=6523\">[&#8230;]<\/a><\/p>\n","protected":false},"author":1,"featured_media":0,"comment_status":"closed","ping_status":"closed","sticky":false,"template":"","format":"standard","meta":{"footnotes":""},"categories":[184,694,19,27],"tags":[47],"class_list":["post-6523","post","type-post","status-publish","format-standard","hentry","category-2021-01-skandinavien","category-almasa","category-schwedensweden","category-skifahren-winterskiing-winter","tag-sl","odd"],"_links":{"self":[{"href":"http:\/\/blog.inmontanis.info\/index.php?rest_route=\/wp\/v2\/posts\/6523","targetHints":{"allow":["GET"]}}],"collection":[{"href":"http:\/\/blog.inmontanis.info\/index.php?rest_route=\/wp\/v2\/posts"}],"about":[{"href":"http:\/\/blog.inmontanis.info\/index.php?rest_route=\/wp\/v2\/types\/post"}],"author":[{"embeddable":true,"href":"http:\/\/blog.inmontanis.info\/index.php?rest_route=\/wp\/v2\/users\/1"}],"replies":[{"embeddable":true,"href":"http:\/\/blog.inmontanis.info\/index.php?rest_route=%2Fwp%2Fv2%2Fcomments&post=6523"}],"version-history":[{"count":3,"href":"http:\/\/blog.inmontanis.info\/index.php?rest_route=\/wp\/v2\/posts\/6523\/revisions"}],"predecessor-version":[{"id":6526,"href":"http:\/\/blog.inmontanis.info\/index.php?rest_route=\/wp\/v2\/posts\/6523\/revisions\/6526"}],"wp:attachment":[{"href":"http:\/\/blog.inmontanis.info\/index.php?rest_route=%2Fwp%2Fv2%2Fmedia&parent=6523"}],"wp:term":[{"taxonomy":"category","embeddable":true,"href":"http:\/\/blog.inmontanis.info\/index.php?rest_route=%2Fwp%2Fv2%2Fcategories&post=6523"},{"taxonomy":"post_tag","embeddable":true,"href":"http:\/\/blog.inmontanis.info\/index.php?rest_route=%2Fwp%2Fv2%2Ftags&post=6523"}],"curies":[{"name":"wp","href":"https:\/\/api.w.org\/{rel}","templated":true}]}}