{"id":6520,"date":"2021-01-29T18:46:37","date_gmt":"2021-01-29T17:46:37","guid":{"rendered":"http:\/\/blog.inmontanis.info\/?p=6520"},"modified":"2021-01-30T08:00:28","modified_gmt":"2021-01-30T07:00:28","slug":"27-29-1-2021","status":"publish","type":"post","link":"http:\/\/blog.inmontanis.info\/?p=6520","title":{"rendered":"27.-29.1.2021"},"content":{"rendered":"<p><strong>27.1.2021<\/strong><\/p>\n<p>Vormittags gab es wieder viel Sonne und blauen Himmel, nachdem es gestern Abend und \u00fcber Nacht etwas geschneit hatte.<\/p>\n<p>W\u00e4re hier im Skigebiet in Storlien etwas mehr offen, h\u00e4tte ich mir ja nochmal einen Skipass gekauft, aber so hab ich eigentlich alles genug abgefahren. Alternativ k\u00f6nnte man vielleicht endlich mal eine Skitour machen, aber der untere Bereich ist ja so flach, dass man auch die Liftspur aufsteigen und die Abfahrt nehmen muss. Und weiter oben sah es ja eigentlich auch nicht mehr so viel interessanter aus.<\/p>\n<p>Ich entschied mich aber doch so halbherzig &#8220;pro Skitour&#8221; und wollte meine Schuhe aus dem Auto holen, um sie ein St\u00fcndchen aufzuw\u00e4rmen. Am Auto kehrte ich den Schnee ab, es hatte heute ca. -10\u00b0 und schon hatte ich keine Lust mehr auf die Anstrengung des Skitourengehens in dieser K\u00e4lte :)<\/p>\n<p>Gibt ja auch noch andere Sachen, die ich am PC erledigen m\u00f6chte. <\/p>\n<p>Ich wollte aber noch den Candy Shop quasi neben der Unterkunft besuchen, wohl ein ehemaliger Supermarkt. Schien aber geschlossen zu sein. Und zum ca. 1km entfernten, neuen Supermarkt wollte ich auch nicht gehen.<\/p>\n<p>Also hab ich ein paar Sachen aus dem Auto geholt, nat\u00fcrlich alles tiefgefroren. Die Pfanne hatte ich hier in der K\u00fcche eh schon verwendet und \u00c4lplerr\u00f6sti sind aufgrund des Geruchs wohl auch lieber nicht im Auto zu machen. Wobei die hier weder so gut noch so geruchsintensiv waren wie die von Hero. <\/p>\n<p><a href='http:\/\/extra.inmontanis.info\/d\/60941-2\/DSC03571.jpg'><img src=http:\/\/extra.inmontanis.info\/d\/60940-3\/DSC03571.jpg \/><\/a><br \/>\n^ Zimmer-Pano in Storlien<\/p>\n<p><a href='http:\/\/extra.inmontanis.info\/d\/60945-2\/DSC03572.jpg'><img src=http:\/\/extra.inmontanis.info\/d\/60944-3\/DSC03572.jpg \/><\/a><br \/>\n^ Zimmer-Pano in Storlien<\/p>\n<p><a href='http:\/\/extra.inmontanis.info\/d\/61001-2\/IMG_20210127_114206.jpg'><img src=http:\/\/extra.inmontanis.info\/d\/61000-3\/IMG_20210127_114206.jpg \/><\/a><br \/>\n^ Bahnhof in Storlien<\/p>\n<p><a href='http:\/\/extra.inmontanis.info\/d\/61005-2\/IMG_20210127_114226.jpg'><img src=http:\/\/extra.inmontanis.info\/d\/61004-3\/IMG_20210127_114226.jpg \/><\/a><br \/>\n^ Bahnhof in Storlien<\/p>\n<p><a href='http:\/\/extra.inmontanis.info\/d\/61009-2\/IMG_20210127_115823.jpg'><img src=http:\/\/extra.inmontanis.info\/d\/61008-3\/IMG_20210127_115823.jpg \/><\/a><br \/>\n^ Statt Supermarkt aus dem Auto geholt, teils noch von der Balkan-Griechenlandreise letzten Februar; das R\u00f6sti hatte ich in der Schweiz gekauft, als es in \u00d6sterreich Maskenpflicht im Supermarkt gab und in der Schweiz nicht&#8230;<\/p>\n<p>Von meinem Parkplatz ginge es durchaus ein St\u00fcck leicht bergab, nach der Kurve geht die Stra\u00dfe durch den Ort auch noch weiter bergab, so dass ich es evtl. sogar schaffen k\u00f6nnte, das Auto alleine zu starten. Kann aber nicht absch\u00e4tzen, ob es schnell genug werden w\u00fcrde, die Steilheit und L\u00e4nge ausreichend w\u00e4re .. Jetzt w\u00e4re so eine Starter-Kurbel wie bei den ganz alten Autos n\u00fctzlich &#8211; oder ein offener Boden wie bei Familie Feuerstein :) <\/p>\n<p><strong>Do, 28.1.2021<\/strong><\/p>\n<p>Morgens gab mein Ignis ganz kurz Startger\u00e4usche von sich, aber nix brauchbares, also bat ich den anderen Deutschen, der sich hier als Corona(ma\u00dfnahmen)fl\u00fcchtling bis M\u00e4rz einquartiert hat, um Hilfe zum Anschieben. Ging wieder problemlos.<\/p>\n<p>Da mir der Tank etwas zu leer werden k\u00f6nnte, hab ich zwischendrin mal bei laufendem Motor getankt. Bei uns ja normalerweise verboten, aber bei -40\u00b0 in Sibiren oder auch Alaska, wenn der Motor den ganzen Tag l\u00e4uft, wird man das wohl auch so handhaben?!<\/p>\n<p><a href='http:\/\/extra.inmontanis.info\/d\/60949-2\/DSC03580.jpg'><img src=http:\/\/extra.inmontanis.info\/d\/60948-3\/DSC03580.jpg \/><\/a><br \/>\n^ Richtung Fr\u00f6s\u00f6n<\/p>\n<p><a href='http:\/\/extra.inmontanis.info\/d\/60953-2\/DSC03582.jpg'><img src=http:\/\/extra.inmontanis.info\/d\/60952-3\/DSC03582.jpg \/><\/a><br \/>\n^ Richtung Fr\u00f6s\u00f6n<\/p>\n<p><a href='http:\/\/extra.inmontanis.info\/d\/60957-2\/DSC03588.jpg'><img src=http:\/\/extra.inmontanis.info\/d\/60956-3\/DSC03588.jpg \/><\/a><br \/>\n^ Richtung Fr\u00f6s\u00f6n<\/p>\n<p><a href='http:\/\/extra.inmontanis.info\/d\/60961-2\/DSC03590.jpg'><img src=http:\/\/extra.inmontanis.info\/d\/60960-3\/DSC03590.jpg \/><\/a><br \/>\n^ Br\u00fccke auf die Insel Fr\u00f6s\u00f6n<\/p>\n<p><a href='http:\/\/extra.inmontanis.info\/d\/60965-2\/DSC03592.jpg'><img src=http:\/\/extra.inmontanis.info\/d\/60964-3\/DSC03592.jpg \/><\/a><br \/>\n^ Seeblick von der (n\u00f6rdlichen) Br\u00fccke auf die Insel Fr\u00f6s\u00f6n<\/p>\n<p><a href='http:\/\/extra.inmontanis.info\/d\/60969-2\/DSC03595.jpg'><img src=http:\/\/extra.inmontanis.info\/d\/60968-3\/DSC03595.jpg \/><\/a><br \/>\n^ Die Stra\u00dfe neben dem Flughafen auf Fr\u00f6s\u00f6n ist ziemlich breit<\/p>\n<p><a href='http:\/\/extra.inmontanis.info\/d\/60973-2\/DSC03598.jpg'><img src=http:\/\/extra.inmontanis.info\/d\/60972-3\/DSC03598.jpg \/><\/a><br \/>\n^ \u00d6stersund<\/p>\n<p>Gegen 13 Uhr kam ich in \u00d6stersund am bekannten Hostel an, stellte den Motor ab und probierte kurz, machte aber wieder keinen Mucks. R\u00e4umte meine Sachen ins Zimmer, ging zum Lidl, kaufte mir was zu Essen, rein in die Mikro:<\/p>\n<p><a href='http:\/\/extra.inmontanis.info\/d\/60977-2\/DSC03600.jpg'><img src=http:\/\/extra.inmontanis.info\/d\/60976-3\/DSC03600.jpg \/><\/a><br \/>\n^ Fish&#8217;n&#8217;Chips, zwar ohne Malzessig oder brauner Sauce, aber immerhin mit Erbsen (wobei ich ja das Erbsenp\u00fcree in UK bevorzuge)<\/p>\n<p>Um 14:10 ging ich nochmals ans Auto, probierte zu starten und verarsch, es startete. Also kein Abschleppen n\u00f6tig und somit auch keine wieteren Dienstleistungen des Mobilit\u00e4tsservice, wenn ich jetzt zur Werkstatt fahren w\u00fcrde..<\/p>\n<p>Vielleicht tut sich der Anlasser bei -17\u00b0 hier ja leichter als bei -10\u00b0?!<\/p>\n<p>Nochmal Motor abgestellt, Rucksack f\u00fcr den eventuellen 2,5km langen Fu\u00dfweg retour leichter gemacht und nochmal probiert.. ratet mal, nix ging &#8230; doch, beim vierten Mal sprang er an. Hoffe, er zickt in der Werkstatt mehr rum, damit sie was sehen k\u00f6nnen&#8230; Dadurch war ich halt eine Stunde vor meinem Termin in der Suzukiwerkstatt und musste etwas mehr warten..<\/p>\n<p><a href='http:\/\/extra.inmontanis.info\/d\/61013-2\/IMG_20210128_153012.jpg'><img src=http:\/\/extra.inmontanis.info\/d\/61012-3\/IMG_20210128_153012.jpg \/><\/a><br \/>\n^ Hier gibt&#8217;s eine Wiener Melange :) Ich nahm die arg w\u00e4ssrige Schokolade<\/p>\n<p>Gegen 16:40 war das Auto fertig, es kostete ca. 131,- \u20ac. Grund: Der Starter war locker, die Schrauben wurden angezogen. &#8220;Grounded in the engine&#8221;, hatte keinen Kontakt, daher nicht funktioniert, k\u00f6nnen nicht garantieren, dass der Starter dadurch nicht irgendwie besch\u00e4digt wurde, funktioniert aber momentan wieder. Keine Fehler im System.<\/p>\n<p>.. somit h\u00e4tte das wohl auch gleich am Sonntag \/ Montag in der lokalen Werkstatt repariert werden k\u00f6nnen. Naja, was soll&#8217;s, wenigstens muss ich nicht eine Woche auf ein Ersatzteil warten. Schade vieleicht nur, dass ich das Hostel schon bis Sonntag gebucht hab, je nachdem wo ich am Sa\/So hinfahren m\u00f6chte. Aber bevor von SA auf SO kurzfristig eine Gruppe einf\u00e4llt (was von SO auf MO vielleicht seltener sein d\u00fcrfte), hatte ich eben bis SO gebucht.<\/p>\n<p><a href='http:\/\/extra.inmontanis.info\/d\/60981-2\/DSC03601.jpg'><img src=http:\/\/extra.inmontanis.info\/d\/60980-3\/DSC03601.jpg \/><\/a><br \/>\n^ Zur Abwechslung mal Schwarzbrot gekauft, dann nat\u00fcrlich das schwedische Lingonbr\u00f6d, das also dank Preiselbeeren im Teig etwas s\u00fc\u00dflich schmeckt<\/p>\n<p><strong>Fr, 29.1.2021<\/strong><\/p>\n<p>Es w\u00e4re heute ja ein strahlend sonniger Tag gewesen. Hatte nur einen Haken: um 11 Uhr hatte es noch -22\u00b0. Da hab ich keine gro\u00dfe Lust auf Spazierg\u00e4nge. Skigebiet in \u00d6stersund hat eh nur bis -20\u00b0 offen, aber da war ich ja erst letzte Woche. Sch\u00f6ne Fotos h\u00e4tte man heut sicherlich machen k\u00f6nnen&#8230;<\/p>\n<p>Bin nur r\u00fcber zum Lidl gegangen. Bei jedem zweiten Atemzug gefroren einem die H\u00e4rchen in der Nase ein&#8230; Nahm mir heute mal eine TK-Pizza (Kebap) mit. W\u00e4re es etwas w\u00e4rmer gewesen, w\u00e4re ich die Viertelstunde zum Frasses gegangen, endlich mal wieder einen Laxburger essen. Wird auf morgen auf dem Heimweg vom Skigebiet verschoben ;)<\/p>\n<p>Wie schon vor ein paar Wochen legte ich die Pizza auf den Pizzakarton in den Ofen, anstatt direkt auf den Rost, w\u00fcrde das Reinigen des Rosts und Tellers ersparen. Was sich diesmal nach 10 Minuten als einen gro\u00dfen Fehler herausstellte, denn der Ofen wurde hei\u00dfer als der andere zuletzt, es roch stark verbrannt nach Papier, das fing bereits zum kokeln an. Gleich mal alle Fenster in der K\u00fcche aufgemacht, in der Hoffnung, der Feueralarm w\u00fcrde nicht losgehen. <\/p>\n<p>Die Pizza sah noch gar nicht so stark verbrannt aus. Ofen leicht aufgemacht, kam gleich eine stinkende Rauchwolke raus. Na hoffentlich geht jetzt nicht der Feueralarm los. Und wie krieg ich jetzt die Pizza raus? Wartete noch etwas, noch paar mal leicht den Offen ge\u00f6ffnet und irgendwann dann rausgenommen, Papier unters Wasser und in den M\u00fclleimer, damit es nicht noch mehr den Raum weiter bestinkt&#8230; Meine Kleidung roch mittlerweile auch schon stark nach dem Rauch ..<\/p>\n<p>Kurz sp\u00e4ter kam der Rezeptionist\/Verwalter, weil er ebenfalls einen Geruch bemerkte und \u00f6ffnete noch die Au\u00dfent\u00fcr. Wenigstens ging der Feueralarm nicht los. Puh..<\/p>\n<p>Die Pizza selbst hat sich nicht wirklich gelohnt &#8211; mal abgesehen, dass sie durch den Rauch vermutlich eh schon leicht vergiftet war, war sie durch die Pepperoni auch sehr scharf und vom Kebapfleisch hat man nichts geschmeckt.<\/p>\n<p><a href='http:\/\/extra.inmontanis.info\/d\/60985-2\/DSC03605.jpg'><img src=http:\/\/extra.inmontanis.info\/d\/60984-3\/DSC03605.jpg \/><\/a><br \/>\n^ Etwas ungewohnter Fensterblick mit dem Auto direkt davor<\/p>\n<p><a href='http:\/\/extra.inmontanis.info\/d\/60989-2\/DSC03606.jpg'><img src=http:\/\/extra.inmontanis.info\/d\/60988-3\/DSC03606.jpg \/><\/a><br \/>\n^ Dachlawinengefahr<\/p>\n<p><a href='http:\/\/extra.inmontanis.info\/d\/60993-2\/DSC03610.jpg'><img src=http:\/\/extra.inmontanis.info\/d\/60992-3\/DSC03610.jpg \/><\/a><br \/>\n^ Hexen-Fratze im Schnee mit 2 Augen, Hakennase, Mund und langen Haaren &#8230;<\/p>\n<p><a href='http:\/\/extra.inmontanis.info\/d\/60997-2\/DSC03612.jpg'><img src=http:\/\/extra.inmontanis.info\/d\/60996-3\/DSC03612.jpg \/><\/a><br \/>\n^ Bei um die -20\u00b0 schafft es die Sonne momentan nicht, den Schnee von den B\u00e4umen zu tauen.<\/p>\n<p>Ein Problem auf den Stra\u00dfen ist auch, dass man die Geschwindigkeitsbegrenzungen h\u00e4ufig nicht lesen kann, weil das Schild mit Schnee\/Eis zugefroren ist. Ganz toll, wenn es dann einen Blitzer gibt..<\/p>\n","protected":false},"excerpt":{"rendered":"<p>27.1.2021<\/p>\n<p>Vormittags gab es wieder viel Sonne und blauen Himmel, nachdem es gestern Abend und \u00fcber Nacht etwas geschneit hatte.<\/p>\n<p>W\u00e4re hier im Skigebiet in Storlien etwas mehr offen, h\u00e4tte ich mir ja nochmal einen Skipass gekauft, aber so hab ich eigentlich alles genug abgefahren. Alternativ k\u00f6nnte man vielleicht endlich mal eine Skitour machen, aber <a href=\"http:\/\/blog.inmontanis.info\/?p=6520\">[&#8230;]<\/a><\/p>\n","protected":false},"author":1,"featured_media":0,"comment_status":"closed","ping_status":"closed","sticky":false,"template":"","format":"standard","meta":{"footnotes":""},"categories":[184,19],"tags":[],"class_list":["post-6520","post","type-post","status-publish","format-standard","hentry","category-2021-01-skandinavien","category-schwedensweden","odd"],"_links":{"self":[{"href":"http:\/\/blog.inmontanis.info\/index.php?rest_route=\/wp\/v2\/posts\/6520","targetHints":{"allow":["GET"]}}],"collection":[{"href":"http:\/\/blog.inmontanis.info\/index.php?rest_route=\/wp\/v2\/posts"}],"about":[{"href":"http:\/\/blog.inmontanis.info\/index.php?rest_route=\/wp\/v2\/types\/post"}],"author":[{"embeddable":true,"href":"http:\/\/blog.inmontanis.info\/index.php?rest_route=\/wp\/v2\/users\/1"}],"replies":[{"embeddable":true,"href":"http:\/\/blog.inmontanis.info\/index.php?rest_route=%2Fwp%2Fv2%2Fcomments&post=6520"}],"version-history":[{"count":2,"href":"http:\/\/blog.inmontanis.info\/index.php?rest_route=\/wp\/v2\/posts\/6520\/revisions"}],"predecessor-version":[{"id":6522,"href":"http:\/\/blog.inmontanis.info\/index.php?rest_route=\/wp\/v2\/posts\/6520\/revisions\/6522"}],"wp:attachment":[{"href":"http:\/\/blog.inmontanis.info\/index.php?rest_route=%2Fwp%2Fv2%2Fmedia&parent=6520"}],"wp:term":[{"taxonomy":"category","embeddable":true,"href":"http:\/\/blog.inmontanis.info\/index.php?rest_route=%2Fwp%2Fv2%2Fcategories&post=6520"},{"taxonomy":"post_tag","embeddable":true,"href":"http:\/\/blog.inmontanis.info\/index.php?rest_route=%2Fwp%2Fv2%2Ftags&post=6520"}],"curies":[{"name":"wp","href":"https:\/\/api.w.org\/{rel}","templated":true}]}}