{"id":6515,"date":"2021-01-29T17:10:59","date_gmt":"2021-01-29T16:10:59","guid":{"rendered":"http:\/\/blog.inmontanis.info\/?p=6515"},"modified":"2023-08-05T12:06:16","modified_gmt":"2023-08-05T10:06:16","slug":"storlien-26-1-2021","status":"publish","type":"post","link":"http:\/\/blog.inmontanis.info\/?p=6515","title":{"rendered":"Storlien, 26.1.2021"},"content":{"rendered":"<p><strong>Di, 26.1.2021<\/strong><\/p>\n<p>Der Skiort Storlien, nahe der Grenze zu Norwegen, so klein das alpine Skigebiet auch sein mag, hat durchaus eine interessante Geschichte. Lt. Wikipedia verbringt die k\u00f6nigliche Familie hier Neujahr und Ostern. Das H\u00f6gfj\u00e4llshotell war einst das Gr\u00f6\u00dfte des Landes. 1942 wurde hier der zweite Skilift Schwedens gebaut. Seitdem das Hotel 1998 bankrott war, hatte es mehrere Besitzer &#8211; und ist aktuell wieder geschlossen. Der Bahnhof hier soll zudem der h\u00f6chste in Schweden sein.<\/p>\n<p>&#8211;<\/p>\n<p>Nach der Arbeit ging ich zur Rezeption runter, weil ich mein Zimmer ja noch zahlen m\u00fcsste, nachdem ich gestern au\u00dferhalb der \u00d6ffnungszeiten angereist bin. Das ist in l\u00e4ndlicheren Gegenden Schwedens recht problemlos, der Schl\u00fcssel kommt in ein Kuvert in einen Briefkasten am Haus und man bedient sich einfach selbst, sofern sich nicht ein anderer f\u00fcr einen selbst ausgegeben hat &#8230; <\/p>\n<p>An der Rezeption war aber nur ein Sch\u00e4ferhund, der mich die ganze Zeit ausgebellt hat. Wartete etwas und lie\u00df mich ausbellen und wollte schon wieder gehen, bis dann doch eine Frau kam.<\/p>\n<p>Ich zahlte und fragte sie, ob der Lift hinter dem Hotel fahren w\u00fcrde, was sie verneinte  zudem das Hotel seit ca. 1 Jahr leer ist und zum Verkauf steht und somit der SL nur in der Hochsaison f\u00e4hrt. Sie k\u00f6nne aber im Skigebiet anrufen und einen Abholdienst organisieren, ich m\u00fcsste dann nur zu diesem geschlossenen Lift rauflaufen. Ich bedankte mich und buchte eine Abholung gegen 12 Uhr.<\/p>\n<p>Nachdem ich mich etwas vor 12 Uhr  mit Ski und Schuh auf den Weg hinauf machen wollte, kam auch schon die Pistenpatrouille, so dass ich mir sogar noch den Weg hinauf zum Lift sparte. Er nahm und hielt meine Ski mit der linken Hand, ich setzte mich hinter ihm auf&#8217;s Schneemobil, Stecken in der Hand und an beiden Seiten festhaltend. Der Ritt war dank leichter Piste zum Gl\u00fcck nicht ganz so abenteuerlich wie im Mai in Bl\u00e5sj\u00f6n. Noch kurioser war, dass wir noch einen dritten Fahrgast hatten: ein Hund sa\u00df vor ihm auf dem Schneemobil :))<\/p>\n<p>Hachja, das sind so Sachen, die find ich in Schweden einfach genial.<\/p>\n<p>Den n\u00e4chsten Lift durfte ich dann gratis nehmen, danach sollte ich links fahren zur Skipasskasse &#8211; die war dann aber doch nicht so einfach zu finden. Ich kaufte den 4h-Skipass um ca. 29,- \u20ac, die Pisten waren noch fast jungfr\u00e4ulich. Leider war von den Hauptliften nur der rechte SL in Betrieb. Aber die momentan offenen Abfahrten konnte man damit alle fahren, die linken waren offiziell eh nicht offen.<\/p>\n<p>.. was mich nat\u00fcrlich nicht so ganz abhielt. Der Pulverschnee auf den geschlossenen Pisten war auch einfach zu gut heute.<\/p>\n<p>Von 15 bis 16 Uhr wurde f\u00fcr die ca. 3-5 Leutchen, die noch da waren, noch der mittlere, l\u00e4ngere SL in Betrieb genommen, weil nur hier eine beleuchtete Abfahrt ist. Die bin ich aber nur 1x gefahren, lieber stattdessen nochmal etwas die geschlossenen Abfahrten weiter links ;-)<\/p>\n<p>Meine letzte Fahrt machte ich um 15:45 und fuhr dann die geschlossene Abfahrt am rechten SL ab, direkt zu meiner Unterkunft bzw. zu meinem Auto, wo ich die Skischuhe auszog. Nach einiger Zeit kam ein Deutscher des Wegs und fragte mich, ob ich auch &#8220;gefl\u00fcchtet&#8221; sei, was ich bejahte :) Falls mein Auto am Donnerstag nicht anspringen sollte, d\u00fcrfte ich mal bei ihm anklopfen, er wohnt auch hier, und falls er da sein sollte, w\u00fcrde er mir beim Anschieben helfen. <\/p>\n<p>(Fotos anklicken zum Vergr\u00f6\u00dfern)<\/p>\n<p><a href='http:\/\/ski.inmontanis.info\/d\/284460-2\/DSC03480.jpg'><img src=http:\/\/ski.inmontanis.info\/d\/284458-3\/DSC03480.jpg \/><\/a><br \/>\n^ Sch\u00f6nes Zimmer-Pano zum Arbeiten ;-)<\/p>\n<p><a href='http:\/\/ski.inmontanis.info\/d\/284464-2\/DSC03563.jpg'><img src=http:\/\/ski.inmontanis.info\/d\/284463-3\/DSC03563.jpg \/><\/a><br \/>\n^ Pistenplan. Heute ge\u00f6ffnet: Ab Abfahrt 8 nach Rechts bis 20, Ausnahme der eine oder andere Steilhang<\/p>\n<p><a href='http:\/\/ski.inmontanis.info\/d\/284468-2\/DSC03481.jpg'><img src=http:\/\/ski.inmontanis.info\/d\/284467-3\/DSC03481.jpg \/><\/a><br \/>\n^ Schneemobilfahrt statt Lift als Zubringer ;-)<\/p>\n<p><a href='http:\/\/ski.inmontanis.info\/d\/284472-2\/DSC03482.jpg'><img src=http:\/\/ski.inmontanis.info\/d\/284471-3\/DSC03482.jpg \/><\/a><br \/>\n^ Abfahrten 19 und 18, noch kaum befahren heute<\/p>\n<p><a href='http:\/\/ski.inmontanis.info\/d\/284476-2\/DSC03484.jpg'><img src=http:\/\/ski.inmontanis.info\/d\/284475-3\/DSC03484.jpg \/><\/a><br \/>\n^ .. weiter unten<\/p>\n<p><a href='http:\/\/ski.inmontanis.info\/d\/284480-2\/DSC03485.jpg'><img src=http:\/\/ski.inmontanis.info\/d\/284479-3\/DSC03485.jpg \/><\/a><br \/>\n^ SL Skurdalsliften, in Betrieb heute nur der l\u00e4ngere, linke<\/p>\n<p><a href='http:\/\/ski.inmontanis.info\/d\/284484-2\/DSC03486.jpg'><img src=http:\/\/ski.inmontanis.info\/d\/284483-3\/DSC03486.jpg \/><\/a><br \/>\n^ SL Skurdalsliften<\/p>\n<p><a href='http:\/\/ski.inmontanis.info\/d\/284488-2\/DSC03487.jpg'><img src=http:\/\/ski.inmontanis.info\/d\/284487-3\/DSC03487.jpg \/><\/a><br \/>\n^ Blick von der Bergstation SL Skurdalsliften zum SL Slalomliften<\/p>\n<p><a href='http:\/\/ski.inmontanis.info\/d\/284492-2\/DSC03489.jpg'><img src=http:\/\/ski.inmontanis.info\/d\/284491-3\/DSC03489.jpg \/><\/a><br \/>\n^ SL Skurdalsliften<\/p>\n<p><a href='http:\/\/ski.inmontanis.info\/d\/284496-2\/DSC03491.jpg'><img src=http:\/\/ski.inmontanis.info\/d\/284495-3\/DSC03491.jpg \/><\/a><br \/>\n^ Rote Abfahrt 11 Snabbl\u00f6pan<\/p>\n<p><a href='http:\/\/ski.inmontanis.info\/d\/284500-2\/DSC03492.jpg'><img src=http:\/\/ski.inmontanis.info\/d\/284499-3\/DSC03492.jpg \/><\/a><br \/>\n^ SSL Lill-Lien, war in Betrieb und machte die R\u00fcckkehr zum  Skurdalsliften einfacher<\/p>\n<p><a href='http:\/\/ski.inmontanis.info\/d\/284504-2\/DSC03493.jpg'><img src=http:\/\/ski.inmontanis.info\/d\/284503-3\/DSC03493.jpg \/><\/a><br \/>\n^ Abfahrten 14 M\u00f6llers \u00d6stra und 13 M\u00f6llers Backe<\/p>\n<p><a href='http:\/\/ski.inmontanis.info\/d\/284508-2\/DSC03494.jpg'><img src=http:\/\/ski.inmontanis.info\/d\/284507-3\/DSC03494.jpg \/><\/a><br \/>\n^ Hier unten kommen die Abfahrten rechts vom Skurdalsliften wieder zusammen, rechts im Bild der SSL Fj\u00e4ll-Lien<\/p>\n<p><a href='http:\/\/ski.inmontanis.info\/d\/284512-2\/DSC03495.jpg'><img src=http:\/\/ski.inmontanis.info\/d\/284511-3\/DSC03495.jpg \/><\/a><br \/>\n^ SL Skurdalsliften. Als Sommerskifan st\u00f6rt mich die geringe L\u00e4nge und H\u00f6he gar nicht.<\/p>\n<p><a href='http:\/\/ski.inmontanis.info\/d\/284516-2\/DSC03496.jpg'><img src=http:\/\/ski.inmontanis.info\/d\/284515-3\/DSC03496.jpg \/><\/a><br \/>\n^ Eine der anderen Abfahrten rechts vom SL Skurdalsliften<\/p>\n<p><a href='http:\/\/ski.inmontanis.info\/d\/284520-2\/DSC03497.jpg'><img src=http:\/\/ski.inmontanis.info\/d\/284519-3\/DSC03497.jpg \/><\/a><br \/>\n^ Weitere Abfahrten rechts vom SL Skurdalsliften; links die Verbindung zum langen SL ganz rechts im Plan, wo ich heute fr\u00fch mit dem Scooter rauf durfte<\/p>\n<p><a href='http:\/\/ski.inmontanis.info\/d\/284524-2\/DSC03498.jpg'><img src=http:\/\/ski.inmontanis.info\/d\/284523-3\/DSC03498.jpg \/><\/a><br \/>\n^ Abfahrten und Varianten rechts vom Skurdalsliften<\/p>\n<p><a href='http:\/\/ski.inmontanis.info\/d\/284528-2\/DSC03500.jpg'><img src=http:\/\/ski.inmontanis.info\/d\/284527-3\/DSC03500.jpg \/><\/a><br \/>\n^ Diese Abfahrt war um 13:10 Uhr noch ganz jungfr\u00e4ulich<\/p>\n<p><a href='http:\/\/ski.inmontanis.info\/d\/284532-2\/DSC03501.jpg'><img src=http:\/\/ski.inmontanis.info\/d\/284531-3\/DSC03501.jpg \/><\/a><br \/>\n^ Abfahrten rechts vom Skurdalsliften<\/p>\n<p><a href='http:\/\/ski.inmontanis.info\/d\/284536-2\/DSC03502.jpg'><img src=http:\/\/ski.inmontanis.info\/d\/284535-3\/DSC03502.jpg \/><\/a><br \/>\n^ Variante rechts vom SL Skurdalsliften, evtl. als Abfahrt 12 Snobbr\u00e4nnan im Plan<\/p>\n<p><a href='http:\/\/ski.inmontanis.info\/d\/284540-2\/DSC03504.jpg'><img src=http:\/\/ski.inmontanis.info\/d\/284539-3\/DSC03504.jpg \/><\/a><br \/>\n^ Vom Namen her Abfahrt 17 Ravinen im unteren, offiziel gesperrten Teil.<\/p>\n<p><a href='http:\/\/ski.inmontanis.info\/d\/284544-2\/DSC03505.jpg'><img src=http:\/\/ski.inmontanis.info\/d\/284543-3\/DSC03505.jpg \/><\/a><br \/>\n^ .. da unten quert man nach rechts raus und bleibt nicht im Graben.<\/p>\n<p><a href='http:\/\/ski.inmontanis.info\/d\/284548-2\/DSC03508.jpg'><img src=http:\/\/ski.inmontanis.info\/d\/284547-3\/DSC03508.jpg \/><\/a><br \/>\n^ SL Slalomliften, heute nur von 15-16 Uhr in Betrieb<\/p>\n<p><a href='http:\/\/ski.inmontanis.info\/d\/284552-2\/DSC03509.jpg'><img src=http:\/\/ski.inmontanis.info\/d\/284551-3\/DSC03509.jpg \/><\/a><br \/>\n^ SSL Lill-Lien<\/p>\n<p><a href='http:\/\/ski.inmontanis.info\/d\/284556-2\/DSC03510.jpg'><img src=http:\/\/ski.inmontanis.info\/d\/284555-3\/DSC03510.jpg \/><\/a><br \/>\n^ Abfahrt 11 Snabbl\u00f6pan<\/p>\n<p><a href='http:\/\/ski.inmontanis.info\/d\/284560-2\/DSC03513.jpg'><img src=http:\/\/ski.inmontanis.info\/d\/284559-3\/DSC03513.jpg \/><\/a><br \/>\n^ Mit etwas Schieben kommt man vom Skurdalsliften zum Slalomliften und dessen linken, noch gesperrten, Abfahrten<\/p>\n<p><a href='http:\/\/ski.inmontanis.info\/d\/284564-2\/DSC03514.jpg'><img src=http:\/\/ski.inmontanis.info\/d\/284563-3\/DSC03514.jpg \/><\/a><br \/>\n^ Abfahrt 7 Sladden<\/p>\n<p><a href='http:\/\/ski.inmontanis.info\/d\/284568-2\/DSC03515.jpg'><img src=http:\/\/ski.inmontanis.info\/d\/284567-3\/DSC03515.jpg \/><\/a><br \/>\n^ Blick zum noch geschlossenen SL Westliften ganz links im Plan<\/p>\n<p><a href='http:\/\/ski.inmontanis.info\/d\/284572-2\/DSC03516.jpg'><img src=http:\/\/ski.inmontanis.info\/d\/284571-3\/DSC03516.jpg \/><\/a><br \/>\n^ Nochmal r\u00fcbergeschoben: Abfahrten 6 und 5 vermutlich. Oder 5 und 4<\/p>\n<p><a href='http:\/\/ski.inmontanis.info\/d\/284576-2\/DSC03518.jpg'><img src=http:\/\/ski.inmontanis.info\/d\/284575-3\/DSC03518.jpg \/><\/a><br \/>\n^ Vermutlich Blick zur Abfahrt 5 oder 4<\/p>\n<p><a href='http:\/\/ski.inmontanis.info\/d\/284580-2\/DSC03520.jpg'><img src=http:\/\/ski.inmontanis.info\/d\/284579-3\/DSC03520.jpg \/><\/a><br \/>\n^ Variante an der Graben-Abfahrt 17 Ravinen<\/p>\n<p><a href='http:\/\/ski.inmontanis.info\/d\/284584-2\/DSC03521.jpg'><img src=http:\/\/ski.inmontanis.info\/d\/284583-3\/DSC03521.jpg \/><\/a><br \/>\n^ Abfahrt 17 Ravinen<\/p>\n<p><a href='http:\/\/ski.inmontanis.info\/d\/284588-2\/DSC03522.jpg'><img src=http:\/\/ski.inmontanis.info\/d\/284587-3\/DSC03522.jpg \/><\/a><br \/>\n^ Sonne geht bald unter (14:50 Uhr)<\/p>\n<p><a href='http:\/\/ski.inmontanis.info\/d\/284592-2\/DSC03524.jpg'><img src=http:\/\/ski.inmontanis.info\/d\/284591-3\/DSC03524.jpg \/><\/a><br \/>\n^ SL Skurdalsliften<\/p>\n<p><a href='http:\/\/ski.inmontanis.info\/d\/284596-2\/DSC03525.jpg'><img src=http:\/\/ski.inmontanis.info\/d\/284595-3\/DSC03525.jpg \/><\/a><br \/>\n^ Baldiger Sonnenuntergang (15:10 Uhr)<\/p>\n<p><a href='http:\/\/ski.inmontanis.info\/d\/284600-2\/DSC03527.jpg'><img src=http:\/\/ski.inmontanis.info\/d\/284599-3\/DSC03527.jpg \/><\/a><br \/>\n^ Da er eine beleuchtete Abfahrt besitzt, ist von 15-16 Uhr trotz der wenigen Leute noch der SL Slalomliften in Betrieb<\/p>\n<p><a href='http:\/\/ski.inmontanis.info\/d\/284604-2\/DSC03528.jpg'><img src=http:\/\/ski.inmontanis.info\/d\/284603-3\/DSC03528.jpg \/><\/a><br \/>\n^ Abendpano<\/p>\n<p><a href='http:\/\/ski.inmontanis.info\/d\/284608-2\/DSC03531.jpg'><img src=http:\/\/ski.inmontanis.info\/d\/284607-3\/DSC03531.jpg \/><\/a><br \/>\n^ Verbindung zum W\u00e4stliften oder Westliften (Schild mit \u00e4, Plan mit e)<\/p>\n<p><a href='http:\/\/ski.inmontanis.info\/d\/284612-2\/DSC03533.jpg'><img src=http:\/\/ski.inmontanis.info\/d\/284611-3\/DSC03533.jpg \/><\/a><br \/>\n^ Abfahrt 3 oder 4 am Westliften<\/p>\n<p><a href='http:\/\/ski.inmontanis.info\/d\/284616-2\/DSC03537.jpg'><img src=http:\/\/ski.inmontanis.info\/d\/284615-3\/DSC03537.jpg \/><\/a><br \/>\n^ SL Westliften<\/p>\n<p><a href='http:\/\/ski.inmontanis.info\/d\/284620-2\/DSC03538.jpg'><img src=http:\/\/ski.inmontanis.info\/d\/284619-3\/DSC03538.jpg \/><\/a><br \/>\n^ SL Westliften<\/p>\n<p><a href='http:\/\/ski.inmontanis.info\/d\/284624-2\/DSC03545.jpg'><img src=http:\/\/ski.inmontanis.info\/d\/284623-3\/DSC03545.jpg \/><\/a><br \/>\n^ SL Slalomliften, auch hier ist der linke der l\u00e4ngere. An diesem Ausstieg gehen s\u00e4mtliche \u00fcbrigen Abfahrten links und rechts weg, trotzdem geht der SL noch ein St\u00fcck weiter hinauf&#8230;<\/p>\n<p><a href='http:\/\/ski.inmontanis.info\/d\/284628-2\/DSC03546.jpg'><img src=http:\/\/ski.inmontanis.info\/d\/284627-3\/DSC03546.jpg \/><\/a><br \/>\n^ Finaler Ausstieg SL Slalomliften. F\u00fcr die Abfahrten eher sinnlos.. F\u00fcr Langl\u00e4ufter, Snow-Kiter (oder wie man die nennt) und f\u00fcr eine eventuelle 2. Sektion sinnvoller.<\/p>\n<p><a href='http:\/\/ski.inmontanis.info\/d\/284632-2\/DSC03547.jpg'><img src=http:\/\/ski.inmontanis.info\/d\/284631-3\/DSC03547.jpg \/><\/a><br \/>\n^ .. und f\u00fcr sch\u00f6ne Pano-Fotos ;-)<\/p>\n<p><a href='http:\/\/ski.inmontanis.info\/d\/284636-2\/DSC03548.jpg'><img src=http:\/\/ski.inmontanis.info\/d\/284635-3\/DSC03548.jpg \/><\/a><br \/>\n^ Hier oben geht noch eine pr\u00e4parierte Spur weiter, aber da ich nicht wusste, ob die mich zur Hotell\u00f6pan-Abfahrt f\u00fchrt, bin ich sie lieber nicht gefahren.<\/p>\n<p><a href='http:\/\/ski.inmontanis.info\/d\/284640-2\/DSC03549.jpg'><img src=http:\/\/ski.inmontanis.info\/d\/284639-3\/DSC03549.jpg \/><\/a><br \/>\n^ Slalomliften im Abendrot<\/p>\n<p><a href='http:\/\/ski.inmontanis.info\/d\/284644-2\/DSC03551.jpg'><img src=http:\/\/ski.inmontanis.info\/d\/284643-3\/DSC03551.jpg \/><\/a><br \/>\n^ SL B\u00e5ngg\u00e5rdsliften und Abfahrt Hotell\u00f6pan, beide heute gesperrt, aber ich bin ja hier mit dem Schneemobil eingestiegen.<\/p>\n<p><a href='http:\/\/ski.inmontanis.info\/d\/284648-2\/DSC03553.jpg'><img src=http:\/\/ski.inmontanis.info\/d\/284647-3\/DSC03553.jpg \/><\/a><br \/>\n^ Hotell\u00f6pan Abfahrt 21<\/p>\n<p><a href='http:\/\/ski.inmontanis.info\/d\/284652-2\/DSC03556.jpg'><img src=http:\/\/ski.inmontanis.info\/d\/284651-3\/DSC03556.jpg \/><\/a><br \/>\n^ SL B\u00e5ngg\u00e5rdsliften und SSL Sm\u00e5lien<\/p>\n<p><a href='http:\/\/ski.inmontanis.info\/d\/284656-2\/DSC03560.jpg'><img src=http:\/\/ski.inmontanis.info\/d\/284655-3\/DSC03560.jpg \/><\/a><br \/>\n^ SL B\u00e5ngg\u00e5rdsliften<\/p>\n<p><a href='http:\/\/ski.inmontanis.info\/d\/284660-2\/DSC03562.jpg'><img src=http:\/\/ski.inmontanis.info\/d\/284659-3\/DSC03562.jpg \/><\/a><br \/>\n^ SL B\u00e5ngg\u00e5rdsliften und SSL Sm\u00e5lien<\/p>\n<p><a href='http:\/\/ski.inmontanis.info\/d\/284664-2\/DSC03564.jpg'><img src=http:\/\/ski.inmontanis.info\/d\/284663-3\/DSC03564.jpg \/><\/a><br \/>\n^ SL B\u00e5ngg\u00e5rdsliften und SSL Sm\u00e5lien<\/p>\n<p><a href='http:\/\/ski.inmontanis.info\/d\/284668-2\/ge20210126a.jpg'><img src=http:\/\/ski.inmontanis.info\/d\/284667-3\/ge20210126a.jpg \/><\/a><br \/>\n^ GPS-Track 26.1.2021<\/p>\n<p><a href='http:\/\/ski.inmontanis.info\/d\/284672-2\/DSC03565.jpg'><img src=http:\/\/ski.inmontanis.info\/d\/284671-3\/DSC03565.jpg \/><\/a><br \/>\n^ Der zum Verkauf stehende Hotelkomplex ist ziemlich gro\u00df<\/p>\n<p><a href='http:\/\/ski.inmontanis.info\/d\/284676-2\/DSC03567.jpg'><img src=http:\/\/ski.inmontanis.info\/d\/284675-3\/DSC03567.jpg \/><\/a><br \/>\n^ Hotel zum Verkauf<\/p>\n<p><a href='http:\/\/ski.inmontanis.info\/d\/284680-2\/DSC03568.jpg'><img src=http:\/\/ski.inmontanis.info\/d\/284679-3\/DSC03568.jpg \/><\/a><br \/>\n^ Hotel zum Verkauf<\/p>\n<p><a href='http:\/\/ski.inmontanis.info\/d\/284684-2\/DSC03569.jpg'><img src=http:\/\/ski.inmontanis.info\/d\/284683-3\/DSC03569.jpg \/><\/a><br \/>\n^ Sch\u00f6nes Bild in meiner Unterkunft<\/p>\n","protected":false},"excerpt":{"rendered":"<p>Di, 26.1.2021<\/p>\n<p>Der Skiort Storlien, nahe der Grenze zu Norwegen, so klein das alpine Skigebiet auch sein mag, hat durchaus eine interessante Geschichte. Lt. Wikipedia verbringt die k\u00f6nigliche Familie hier Neujahr und Ostern. Das H\u00f6gfj\u00e4llshotell war einst das Gr\u00f6\u00dfte des Landes. 1942 wurde hier der zweite Skilift Schwedens gebaut. Seitdem das Hotel 1998 bankrott war, <a href=\"http:\/\/blog.inmontanis.info\/?p=6515\">[&#8230;]<\/a><\/p>\n","protected":false},"author":1,"featured_media":0,"comment_status":"closed","ping_status":"closed","sticky":false,"template":"","format":"standard","meta":{"footnotes":""},"categories":[184,19,27,632],"tags":[47],"class_list":["post-6515","post","type-post","status-publish","format-standard","hentry","category-2021-01-skandinavien","category-schwedensweden","category-skifahren-winterskiing-winter","category-storlien","tag-sl","odd"],"_links":{"self":[{"href":"http:\/\/blog.inmontanis.info\/index.php?rest_route=\/wp\/v2\/posts\/6515","targetHints":{"allow":["GET"]}}],"collection":[{"href":"http:\/\/blog.inmontanis.info\/index.php?rest_route=\/wp\/v2\/posts"}],"about":[{"href":"http:\/\/blog.inmontanis.info\/index.php?rest_route=\/wp\/v2\/types\/post"}],"author":[{"embeddable":true,"href":"http:\/\/blog.inmontanis.info\/index.php?rest_route=\/wp\/v2\/users\/1"}],"replies":[{"embeddable":true,"href":"http:\/\/blog.inmontanis.info\/index.php?rest_route=%2Fwp%2Fv2%2Fcomments&post=6515"}],"version-history":[{"count":4,"href":"http:\/\/blog.inmontanis.info\/index.php?rest_route=\/wp\/v2\/posts\/6515\/revisions"}],"predecessor-version":[{"id":6519,"href":"http:\/\/blog.inmontanis.info\/index.php?rest_route=\/wp\/v2\/posts\/6515\/revisions\/6519"}],"wp:attachment":[{"href":"http:\/\/blog.inmontanis.info\/index.php?rest_route=%2Fwp%2Fv2%2Fmedia&parent=6515"}],"wp:term":[{"taxonomy":"category","embeddable":true,"href":"http:\/\/blog.inmontanis.info\/index.php?rest_route=%2Fwp%2Fv2%2Fcategories&post=6515"},{"taxonomy":"post_tag","embeddable":true,"href":"http:\/\/blog.inmontanis.info\/index.php?rest_route=%2Fwp%2Fv2%2Ftags&post=6515"}],"curies":[{"name":"wp","href":"https:\/\/api.w.org\/{rel}","templated":true}]}}