{"id":6507,"date":"2021-01-25T17:23:29","date_gmt":"2021-01-25T16:23:29","guid":{"rendered":"http:\/\/blog.inmontanis.info\/?p=6507"},"modified":"2023-08-05T11:53:11","modified_gmt":"2023-08-05T09:53:11","slug":"trillevallen-25-1-2021-ein-abenteuerlicher-tag","status":"publish","type":"post","link":"http:\/\/blog.inmontanis.info\/?p=6507","title":{"rendered":"Trillevallen, 25.1.2021 \/ ein abenteuerlicher Tag"},"content":{"rendered":"<p><strong>Mo, 25.1.2021<\/strong><\/p>\n<p>Wir erinnern uns, das Auto steht am Supermarktparkplatz, weil es gestern Abend nicht mehr angesprungen ist.<\/p>\n<p>Stellt sich die Frage, wen ich anrufen soll: \u00d6AMTC oder Suzuki Mobilit\u00e4tsgarantie? Letztere schleppen evtl. zur n\u00e4chsten Suzuki-Werkstatt in \u00d6stersund, was weiter weg ist und ggf. teurere Reparaturkosten mit sich bringen k\u00f6nnte, aber evtl. vorteilhaft w\u00e4re, falls es der Starter ist und da noch Garantie drauf sein sollte (erst letzten April ersetzt; sp\u00e4ter dann in der Arbeit nachgefragt: nein, keine Garantie, weil in Garantie ersetzt). Der \u00d6AMTC k\u00f6nnten die Leistung verweigern, weil sie lt. Website in L\u00e4ndern mit Reisewarnung 5+6 nicht &#8220;zur \u00dcbernahme von Leistungen verpflichtet&#8221; sind. H\u00f6rt sich nach Hoffnung auf Kulanz dann an. Bl\u00f6dsinn ist es allerweil, weil die Reisewarnung wegen Corona ja nix mit einer Fahrzeugpanne zu tun hat&#8230;<\/p>\n<p>Und soll ich heute Morgen hier im Hotel anrufen, um in der W\u00e4rme warten zu k\u00f6nnen oder lieber zum Auto gehen und probieren, ob es vielleicht wieder anspringt?<\/p>\n<p>Ich bin dann erstmal zum Auto, es sprang mit den zuletzt \u00fcblichen Macken tats\u00e4chlich an. Wenn ich jetzt in eine Werkstatt fahre und einen Leihwagen br\u00e4uchte, m\u00fcsste ich ihn selbst zahlen &#8211; wenn ich irgendwo liegen bleibe, w\u00fcrde ich f\u00fcr 3 Tage bei der Mobilit\u00e4tsgarantie einen bekommen..<\/p>\n<p>Ich fuhr zum Hotel Parkplatz hinauf, mein Schl\u00fcssel lag nach wie vor an der unbesetzten Rezeption (ich hab in den 2 Tagen niemand vom Hotel gesehen!), also ging ich bis kurz vor 11 Uhr wieder in mein Zimmer und arbeitete ein bisschen vom Handy aus.<\/p>\n<p>Auch danach sprang mein Auto wieder an, also fuhr ich wie geplant nach Trillevallen zum Skifahren. Dort leider nur Minimalbetrieb, aber ist ja auch tote Hose jetzt in der Zwischenzeit. Ist es da jedes Jahr so leer im Januar oder ist es wegen Corona noch leerer?<\/p>\n<p>Eine 3h-Karte gibt&#8217;s hier nicht, die Halbtageskarte gilt erst ab 12:30, also kaufte ich die Tageskarte um ca. 37,50 \u20ac. In Betrieb war der k\u00fcrzere SL und die 4SB, was in Summe genug Abwechslung f\u00fcr den halben Tag bot. Auch das Flachland-Panorama gefiel mir wieder recht gut. Zudem gibt es hier auch steilere Abfahrten.<\/p>\n<p>(wie \u00fcblich: Fotos anklicken zum Vergr\u00f6\u00dfern)<\/p>\n<p><a href='http:\/\/extra.inmontanis.info\/d\/60909-2\/DSC03349.jpg'><img src=http:\/\/extra.inmontanis.info\/d\/60908-3\/DSC03349.jpg \/><\/a><br \/>\n^ Fahrt richtung Trillevallen<\/p>\n<p><a href='http:\/\/ski.inmontanis.info\/d\/284266-2\/DSC03353.jpg'><img src=http:\/\/ski.inmontanis.info\/d\/284264-3\/DSC03353.jpg \/><\/a><br \/>\n^ Ankunft am Skigebiet Trillevallen. Ich h\u00e4tte gedacht, die Lifte w\u00e4ren etweas weiter in der Breite verteilt.<\/p>\n<p><a href='http:\/\/ski.inmontanis.info\/d\/284270-2\/DSC03357.jpg'><img src=http:\/\/ski.inmontanis.info\/d\/284269-3\/DSC03357.jpg \/><\/a><br \/>\n^ Pistenplan, heute in Betrieb war nur SL C, SSL E und 4SB G<\/p>\n<p><a href='http:\/\/ski.inmontanis.info\/d\/284274-2\/DSC03358.jpg'><img src=http:\/\/ski.inmontanis.info\/d\/284273-3\/DSC03358.jpg \/><\/a><br \/>\n^ SL H Bj\u00f6rnliften, GMD-Kurzb\u00fcgler, h\u00e4tte heute auch gereicht statt der 4SB ..<\/p>\n<p><a href='http:\/\/ski.inmontanis.info\/d\/284278-2\/DSC03359.jpg'><img src=http:\/\/ski.inmontanis.info\/d\/284277-3\/DSC03359.jpg \/><\/a><br \/>\n^ Die erste Sesselbahn dieser Reise mit F\u00f6rderband und dadurch n\u00f6tiger Lichtschranke. Ansonsten hatten die KSBs hier in Schweden bisher zum Gl\u00fcck keine, d.h. die Schranken gingen laufend auf\/zu, ohne dass man einen Sensor durchfahren m\u00fcsste.<\/p>\n<p><a href='http:\/\/ski.inmontanis.info\/d\/284282-2\/DSC03360.jpg'><img src=http:\/\/ski.inmontanis.info\/d\/284281-3\/DSC03360.jpg \/><\/a><br \/>\n^ 4SB G Trillestolen<\/p>\n<p><a href='http:\/\/ski.inmontanis.info\/d\/284286-2\/DSC03367.jpg'><img src=http:\/\/ski.inmontanis.info\/d\/284285-3\/DSC03367.jpg \/><\/a><br \/>\n^ 4SB G Trillestolen<\/p>\n<p><a href='http:\/\/ski.inmontanis.info\/d\/284290-2\/DSC03369.jpg'><img src=http:\/\/ski.inmontanis.info\/d\/284289-3\/DSC03369.jpg \/><\/a><br \/>\n^ SL H Bj\u00f6rnliften<\/p>\n<p><a href='http:\/\/ski.inmontanis.info\/d\/284294-2\/DSC03370.jpg'><img src=http:\/\/ski.inmontanis.info\/d\/284293-3\/DSC03370.jpg \/><\/a><br \/>\n^ Abfahrt 19 Bj\u00f6rnbranten<\/p>\n<p><a href='http:\/\/ski.inmontanis.info\/d\/284298-2\/DSC03373.jpg'><img src=http:\/\/ski.inmontanis.info\/d\/284297-3\/DSC03373.jpg \/><\/a><br \/>\n^ Abfahrt 12 Mullebacken am SL C Illerliften<\/p>\n<p><a href='http:\/\/ski.inmontanis.info\/d\/284302-2\/DSC03374.jpg'><img src=http:\/\/ski.inmontanis.info\/d\/284301-3\/DSC03374.jpg \/><\/a><br \/>\n^ SL C Illerliften<\/p>\n<p><a href='http:\/\/ski.inmontanis.info\/d\/284306-2\/DSC03377.jpg'><img src=http:\/\/ski.inmontanis.info\/d\/284305-3\/DSC03377.jpg \/><\/a><br \/>\n^ SL C Illerliften und SL A J\u00e4rvliften<\/p>\n<p><a href='http:\/\/ski.inmontanis.info\/d\/284310-2\/DSC03379.jpg'><img src=http:\/\/ski.inmontanis.info\/d\/284309-3\/DSC03379.jpg \/><\/a><br \/>\n^ SL A J\u00e4rvliften<\/p>\n<p><a href='http:\/\/ski.inmontanis.info\/d\/284314-2\/DSC03380.jpg'><img src=http:\/\/ski.inmontanis.info\/d\/284313-3\/DSC03380.jpg \/><\/a><br \/>\n^ SL A J\u00e4rvliften und SL C Illerliften<\/p>\n<p><a href='http:\/\/ski.inmontanis.info\/d\/284318-2\/DSC03386.jpg'><img src=http:\/\/ski.inmontanis.info\/d\/284317-3\/DSC03386.jpg \/><\/a><br \/>\n^ Glitzerschnee auch heute wieder, da st\u00f6rt ein bisschen Rausschieben durch den Pulver nicht ;-)<\/p>\n<p><a href='http:\/\/ski.inmontanis.info\/d\/284322-2\/DSC03387.jpg'><img src=http:\/\/ski.inmontanis.info\/d\/284321-3\/DSC03387.jpg \/><\/a><br \/>\n^ SL B Transporten, sehr flach und dient als Zubringer von Hotel und Campingplatz.<\/p>\n<p><a href='http:\/\/ski.inmontanis.info\/d\/284326-2\/DSC03388.jpg'><img src=http:\/\/ski.inmontanis.info\/d\/284325-3\/DSC03388.jpg \/><\/a><br \/>\n^ Seillift D Gr\u00e5ben mit ungew\u00f6hnlicher blauer Fachwerk-Talstation<\/p>\n<p><a href='http:\/\/ski.inmontanis.info\/d\/284330-2\/DSC03389.jpg'><img src=http:\/\/ski.inmontanis.info\/d\/284329-3\/DSC03389.jpg \/><\/a><br \/>\n^ SSL E Hjulben<\/p>\n<p><a href='http:\/\/ski.inmontanis.info\/d\/284334-2\/DSC03390.jpg'><img src=http:\/\/ski.inmontanis.info\/d\/284333-3\/DSC03390.jpg \/><\/a><br \/>\n^ Zumindest momentan unpr\u00e4parierte Graben-Variante, da gab es zwei von der Sorte im unteren Bereich.<\/p>\n<p><a href='http:\/\/ski.inmontanis.info\/d\/284338-2\/DSC03393.jpg'><img src=http:\/\/ski.inmontanis.info\/d\/284337-3\/DSC03393.jpg \/><\/a><br \/>\n^ 4SB und Flachland-Pano<\/p>\n<p><a href='http:\/\/ski.inmontanis.info\/d\/284342-2\/DSC03398.jpg'><img src=http:\/\/ski.inmontanis.info\/d\/284341-3\/DSC03398.jpg \/><\/a><br \/>\n^ Abfahrt 19 Bj\u00f6rnbranten<\/p>\n<p><a href='http:\/\/ski.inmontanis.info\/d\/284346-2\/DSC03402.jpg'><img src=http:\/\/ski.inmontanis.info\/d\/284345-3\/DSC03402.jpg \/><\/a><br \/>\n^ Rechts-Au\u00dfenrum-Abfahrt 21 K\u00e4rringsv\u00e4ngen<\/p>\n<p><a href='http:\/\/ski.inmontanis.info\/d\/284350-2\/DSC03403.jpg'><img src=http:\/\/ski.inmontanis.info\/d\/284349-3\/DSC03403.jpg \/><\/a><br \/>\n^ SL H Bj\u00f6rnliften mit schwarzer GMD-Talstation<\/p>\n<p><a href='http:\/\/ski.inmontanis.info\/d\/284354-2\/DSC03404.jpg'><img src=http:\/\/ski.inmontanis.info\/d\/284353-3\/DSC03404.jpg \/><\/a><br \/>\n^ Abfahrt 20 Bj\u00f6rnsv\u00e4ngen. Die hat hier entgegen dem Plan noch eine Variante ..<\/p>\n<p><a href='http:\/\/ski.inmontanis.info\/d\/284358-2\/DSC03405.jpg'><img src=http:\/\/ski.inmontanis.info\/d\/284357-3\/DSC03405.jpg \/><\/a><br \/>\n^ .. bisschen Funpark bzw. Mountainbike-Elemente, wie es aussah<\/p>\n<p><a href='http:\/\/ski.inmontanis.info\/d\/284362-2\/DSC03408.jpg'><img src=http:\/\/ski.inmontanis.info\/d\/284361-3\/DSC03408.jpg \/><\/a><br \/>\n^ SL H Bj\u00f6rnliften mit zus\u00e4tzlichen Sicherungsseilen an den St\u00fctzen? Wegen Sturm?<\/p>\n<p><a href='http:\/\/ski.inmontanis.info\/d\/284366-2\/DSC03410.jpg'><img src=http:\/\/ski.inmontanis.info\/d\/284365-3\/DSC03410.jpg \/><\/a><br \/>\n^ R\u00fcckseitenpano<\/p>\n<p><a href='http:\/\/ski.inmontanis.info\/d\/284370-2\/DSC03411.jpg'><img src=http:\/\/ski.inmontanis.info\/d\/284369-3\/DSC03411.jpg \/><\/a><br \/>\n^ Varianten zwischen 4SB und SL F Ripliften<\/p>\n<p><a href='http:\/\/ski.inmontanis.info\/d\/284374-2\/DSC03414.jpg'><img src=http:\/\/ski.inmontanis.info\/d\/284373-3\/DSC03414.jpg \/><\/a><br \/>\n^ SL F Ripliften und dahinter SL A J\u00e4rvliften<\/p>\n<p><a href='http:\/\/ski.inmontanis.info\/d\/284378-2\/DSC03417.jpg'><img src=http:\/\/ski.inmontanis.info\/d\/284377-3\/DSC03417.jpg \/><\/a><br \/>\n^ SL F Ripliften<\/p>\n<p><a href='http:\/\/ski.inmontanis.info\/d\/284382-2\/DSC03419.jpg'><img src=http:\/\/ski.inmontanis.info\/d\/284381-3\/DSC03419.jpg \/><\/a><br \/>\n^ Aufstieg von der 4SB Bergstation zur Bergstation SL F Ripliften<\/p>\n<p><a href='http:\/\/ski.inmontanis.info\/d\/284386-2\/DSC03421.jpg'><img src=http:\/\/ski.inmontanis.info\/d\/284385-3\/DSC03421.jpg \/><\/a><br \/>\n^ Blick ins Skigebiet von Are (hinten, mittig), davor links das gestern besuchte Edsasdalen<\/p>\n<p><a href='http:\/\/ski.inmontanis.info\/d\/284390-2\/DSC03423.jpg'><img src=http:\/\/ski.inmontanis.info\/d\/284389-3\/DSC03423.jpg \/><\/a><br \/>\n^ SL F Ripliften<\/p>\n<p><a href='http:\/\/ski.inmontanis.info\/d\/284394-2\/DSC03422.jpg'><img src=http:\/\/ski.inmontanis.info\/d\/284393-3\/DSC03422.jpg \/><\/a><br \/>\n^ SL F Ripliften<\/p>\n<p><a href='http:\/\/ski.inmontanis.info\/d\/284398-2\/DSC03426.jpg'><img src=http:\/\/ski.inmontanis.info\/d\/284397-3\/DSC03426.jpg \/><\/a><br \/>\n^ Abfahrt von SL Ripliften zur 4SB und Flachlandpano<\/p>\n<p><a href='http:\/\/ski.inmontanis.info\/d\/284402-2\/DSC03429.jpg'><img src=http:\/\/ski.inmontanis.info\/d\/284401-3\/DSC03429.jpg \/><\/a><br \/>\n^ Start der Abfahrt 13 Ripbranten links vom SL mit Nebelmeer im Hintergrund<\/p>\n<p><a href='http:\/\/ski.inmontanis.info\/d\/284406-2\/DSC03427.jpg'><img src=http:\/\/ski.inmontanis.info\/d\/284405-3\/DSC03427.jpg \/><\/a><br \/>\n^ Gipfelbereich vom SL F Ripbranten zum SL A<\/p>\n<p><a href='http:\/\/ski.inmontanis.info\/d\/284410-2\/DSC03430.jpg'><img src=http:\/\/ski.inmontanis.info\/d\/284409-3\/DSC03430.jpg \/><\/a><br \/>\n^ Vom SL F Ripbranten hintenrum zum SL A<\/p>\n<p><a href='http:\/\/ski.inmontanis.info\/d\/284414-2\/DSC03432.jpg'><img src=http:\/\/ski.inmontanis.info\/d\/284413-3\/DSC03432.jpg \/><\/a><br \/>\n^ SL F Ripliften<\/p>\n<p><a href='http:\/\/ski.inmontanis.info\/d\/284418-2\/DSC03434.jpg'><img src=http:\/\/ski.inmontanis.info\/d\/284417-3\/DSC03434.jpg \/><\/a><br \/>\n^ SL A J\u00e4rvliften und Nebelmeer<\/p>\n<p><a href='http:\/\/ski.inmontanis.info\/d\/284422-2\/DSC03435.jpg'><img src=http:\/\/ski.inmontanis.info\/d\/284421-3\/DSC03435.jpg \/><\/a><br \/>\n^ SL A J\u00e4rvliften<\/p>\n<p><a href='http:\/\/ski.inmontanis.info\/d\/284426-2\/DSC03436.jpg'><img src=http:\/\/ski.inmontanis.info\/d\/284425-3\/DSC03436.jpg \/><\/a><br \/>\n^ SL A J\u00e4rvliften<\/p>\n<p><a href='http:\/\/ski.inmontanis.info\/d\/284430-2\/DSC03438.jpg'><img src=http:\/\/ski.inmontanis.info\/d\/284429-3\/DSC03438.jpg \/><\/a><br \/>\n^ Pano an der Abfahrt links vom SL J\u00e4rvliften<\/p>\n<p><a href='http:\/\/ski.inmontanis.info\/d\/284434-2\/DSC03439.jpg'><img src=http:\/\/ski.inmontanis.info\/d\/284433-3\/DSC03439.jpg \/><\/a><br \/>\n^ SL A J\u00e4rvliften direkter (J\u00e4rvbranten)<\/p>\n<p><a href='http:\/\/ski.inmontanis.info\/d\/284438-2\/DSC03441.jpg'><img src=http:\/\/ski.inmontanis.info\/d\/284437-3\/DSC03441.jpg \/><\/a><br \/>\n^ SL A J\u00e4rvliften, ebenfalls eine schwarze Talstation<\/p>\n<p><a href='http:\/\/ski.inmontanis.info\/d\/284442-2\/DSC03445.jpg'><img src=http:\/\/ski.inmontanis.info\/d\/284441-3\/DSC03445.jpg \/><\/a><br \/>\n^ Wenn man die Abfahrten abgegrast hat, kommt endlich das Gem\u00fcse dran.<\/p>\n<p><a href='http:\/\/ski.inmontanis.info\/d\/284446-2\/DSC03446.jpg'><img src=http:\/\/ski.inmontanis.info\/d\/284445-3\/DSC03446.jpg \/><\/a><br \/>\n^ Eigenartig, dass ausgerechnet die beleuchtete Abfahrt (am SL Ripliften) vernachl\u00e4ssigt wird..<\/p>\n<p><a href='http:\/\/ski.inmontanis.info\/d\/284450-2\/ge20210125b.jpg'><img src=http:\/\/ski.inmontanis.info\/d\/284449-3\/ge20210125b.jpg \/><\/a><br \/>\n^ GPS-Track 25.1.2021, T\u00fcrkis die heute geschlossenen Lifte<\/p>\n<p>Sch\u00f6ne Abfahrten, tolles &amp; weites Pano, also in Summe meinerseits wieder eine Empfehlung. Schade nur, dass es in Schweden so un\u00fcblich ist, einen R\u00fcckseitenlift zu bauen. Achja, als Antwort auf eine Frage bei den vorherigen Berichten: die H\u00e4nde wurden w\u00e4hrend des Aufstiegs von der 4SB r\u00fcber zum linken SL nicht warm. Und: Lt. Anzeigetafel hatte es am Gipfel in der Sonne angeblich nur -4\u00b0. Mittags und nachmittags am Parkplatz glaub eher um die -10\u00b0 lt. Auto.<\/p>\n<p>Nachmittags um 15h h\u00f6rte ich auf, nur noch der SSL w\u00fcrde l\u00e4nger laufen, offiziell bis 16 Uhr, lief aber um 16:35 Uhr noch &#8211; Ski gefahren ist vermutlich die ganze Zeit eh keiner.<\/p>\n<p>Ja, das Auto lie\u00df sich leider nicht starten :(<\/p>\n<p>Um ca. 15:20 Uhr rief ich die Suzuki Assistance an, die Daten wurden aufgenommen und mir ein R\u00fcckruf zugesagt, sobald er von den Kollegen aus Schweden geh\u00f6rt hat, wann die kommen.<\/p>\n<p><a href='http:\/\/ski.inmontanis.info\/d\/284454-2\/DSC03447.jpg'><img src=http:\/\/ski.inmontanis.info\/d\/284453-3\/DSC03447.jpg \/><\/a><br \/>\n^ Kurz vor 16 Uhr am Parkplatz, warten auf den Pannendienst<\/p>\n<p>Gegen 16:30 Uhr kam der R\u00fcckruf aus Wien: Es ist jemand unterwegs, wird ca. in 1h kommen. Puh, dann kommt der wohl nicht von dem Abschleppdienst in J\u00e4rpen n\u00e4he \u00c5re, sondern wohl doch von \u00d6stersund und wird mich dann nach \u00d6stersund zum 99 km entfernten Suzukih\u00e4ndler schleppen? Ob ich dann um die Uhrzeit noch einen Leihwagen bekomme, mit dem ich die 1,5h-2h nach Storlien fahren kann?<\/p>\n<p>Wenigstens geht ja die Innenraumbatterie wieder und somit auch die Standheizung. Ich hoffe, die Startprobleme haben nichts mit der Innenraumbatterie zu tun, aber das erscheint mir doch sehr unlogisch.<\/p>\n<p>Um 17:40 kam dann endlich der Abschleppwagen und hatte noch weitere \u00dcberraschungen bereit. Dass er das Problem nicht beheben konnte, war mir fast schon klar, die Batterie ist neu und voll, eine \u00dcberbr\u00fcckung von ihm brachte ebenfalls nicht.<\/p>\n<p>Ja, er k\u00f6nnte und w\u00fcrde mein Auto abschleppen, und zwar nach Unders\u00e5ker, wo ich die letzten 2 N\u00e4chte \u00fcbernachtet hab. Na toll, wenn ich das gewusst h\u00e4tte, h\u00e4tte ich das Auto gestern abschleppen lassen. Wenn die nix machen k\u00f6nnen, w\u00fcrde es weiter nach \u00d6stersund zum Suzukih\u00e4ndler geschleppt werden.<\/p>\n<p>Aber jetzt das Problem: ich selbst d\u00fcrfte weder hinten im Auto bleiben, noch im F\u00fchrerhaus mitfahren (letzteres wg. Corona), der n\u00e4heste Leihwagen, so meinte er, sei zudem in \u00d6stersund, was ja ca. 100km entfernt ist. Ihm war nat\u00fcrlich auch klar, dass ich nicht bei -10\u00b0 einfach am Parkplatz stehen bleiben kann, er schlug ein Taxi zum Bahnhof in Unders\u00e5ker vor (wo vielleicht heut Abend noch ein Zug fahren w\u00fcrde, aber dann wohin?), aber das sollte ich mit meiner Versicherung (Mobilit\u00e4tsservice) abkl\u00e4ren.<\/p>\n<p>Den rief ich dann an, telefonierte aber gerade anderweitig und musste mich zur\u00fcckrufen. Ich erkl\u00e4rte es ihm und bat ihm doch mal seine Kollegen in Schweden zu fragen, ob man einen Mietwagen zu meinem Standort organisieren k\u00f6nnte. Alternativ k\u00f6nnte er mir auch die Kosten f\u00fcr die Taxifahrt zusichern, allerdings dann keinen Leihwagen mehr.<\/p>\n<p>Bevor der R\u00fcckruf kam, kam der Pannendienstfahrer, er k\u00f6nne nicht mehr l\u00e4nger warten und m\u00fcsse nun den n\u00e4chsten Fall abarbeiten und evtl. danach wieder kommen. Ich erinnerte mich an diverse alte Filme und fragte ihn, ob er mich nicht mit dem Seil ziehen k\u00f6nnte, der Motor m\u00fcsste dann doch anspringen? Er war sich nicht sicher, ob das funktionieren w\u00fcrde, zudem k\u00f6nnte ich den Anlasser mit meinem Startknopf ja gar nicht dr\u00fccken, wenn es soweit ist (weil zum Anlassen Auskuppeln + glaub auch Bremse dr\u00fccken n\u00f6tig ist).<\/p>\n<p>Wir probierten es trotzdem, Startknopf auf Z\u00fcndung, Kupplung gedr\u00fcckt, 2. Gang rein und er schob mich mittels Muskelkraft an, sobald er OK sagte, lie\u00df ich das Kupplungspedal los und der Motor startete. Yeah, so sch\u00f6n altmodisch-manuell, wie geil ist das denn? Warum haben Autos eigentlich keine Kurbel mehr zum Anlassen f\u00fcr solche Notf\u00e4lle?! :)<\/p>\n<p>Somit war die Panne offiziell gel\u00f6st und ich konnte wieder fahren. Wohin? Nach \u00d6stersund zur Werkstatt? Nein, lieber ins fast genausoweit entfernte in der Gegenrichtung liegende Storlien nahe der norwegischen Grenze, wo ich f\u00fcr 3 Tage eine Unterkunft reserviert habe. Nach \u00d6stersund kann man danach auch noch fahren oder sich abschleppen lassen. Einzig vermeiden sollte man, den Motor absterben zu lassen, sofern man sich nicht auf einer absch\u00fcssigen Stra\u00dfe befindet&#8230; Der Unterkunft teilte ich mein sp\u00e4teres oder gar nicht mehr Ankommen schon vorher mit, man platzierte, wie so h\u00e4ufig in Schweden, den Schl\u00fcssel in einem Kuvert am Eingang.<\/p>\n<p>Die Temperaturen auf der Fahrt nach Storlien fielen auf bis zu -24\u00b0, wobei es meist um die -20\u00b0 hatte. Am Parkplatz angekommen suchte ich mir einen, der etwas bergauf lag. Allerdings geht&#8217;s dann etwas weniger steil weiter, so dass es vmtl. zu wenig sein wird, um mein Auto selbst via 2. Gang im Rollen einlegen starten zu k\u00f6nnen.<\/p>\n<p><a href='http:\/\/extra.inmontanis.info\/d\/60913-2\/DSC03453.jpg'><img src=http:\/\/extra.inmontanis.info\/d\/60912-3\/DSC03453.jpg \/><\/a><br \/>\n^ Appartment \/ Ferienwohnung f\u00fcr 3 N\u00e4chte. Hat Vor- und Nachteile. Vorteil: Man hat eigene K\u00fcche und WC, Nachteil: Man muss mehr reinigen beim Verlassen, n\u00e4mlich auch K\u00fcche und WC.<\/p>\n<p><a href='http:\/\/extra.inmontanis.info\/d\/60917-2\/DSC03458.jpg'><img src=http:\/\/extra.inmontanis.info\/d\/60916-3\/DSC03458.jpg \/><\/a><br \/>\n^ (Reinigungs)checkliste beim Verlassen. Bodenwischen halt ich f\u00fcr 3 Tage aber ein bisschen \u00fcbertrieben. Glaub nicht, dass das n\u00f6tig sein wird. Die Schuhe sind durch den Schnee \u00fcberall n\u00e4mlich recht sauber, nirgends ist aktuell Matsch oder Dreck, au\u00dfer auf den gesandeten Stra\u00dfenabschnitten.<\/p>\n<p>Wieder einmal hab ich nun 2 M\u00f6glichkeiten:<\/p>\n<p>a) heut Abend oder morgen fr\u00fch probieren zu starten, wenn nicht, dann abschleppen lassen. Dann w\u00fcrde das Auto aber erst in eine lokale Werkstatt geschleppt werden und wenn die es reparieren k\u00f6nnten, w\u00e4re es super, wenn nicht, w\u00fcrde es nach \u00d6stersund geschleppt werden und ich steh hier ohne Leihwagen und muss mein Gep\u00e4ck mit dem Zug mitnehmen. Was bei einem Hostel \/ Appartment nicht angenehm ist, da man ja auch die Bettw\u00e4sche mit dabei hat.<\/p>\n<p>b) Ich bleibe die 3 gebuchten N\u00e4chte bis Donnerstag, lass das Auto stehen und entweder das Auto springt am Donnerstag fr\u00fch an oder ich finde jemand, der mir beim Anschieben hilft oder ich wart halt nochmal auf den Pannendienst zum Anschieben.<\/p>\n<p>Tendenziell w\u00fcrd ich lieber selbst nach \u00d6stersund fahren, und zwar ins Hostel, wo ich letzte Woche schon war, das ist nur ca. 2,5km vom Suzukih\u00e4ndler entfernt. Dann k\u00f6nnte ich mein Gep\u00e4ck im Auto mitnehmen und dort ganz normal einchecken. Danach nochmal starten probieren und entweder es startet, dann fahr ich selbst zum Suzukih\u00e4ndler, oder es startet wieder nicht, dann ruf ich den Abschleppdienst, der f\u00e4hrt es dann zum Suzukih\u00e4ndler und ich bekomm f\u00fcr 3 Tage ein Leihfahrzeug. Ich rechne eher nicht damit, dass die es sofort beheben k\u00f6nnen, ansonsten bleib ich halt ein paar Tage im Hostel ohne Auto und mach ein paar Sachen am PC. Sonderlich sonnig soll&#8217;s am WE eh nicht werden nach den momentanen Vorhersagen.<\/p>\n<p>Morgen oder \u00fcbermorgen, je nach Wetter, werd ich dann hier in Storlien am Nachmittag Ski fahren. Da ist ein Lift in der N\u00e4he, wenn der f\u00e4hrt, brauch ich kein Auto.<\/p>\n<p><a href='http:\/\/extra.inmontanis.info\/d\/60921-2\/DSC03465.jpg'><img src=http:\/\/extra.inmontanis.info\/d\/60920-3\/DSC03465.jpg \/><\/a><br \/>\n^ N\u00e4chtlicher Blick aus dem Fenster (22:55 Uhr)<\/p>\n<p><a href='http:\/\/extra.inmontanis.info\/d\/60925-2\/DSC03469.jpg'><img src=http:\/\/extra.inmontanis.info\/d\/60924-3\/DSC03469.jpg \/><\/a><br \/>\n^ .. ich kam mir vor wie geschrumpft in einer Modelleisenbahn, alles war so ruhig, nichts bewegte sich..<\/p>\n<p><a href='http:\/\/extra.inmontanis.info\/d\/60929-2\/DSC03471.jpg'><img src=http:\/\/extra.inmontanis.info\/d\/60928-3\/DSC03471.jpg \/><\/a><br \/>\n^ Spielzeug :)<\/p>\n<p><a href='http:\/\/extra.inmontanis.info\/d\/60933-2\/DSC03473.jpg'><img src=http:\/\/extra.inmontanis.info\/d\/60932-3\/DSC03473.jpg \/><\/a><br \/>\n^ .. die 2 beleuchteten braunen Lebkuchenh\u00e4user mit der Zuckerglasur :-)<\/p>\n<p><a href='http:\/\/extra.inmontanis.info\/d\/60937-2\/DSC03476.jpg'><img src=http:\/\/extra.inmontanis.info\/d\/60936-3\/DSC03476.jpg \/><\/a><br \/>\n^ N\u00e4chtlicher Blick aus dem Fenster (23:32 Uhr), leider kein Nordlicht zu sehen gewesen (das Gr\u00fcn rechts k\u00f6nnte eine Fenster\/Licht\/Objektivspiegelung sein) (2,5s belichtet, handgehalten ans Fenster gedr\u00fcckt)<\/p>\n<p>Sch\u00f6n hier, gut, dass ich hier heute noch angekommen bin. Starli in Storlien ;)<\/p>\n","protected":false},"excerpt":{"rendered":"<p>Mo, 25.1.2021<\/p>\n<p>Wir erinnern uns, das Auto steht am Supermarktparkplatz, weil es gestern Abend nicht mehr angesprungen ist.<\/p>\n<p>Stellt sich die Frage, wen ich anrufen soll: \u00d6AMTC oder Suzuki Mobilit\u00e4tsgarantie? Letztere schleppen evtl. zur n\u00e4chsten Suzuki-Werkstatt in \u00d6stersund, was weiter weg ist und ggf. teurere Reparaturkosten mit sich bringen k\u00f6nnte, aber evtl. vorteilhaft w\u00e4re, falls <a href=\"http:\/\/blog.inmontanis.info\/?p=6507\">[&#8230;]<\/a><\/p>\n","protected":false},"author":1,"featured_media":0,"comment_status":"closed","ping_status":"closed","sticky":false,"template":"","format":"standard","meta":{"footnotes":""},"categories":[184,19,27,624],"tags":[49,100,47],"class_list":["post-6507","post","type-post","status-publish","format-standard","hentry","category-2021-01-skandinavien","category-schwedensweden","category-skifahren-winterskiing-winter","category-trillevallen","tag-4sb","tag-langzeitbelichtung","tag-sl","odd"],"_links":{"self":[{"href":"http:\/\/blog.inmontanis.info\/index.php?rest_route=\/wp\/v2\/posts\/6507","targetHints":{"allow":["GET"]}}],"collection":[{"href":"http:\/\/blog.inmontanis.info\/index.php?rest_route=\/wp\/v2\/posts"}],"about":[{"href":"http:\/\/blog.inmontanis.info\/index.php?rest_route=\/wp\/v2\/types\/post"}],"author":[{"embeddable":true,"href":"http:\/\/blog.inmontanis.info\/index.php?rest_route=\/wp\/v2\/users\/1"}],"replies":[{"embeddable":true,"href":"http:\/\/blog.inmontanis.info\/index.php?rest_route=%2Fwp%2Fv2%2Fcomments&post=6507"}],"version-history":[{"count":8,"href":"http:\/\/blog.inmontanis.info\/index.php?rest_route=\/wp\/v2\/posts\/6507\/revisions"}],"predecessor-version":[{"id":9101,"href":"http:\/\/blog.inmontanis.info\/index.php?rest_route=\/wp\/v2\/posts\/6507\/revisions\/9101"}],"wp:attachment":[{"href":"http:\/\/blog.inmontanis.info\/index.php?rest_route=%2Fwp%2Fv2%2Fmedia&parent=6507"}],"wp:term":[{"taxonomy":"category","embeddable":true,"href":"http:\/\/blog.inmontanis.info\/index.php?rest_route=%2Fwp%2Fv2%2Fcategories&post=6507"},{"taxonomy":"post_tag","embeddable":true,"href":"http:\/\/blog.inmontanis.info\/index.php?rest_route=%2Fwp%2Fv2%2Ftags&post=6507"}],"curies":[{"name":"wp","href":"https:\/\/api.w.org\/{rel}","templated":true}]}}