{"id":6502,"date":"2021-01-24T17:27:47","date_gmt":"2021-01-24T16:27:47","guid":{"rendered":"http:\/\/blog.inmontanis.info\/?p=6502"},"modified":"2023-08-05T13:18:01","modified_gmt":"2023-08-05T11:18:01","slug":"edsasdalen-24-1-2021-gemutlich-und-frei-von-hektik","status":"publish","type":"post","link":"http:\/\/blog.inmontanis.info\/?p=6502","title":{"rendered":"Eds\u00e5sdalen, 24.1.2021 \/ Gem\u00fctlich und frei von Hektik"},"content":{"rendered":"<p><strong>So, 24.1.2021<\/strong><\/p>\n<p>Am Morgen schneit es mal wieder (bei ca. -10\u00b0) und ich ging die Wettervorhersagen durch. Hier und da k\u00f6nnte es ab ca. Mittag zumindest damit aufh\u00f6ren, also hatte ich es nicht sonderlich eilig.<\/p>\n<p>Am Fr\u00fchst\u00fccksbuffet hier im Hotel soll man lt. Ausschilderung 2m Abstand einhalten, was aber nicht so einfach ist, wenn man nicht alleine im Raum ist, also d\u00fcrfte eigentlich nur einer sein Zeug holen &#8230;<\/p>\n<p>In der Gegend um \u00c5re gibt es ja noch weitere, kleinere Skigebiete:<br \/>\n&#8211; Trillevallen, lt Schneebericht nur ca. die H\u00e4lfte offen und t\u00e4glich ge\u00f6ffnet<br \/>\n&#8211; Eds\u00e5sdalen, lt. Schneebericht vmtl. alles bis auf den oberen SL offen (lt. Homepage f\u00e4hrt der erst ab 6. oder 7.2., wobei man den von der Bergstation der rechten SL wohl nur mittels Schneemobiltransport oder so erreicht, also schon recht cool w\u00e4r, beim heutigen Wetter aber man wohl nichts verpasst) und momentan nur am WE offen<br \/>\n&#8211; V\u00e5l\u00e5dalen, lt. Website derzeit in der Zwischensaison nur Einzelfahrten am WE f\u00fcr die H\u00f6henloipe oder so<br \/>\n&#8211; Gruvbacken, als einziges davon n\u00f6rdlich hinter \u00c5re, an einem Nordhang und kein genauer Liftstatus auffindbar, wenn aber wohl max. am WE momentan offen, lt. Bildern w\u00fcrde es sich aber wohl um einen KSSL handeln, sofern er noch da ist und man nicht via Schneemobil gezogen wird.<br \/>\n(Direkt links von \u00c5re gibt&#8217;s ja noch Duved, geh\u00f6rt aber leider zum teuren Skistar-Skipass von \u00c5re und es gibt anscheinend keine eigene, verg\u00fcnstigte Karte)<\/p>\n<p>In \u00c5re selbst war ich ja nun schon zweimal, viel zu gro\u00df f\u00fcr einen Tag und die Tageskartenpreise sind zumindest am WE recht hoch (52,50-57 \u20ac), unter der Woche bekommt man online zumindest jetzt in der Zwischensaison eine um 46,-, aber erstens scheint nicht die Sonne in n\u00e4chster Zeit und zweitens hab ich unter der Woche ja nur halbtags Zeit &#8211; und die HTK ist mit 42,50 \u20ac auch nicht gerade g\u00fcnstig.<\/p>\n<p>Je s\u00fcdlicher, desto schneller soll sich das Wetter etwas bessern. Da ich Trillevallen also als einziges davon auch morgen Nachmittag noch fahren k\u00f6nnte, k\u00e4me trotz des fehlenden SL oben Eds\u00e5sdalen ab 12 Uhr (g\u00fcnstigere Halbtageskarte glaub um ca. 33,- \u20ac und f\u00fcr die 3-4 SL ausreichend) in Betracht; wobei man evtl. vorher am Gruvbacken vorbei schauen k\u00f6nnte, ob der KSSL in Betrieb ist, auch wenn ich bezweifle, dass ich heuer nochmal in der Gegend sein werde, wenn in Eds\u00e5sdalen dann alles l\u00e4uft und falls das mal LSAP werden sollte, w\u00fcrde ich mich nat\u00fcrlich auch \u00e4rgern&#8230; ich bin also doch direkt nach Eds\u00e5sdalen gefahren. Wettervorhersagen dort waren auch etwas besser.<\/p>\n<p>Parkplatz hab ich mich etwas bl\u00f6d angestellt, den an der Stra\u00dfe am Lift hab ich wohl nicht bemerkt, dass da noch was frei war und bei den hinteren traute ich mich nicht hinstellen, weil es da keine Skipasskasse gibt &#8211; h\u00e4tte alles funktioniert und wer k\u00fcrzer gewesen als der gro\u00dfe Parkplatz, wo ich dann stand.<\/p>\n<p>Mit dem Skipass h\u00e4tte man auch gratis einen neutralen, roten Skicard-Zipper (wie hie\u00dfen die Dinger nochmal?) mitbekommen (obwohl es hier gar keine Leser gibt und nur 1 Lift besetzt ist, also t\u00e4ts auch eine Schnur) &#8211; aber da ich den von der Rigi noch dabei hatte, gab ich den anderen wieder retour.<\/p>\n<p><a href='http:\/\/ski.inmontanis.info\/d\/284108-2\/DSC03348.jpg'><img src=http:\/\/ski.inmontanis.info\/d\/284106-3\/DSC03348.jpg \/><\/a><br \/>\n^ Pistenplan und Nachmittagskarte<\/p>\n<p><a href='http:\/\/ski.inmontanis.info\/d\/284112-2\/DSC03275.jpg'><img src=http:\/\/ski.inmontanis.info\/d\/284111-3\/DSC03275.jpg \/><\/a><br \/>\n^ Zum SL Ravinbanan und der Liftkasse muss man unsch\u00f6n aufsteigen. Tipp evtl. besser an einem den linken SL einsteigen<\/p>\n<p><a href='http:\/\/ski.inmontanis.info\/d\/284116-2\/DSC03277.jpg'><img src=http:\/\/ski.inmontanis.info\/d\/284115-3\/DSC03277.jpg \/><\/a><br \/>\n^ SL Ravinbanan mit der netten Muldenabfahrt daneben<\/p>\n<p><a href='http:\/\/ski.inmontanis.info\/d\/284120-2\/DSC03278.jpg'><img src=http:\/\/ski.inmontanis.info\/d\/284119-3\/DSC03278.jpg \/><\/a><br \/>\n^ SL Ravinbanan<\/p>\n<p><a href='http:\/\/ski.inmontanis.info\/d\/284124-2\/DSC03281.jpg'><img src=http:\/\/ski.inmontanis.info\/d\/284123-3\/DSC03281.jpg \/><\/a><br \/>\n^ SL Ravinbanan<\/p>\n<p><a href='http:\/\/ski.inmontanis.info\/d\/284128-2\/DSC03282.jpg'><img src=http:\/\/ski.inmontanis.info\/d\/284127-3\/DSC03282.jpg \/><\/a><br \/>\n^ Lt. Schild oben rechts sind es zum oberen SL 3km. Da nimmt man doch lieber den Transport mit dem Schneemobil. Wei\u00df aber nicht, ob das im Skipass drin ist, oder man daf\u00fcr ca. 9-10 \u20ac zahlen muss. Auch nicht, ob man runterw\u00e4rts auf Ski fahren kann, d\u00fcrfte doch recht flach sein.<\/p>\n<p><a href='http:\/\/ski.inmontanis.info\/d\/284132-2\/DSC03283.jpg'><img src=http:\/\/ski.inmontanis.info\/d\/284131-3\/DSC03283.jpg \/><\/a><br \/>\n^ Verbindungsabfahrt Dalv\u00e4gen zum Dalliften<\/p>\n<p><a href='http:\/\/ski.inmontanis.info\/d\/284136-2\/DSC03284.jpg'><img src=http:\/\/ski.inmontanis.info\/d\/284135-3\/DSC03284.jpg \/><\/a><br \/>\n^ Impressionen neben der Abfahrt. Schaut so unwirklich idyllisch aus, kam mir vor wie in einem Gem\u00e4lde :)<\/p>\n<p><a href='http:\/\/ski.inmontanis.info\/d\/284140-2\/DSC03285.jpg'><img src=http:\/\/ski.inmontanis.info\/d\/284139-3\/DSC03285.jpg \/><\/a><br \/>\n^ Talw\u00e4rts ebenso<\/p>\n<p><a href='http:\/\/ski.inmontanis.info\/d\/284144-2\/DSC03286.jpg'><img src=http:\/\/ski.inmontanis.info\/d\/284143-3\/DSC03286.jpg \/><\/a><br \/>\n^ Verbindungsabfahrt Dalv\u00e4gen zum Dalliften<\/p>\n<p><a href='http:\/\/ski.inmontanis.info\/d\/284148-2\/DSC03290.jpg'><img src=http:\/\/ski.inmontanis.info\/d\/284147-3\/DSC03290.jpg \/><\/a><br \/>\n^ Dalliften, ein Tellerlift in verschiedenen Farben und unbesetzter Tal- und Bergstation<\/p>\n<p><a href='http:\/\/ski.inmontanis.info\/d\/284152-2\/DSC03293.jpg'><img src=http:\/\/ski.inmontanis.info\/d\/284151-3\/DSC03293.jpg \/><\/a><br \/>\n^ Dalliften<\/p>\n<p><a href='http:\/\/ski.inmontanis.info\/d\/284156-2\/DSC03295.jpg'><img src=http:\/\/ski.inmontanis.info\/d\/284155-3\/DSC03295.jpg \/><\/a><br \/>\n^ Dalliften, Bergstation und Erkl\u00e4rung f\u00fcr den Totpunktausstieg<\/p>\n<p><a href='http:\/\/ski.inmontanis.info\/d\/284160-2\/DSC03296.jpg'><img src=http:\/\/ski.inmontanis.info\/d\/284159-3\/DSC03296.jpg \/><\/a><br \/>\n^ Links die Abfahrt Dalbacken am Dalliften, rechts die Verbindungsabfahrt  Hedungsvegen zum linken SL Hedungsliften<\/p>\n<p><a href='http:\/\/ski.inmontanis.info\/d\/284164-2\/DSC03299.jpg'><img src=http:\/\/ski.inmontanis.info\/d\/284163-3\/DSC03299.jpg \/><\/a><br \/>\n^ SL Hedungsliften, der l\u00e4ngste Lift, hat aber leider nur diese eine Abfahrt<\/p>\n<p><a href='http:\/\/ski.inmontanis.info\/d\/284168-2\/DSC03302.jpg'><img src=http:\/\/ski.inmontanis.info\/d\/284167-3\/DSC03302.jpg \/><\/a><br \/>\n^ Auch dieser SL hat nicht nur eine unbesetzte Bergstation, wie in Schweden zumeist \u00fcblich, sondern auch eine unbesetzte Talstation. Lt. Schild darf man aber, wenn man hier einsteigt, wohl sogar einmal gratis fahren, um zur Skipasskasse zu kommen.<\/p>\n<p><a href='http:\/\/ski.inmontanis.info\/d\/284172-2\/DSC03303.jpg'><img src=http:\/\/ski.inmontanis.info\/d\/284171-3\/DSC03303.jpg \/><\/a><br \/>\n^ SL Hedungsliften, oberer Teil<\/p>\n<p><a href='http:\/\/ski.inmontanis.info\/d\/284176-2\/DSC03309.jpg'><img src=http:\/\/ski.inmontanis.info\/d\/284175-3\/DSC03309.jpg \/><\/a><br \/>\n^ Pano am SL Hedungsliften. Sch\u00f6ner Platz zum Wohnen.<\/p>\n<p><a href='http:\/\/ski.inmontanis.info\/d\/284180-2\/DSC03310.jpg'><img src=http:\/\/ski.inmontanis.info\/d\/284179-3\/DSC03310.jpg \/><\/a><br \/>\n^ Abfahrt Hedungsbacken<\/p>\n<p><a href='http:\/\/ski.inmontanis.info\/d\/284184-2\/DSC03312.jpg'><img src=http:\/\/ski.inmontanis.info\/d\/284183-3\/DSC03312.jpg \/><\/a><br \/>\n^ SL Hedungsliften<\/p>\n<p><a href='http:\/\/ski.inmontanis.info\/d\/284188-2\/DSC03314.jpg'><img src=http:\/\/ski.inmontanis.info\/d\/284187-3\/DSC03314.jpg \/><\/a><br \/>\n^ Verbindungsabfahrt vom SL Hedungsliften zu den anderen SL<\/p>\n<p><a href='http:\/\/ski.inmontanis.info\/d\/284192-2\/DSC03315.jpg'><img src=http:\/\/ski.inmontanis.info\/d\/284191-3\/DSC03315.jpg \/><\/a><br \/>\n^ Rechts vom Dalliften gibts noch diese Variante, die im Plan (nicht?) mehr eingezeichnet ist<\/p>\n<p><a href='http:\/\/ski.inmontanis.info\/d\/284196-2\/DSC03317.jpg'><img src=http:\/\/ski.inmontanis.info\/d\/284195-3\/DSC03317.jpg \/><\/a><br \/>\n^ SL Dalliften<\/p>\n<p><a href='http:\/\/ski.inmontanis.info\/d\/284200-2\/DSC03319.jpg'><img src=http:\/\/ski.inmontanis.info\/d\/284199-3\/DSC03319.jpg \/><\/a><br \/>\n^ SL Dalliften<\/p>\n<p><a href='http:\/\/ski.inmontanis.info\/d\/284204-2\/DSC03322.jpg'><img src=http:\/\/ski.inmontanis.info\/d\/284203-3\/DSC03322.jpg \/><\/a><br \/>\n^ Rote Abfahrt Dalbacken<\/p>\n<p><a href='http:\/\/ski.inmontanis.info\/d\/284208-2\/DSC03324.jpg'><img src=http:\/\/ski.inmontanis.info\/d\/284207-3\/DSC03324.jpg \/><\/a><br \/>\n^ SL Dalliften; will man zur Variante, muss man links durch den Wald<\/p>\n<p><a href='http:\/\/ski.inmontanis.info\/d\/284212-2\/DSC03327.jpg'><img src=http:\/\/ski.inmontanis.info\/d\/284211-3\/DSC03327.jpg \/><\/a><br \/>\n^ .. geht dann ein St\u00fcck schmal durch den Wald, bis man auf die Lichtung kommt<\/p>\n<p><a href='http:\/\/ski.inmontanis.info\/d\/284216-2\/DSC03328.jpg'><img src=http:\/\/ski.inmontanis.info\/d\/284215-3\/DSC03328.jpg \/><\/a><br \/>\n^ Variante rechts vom SL Dalliften, ziemlich steil weiter unten<\/p>\n<p><a href='http:\/\/ski.inmontanis.info\/d\/284220-2\/DSC03329.jpg'><img src=http:\/\/ski.inmontanis.info\/d\/284219-3\/DSC03329.jpg \/><\/a><br \/>\n^ Variante rechts vom SL Dalliften, ziemlich steil<\/p>\n<p><a href='http:\/\/ski.inmontanis.info\/d\/284224-2\/DSC03331.jpg'><img src=http:\/\/ski.inmontanis.info\/d\/284223-3\/DSC03331.jpg \/><\/a><br \/>\n^ Nach der Kurve kommt der SL Ravinbanan; rechts die Stra\u00dfe von der man rauflaufen muss<\/p>\n<p><a href='http:\/\/ski.inmontanis.info\/d\/284228-2\/DSC03332.jpg'><img src=http:\/\/ski.inmontanis.info\/d\/284227-3\/DSC03332.jpg \/><\/a><br \/>\n^ SL Ravinbanan. Bei einem KSSL hab ich letztens schon Banan gelesen, das schien mir vielleicht die Tellerstange zu beschreiben?!<\/p>\n<p><a href='http:\/\/ski.inmontanis.info\/d\/284232-2\/DSC03334.jpg'><img src=http:\/\/ski.inmontanis.info\/d\/284231-3\/DSC03334.jpg \/><\/a><br \/>\n^ Muldenabfahrt Ravinbacken<\/p>\n<p><a href='http:\/\/ski.inmontanis.info\/d\/284236-2\/DSC03335.jpg'><img src=http:\/\/ski.inmontanis.info\/d\/284235-3\/DSC03335.jpg \/><\/a><br \/>\n^ Gr\u00fcne Abfahrt Kilan links vom SL Ravinbanan<\/p>\n<p><a href='http:\/\/ski.inmontanis.info\/d\/284240-2\/DSC03336.jpg'><img src=http:\/\/ski.inmontanis.info\/d\/284239-3\/DSC03336.jpg \/><\/a><br \/>\n^ Unter der Stra\u00dfe: SSL K\u00f6jaliften, heute nicht in Betrieb<\/p>\n<p><a href='http:\/\/ski.inmontanis.info\/d\/284244-2\/DSC03340.jpg'><img src=http:\/\/ski.inmontanis.info\/d\/284243-3\/DSC03340.jpg \/><\/a><br \/>\n^ Ravinbacken \/ Ravinbanan<\/p>\n<p><a href='http:\/\/ski.inmontanis.info\/d\/284248-2\/DSC03341.jpg'><img src=http:\/\/ski.inmontanis.info\/d\/284247-3\/DSC03341.jpg \/><\/a><br \/>\n^ Noch eine kurze Abfahrtsvariante links vom Ravinbanan-SL<\/p>\n<p><a href='http:\/\/ski.inmontanis.info\/d\/284252-2\/DSC03343.jpg'><img src=http:\/\/ski.inmontanis.info\/d\/284251-3\/DSC03343.jpg \/><\/a><br \/>\n^ Sonne geht bald unter<\/p>\n<p><a href='http:\/\/ski.inmontanis.info\/d\/284256-2\/DSC03346.jpg'><img src=http:\/\/ski.inmontanis.info\/d\/284255-3\/DSC03346.jpg \/><\/a><br \/>\n^ SL Ravinbanan mit blauen St\u00fctzen und farbig abgestimmter Abz\u00e4unung<\/p>\n<p><a href='http:\/\/ski.inmontanis.info\/d\/284260-2\/ge20210124.jpg'><img src=http:\/\/ski.inmontanis.info\/d\/284259-3\/ge20210124.jpg \/><\/a><br \/>\n^ GPS-Track 24.1.2021. T\u00fcrkis die beiden heute geschlossenen Lifte. Dort wo der rote Punkt von Dalen ist, w\u00e4re die im Plan gestrichelte Variante Dalslingan &#8211; die hab ich leider komplett vergessen, als ich die Variante rechts vom Dalliften suchte :-(<\/p>\n<p>Das Skigebiet gefiel mir also recht gut, gem\u00fctlich, ohne Hektik, dadurch viel sch\u00f6ner als in Are .. ein neues Skigebiet erkunden, ein idealer Skitag &#8230;<\/p>\n<p>Am Liftparkplatz sprang mein Auto wieder nur verz\u00f6gert an, diesmal aber ohne zuvor eingschalteter Standheizung (da hab ich schon gemerkt, dass es hier mehr Probleme gibt, was am verk\u00fcrzten K\u00fchlwasserkreislauf im Standheizungsbetrieb liegen k\u00f6nnte, da bekommt das System eine zu warme Temperatur gemeldet usw.). Am Supermarkt sp\u00e4ter nahe meiner Unterkunft dagegen machte der Anlasser gar keinen Mucks mehr :( Naja, wenigstens nahe da, wo ich \u00fcbernachten kann. Aber ab morgen h\u00e4tte ich ja ca. 70km weiter westlich ein Zimmer f\u00fcr ein paar Tage &#8230;<\/p>\n<p>Nat\u00fcrlich stellte sich die Frage, ob ich das Auto \u00fcber Nacht auf dem Parkplatz hier lasse, weil ja Sonntag ist und ich ins Hotel gehen und das morgen erst koordinieren k\u00f6nnte, w\u00e4re evtl. sinnvoller, als es heute in eine Werkstatt abschleppen zu lassen, die erst morgen offen hat und dann aber ja jetzt wohl kein Leihauto bekommen w\u00fcrde und somit dann auch morgen nicht wissen w\u00fcrde, wie ich zu der Werkstatt komm und wohin \u00fcberhaupt&#8230;<\/p>\n<p>Nunja, ein kleiner Spoiler auf den morgigen Tag: Ich h\u00e4tte es wohl doch heute abschleppen lassen sollen, denn anscheinend w\u00e4re er hier in der Ortschaft geblieben und nicht irgendwo anders hin &#8230; und das Abschleppen morgen war dann gar nicht m\u00f6glich &#8211; mehr im n\u00e4chsten Bericht.<\/p>\n","protected":false},"excerpt":{"rendered":"<p>So, 24.1.2021<\/p>\n<p>Am Morgen schneit es mal wieder (bei ca. -10\u00b0) und ich ging die Wettervorhersagen durch. Hier und da k\u00f6nnte es ab ca. Mittag zumindest damit aufh\u00f6ren, also hatte ich es nicht sonderlich eilig.<\/p>\n<p>Am Fr\u00fchst\u00fccksbuffet hier im Hotel soll man lt. Ausschilderung 2m Abstand einhalten, was aber nicht so einfach ist, wenn man <a href=\"http:\/\/blog.inmontanis.info\/?p=6502\">[&#8230;]<\/a><\/p>\n","protected":false},"author":1,"featured_media":0,"comment_status":"closed","ping_status":"closed","sticky":false,"template":"","format":"standard","meta":{"footnotes":""},"categories":[184,680,19,27],"tags":[47],"class_list":["post-6502","post","type-post","status-publish","format-standard","hentry","category-2021-01-skandinavien","category-edsasdalen","category-schwedensweden","category-skifahren-winterskiing-winter","tag-sl","odd"],"_links":{"self":[{"href":"http:\/\/blog.inmontanis.info\/index.php?rest_route=\/wp\/v2\/posts\/6502","targetHints":{"allow":["GET"]}}],"collection":[{"href":"http:\/\/blog.inmontanis.info\/index.php?rest_route=\/wp\/v2\/posts"}],"about":[{"href":"http:\/\/blog.inmontanis.info\/index.php?rest_route=\/wp\/v2\/types\/post"}],"author":[{"embeddable":true,"href":"http:\/\/blog.inmontanis.info\/index.php?rest_route=\/wp\/v2\/users\/1"}],"replies":[{"embeddable":true,"href":"http:\/\/blog.inmontanis.info\/index.php?rest_route=%2Fwp%2Fv2%2Fcomments&post=6502"}],"version-history":[{"count":4,"href":"http:\/\/blog.inmontanis.info\/index.php?rest_route=\/wp\/v2\/posts\/6502\/revisions"}],"predecessor-version":[{"id":6506,"href":"http:\/\/blog.inmontanis.info\/index.php?rest_route=\/wp\/v2\/posts\/6502\/revisions\/6506"}],"wp:attachment":[{"href":"http:\/\/blog.inmontanis.info\/index.php?rest_route=%2Fwp%2Fv2%2Fmedia&parent=6502"}],"wp:term":[{"taxonomy":"category","embeddable":true,"href":"http:\/\/blog.inmontanis.info\/index.php?rest_route=%2Fwp%2Fv2%2Fcategories&post=6502"},{"taxonomy":"post_tag","embeddable":true,"href":"http:\/\/blog.inmontanis.info\/index.php?rest_route=%2Fwp%2Fv2%2Ftags&post=6502"}],"curies":[{"name":"wp","href":"https:\/\/api.w.org\/{rel}","templated":true}]}}