{"id":6499,"date":"2021-01-23T19:49:55","date_gmt":"2021-01-23T18:49:55","guid":{"rendered":"http:\/\/blog.inmontanis.info\/?p=6499"},"modified":"2023-08-05T13:23:47","modified_gmt":"2023-08-05T11:23:47","slug":"bydalen-23-1-2021","status":"publish","type":"post","link":"http:\/\/blog.inmontanis.info\/?p=6499","title":{"rendered":"Bydalen, 23.1.2021"},"content":{"rendered":"<p><strong>23.1.2021<\/strong><\/p>\n<p>Heute wollte ich zu einem Wiederholungsbesuch nach Bydalen, morgens um 7 Uhr weckte mich wieder der Schneer\u00e4umdienst vom Hostelparkplatz, es hat \u00fcber Nacht wieder viel geschneit.<\/p>\n<p>Von der gestern noch f\u00fcr heute gemeldeten Sonne blieb morgens auf der Vorhersagewebsite nichts mehr \u00fcbrig. \u00dcberhaupt die ganze Sonne von MO-MI in den Gebieten um \u00c5re n\u00e4chster Woche wurde entfernt :( Dann g\u00f6nn ich mir lieber den Luxus eines Hotels von heute auf Morgen und buch nochmal das selbe wie ich von SO auf MO gebucht hab. Sogar nochmal etwas g\u00fcnstiger geworden, 58 \u20ac statt 64 \u20ac inkl. Fr\u00fchst\u00fcck (&#8220;Handy-Preis&#8221;), zwar immer noch teuer genug aber das g\u00fcnstigste in der dortigen Gegend. <\/p>\n<p>Nachdem ich das Auto vom Schnee abgekehrt hatte und wieder ins Hostel zur\u00fcck wollte, konnte ich die T\u00fcr nicht mehr aufsperren, ich konnte noch nicht mal den Schl\u00fcssel reinstecken und alle Sachen inkl. Rucksack und Handy waren im Hostel. Na das ist ja mal wieder eine bescheuerte Situation. Das sollte man sich merken, das in Zukunft nicht so zu machen. <\/p>\n<p>Grund war hoffentlich nur, dass das T\u00fcrschloss eingeforen war. D.h. ich verbrachte einige Zeit mit Anhauchen ins Schloss und auf den Schl\u00fcssel, bis er endlich wieder reinging und das Schloss sich zum Gl\u00fcck drehen lie\u00df ..<\/p>\n<p>In Bydalen die n\u00e4chste Ent\u00e4uschung: alle 4 oberen Lifte zu. Immerhin, gegen 12:30 waren zumindest die linken beiden offen. Machte wegen Nebel und Sturm aber eher weniger Spa\u00df dort oben, daher wollte ich nach 13 Uhr noch die nicht angebundenen SL erkunden. Was dann wegen der nun doch kommenden Sonne aber eigentlich auch nicht sinnvoll war.<\/p>\n<p>Viel Fotos hab ich vom Hauptgebiet nicht gemacht, siehe Bericht vom 21.4.2019.<\/p>\n<p><a href='http:\/\/extra.inmontanis.info\/d\/60889-2\/DSC03189.jpg'><img src=http:\/\/extra.inmontanis.info\/d\/60888-3\/DSC03189.jpg \/><\/a><br \/>\n^ \u00dcber Nacht wieder Neuschnee, der Schneeberg am Ende des Parkplatzes wird auch immer h\u00f6her &#8230;<\/p>\n<p><a href='http:\/\/extra.inmontanis.info\/d\/60893-2\/DSC03191.jpg'><img src=http:\/\/extra.inmontanis.info\/d\/60892-3\/DSC03191.jpg \/><\/a><br \/>\n^ Unterwegs (richtung Are)<\/p>\n<p><a href='http:\/\/extra.inmontanis.info\/d\/60897-2\/DSC03194.jpg'><img src=http:\/\/extra.inmontanis.info\/d\/60896-3\/DSC03194.jpg \/><\/a><br \/>\n^ Unterwegs (richtung Bydalen)<\/p>\n<p><a href='http:\/\/ski.inmontanis.info\/d\/283978-2\/DSC03199.jpg'><img src=http:\/\/ski.inmontanis.info\/d\/283977-3\/DSC03199.jpg \/><\/a><br \/>\n^ Dromliften, der Lift gegen\u00fcber dem Hauptgebiet, der mit dem SSL \u00fcber den Fluss angebunden ist<\/p>\n<p><a href='http:\/\/ski.inmontanis.info\/d\/283982-2\/DSC03202.jpg'><img src=http:\/\/ski.inmontanis.info\/d\/283981-3\/DSC03202.jpg \/><\/a><br \/>\n^ Dromliften, daneben ein SSL Drom-Jonteliften<\/p>\n<p><a href='http:\/\/ski.inmontanis.info\/d\/283986-2\/DSC03203.jpg'><img src=http:\/\/ski.inmontanis.info\/d\/283985-3\/DSC03203.jpg \/><\/a><br \/>\n^ Dromliften Bergstation<\/p>\n<p><a href='http:\/\/ski.inmontanis.info\/d\/283990-2\/DSC03204.jpg'><img src=http:\/\/ski.inmontanis.info\/d\/283989-3\/DSC03204.jpg \/><\/a><br \/>\n^ Abfahrt Drombacken<\/p>\n<p><a href='http:\/\/ski.inmontanis.info\/d\/283994-2\/DSC03207.jpg'><img src=http:\/\/ski.inmontanis.info\/d\/283993-3\/DSC03207.jpg \/><\/a><br \/>\n^ Abfahrt Dromhanget<\/p>\n<p><a href='http:\/\/ski.inmontanis.info\/d\/283998-2\/DSC03208.jpg'><img src=http:\/\/ski.inmontanis.info\/d\/283997-3\/DSC03208.jpg \/><\/a><br \/>\n^ Blick zum Dromliften und gegenb\u00fcber zum Hauptgebiet (linker Teil)<\/p>\n<p><a href='http:\/\/ski.inmontanis.info\/d\/284002-2\/DSC03210.jpg'><img src=http:\/\/ski.inmontanis.info\/d\/284001-3\/DSC03210.jpg \/><\/a><br \/>\n^ Der SSL neben dem Dromlift war wohl mal ein KSSL fr\u00fcher..<\/p>\n<p><a href='http:\/\/ski.inmontanis.info\/d\/284006-2\/DSC03211.jpg'><img src=http:\/\/ski.inmontanis.info\/d\/284005-3\/DSC03211.jpg \/><\/a><br \/>\n^ Den Verbindungs-SSL Transporten \u00fcber den Fluss muss man leider nur in eine Richtung nehmen, auf der anderen Seite geht er nicht weit genug hinauf -> rauflaufen :(<\/p>\n<p><a href='http:\/\/ski.inmontanis.info\/d\/284010-2\/DSC03212.jpg'><img src=http:\/\/ski.inmontanis.info\/d\/284009-3\/DSC03212.jpg \/><\/a><br \/>\n^ Man f\u00e4hrt also einfach \u00fcber den Fluss &#8211; oder alternativ auf der Stra\u00dfenbr\u00fccke<\/p>\n<p><a href='http:\/\/ski.inmontanis.info\/d\/284014-2\/DSC03215.jpg'><img src=http:\/\/ski.inmontanis.info\/d\/284013-3\/DSC03215.jpg \/><\/a><br \/>\n^ Man f\u00e4hrt also einfach \u00fcber den Fluss &#8211; und muss dann rauflaufen. Rechts der Verbindungslift. Sp\u00e4ter im Fr\u00fchjahr ist der Verbindungslift dann zu, wenn das Eis nicht mehr tragf\u00e4hig oder vorhanden ist<\/p>\n<p><a href='http:\/\/ski.inmontanis.info\/d\/284018-2\/DSC03217.jpg'><img src=http:\/\/ski.inmontanis.info\/d\/284017-3\/DSC03217.jpg \/><\/a><br \/>\n^ F\u00e4boliften, der mittlere der Taillifte<\/p>\n<p><a href='http:\/\/ski.inmontanis.info\/d\/284022-2\/DSC03223.jpg'><img src=http:\/\/ski.inmontanis.info\/d\/284021-3\/DSC03223.jpg \/><\/a><br \/>\n^ Leider waren vor Mittag alle 4 oberen Lifte geschlossen, so auch der rechteste von denen, SL H\u00f6gfj\u00e4ll. Hier im Doppel-SL Tr\u00e4dgr\u00e4ns<\/p>\n<p><a href='http:\/\/ski.inmontanis.info\/d\/284026-2\/DSC03226.jpg'><img src=http:\/\/ski.inmontanis.info\/d\/284025-3\/DSC03226.jpg \/><\/a><br \/>\n^ Nach Mittag wurden zumindest die linken beiden oberen SL in Betrieb genommen, hier der linkeste, SL Toppliften<\/p>\n<p><a href='http:\/\/ski.inmontanis.info\/d\/284030-2\/DSC03227.jpg'><img src=http:\/\/ski.inmontanis.info\/d\/284029-3\/DSC03227.jpg \/><\/a><br \/>\n^ SL Toppliften<\/p>\n<p><a href='http:\/\/ski.inmontanis.info\/d\/284034-2\/DSC03228.jpg'><img src=http:\/\/ski.inmontanis.info\/d\/284033-3\/DSC03228.jpg \/><\/a><br \/>\n^ SL Paradliften, schon wieder au\u00dfer Betrieb, ein Mitarbeiter werkelt an einer St\u00fctze<\/p>\n<p><a href='http:\/\/ski.inmontanis.info\/d\/284038-2\/DSC03229.jpg'><img src=http:\/\/ski.inmontanis.info\/d\/284037-3\/DSC03229.jpg \/><\/a><br \/>\n^ Verbindungs-SSL Transporten zum Dromlift<\/p>\n<p><a href='http:\/\/ski.inmontanis.info\/d\/284042-2\/DSC03231.jpg'><img src=http:\/\/ski.inmontanis.info\/d\/284041-3\/DSC03231.jpg \/><\/a><br \/>\n^ Verbindungs-SSL Transporten auf dem Fluss<\/p>\n<p><a href='http:\/\/ski.inmontanis.info\/d\/284046-2\/ge20210123a.jpg'><img src=http:\/\/ski.inmontanis.info\/d\/284045-3\/ge20210123a.jpg \/><\/a><br \/>\n^ GPS-Track 23.1.2021 in Rot, vorheriger Besuch in T\u00fcrkis. Links unten in Orange: SL Falkf\u00e5ngerliften<\/p>\n<p>Etwas nach 13 Uhr also auf den Weg erst mal zum hintersten und n\u00e4hesten Abseits-SL gemacht, der lief dann leider gar nicht und in Gr\u00e4ft\u00e5vallen war auch nur einer von den beiden offen :(<\/p>\n<p>.. und da steht schon seit Wochen im Schneebericht, auch unter der Woche, dass 16 von 16 Lifte offen w\u00e4ren ..<\/p>\n<p><a href='http:\/\/ski.inmontanis.info\/d\/284050-2\/DSC03232.jpg'><img src=http:\/\/ski.inmontanis.info\/d\/284049-3\/DSC03232.jpg \/><\/a><br \/>\n^ SL Falkf\u00e5ngerliften, leider noch nicht mal aufgeb\u00fcgelt. Schade, h\u00e4tte sogar blaue (T-) St\u00fctzen gehabt<\/p>\n<p><a href='http:\/\/ski.inmontanis.info\/d\/284054-2\/DSC03234.jpg'><img src=http:\/\/ski.inmontanis.info\/d\/284053-3\/DSC03234.jpg \/><\/a><br \/>\n^ Zufahrt zu den Liften Gr\u00e4ft\u00e5vallen, die etwas entfernt liegen, aber zum Skipass geh\u00f6ren<\/p>\n<p><a href='http:\/\/ski.inmontanis.info\/d\/284058-2\/DSC03235.jpg'><img src=http:\/\/ski.inmontanis.info\/d\/284057-3\/DSC03235.jpg \/><\/a><br \/>\n^ SL Gr\u00e4ft\u00e5liften, der rechte von den beiden. Der linke SL war leider auch nicht in Betrieb :(<\/p>\n<p><a href='http:\/\/ski.inmontanis.info\/d\/284062-2\/DSC03239.jpg'><img src=http:\/\/ski.inmontanis.info\/d\/284061-3\/DSC03239.jpg \/><\/a><br \/>\n^ SL Gr\u00e4ft\u00e5liften, links daneben ein kurzer \u00dcbungs-SSL mit eigenartigen St\u00fctzen, die 3 dazu sch\u00f6n rostig  (Pluppliften)<\/p>\n<p><a href='http:\/\/ski.inmontanis.info\/d\/284066-2\/DSC03240.jpg'><img src=http:\/\/ski.inmontanis.info\/d\/284065-3\/DSC03240.jpg \/><\/a><br \/>\n^ SL Gr\u00e4ft\u00e5liften, da h\u00e4tte man noch was weiter raufbauen k\u00f6nnen<\/p>\n<p><a href='http:\/\/ski.inmontanis.info\/d\/284070-2\/DSC03241.jpg'><img src=http:\/\/ski.inmontanis.info\/d\/284069-3\/DSC03241.jpg \/><\/a><br \/>\n^ SL Gr\u00e4ft\u00e5liften<\/p>\n<p><a href='http:\/\/ski.inmontanis.info\/d\/284074-2\/DSC03244.jpg'><img src=http:\/\/ski.inmontanis.info\/d\/284073-3\/DSC03244.jpg \/><\/a><br \/>\n^ Blick zum linken SL \u00d6stfj\u00e4llsliften, ein Kurzb\u00fcgler, leider heute nicht in Betrieb<\/p>\n<p><a href='http:\/\/ski.inmontanis.info\/d\/284078-2\/DSC03245.jpg'><img src=http:\/\/ski.inmontanis.info\/d\/284077-3\/DSC03245.jpg \/><\/a><br \/>\n^ Linke Abfahrten am SL Gr\u00e4ft\u00e5liften<\/p>\n<p><a href='http:\/\/ski.inmontanis.info\/d\/284082-2\/DSC03248.jpg'><img src=http:\/\/ski.inmontanis.info\/d\/284081-3\/DSC03248.jpg \/><\/a><br \/>\n^ SSL Pluppliften<\/p>\n<p><a href='http:\/\/ski.inmontanis.info\/d\/284086-2\/DSC03250.jpg'><img src=http:\/\/ski.inmontanis.info\/d\/284085-3\/DSC03250.jpg \/><\/a><br \/>\n^ Talw\u00e4rts h\u00fcpften die Stangen von Mulde zu Mulde. Plupp, plupp, plupp .. ;)<\/p>\n<p><a href='http:\/\/ski.inmontanis.info\/d\/284090-2\/DSC03251.jpg'><img src=http:\/\/ski.inmontanis.info\/d\/284089-3\/DSC03251.jpg \/><\/a><br \/>\n^ SSL Pluppliften St\u00fctze 2<\/p>\n<p><a href='http:\/\/ski.inmontanis.info\/d\/284094-2\/DSC03253.jpg'><img src=http:\/\/ski.inmontanis.info\/d\/284093-3\/DSC03253.jpg \/><\/a><br \/>\n^ SL \u00d6stfj\u00e4llsliften<\/p>\n<p><a href='http:\/\/ski.inmontanis.info\/d\/284098-2\/DSC03256.jpg'><img src=http:\/\/ski.inmontanis.info\/d\/284097-3\/DSC03256.jpg \/><\/a><br \/>\n^ Im Talstationsbereich gab&#8217;s H\u00fctten und Wohnw\u00e4gen, gut eingeschneit.<\/p>\n<p><a href='http:\/\/ski.inmontanis.info\/d\/284102-2\/ge20210123b.jpg'><img src=http:\/\/ski.inmontanis.info\/d\/284101-3\/ge20210123b.jpg \/><\/a><br \/>\n^ GPS-Track 23.1.2021 Bereich Gr\u00e4ft\u00e5vallen<\/p>\n<p>Fazit: Recht entt\u00e4uschend gewesen, der heutige Tag..<\/p>\n<p><a href='http:\/\/extra.inmontanis.info\/d\/60901-2\/DSC03258.jpg'><img src=http:\/\/extra.inmontanis.info\/d\/60900-3\/DSC03258.jpg \/><\/a><br \/>\n^ Hotelzimmer f\u00fcr 2 Tage. Das Tischchen, so man das so nennen kann, ist recht klein und hoch f\u00fcr den Sessel\/Stuhl, also etwas ungem\u00fctlich, um am PC zu sitzen.<\/p>\n<p><a href='http:\/\/extra.inmontanis.info\/d\/60905-2\/DSC03262.jpg'><img src=http:\/\/extra.inmontanis.info\/d\/60904-3\/DSC03262.jpg \/><\/a><br \/>\n^ Abendessen<\/p>\n<p>Ich hielt an einem nicht sehr gro\u00dfen Coop-Supermarkt und kaufte mir bissl was zum essen, einen &#8220;Pizzasalad&#8221; (Kohlsalat\/Krautsalat, 200g) wg. MHD-Ablauf zum 1\/2 Preis um ca. 0,85 \u20ac, eine H\u00fchnchen-Paprikawust (200g) um ca. 1,25 \u20ac, und zwei gro\u00dfe Mohnsemmeln um ca. 1,10 (lt Aushang h\u00e4tte ich es verstanden als 1,50 oder 1,60 f\u00fcr 2 St\u00fcck und 1,10 pro St\u00fcck).<\/p>\n","protected":false},"excerpt":{"rendered":"<p>23.1.2021<\/p>\n<p>Heute wollte ich zu einem Wiederholungsbesuch nach Bydalen, morgens um 7 Uhr weckte mich wieder der Schneer\u00e4umdienst vom Hostelparkplatz, es hat \u00fcber Nacht wieder viel geschneit.<\/p>\n<p>Von der gestern noch f\u00fcr heute gemeldeten Sonne blieb morgens auf der Vorhersagewebsite nichts mehr \u00fcbrig. \u00dcberhaupt die ganze Sonne von MO-MI in den Gebieten um \u00c5re n\u00e4chster <a href=\"http:\/\/blog.inmontanis.info\/?p=6499\">[&#8230;]<\/a><\/p>\n","protected":false},"author":1,"featured_media":0,"comment_status":"closed","ping_status":"closed","sticky":false,"template":"","format":"standard","meta":{"footnotes":""},"categories":[184,683,671,19,27],"tags":[47],"class_list":["post-6499","post","type-post","status-publish","format-standard","hentry","category-2021-01-skandinavien","category-bydalen","category-graftavallen","category-schwedensweden","category-skifahren-winterskiing-winter","tag-sl","odd"],"_links":{"self":[{"href":"http:\/\/blog.inmontanis.info\/index.php?rest_route=\/wp\/v2\/posts\/6499","targetHints":{"allow":["GET"]}}],"collection":[{"href":"http:\/\/blog.inmontanis.info\/index.php?rest_route=\/wp\/v2\/posts"}],"about":[{"href":"http:\/\/blog.inmontanis.info\/index.php?rest_route=\/wp\/v2\/types\/post"}],"author":[{"embeddable":true,"href":"http:\/\/blog.inmontanis.info\/index.php?rest_route=\/wp\/v2\/users\/1"}],"replies":[{"embeddable":true,"href":"http:\/\/blog.inmontanis.info\/index.php?rest_route=%2Fwp%2Fv2%2Fcomments&post=6499"}],"version-history":[{"count":2,"href":"http:\/\/blog.inmontanis.info\/index.php?rest_route=\/wp\/v2\/posts\/6499\/revisions"}],"predecessor-version":[{"id":6501,"href":"http:\/\/blog.inmontanis.info\/index.php?rest_route=\/wp\/v2\/posts\/6499\/revisions\/6501"}],"wp:attachment":[{"href":"http:\/\/blog.inmontanis.info\/index.php?rest_route=%2Fwp%2Fv2%2Fmedia&parent=6499"}],"wp:term":[{"taxonomy":"category","embeddable":true,"href":"http:\/\/blog.inmontanis.info\/index.php?rest_route=%2Fwp%2Fv2%2Fcategories&post=6499"},{"taxonomy":"post_tag","embeddable":true,"href":"http:\/\/blog.inmontanis.info\/index.php?rest_route=%2Fwp%2Fv2%2Ftags&post=6499"}],"curies":[{"name":"wp","href":"https:\/\/api.w.org\/{rel}","templated":true}]}}