{"id":6491,"date":"2021-01-21T18:35:50","date_gmt":"2021-01-21T17:35:50","guid":{"rendered":"http:\/\/blog.inmontanis.info\/?p=6491"},"modified":"2023-08-05T12:35:47","modified_gmt":"2023-08-05T10:35:47","slug":"litsbacken-21-1-2021","status":"publish","type":"post","link":"http:\/\/blog.inmontanis.info\/?p=6491","title":{"rendered":"Litsbacken, 21.1.2021"},"content":{"rendered":"<p><strong>21.1.2021<\/strong><\/p>\n<p>Interessanterweise standen gestern Abend ja schon zwei oder drei Autos am Hostel-Parkplatz, geh\u00f6rt hab ich im Haus aber keinen (zB. T\u00fcren um aufs Klo zu gehen), allerdings rauscht die Heizung auch sehr stark. Als ich mal kurz ins Auto ging, wollte eine Frau rein, die meinte, sie wohne hier und h\u00e4tte den Schl\u00fcssel vergessen &#8211; ob das nun stimmt oder sie obdachlos ist, wei\u00df ich nat\u00fcrlich nicht, zumindest geh\u00f6rte ihr keines der beiden Autos.<\/p>\n<p>Weil an der n\u00e4chsten Kreuzung, bin ich zu Mittag mal zum Lidl gegangen. W\u00e4hrend es in den ICA-Superm\u00e4rkten kein Mineral\/Sodawasser um unter ca. 0,80 \u20ac gibt (idente Preise f\u00fcr geschmackliche W\u00e4sser), gibts es hier beim Lidl etwas um ca. 0,50 \u20ac (ohne bzw. mit Zitronengeschmack). Die g\u00fcnstigsten TK-Fertiggerichte kosten hier nur ca. 1,80, also mal was probiert, die anderen sind hier etwas teurer als in den gro\u00dfen ICA-M\u00e4rkten. Schmeckte mir sp\u00e4ter aber nicht ganz so gut. Semmeln (egal ob normal oder Mohn) kosten hier im Lidl \u00fcbrigens ca. 0,25 \u20ac.<\/p>\n<p>Abends war das Skigebiet Litsbacken ge\u00f6ffnet, also fuhr ich dort mal hin. Mittlerweile schneite es den ganzen Tag schon leicht vor sich hin und in der unger\u00e4umten Stra\u00dfe vorm Hostel war das schon &#8220;relativ&#8221; viel. Auch die anderen Stra\u00dfen waren schneebedeckt, aber nach den Erfahrungen der letzten Winter mit den Reisen mit Trincerone und dank Allrad trau ich mir ja etwas mehr zu in der Hinsicht.<\/p>\n<p>Das Skigebiet war trotz Schneefalls und einspuriger Zufahrt gut besucht, insb. von Kids und Jugendlichen, so dass es bald mal etwas Wartezeiten gab. Der Abend-Skipass (18-21h) kostete ca. 10,- \u20ac, bin aber nicht die ganze Zeit geblieben.<\/p>\n<p>Das bisschen Neuschnee auf den Pisten war teilweise recht nett zu fahren, so dass es mir trotz der geringen Abwechslung ganz gut gefiel.<\/p>\n<p><a href='http:\/\/ski.inmontanis.info\/d\/283848-2\/DSC03119.jpg'><img src=http:\/\/ski.inmontanis.info\/d\/283846-3\/DSC03119.jpg \/><\/a><br \/>\n^ Zufahrt zum Skigebiet Litsbacken, einspurig mit Ausweichen<\/p>\n<p><a href='http:\/\/ski.inmontanis.info\/d\/283852-2\/DSC03120.jpg'><img src=http:\/\/ski.inmontanis.info\/d\/283851-3\/DSC03120.jpg \/><\/a><br \/>\n^ Haupt-Hang<\/p>\n<p><a href='http:\/\/ski.inmontanis.info\/d\/283856-2\/DSC03121.jpg'><img src=http:\/\/ski.inmontanis.info\/d\/283855-3\/DSC03121.jpg \/><\/a><br \/>\n^ SL-Talstation in Blau und Portalst\u00fctze 1<\/p>\n<p><a href='http:\/\/ski.inmontanis.info\/d\/283860-2\/DSC03122.jpg'><img src=http:\/\/ski.inmontanis.info\/d\/283859-3\/DSC03122.jpg \/><\/a><br \/>\n^ Danach folgen einige T-St\u00fctzen<\/p>\n<p><a href='http:\/\/ski.inmontanis.info\/d\/283864-2\/DSC03123.jpg'><img src=http:\/\/ski.inmontanis.info\/d\/283863-3\/DSC03123.jpg \/><\/a><br \/>\n^ <\/p>\n<p><a href='http:\/\/ski.inmontanis.info\/d\/283868-2\/DSC03124.jpg'><img src=http:\/\/ski.inmontanis.info\/d\/283867-3\/DSC03124.jpg \/><\/a><br \/>\n^ .. und zum Schluss gibts \u00fcberraschenderweise noch ein paar alte Gittermast-Portalst\u00fctzen<\/p>\n<p><a href='http:\/\/ski.inmontanis.info\/d\/283872-2\/DSC03125.jpg'><img src=http:\/\/ski.inmontanis.info\/d\/283871-3\/DSC03125.jpg \/><\/a><br \/>\n^ Bergstation<\/p>\n<p><a href='http:\/\/ski.inmontanis.info\/d\/283876-2\/DSC03126.jpg'><img src=http:\/\/ski.inmontanis.info\/d\/283875-3\/DSC03126.jpg \/><\/a><br \/>\n^ Die Portalst\u00fctzen d\u00fcrften in Braun oder Rot gehalten sein<\/p>\n<p><a href='http:\/\/ski.inmontanis.info\/d\/283880-2\/DSC03129.jpg'><img src=http:\/\/ski.inmontanis.info\/d\/283879-3\/DSC03129.jpg \/><\/a><br \/>\n^ Der breite Haupthang unten hat einige H\u00fcgel und Mulden. Bester Pulverschnee auf der pr\u00e4parierten Abfahrt und au\u00dfer mir keiner gefahren: der Rand links im Bild<\/p>\n<p><a href='http:\/\/ski.inmontanis.info\/d\/283884-2\/DSC03132.jpg'><img src=http:\/\/ski.inmontanis.info\/d\/283883-3\/DSC03132.jpg \/><\/a><br \/>\n^ Start der Abfahrt ist recht flach, kann man auch bissl rechts im Wald fahren.<\/p>\n<p><a href='http:\/\/ski.inmontanis.info\/d\/283888-2\/DSC03133.jpg'><img src=http:\/\/ski.inmontanis.info\/d\/283887-3\/DSC03133.jpg \/><\/a><br \/>\n^ Abzweigung, links der breite Haupthang, rechts die schm\u00e4lere und kurvige Variante<\/p>\n<p><a href='http:\/\/ski.inmontanis.info\/d\/283892-2\/DSC03134.jpg'><img src=http:\/\/ski.inmontanis.info\/d\/283891-3\/DSC03134.jpg \/><\/a><br \/>\n^ Die schmale Abfahrtsvariante<\/p>\n<p><a href='http:\/\/ski.inmontanis.info\/d\/283896-2\/DSC03135.jpg'><img src=http:\/\/ski.inmontanis.info\/d\/283895-3\/DSC03135.jpg \/><\/a><br \/>\n^ Gab durchaus Wartezeiten<\/p>\n<p><a href='http:\/\/ski.inmontanis.info\/d\/283900-2\/ge20210121.jpg'><img src=http:\/\/ski.inmontanis.info\/d\/283899-3\/ge20210121.jpg \/><\/a><br \/>\n^ GPS-Track 21.1.2021, das Sat-Bild scheint etwas verschoben zu sein<\/p>\n<p>Weniger gefallen hat mir dann die Heimfahrt, Dunkel. Schneefall, schneebedeckte Stra\u00dfen, Schneeverwehungen, bei LKW im Gegenverkehr gab&#8217;s erst mal &#8220;White-Out&#8221; und der linke Scheibenwischer wollte gerade im mittleren, wichtigsten Bereich nicht richtig wischen.. Ich begn\u00fcgte mich mit ca. 60-70 km\/h und lie\u00df die anderen hin und wieder vorbei fahren.<\/p>\n<p><a href='http:\/\/extra.inmontanis.info\/d\/60861-3\/DSC03139.jpg'><img src=http:\/\/extra.inmontanis.info\/d\/60860-4\/DSC03139.jpg \/><\/a><br \/>\n^ Die 10-20 km Fahrt auf der dunklen Stra\u00dfe war sehr anstrengend bei den heutigen Verh\u00e4ltnissen. Jetzt wieder in \u00d6stersund ist es angenehmer<\/p>\n<p>Am Hostel angekommen die n\u00e4chste \u00dcberraschung: <\/p>\n<p><a href='http:\/\/extra.inmontanis.info\/d\/60865-3\/DSC03140.jpg'><img src=http:\/\/extra.inmontanis.info\/d\/60864-4\/DSC03140.jpg \/><\/a><br \/>\n^ .. mit Ausnahme, dass ich jetzt dank des zwischenzeitlichen Schneer\u00e4umdienst nicht mehr auf den Hostelparkplatz kommen kann ..<\/p>\n<p>Tja, was tun? Auf den anderen Parkplatz des Eventgeb\u00e4udes fahren trotz dortigem Nachtparkverbot? Auf der Stra\u00dfe gegen\u00fcber ist nur f\u00fcr Anwohner oder so. Auf einer anderen Stra\u00dfe weiter weg k\u00f6nnte es erlaubt sein. Oder ich schnapp mir die Schaufel, die im Eingang vom Hostel liegt und schaufel die Einfahrt frei? Ich entschied mich dann doch f\u00fcr letzteres.<\/p>\n<p><a href='http:\/\/extra.inmontanis.info\/d\/60869-3\/DSC03141.jpg'><img src=http:\/\/extra.inmontanis.info\/d\/60868-4\/DSC03141.jpg \/><\/a><br \/>\n^ Schaufel vom Hostel geholt und ca. 20min freigeschaufelt. Keine Ahnung, weil keine Erfahrung, wie viel und wie breit, wird schon reichen so. Tat es dann auch.<\/p>\n<p><a href='http:\/\/extra.inmontanis.info\/d\/60873-3\/DSC03142.jpg'><img src=http:\/\/extra.inmontanis.info\/d\/60872-4\/DSC03142.jpg \/><\/a><br \/>\n^ Von meinen Ausfahrtsspuren vor ca. 4 Stunden sieht man nix mehr, daf\u00fcr sind die aktuellen Spuren schon ganz sch\u00f6n tief, sp\u00e4testens dank Allrad (und neuer, skandinavischer Winterreifen) aber problemlos gewesen. <\/p>\n<p>Generell sind solche Schneemengen in \u00d6stersund anscheinend auch recht ungew\u00f6hnlich. Normalerweise hat man ca. 7cm zum R\u00e4umen, wenn es mal schneit, entsprechend ist die Anzahl der R\u00e4umfahrzeuge darauf ausgelegt, aber letzte Woche hatte es schon einiges geschneit und jetzt die Tage wieder laufend.<\/p>\n<p>Die Kreisverkehre scheinen meist weniger ger\u00e4umt zu werden als die Stra\u00dfe davor und dahinter, was normalerweise und zumindest f\u00fcr mich recht rutschig sein kann; heute jedoch waren die Kreisverkehre sehr ruppig, d.h. man hat wohl extra zahnstangenm\u00e4\u00dfig &#8220;pr\u00e4pariert&#8221;, um den Grip zu erh\u00f6hen.<\/p>\n","protected":false},"excerpt":{"rendered":"<p>21.1.2021<\/p>\n<p>Interessanterweise standen gestern Abend ja schon zwei oder drei Autos am Hostel-Parkplatz, geh\u00f6rt hab ich im Haus aber keinen (zB. T\u00fcren um aufs Klo zu gehen), allerdings rauscht die Heizung auch sehr stark. Als ich mal kurz ins Auto ging, wollte eine Frau rein, die meinte, sie wohne hier und h\u00e4tte den Schl\u00fcssel vergessen <a href=\"http:\/\/blog.inmontanis.info\/?p=6491\">[&#8230;]<\/a><\/p>\n","protected":false},"author":1,"featured_media":0,"comment_status":"closed","ping_status":"closed","sticky":false,"template":"","format":"standard","meta":{"footnotes":""},"categories":[184,647,19,27],"tags":[65,47],"class_list":["post-6491","post","type-post","status-publish","format-standard","hentry","category-2021-01-skandinavien","category-litsbacken","category-schwedensweden","category-skifahren-winterskiing-winter","tag-nachtski","tag-sl","odd"],"_links":{"self":[{"href":"http:\/\/blog.inmontanis.info\/index.php?rest_route=\/wp\/v2\/posts\/6491","targetHints":{"allow":["GET"]}}],"collection":[{"href":"http:\/\/blog.inmontanis.info\/index.php?rest_route=\/wp\/v2\/posts"}],"about":[{"href":"http:\/\/blog.inmontanis.info\/index.php?rest_route=\/wp\/v2\/types\/post"}],"author":[{"embeddable":true,"href":"http:\/\/blog.inmontanis.info\/index.php?rest_route=\/wp\/v2\/users\/1"}],"replies":[{"embeddable":true,"href":"http:\/\/blog.inmontanis.info\/index.php?rest_route=%2Fwp%2Fv2%2Fcomments&post=6491"}],"version-history":[{"count":4,"href":"http:\/\/blog.inmontanis.info\/index.php?rest_route=\/wp\/v2\/posts\/6491\/revisions"}],"predecessor-version":[{"id":6495,"href":"http:\/\/blog.inmontanis.info\/index.php?rest_route=\/wp\/v2\/posts\/6491\/revisions\/6495"}],"wp:attachment":[{"href":"http:\/\/blog.inmontanis.info\/index.php?rest_route=%2Fwp%2Fv2%2Fmedia&parent=6491"}],"wp:term":[{"taxonomy":"category","embeddable":true,"href":"http:\/\/blog.inmontanis.info\/index.php?rest_route=%2Fwp%2Fv2%2Fcategories&post=6491"},{"taxonomy":"post_tag","embeddable":true,"href":"http:\/\/blog.inmontanis.info\/index.php?rest_route=%2Fwp%2Fv2%2Ftags&post=6491"}],"curies":[{"name":"wp","href":"https:\/\/api.w.org\/{rel}","templated":true}]}}