{"id":6478,"date":"2021-01-17T20:32:07","date_gmt":"2021-01-17T19:32:07","guid":{"rendered":"http:\/\/blog.inmontanis.info\/?p=6478"},"modified":"2023-08-05T11:51:11","modified_gmt":"2023-08-05T09:51:11","slug":"klovsjo-vemdalen-17-1-2021-plan-c","status":"publish","type":"post","link":"http:\/\/blog.inmontanis.info\/?p=6478","title":{"rendered":"Kl\u00f6vsj\u00f6-Vemdalen, 17.1.2021 \/ Plan C"},"content":{"rendered":"<p><strong>17.1.2021<\/strong><\/p>\n<p>Heute angedacht war der Skilift Vargen in Vemdalsskalet, f\u00fcr den es leider keine genaue Info gab und der etwas abseites vom Skistar-Skigebiet Vemdalen\/Vemdalsskalet liegt. Leider Nordhang, was bei Sonnenschein nat\u00fcrlich zu der Jahreszeit etwas schade ist, aber da er wohl maximal am WE l\u00e4uft, m\u00fcsste ich die Chance eben n\u00fctzen. Ebenfalls nur am WE (und Mittwoch abends) liefe der KSSL Pers\u00e5sbacken weiter richtung \u00d6stersund, aber beide Lifte w\u00fcrden sich an einem Tag nicht ausgehen. Evtl. dann am Mittwoch Abend, oder eben heute, wenn der Vargen-SL nicht in Betrieb w\u00e4re.<\/p>\n<p>In Vargen angekommen, SL fuhr nicht und auch noch keine B\u00fcgel &#8211; evtl. f\u00e4hrt er erst ab Februar? Oder gar nicht mehr? Und mein heutiger Plan B, Pers\u00e5sbacken? Die schreiben, dass sie heute wg. zu gro\u00dfer K\u00e4lte, -21\u00b0 an der Talstation, geschlossen haben. Das ist halt der Nachteil, wenn man sich so eine fixe K\u00e4ltegrenze setzt und nicht ber\u00fccksichtigt, ob die Sonne scheint und wie stark der Wind ist. Windstille -21\u00b0 bei Sonnenschein sind ja bekanntlich viel angenehmer als ein Schneesturm bei -10\u00b0.<\/p>\n<p>Dann also halt Plan C, nach Kl\u00f6vsj\u00f6, das zum Skipassverbund Vemdalen (mit Bj\u00f6rnrike und Vemdalsskalet) und damit leider zu Skistar geh\u00f6rt. Die Tageskarte f\u00fcr alle 3 Skigebiete sollte nach meiner Notiz jetzt in der Zwischensaison 431,- SEK online und 476,- SEK vor Ort kosten. Als ich dann 48,- \u20ac auf der Skistar-Homepage-Skipassbestellseite sah, ging ich trotz Wartezeit in den Sportshop und kaufte sie mir da &#8211; wo sie dann aber 495,- SEK zzgl. 45,- SEK Aufschlag daf\u00fcr, dass man es vor Ort im &#8220;Skistar-Shop&#8221; kauft, also ca. 54,- \u20ac, kostete. Die haben doch echt einen Batscher bei Skistar.<\/p>\n<p>Ich wollte Skistar ja von vornherein meiden, weil zu \u00fcberteuert, aber es war heut eben Plan C und es gab keine vern\u00fcnftig anfahrbare Alternative und die Sonne schien ja auch so sch\u00f6n. Wird der teuerste Skipass dieser Tour gewesen sein, sofern ich nicht noch nach Norwegen r\u00fcberkommen sollte.<\/p>\n<p>Au\u00dferdem war ich der irrwitzigen Ansicht, ich w\u00e4re &#8220;damals&#8221; (2011, bei meiner ersten Skandinavien-Winter-Tour zu Ostern) nur in Bj\u00f6nrike + Vemdalen gewesen, nicht aber in Kl\u00f6vsj\u00f6 &#8211; tja, ein Fehler, ich war damals auch in Kl\u00f6vsj\u00f6.<\/p>\n<p>Die Temperaturen waren heute zwar teilweise w\u00e4rmer, also abgesehen von den bis zu -24\u00b0 im Tal auf der Fahrt am Morgen und den -20\u00b0 dann wieder am Abend beim Hotel, aber zu Mittag in Kl\u00f6vsj\u00f6 hatte es oben nur -8 bis -9\u00b0, allerdings herrschte ein starker Wind, insb. am hintersten SL in Storhogna, aber auch am vorderen Gipfel-SL und der 6KSB daneben. Die bin ich nur einmal gefahren, das hatte mir gereicht. Wobei eh 2 der schwarzen Abfahrten wg. Rennen und\/oder Training gesperrt waren.<\/p>\n<p><a href='http:\/\/extra.inmontanis.info\/d\/60809-2\/DSC02970.jpg'><img src=http:\/\/extra.inmontanis.info\/d\/60808-3\/DSC02970.jpg \/><\/a><br \/>\n^ Auch nach ca. 14 Stunden im Zimmer ist die gefrorene Getr\u00e4nkeflasche nicht aufgetaut &#8211; dann kommt sie jetzt halt unters warme Wasser im Waschbecken.<\/p>\n<p><a href='http:\/\/extra.inmontanis.info\/d\/60813-2\/DSC02972.jpg'><img src=http:\/\/extra.inmontanis.info\/d\/60812-3\/DSC02972.jpg \/><\/a><br \/>\n^ Die Scheibe freikratzen ohne laufenden Motor ist quasi unm\u00f6glich, es ist so eine harte, d\u00fcnne Eisschicht, die ich mit meinen beiden Eiskratzern nicht wegbekomme, nur dieser &#8220;russische&#8221; mit den Zacken auf der anderen Seite kann ein bisschen was bewirken. (Den Besen mit dem Eiskratzer hatte ich mir auf einer der Russlandreisen gekauft.)<\/p>\n<p><a href='http:\/\/ski.inmontanis.info\/d\/283582-2\/DSC02978.jpg'><img src=http:\/\/ski.inmontanis.info\/d\/283581-3\/DSC02978.jpg \/><\/a><br \/>\n^ Die beiden SL in Vargen, leider keine B\u00fcgel montiert und nicht offen. Evtl. erst sp\u00e4ter in der Saison offen. Letzte Saison lief ja zumindest einer von den beiden noch.<\/p>\n<p><a href='http:\/\/ski.inmontanis.info\/d\/283586-2\/DSC02979.jpg'><img src=http:\/\/ski.inmontanis.info\/d\/283585-3\/DSC02979.jpg \/><\/a><br \/>\n^ Vemdalsskalet \/ Hovde<\/p>\n<p><a href='http:\/\/ski.inmontanis.info\/d\/283590-2\/DSC02981.jpg'><img src=http:\/\/ski.inmontanis.info\/d\/283589-3\/DSC02981.jpg \/><\/a><br \/>\n^ SL I Tunnelliften in Kl\u00f6vsj\u00f6-Storhogna. Dahinter der Verbindungs-SL nach Kl\u00f6vsj\u00f6<\/p>\n<p><a href='http:\/\/ski.inmontanis.info\/d\/283594-2\/DSC02986.jpg'><img src=http:\/\/ski.inmontanis.info\/d\/283593-3\/DSC02986.jpg \/><\/a><br \/>\n^ SL J Fj\u00e4lliften in Rostbraun<\/p>\n<p><a href='http:\/\/ski.inmontanis.info\/d\/283598-2\/DSC02987.jpg'><img src=http:\/\/ski.inmontanis.info\/d\/283597-3\/DSC02987.jpg \/><\/a><br \/>\n^ SL J Fj\u00e4lliften und SL K Storhognaliften<\/p>\n<p><a href='http:\/\/ski.inmontanis.info\/d\/283602-2\/DSC02990.jpg'><img src=http:\/\/ski.inmontanis.info\/d\/283601-3\/DSC02990.jpg \/><\/a><br \/>\n^ Storhogna mit den SL K-L-M.<\/p>\n<p><a href='http:\/\/ski.inmontanis.info\/d\/283606-2\/DSC02992.jpg'><img src=http:\/\/ski.inmontanis.info\/d\/283605-3\/DSC02992.jpg \/><\/a><br \/>\n^ Seitenpano am SL Storhogna<\/p>\n<p><a href='http:\/\/ski.inmontanis.info\/d\/283610-2\/DSC02994.jpg'><img src=http:\/\/ski.inmontanis.info\/d\/283609-3\/DSC02994.jpg \/><\/a><br \/>\n^ SL K Storhognaliften. Leider nicht nur eiskalt, sondern st\u00fcrmisch, also komplett spa\u00dfbefreit hier heute.<\/p>\n<p><a href='http:\/\/ski.inmontanis.info\/d\/283614-2\/DSC02996.jpg'><img src=http:\/\/ski.inmontanis.info\/d\/283613-3\/DSC02996.jpg \/><\/a><br \/>\n^ Abfahrt Storhogna \/ Fj\u00e4lliften. Pano ist nicht so sch\u00f6n wie gestern in Lofsdalen<\/p>\n<p><a href='http:\/\/ski.inmontanis.info\/d\/283618-2\/DSC02998.jpg'><img src=http:\/\/ski.inmontanis.info\/d\/283617-3\/DSC02998.jpg \/><\/a><br \/>\n^ SL I Tunnelliften<\/p>\n<p><a href='http:\/\/ski.inmontanis.info\/d\/283622-2\/DSC02999.jpg'><img src=http:\/\/ski.inmontanis.info\/d\/283621-3\/DSC02999.jpg \/><\/a><br \/>\n^ Gegen\u00fcber davon: der 2km lange SL H Solliften<\/p>\n<p><a href='http:\/\/ski.inmontanis.info\/d\/283626-2\/DSC03003.jpg'><img src=http:\/\/ski.inmontanis.info\/d\/283625-3\/DSC03003.jpg \/><\/a><br \/>\n^ Besonderheit des Solliften: Es ist ein Tal-Berg-Tal-SL, den man im Bereich des Gipfels auf ca. 400m L\u00e4nge in beiden Richtungen bef\u00e4hrt :)<\/p>\n<p><a href='http:\/\/ski.inmontanis.info\/d\/283630-2\/DSC03005.jpg'><img src=http:\/\/ski.inmontanis.info\/d\/283629-3\/DSC03005.jpg \/><\/a><br \/>\n^ SL Solliften, der alleinige Bergfahr-Bereich von Kl\u00f6vsj\u00f6 aus ist wesentlich k\u00fcrzer<\/p>\n<p><a href='http:\/\/ski.inmontanis.info\/d\/283634-2\/DSC03008.jpg'><img src=http:\/\/ski.inmontanis.info\/d\/283633-3\/DSC03008.jpg \/><\/a><br \/>\n^ Abfahrt 5, immerhin mal etwas steiler, aber halt auch modellierter.<\/p>\n<p><a href='http:\/\/ski.inmontanis.info\/d\/283638-2\/DSC03012.jpg'><img src=http:\/\/ski.inmontanis.info\/d\/283637-3\/DSC03012.jpg \/><\/a><br \/>\n^ SL A Katrinaliften, dar\u00fcber Abfahrt 5<\/p>\n<p><a href='http:\/\/ski.inmontanis.info\/d\/283642-2\/DSC03014.jpg'><img src=http:\/\/ski.inmontanis.info\/d\/283641-3\/DSC03014.jpg \/><\/a><br \/>\n^ SL D Dalliften und SL C SkiStarliften (Autsch). Der linke Daliften ist immerhin mal steiler.<\/p>\n<p><a href='http:\/\/ski.inmontanis.info\/d\/283646-2\/DSC03017.jpg'><img src=http:\/\/ski.inmontanis.info\/d\/283645-3\/DSC03017.jpg \/><\/a><br \/>\n^ Von der Bergstation SL Dalliften k\u00e4me man zum SL E Mellanliften, aber krasser Gegenwind (Sturm) und dann auch noch bergauf wegen den Coronaabstandsnetzen :( Dar\u00fcber im SL dann noch mehr Sturm.<\/p>\n<p><a href='http:\/\/ski.inmontanis.info\/d\/283650-2\/DSC03020.jpg'><img src=http:\/\/ski.inmontanis.info\/d\/283649-3\/DSC03020.jpg \/><\/a><br \/>\n^ Das Eck hier zwischen den beiden SL ist aber schon nett. Im Bild SL Dalliften<\/p>\n<p><a href='http:\/\/ski.inmontanis.info\/d\/283654-2\/DSC03021.jpg'><img src=http:\/\/ski.inmontanis.info\/d\/283653-3\/DSC03021.jpg \/><\/a><br \/>\n^ Schei\u00dfe, wo bin ich denn jetzt hier gelandet? Und daf\u00fcr zahl ich \u00fcber 50,- \u20ac f\u00fcr den Skipass? F\u00fcr so eine bescheuert breite Bulldozerpiste?? (Abfahrt 12\/13 im oberen Bereich)<\/p>\n<p><a href='http:\/\/ski.inmontanis.info\/d\/283658-2\/DSC03022.jpg'><img src=http:\/\/ski.inmontanis.info\/d\/283657-3\/DSC03022.jpg \/><\/a><br \/>\n^ Schwarze Abfahrt 12, die andere (10\/11) war leider wegen Rennen oder Training gesperrt<\/p>\n<p><a href='http:\/\/ski.inmontanis.info\/d\/283662-2\/DSC03024.jpg'><img src=http:\/\/ski.inmontanis.info\/d\/283661-3\/DSC03024.jpg \/><\/a><br \/>\n^ 6KSB G Kl\u00f6vsj\u00f6 Express. Fuhr trotz des starken Sturms mit voller Geschwindigkeit &#8211; der Sturm kam genau von 12 Uhr, trotz w\u00e4rmeren -9\u00b0 oben kein Spa\u00df. Lieber -20\u00b0 bei Windstille!!<\/p>\n<p>Wegen des starken Windes und der nun verschwindenden Sonne auf den Osth\u00e4ngen hier fuhr ich halt doch noch das St\u00fcck nach Vemdalen zur\u00fcck, wo der Skipass ja auch galt. An der Talstation der beiden KSB gab es nur kostenpflichtige Parkpl\u00e4tze (irgendwie mit dem Mobiltelefon bezahlen, keine Ahnung, ob man das mit einer ausl\u00e4ndischen Nummer \u00fcberhaupt kann, in Bulgarien stand da letzte Saison z.B. ja extra dabei, dass es nur von bulgarischen Mobilfunkbetreibern geht. Aber bei dem teuren Pass wollt ich eh nicht noch zus\u00e4tzlich f\u00fcrs Parken zahlen!!). Oben am Pass gab es dann neben den kostenpflichtigen Parkpl\u00e4tzen auch gratis Parkpl\u00e4tze, hat man halt etwas mehr Fu\u00dfweg.<\/p>\n<p>Naja, generell sind die Pisten hier halt langweilig, weil modelliert. Aber wenigstens gabs noch etwas Sonne.<\/p>\n<p><a href='http:\/\/ski.inmontanis.info\/d\/283666-2\/DSC03026.jpg'><img src=http:\/\/ski.inmontanis.info\/d\/283665-3\/DSC03026.jpg \/><\/a><br \/>\n^ Wechsel ins Skigebiet Vemdalsskalet, die Parkpl\u00e4tze rechts sind kostenpflichtig, links sind noch gratis.<\/p>\n<p><a href='http:\/\/ski.inmontanis.info\/d\/283670-2\/DSC03027.jpg'><img src=http:\/\/ski.inmontanis.info\/d\/283669-3\/DSC03027.jpg \/><\/a><br \/>\n^ Nein, auch das noch, eine zwangsverschlie\u00dfende 6KSB ohne Fu\u00dfraster. Krieg ich bitte eine Erstattung des Skipasses?<\/p>\n<p><a href='http:\/\/ski.inmontanis.info\/d\/283674-2\/DSC03028.jpg'><img src=http:\/\/ski.inmontanis.info\/d\/283673-3\/DSC03028.jpg \/><\/a><br \/>\n^ Wenigstens gibts hier oben noch die zwei sch\u00f6nen alten SL E Toppliften und F Mellanliften (die vielleicht nur deshalb in Betrieb waren, weil die 6KSB Hovde Express windbedingt geschlossen war?)<\/p>\n<p><a href='http:\/\/ski.inmontanis.info\/d\/283678-2\/DSC03030.jpg'><img src=http:\/\/ski.inmontanis.info\/d\/283677-3\/DSC03030.jpg \/><\/a><br \/>\n^ SL E Toppliften, auf dem Berg dahinter f\u00fchrt der Vargen-SL, der ja leider (noch?) nicht in Betrieb war.<\/p>\n<p><a href='http:\/\/ski.inmontanis.info\/d\/283682-2\/DSC03031.jpg'><img src=http:\/\/ski.inmontanis.info\/d\/283681-3\/DSC03031.jpg \/><\/a><br \/>\n^ Blick r\u00fcber zur Verbindungsabfahrt 21 von der Bergstation 6KSB Pass Express<\/p>\n<p><a href='http:\/\/ski.inmontanis.info\/d\/283686-2\/DSC03033.jpg'><img src=http:\/\/ski.inmontanis.info\/d\/283685-3\/DSC03033.jpg \/><\/a><br \/>\n^ Jawoll, so geht das. Mach so ein Foto mal mit einer KSB-Station, da siehst vom Hintergrund nix mehr ;-) (SL Toppliften)<\/p>\n<p><a href='http:\/\/ski.inmontanis.info\/d\/283690-2\/DSC03034.jpg'><img src=http:\/\/ski.inmontanis.info\/d\/283689-3\/DSC03034.jpg \/><\/a><br \/>\n^ Bisschen Nebelmeer im Tal<\/p>\n<p><a href='http:\/\/ski.inmontanis.info\/d\/283694-2\/DSC03035.jpg'><img src=http:\/\/ski.inmontanis.info\/d\/283693-3\/DSC03035.jpg \/><\/a><br \/>\n^ Abfahrten an der 6KSB H V\u00e4st Express (bin ich heute nicht gefahren)<\/p>\n<p><a href='http:\/\/ski.inmontanis.info\/d\/283698-2\/DSC03036.jpg'><img src=http:\/\/ski.inmontanis.info\/d\/283697-3\/DSC03036.jpg \/><\/a><br \/>\n^ Vorne 6KSB V\u00e4st Express, dahinter 6KSB Pass Express<\/p>\n<p><a href='http:\/\/ski.inmontanis.info\/d\/283702-2\/DSC03037.jpg'><img src=http:\/\/ski.inmontanis.info\/d\/283701-3\/DSC03037.jpg \/><\/a><br \/>\n^ 6KSB Pass Express, liegt sch\u00f6n in der Sonne, aber &#8230;<\/p>\n<p><a href='http:\/\/ski.inmontanis.info\/d\/283706-2\/DSC03038.jpg'><img src=http:\/\/ski.inmontanis.info\/d\/283705-3\/DSC03038.jpg \/><\/a><br \/>\n^ Blick von der 6KSB Pass Express r\u00fcber zum V\u00e4st- und Hovde-Express<\/p>\n<p><a href='http:\/\/ski.inmontanis.info\/d\/283710-2\/DSC03040.jpg'><img src=http:\/\/ski.inmontanis.info\/d\/283709-3\/DSC03040.jpg \/><\/a><br \/>\n^ 6KSB Pass Express, sch\u00f6nes Pano, aber ..<\/p>\n<p><a href='http:\/\/ski.inmontanis.info\/d\/283714-2\/DSC03041.jpg'><img src=http:\/\/ski.inmontanis.info\/d\/283713-3\/DSC03041.jpg \/><\/a><br \/>\n^ .. aber die beiden Abfahrten 17+19 hier konnten mich leider nicht \u00fcberzeugen.<\/p>\n<p><a href='http:\/\/ski.inmontanis.info\/d\/283718-2\/DSC03042.jpg'><img src=http:\/\/ski.inmontanis.info\/d\/283717-3\/DSC03042.jpg \/><\/a><br \/>\n^ Abgebrannt, nur der Schornstein steht noch<\/p>\n<p><a href='http:\/\/ski.inmontanis.info\/d\/283722-2\/DSC03044.jpg'><img src=http:\/\/ski.inmontanis.info\/d\/283721-3\/DSC03044.jpg \/><\/a><br \/>\n^ Die Landschaft ist hier definitiv sch\u00f6ner als die Abfahrt ;)<\/p>\n<p><a href='http:\/\/ski.inmontanis.info\/d\/283726-2\/DSC03046.jpg'><img src=http:\/\/ski.inmontanis.info\/d\/283725-3\/DSC03046.jpg \/><\/a><br \/>\n^ Blaue Bulldozer Abfahrt 17 und die rote ist nicht viel interessanter :(<\/p>\n<p><a href='http:\/\/ski.inmontanis.info\/d\/283730-2\/DSC03048.jpg'><img src=http:\/\/ski.inmontanis.info\/d\/283729-3\/DSC03048.jpg \/><\/a><br \/>\n^ SL K Parkliften und Abfahrt 18 rei\u00dft es leider auch nicht raus. Abfahrt war wegen Training gesperrt, das war schon vorbei, also trotzdem gefahren.<\/p>\n<p><a href='http:\/\/ski.inmontanis.info\/d\/283734-2\/DSC03049.jpg'><img src=http:\/\/ski.inmontanis.info\/d\/283733-3\/DSC03049.jpg \/><\/a><br \/>\n^ Die schwarze Abfahrt 20 k\u00f6nnte vielleicht etwas interessanter sein? Aber leider noch nicht offen<\/p>\n<p><a href='http:\/\/ski.inmontanis.info\/d\/283738-2\/DSC03050.jpg'><img src=http:\/\/ski.inmontanis.info\/d\/283737-3\/DSC03050.jpg \/><\/a><br \/>\n^ Pano 1h vor Sonnenuntergang an der 6KSB Pass Express<\/p>\n<p><a href='http:\/\/ski.inmontanis.info\/d\/283742-2\/DSC03051.jpg'><img src=http:\/\/ski.inmontanis.info\/d\/283741-3\/DSC03051.jpg \/><\/a><br \/>\n^ Verbindungsabfahrt 21<\/p>\n<p><a href='http:\/\/ski.inmontanis.info\/d\/283746-2\/DSC03052.jpg'><img src=http:\/\/ski.inmontanis.info\/d\/283745-3\/DSC03052.jpg \/><\/a><br \/>\n^ Ein Jammer. Was k\u00f6nnte das f\u00fcr eine sch\u00f6ne Piste sein :(<\/p>\n<p><a href='http:\/\/ski.inmontanis.info\/d\/283750-2\/DSC03054.jpg'><img src=http:\/\/ski.inmontanis.info\/d\/283749-3\/DSC03054.jpg \/><\/a><br \/>\n^ Abfahrt 4\/5 am Toppliften<\/p>\n<p><a href='http:\/\/ski.inmontanis.info\/d\/283774-2\/ge20210117e.jpg'><img src=http:\/\/ski.inmontanis.info\/d\/283773-3\/ge20210117e.jpg \/><\/a><br \/>\n^ GPS-Track Vemdalsskalet, 17.1.2021<\/p>\n<p>Um kurz vor 15 Uhr war&#8217;s mir aufgrund des starken Windes mal wieder viel zu kalt an den Fingern und ich h\u00f6rte auf. Da Kl\u00f6vsj\u00f6 auf dem Weg zum Hotel lag, packte ich die Ski aber dort an der Talstation nochmals aus und fuhr ein paar mal die beiden noch offenen SL, hier war&#8217;s weiterhin relativ &#8220;warm&#8221; (-8\u00b0 lt. Auto) und windstill &#8211; bis auf den Ausstieg des linken SL und einige Pistenabschnitte. Blieb dann noch das halbe St\u00fcndchen bis kurz vor 16 Uhr. Zwischen 15 und 16 Uhr sind in Vemdalen ja momentan nur noch ein paar Tallifte in Betrieb.<\/p>\n<p><a href='http:\/\/ski.inmontanis.info\/d\/283754-2\/DSC03055.jpg'><img src=http:\/\/ski.inmontanis.info\/d\/283753-3\/DSC03055.jpg \/><\/a><br \/>\n^ Wieder in Kl\u00f6vsj\u00f6, die 6KSB, wie die meisten Lifte, f\u00e4hrt nur bis 15 Uhr momentan, trotz Abfahrtsbeleuchtung.<\/p>\n<p><a href='http:\/\/ski.inmontanis.info\/d\/283758-2\/DSC03057.jpg'><img src=http:\/\/ski.inmontanis.info\/d\/283757-3\/DSC03057.jpg \/><\/a><br \/>\n^ Der Dalliften, wie auch der rechte SL fahren bis 16 Uhr. War aber kaum noch einer da.<\/p>\n<p><a href='http:\/\/ski.inmontanis.info\/d\/283762-2\/DSC03058.jpg'><img src=http:\/\/ski.inmontanis.info\/d\/283761-3\/DSC03058.jpg \/><\/a><br \/>\n^ SL Dalliften, oben sch\u00f6n steil<\/p>\n<p><a href='http:\/\/ski.inmontanis.info\/d\/283766-2\/DSC03060.jpg'><img src=http:\/\/ski.inmontanis.info\/d\/283765-3\/DSC03060.jpg \/><\/a><br \/>\n^ Abfahrten am SL Dalliften. Naja ..<\/p>\n<p><a href='http:\/\/ski.inmontanis.info\/d\/283770-2\/ge20210117c.jpg'><img src=http:\/\/ski.inmontanis.info\/d\/283769-3\/ge20210117c.jpg \/><\/a><br \/>\n^ GPS-Track Kl\u00f6vsj\u00f6-Storhogna, 17.1.2021<\/p>\n<p>Fazit: Im Vergleich zu gestern war das heute ein schlechter Witz mit dem teuren Skipass und der daf\u00fcr erhaltenen Gegenleistung.<\/p>\n<p>Weil gerade so g\u00fcnstig, aber nur f\u00fcr 3 Tage (4 Tage w\u00e4ren &gt;50% teurer pro Nacht gewesen), hab ich mich f\u00fcr 3 N\u00e4chte mal in ein 3-Sterne-Hotel mit Fr\u00fchst\u00fcck einquartiert um ca. 41,- \u20ac pro Nacht, direkt an der E45. Das muss man dann halt mal ausn\u00fctzen, wenn das nahe Hostel auch ca. 31 \u20ac kostet.<\/p>\n<p>Nachteil ist, dass man in Hotels halt selten eine Mikrowelle hat, wo man sich was zum Essen warm machen kann &#8211; also nahm ich heut mal was anderes vom Supermarkt mit und werd morgen mal schauen, was es im Restaurant gibt.<\/p>\n<p><a href='http:\/\/extra.inmontanis.info\/d\/60817-2\/DSC03062.jpg'><img src=http:\/\/extra.inmontanis.info\/d\/60816-3\/DSC03062.jpg \/><\/a><br \/>\n^ Hotelzimmer f\u00fcr die n\u00e4chsten 3 N\u00e4chte, interessant ausgestattet ..<\/p>\n<p><a href='http:\/\/extra.inmontanis.info\/d\/60821-2\/DSC03063.jpg'><img src=http:\/\/extra.inmontanis.info\/d\/60820-3\/DSC03063.jpg \/><\/a><br \/>\n^ .. und sogar beschrieben. (&#8220;Polsterstil&#8221; lt. Google Translate)<\/p>\n<p><a href='http:\/\/extra.inmontanis.info\/d\/60825-2\/DSC03066.jpg'><img src=http:\/\/extra.inmontanis.info\/d\/60824-3\/DSC03066.jpg \/><\/a><br \/>\n^ Etwas teureres Essen aus dem Supermarkt heute und ja, diese beiden Sahne-Geb\u00e4ckst\u00fccke waren doch seeehr s\u00e4ttigend. Das Sandwich links war so ein \u00fcbliches K\u00f6ttbullar-Sandwich mit Rotkraut, Salat, Tomaten, Gurken, .. Ok, mit 4,- \u20ac ist das jetzt nat\u00fcrlich auch nicht wirklich teuer und auch ohne die Mandelcreme-Sahnebeutel ausreichend.<\/p>\n<p>Leider ein grauslicher Abfluss-Geruch im Badezimmer (Wasser etwas laufen lassen, Duschabfluss mit Handtuch abdecken, T\u00fcr offen lassen -&gt; hilft). Zimmertemperatur k\u00f6nnte auch etwas h\u00f6her sein, WLAN passt, auf den gro\u00dfen TV kann ich verzichten.<\/p>\n","protected":false},"excerpt":{"rendered":"<p>17.1.2021<\/p>\n<p>Heute angedacht war der Skilift Vargen in Vemdalsskalet, f\u00fcr den es leider keine genaue Info gab und der etwas abseites vom Skistar-Skigebiet Vemdalen\/Vemdalsskalet liegt. Leider Nordhang, was bei Sonnenschein nat\u00fcrlich zu der Jahreszeit etwas schade ist, aber da er wohl maximal am WE l\u00e4uft, m\u00fcsste ich die Chance eben n\u00fctzen. Ebenfalls nur am WE <a href=\"http:\/\/blog.inmontanis.info\/?p=6478\">[&#8230;]<\/a><\/p>\n","protected":false},"author":1,"featured_media":0,"comment_status":"closed","ping_status":"closed","sticky":false,"template":"","format":"standard","meta":{"footnotes":""},"categories":[184,19,27,623],"tags":[56,47],"class_list":["post-6478","post","type-post","status-publish","format-standard","hentry","category-2021-01-skandinavien","category-schwedensweden","category-skifahren-winterskiing-winter","category-vemdalen","tag-6sb","tag-sl","odd"],"_links":{"self":[{"href":"http:\/\/blog.inmontanis.info\/index.php?rest_route=\/wp\/v2\/posts\/6478","targetHints":{"allow":["GET"]}}],"collection":[{"href":"http:\/\/blog.inmontanis.info\/index.php?rest_route=\/wp\/v2\/posts"}],"about":[{"href":"http:\/\/blog.inmontanis.info\/index.php?rest_route=\/wp\/v2\/types\/post"}],"author":[{"embeddable":true,"href":"http:\/\/blog.inmontanis.info\/index.php?rest_route=\/wp\/v2\/users\/1"}],"replies":[{"embeddable":true,"href":"http:\/\/blog.inmontanis.info\/index.php?rest_route=%2Fwp%2Fv2%2Fcomments&post=6478"}],"version-history":[{"count":3,"href":"http:\/\/blog.inmontanis.info\/index.php?rest_route=\/wp\/v2\/posts\/6478\/revisions"}],"predecessor-version":[{"id":9099,"href":"http:\/\/blog.inmontanis.info\/index.php?rest_route=\/wp\/v2\/posts\/6478\/revisions\/9099"}],"wp:attachment":[{"href":"http:\/\/blog.inmontanis.info\/index.php?rest_route=%2Fwp%2Fv2%2Fmedia&parent=6478"}],"wp:term":[{"taxonomy":"category","embeddable":true,"href":"http:\/\/blog.inmontanis.info\/index.php?rest_route=%2Fwp%2Fv2%2Fcategories&post=6478"},{"taxonomy":"post_tag","embeddable":true,"href":"http:\/\/blog.inmontanis.info\/index.php?rest_route=%2Fwp%2Fv2%2Ftags&post=6478"}],"curies":[{"name":"wp","href":"https:\/\/api.w.org\/{rel}","templated":true}]}}